{"id":12831,"date":"2022-11-16T15:00:12","date_gmt":"2022-11-16T14:00:12","guid":{"rendered":"https:\/\/www.naturparkmagazin.de\/stechlin\/?p=12831"},"modified":"2022-11-23T18:24:25","modified_gmt":"2022-11-23T17:24:25","slug":"kinoprogramm-brueckenschlag-e-v-in-fuerstenberghavel","status":"publish","type":"post","link":"https:\/\/www.naturparkmagazin.de\/stechlin\/kinoprogramm-brueckenschlag-e-v-in-fuerstenberghavel\/","title":{"rendered":"Kinoprogramm Br\u00fcckenschlag e.V. in F\u00fcrstenberg\/Havel"},"content":{"rendered":"<p><strong>2.12. um 20.00 Uhr &#8211; Corsage<\/strong><\/p>\n<p>Kaiserin Elisabeth von \u00d6sterreich ist Modeikone und Sch\u00f6nheitssymbol. Doch an der Seite ihres Mannes Kaiser Franz Joseph darf sie keine eigene Meinung \u00e4ussern. Als \u00abSissi\u00bb ihren 40. Geburtstag feiert, mag sie den Erwartungen nicht l\u00e4nger entsprechen. Statt ihr Korsett t\u00e4glich einen Zentimeter enger schn\u00fcren zu lassen, will die Kaiserin der restriktiven Lebensweise des Wiener Hofs den R\u00fccken kehren. Von ihrem Wissenshunger getrieben, reist sie nach England und Bayern, besucht ehemalige Liebhaber und politische Verb\u00fcndete und beginnt, ihr eigenes Verm\u00e4chtnis aufzubauen. Eine mutige und zeitgem\u00e4sse Reflexion \u00fcber die Handlungsf\u00e4higkeit einer Frau im Europa des 19. Jahrhunderts jenseits allen Kitsches. In der Hauptrolle brilliert Vicky Krieps. (nach ZFF)<\/p>\n<p><strong>9.12. um 20.00 Uhr &#8211; Alle reden \u00fcbers Wetter<\/strong><\/p>\n<p>Clara steht kurz vor ihrer Promotion an einer Berliner Universit\u00e4t. Sie hat eine15 Jahre alte Tochter, wohnt aber noch in einer WG und fremdelt sichtlich mit der intellektuellen, akademischen Elite, mit der sie sich umgibt. Als sie zum Geburtstag ihrer Mutter nach Mecklenburg-Vorpommern f\u00e4hrt, wird Clara mit ihrer Vergangenheit konfrontiert. Wie sehr hat sie sich von ihren Wurzeln entfernt? Clara beginnt an diesem Wochenende, sich intensiv mit ihrer Identit\u00e4t auseinanderzusetzen.\nEin Film \u00fcber die wichtigsten deutschen Diskurse der Gegenwart. Es geht, durchaus auch humorvoll, um die vielschichtigen Konflikte zwischen Ost und West, Stadt und Land, Arbeitermilieu und Akademikerelite. Herausragend! (nach DLF-Kultur)<\/p>\n<div id=\"attachment_12833\" style=\"width: 206px\" class=\"wp-caption aligncenter\"><a href=\"https:\/\/www.naturparkmagazin.de\/stechlin\/wp-content\/uploads\/sites\/38\/alle-reden-uebers-wetter-212x300.jpg\"><img aria-describedby=\"caption-attachment-12833\" decoding=\"async\" loading=\"lazy\" class=\"size-full wp-image-12833\" src=\"https:\/\/www.naturparkmagazin.de\/stechlin\/wp-content\/uploads\/sites\/38\/alle-reden-uebers-wetter-212x300.jpg\" alt=\"\u00a9 Br\u00fcckenschlag e.V.\" width=\"196\" height=\"245\" \/><\/a><p id=\"caption-attachment-12833\" class=\"wp-caption-text\">\u00a9 Br\u00fcckenschlag e.V.<\/p><\/div>\n<p><strong>16.12. um 20.00 Uhr &#8211; Come on, Come on\u00a0\u00a0<\/strong><\/p>\n<p>Der New Yorker Reporter Johnny, von Joaquin Phoenix wunderbar nat\u00fcrlich gespielt, muss sich um den fr\u00fchreifen Sohn seiner Schwester k\u00fcmmern und nimmt ihn mit auf eine Interview-Tour quer durch das ganze Land, bei der er junge Menschen nach ihren \u00c4ngsten und Hoffnungen befragt. Auf dieser Reise wird beiden deutlich, wie einsam und liebesbed\u00fcrftig sie sind, wie gut ihnen die erzwungene, nicht immer einfache N\u00e4he tut.\nDer Film ist ein z\u00e4rtlicher, eindringlicher und unangestrengter Dialog \u00fcber die wichtigen Dinge im Leben. Ein zutiefst humanistisches Meisterwerk, das so intelligent wie melancholisch Formen der Gemeinsamkeit erkundet. (nach Elstermann, filmdienst)<\/p>\n<p><strong>23.12. um 20.00 Uhr &#8211; Gl\u00fcck auf einer Skala von 1 bis 10<\/strong><\/p>\n<p>Igor lebt allein und jobbt als Fahrradkurier. Ein Freund w\u00e4re sch\u00f6n, aber der k\u00f6rperlich behinderte Hobby-Philosoph ist nicht ungl\u00fccklich. Louis hingegen ist ein Workaholic, der vor lauter Arbeit in seiner Bestattungsfirma die Lebensfreude vergessen hat. Als er Igor anf\u00e4hrt, hat das \u00fcberraschende Folgen, denn Igor hat sich in den Kopf gesetzt, dass Louis ein perfekter Freund f\u00fcr ihn w\u00e4re und Igor kann sehr hartn\u00e4ckig sein. So kommt es, dass Louis und Igor zu einer abenteuerlichen Reise im Leichenwagen aufbrechen, die ihr Leben ordentlich auf den Kopf stellt. Der Film erz\u00e4hlt originell und witzig von einer au\u00dfergew\u00f6hnlichen Freundschaft, die mit Vorurteilen aufr\u00e4umt, und vor allem eines feiert: das Leben an sich. (nach X-Verleih, Elstermann)<\/p>\n<div id=\"attachment_12834\" style=\"width: 222px\" class=\"wp-caption aligncenter\"><a href=\"https:\/\/www.naturparkmagazin.de\/stechlin\/wp-content\/uploads\/sites\/38\/glueck-auf-einer-skala-von-1-bis-10-212x300.jpg\"><img aria-describedby=\"caption-attachment-12834\" decoding=\"async\" loading=\"lazy\" class=\"size-full wp-image-12834\" src=\"https:\/\/www.naturparkmagazin.de\/stechlin\/wp-content\/uploads\/sites\/38\/glueck-auf-einer-skala-von-1-bis-10-212x300.jpg\" alt=\"\u00a9 Br\u00fcckenschlag e.V.\" width=\"212\" height=\"265\" srcset=\"https:\/\/www.naturparkmagazin.de\/stechlin\/wp-content\/uploads\/sites\/38\/glueck-auf-einer-skala-von-1-bis-10-212x300.jpg 212w, https:\/\/www.naturparkmagazin.de\/stechlin\/wp-content\/uploads\/sites\/38\/glueck-auf-einer-skala-von-1-bis-10-212x300-200x250.jpg 200w\" sizes=\"(max-width: 212px) 100vw, 212px\" \/><\/a><p id=\"caption-attachment-12834\" class=\"wp-caption-text\">\u00a9 Br\u00fcckenschlag e.V.<\/p><\/div>\n<p><strong>30.12. um 20.00 Uhr &#8211; Meine Stunden mit Leo<\/strong><\/p>\n<p>Emma Thompson gl\u00e4nzt in diesem charmanten und komischen Zwei-Personen-Film als pensionierte Lehrerin und Witwe, die noch nie in ihrem Leben einen Orgasmus hatte. So heuert sie nach dem Tod ihres Mannes den jungen Gigolo Leo an, der feinf\u00fchlig ihre Bed\u00fcrfnisse erkundet und ihr neue, nicht nur k\u00f6rperliche Welten er\u00f6ffnet. Aus dem reinen Gesch\u00e4ftsverh\u00e4ltnis entsteht eine verst\u00e4ndnisvolle Beziehung von ganz eigener Intimit\u00e4t. Eine sensible Kom\u00f6die mit geschliffenen Rededuellen und fein ausgespielter Situationskomik, in der es um weibliches Begehren, gesellschaftliche Moralvorstellungen und das Geheimnis menschlicher N\u00e4he geht. (nach Elstermann, filmdiienst)<\/p>\n<p><a href=\"http:\/\/brueckenschlagfuerstenberg.de\/startseite\/kino\/\" target=\"_blank\"><strong>Auf dieser Website kann man sich anmelden, \u201eTickets buchen\u201c oder das Programm im Detail &#8222;durchst\u00f6bern&#8220;.<\/strong><\/a><\/p>\n","protected":false},"excerpt":{"rendered":"<p>Immer Freitags ab 20 Uhr l\u00e4dt der Verein Br\u00fcckenschlag e.V. zum gemeinsamen Kinoabend nach F\u00fcrstenberg\/H. ein.<\/p>\n","protected":false},"author":39,"featured_media":12836,"comment_status":"open","ping_status":"open","sticky":false,"template":"","format":"standard","meta":[],"categories":[11],"tags":[],"yoast_head":"<!-- This site is optimized with the Yoast SEO plugin v19.10 - https:\/\/yoast.com\/wordpress\/plugins\/seo\/ -->\n<title>Kinoprogramm Br\u00fcckenschlag e.V. in F\u00fcrstenberg\/Havel - Naturpark Stechlin-Ruppiner Land<\/title>\n<meta name=\"robots\" content=\"index, follow, max-snippet:-1, max-image-preview:large, max-video-preview:-1\" \/>\n<link rel=\"canonical\" href=\"https:\/\/www.naturparkmagazin.de\/stechlin\/kinoprogramm-brueckenschlag-e-v-in-fuerstenberghavel\/\" \/>\n<meta property=\"og:locale\" content=\"de_DE\" \/>\n<meta property=\"og:type\" content=\"article\" \/>\n<meta property=\"og:title\" content=\"Kinoprogramm Br\u00fcckenschlag e.V. in F\u00fcrstenberg\/Havel - Naturpark Stechlin-Ruppiner Land\" \/>\n<meta property=\"og:description\" content=\"Immer Freitags ab 20 Uhr l\u00e4dt der Verein Br\u00fcckenschlag e.V. zum gemeinsamen Kinoabend nach F\u00fcrstenberg\/H. ein.\" \/>\n<meta property=\"og:url\" content=\"https:\/\/www.naturparkmagazin.de\/stechlin\/kinoprogramm-brueckenschlag-e-v-in-fuerstenberghavel\/\" \/>\n<meta property=\"og:site_name\" content=\"Naturpark Stechlin-Ruppiner Land\" \/>\n<meta property=\"article:published_time\" content=\"2022-11-16T14:00:12+00:00\" \/>\n<meta property=\"article:modified_time\" content=\"2022-11-23T17:24:25+00:00\" \/>\n<meta property=\"og:image\" content=\"https:\/\/www.naturparkmagazin.de\/stechlin\/wp-content\/uploads\/sites\/38\/logo_a1.jpg\" \/>\n\t<meta property=\"og:image:width\" content=\"2362\" \/>\n\t<meta property=\"og:image:height\" content=\"2362\" \/>\n\t<meta property=\"og:image:type\" content=\"image\/jpeg\" \/>\n<meta name=\"author\" content=\"marioschrumpf\" \/>\n<meta name=\"twitter:label1\" content=\"Verfasst von\" \/>\n\t<meta name=\"twitter:data1\" content=\"marioschrumpf\" \/>\n\t<meta name=\"twitter:label2\" content=\"Gesch\u00e4tzte Lesezeit\" \/>\n\t<meta name=\"twitter:data2\" content=\"3\u00a0Minuten\" \/>\n<script type=\"application\/ld+json\" class=\"yoast-schema-graph\">{\"@context\":\"https:\/\/schema.org\",\"@graph\":[{\"@type\":\"WebPage\",\"@id\":\"https:\/\/www.naturparkmagazin.de\/stechlin\/kinoprogramm-brueckenschlag-e-v-in-fuerstenberghavel\/\",\"url\":\"https:\/\/www.naturparkmagazin.de\/stechlin\/kinoprogramm-brueckenschlag-e-v-in-fuerstenberghavel\/\",\"name\":\"Kinoprogramm Br\u00fcckenschlag e.V. in F\u00fcrstenberg\/Havel - Naturpark Stechlin-Ruppiner Land\",\"isPartOf\":{\"@id\":\"https:\/\/www.naturparkmagazin.de\/stechlin\/#website\"},\"datePublished\":\"2022-11-16T14:00:12+00:00\",\"dateModified\":\"2022-11-23T17:24:25+00:00\",\"author\":{\"@id\":\"https:\/\/www.naturparkmagazin.de\/stechlin\/#\/schema\/person\/3f0d93203df21c806dd63c76d9bb28bc\"},\"breadcrumb\":{\"@id\":\"https:\/\/www.naturparkmagazin.de\/stechlin\/kinoprogramm-brueckenschlag-e-v-in-fuerstenberghavel\/#breadcrumb\"},\"inLanguage\":\"de\",\"potentialAction\":[{\"@type\":\"ReadAction\",\"target\":[\"https:\/\/www.naturparkmagazin.de\/stechlin\/kinoprogramm-brueckenschlag-e-v-in-fuerstenberghavel\/\"]}]},{\"@type\":\"BreadcrumbList\",\"@id\":\"https:\/\/www.naturparkmagazin.de\/stechlin\/kinoprogramm-brueckenschlag-e-v-in-fuerstenberghavel\/#breadcrumb\",\"itemListElement\":[{\"@type\":\"ListItem\",\"position\":1,\"name\":\"Home\",\"item\":\"https:\/\/www.naturparkmagazin.de\/stechlin\/\"},{\"@type\":\"ListItem\",\"position\":2,\"name\":\"Kinoprogramm Br\u00fcckenschlag e.V. in F\u00fcrstenberg\/Havel\"}]},{\"@type\":\"WebSite\",\"@id\":\"https:\/\/www.naturparkmagazin.de\/stechlin\/#website\",\"url\":\"https:\/\/www.naturparkmagazin.de\/stechlin\/\",\"name\":\"Naturpark Stechlin-Ruppiner Land\",\"description\":\"\",\"potentialAction\":[{\"@type\":\"SearchAction\",\"target\":{\"@type\":\"EntryPoint\",\"urlTemplate\":\"https:\/\/www.naturparkmagazin.de\/stechlin\/?s={search_term_string}\"},\"query-input\":\"required name=search_term_string\"}],\"inLanguage\":\"de\"},{\"@type\":\"Person\",\"@id\":\"https:\/\/www.naturparkmagazin.de\/stechlin\/#\/schema\/person\/3f0d93203df21c806dd63c76d9bb28bc\",\"name\":\"marioschrumpf\",\"url\":\"https:\/\/www.naturparkmagazin.de\/stechlin\/author\/marioschrumpf\/\"}]}<\/script>\n<!-- \/ Yoast SEO plugin. -->","yoast_head_json":{"title":"Kinoprogramm Br\u00fcckenschlag e.V. in F\u00fcrstenberg\/Havel - Naturpark Stechlin-Ruppiner Land","robots":{"index":"index","follow":"follow","max-snippet":"max-snippet:-1","max-image-preview":"max-image-preview:large","max-video-preview":"max-video-preview:-1"},"canonical":"https:\/\/www.naturparkmagazin.de\/stechlin\/kinoprogramm-brueckenschlag-e-v-in-fuerstenberghavel\/","og_locale":"de_DE","og_type":"article","og_title":"Kinoprogramm Br\u00fcckenschlag e.V. in F\u00fcrstenberg\/Havel - Naturpark Stechlin-Ruppiner Land","og_description":"Immer Freitags ab 20 Uhr l\u00e4dt der Verein Br\u00fcckenschlag e.V. zum gemeinsamen Kinoabend nach F\u00fcrstenberg\/H. ein.","og_url":"https:\/\/www.naturparkmagazin.de\/stechlin\/kinoprogramm-brueckenschlag-e-v-in-fuerstenberghavel\/","og_site_name":"Naturpark Stechlin-Ruppiner Land","article_published_time":"2022-11-16T14:00:12+00:00","article_modified_time":"2022-11-23T17:24:25+00:00","og_image":[{"width":2362,"height":2362,"url":"https:\/\/www.naturparkmagazin.de\/stechlin\/wp-content\/uploads\/sites\/38\/logo_a1.jpg","type":"image\/jpeg"}],"author":"marioschrumpf","twitter_misc":{"Verfasst von":"marioschrumpf","Gesch\u00e4tzte Lesezeit":"3\u00a0Minuten"},"schema":{"@context":"https:\/\/schema.org","@graph":[{"@type":"WebPage","@id":"https:\/\/www.naturparkmagazin.de\/stechlin\/kinoprogramm-brueckenschlag-e-v-in-fuerstenberghavel\/","url":"https:\/\/www.naturparkmagazin.de\/stechlin\/kinoprogramm-brueckenschlag-e-v-in-fuerstenberghavel\/","name":"Kinoprogramm Br\u00fcckenschlag e.V. in F\u00fcrstenberg\/Havel - Naturpark Stechlin-Ruppiner Land","isPartOf":{"@id":"https:\/\/www.naturparkmagazin.de\/stechlin\/#website"},"datePublished":"2022-11-16T14:00:12+00:00","dateModified":"2022-11-23T17:24:25+00:00","author":{"@id":"https:\/\/www.naturparkmagazin.de\/stechlin\/#\/schema\/person\/3f0d93203df21c806dd63c76d9bb28bc"},"breadcrumb":{"@id":"https:\/\/www.naturparkmagazin.de\/stechlin\/kinoprogramm-brueckenschlag-e-v-in-fuerstenberghavel\/#breadcrumb"},"inLanguage":"de","potentialAction":[{"@type":"ReadAction","target":["https:\/\/www.naturparkmagazin.de\/stechlin\/kinoprogramm-brueckenschlag-e-v-in-fuerstenberghavel\/"]}]},{"@type":"BreadcrumbList","@id":"https:\/\/www.naturparkmagazin.de\/stechlin\/kinoprogramm-brueckenschlag-e-v-in-fuerstenberghavel\/#breadcrumb","itemListElement":[{"@type":"ListItem","position":1,"name":"Home","item":"https:\/\/www.naturparkmagazin.de\/stechlin\/"},{"@type":"ListItem","position":2,"name":"Kinoprogramm Br\u00fcckenschlag e.V. in F\u00fcrstenberg\/Havel"}]},{"@type":"WebSite","@id":"https:\/\/www.naturparkmagazin.de\/stechlin\/#website","url":"https:\/\/www.naturparkmagazin.de\/stechlin\/","name":"Naturpark Stechlin-Ruppiner Land","description":"","potentialAction":[{"@type":"SearchAction","target":{"@type":"EntryPoint","urlTemplate":"https:\/\/www.naturparkmagazin.de\/stechlin\/?s={search_term_string}"},"query-input":"required name=search_term_string"}],"inLanguage":"de"},{"@type":"Person","@id":"https:\/\/www.naturparkmagazin.de\/stechlin\/#\/schema\/person\/3f0d93203df21c806dd63c76d9bb28bc","name":"marioschrumpf","url":"https:\/\/www.naturparkmagazin.de\/stechlin\/author\/marioschrumpf\/"}]}},"_links":{"self":[{"href":"https:\/\/www.naturparkmagazin.de\/stechlin\/wp-json\/wp\/v2\/posts\/12831"}],"collection":[{"href":"https:\/\/www.naturparkmagazin.de\/stechlin\/wp-json\/wp\/v2\/posts"}],"about":[{"href":"https:\/\/www.naturparkmagazin.de\/stechlin\/wp-json\/wp\/v2\/types\/post"}],"author":[{"embeddable":true,"href":"https:\/\/www.naturparkmagazin.de\/stechlin\/wp-json\/wp\/v2\/users\/39"}],"replies":[{"embeddable":true,"href":"https:\/\/www.naturparkmagazin.de\/stechlin\/wp-json\/wp\/v2\/comments?post=12831"}],"version-history":[{"count":3,"href":"https:\/\/www.naturparkmagazin.de\/stechlin\/wp-json\/wp\/v2\/posts\/12831\/revisions"}],"predecessor-version":[{"id":12852,"href":"https:\/\/www.naturparkmagazin.de\/stechlin\/wp-json\/wp\/v2\/posts\/12831\/revisions\/12852"}],"wp:featuredmedia":[{"embeddable":true,"href":"https:\/\/www.naturparkmagazin.de\/stechlin\/wp-json\/wp\/v2\/media\/12836"}],"wp:attachment":[{"href":"https:\/\/www.naturparkmagazin.de\/stechlin\/wp-json\/wp\/v2\/media?parent=12831"}],"wp:term":[{"taxonomy":"category","embeddable":true,"href":"https:\/\/www.naturparkmagazin.de\/stechlin\/wp-json\/wp\/v2\/categories?post=12831"},{"taxonomy":"post_tag","embeddable":true,"href":"https:\/\/www.naturparkmagazin.de\/stechlin\/wp-json\/wp\/v2\/tags?post=12831"}],"curies":[{"name":"wp","href":"https:\/\/api.w.org\/{rel}","templated":true}]}}