{"id":12870,"date":"2023-01-18T16:03:49","date_gmt":"2023-01-18T15:03:49","guid":{"rendered":"https:\/\/www.naturparkmagazin.de\/stechlin\/?p=12870"},"modified":"2025-06-19T13:38:53","modified_gmt":"2025-06-19T11:38:53","slug":"ausstellung-farben-welt-der-baeume-in-menz","status":"publish","type":"post","link":"https:\/\/www.naturparkmagazin.de\/stechlin\/ausstellung-farben-welt-der-baeume-in-menz\/","title":{"rendered":"Ausstellung &#8222;Farben-Welt der B\u00e4ume&#8220; in Menz wird bis zum 28. Februar verl\u00e4ngert (2023)"},"content":{"rendered":"<p>Seit \u00fcber 360 Millionen Jahren gibt es B\u00e4ume. Buchen, Eichen, Kiefern und Weiden inspirierten immer wieder Schriftsteller, Maler und Musiker.<\/p>\n<div id=\"attachment_12904\" style=\"width: 310px\" class=\"wp-caption aligncenter\"><a href=\"https:\/\/www.naturparkmagazin.de\/stechlin\/wp-content\/uploads\/sites\/38\/DSC_0002-1.jpg\"><img aria-describedby=\"caption-attachment-12904\" decoding=\"async\" loading=\"lazy\" class=\"size-thumbnail wp-image-12904\" src=\"https:\/\/www.naturparkmagazin.de\/stechlin\/wp-content\/uploads\/sites\/38\/DSC_0002-1-300x180.jpg\" alt=\"\" width=\"300\" height=\"180\" srcset=\"https:\/\/www.naturparkmagazin.de\/stechlin\/wp-content\/uploads\/sites\/38\/DSC_0002-1-300x180.jpg 300w, https:\/\/www.naturparkmagazin.de\/stechlin\/wp-content\/uploads\/sites\/38\/DSC_0002-1-200x120.jpg 200w, https:\/\/www.naturparkmagazin.de\/stechlin\/wp-content\/uploads\/sites\/38\/DSC_0002-1.jpg 500w\" sizes=\"(max-width: 300px) 100vw, 300px\" \/><\/a><p id=\"caption-attachment-12904\" class=\"wp-caption-text\">Ausstellungser\u00f6ffnung am 9. Dezember\u00a9 Dr. Mario Schrumpf<\/p><\/div>\n<p>12 Hobbymalerinnen aus drei Malkursen im Landkreis Ostprignitz-Ruppin haben zum Thema &#8222;Farben-Welt der B\u00e4ume&#8220; gearbeitet. Unter k\u00fcnstlerischer Leitung von Cornelia Felsch entstanden 30 Werke mit Aquarellfarben, Kohle und Acrylfarben. Sie den Betrachter mit auf eine Reise durch die Jahreszeiten, in der die B\u00e4ume aus ganz verschiedenen Blickwinkeln gezeigt werden &#8211; die bizarre Rinde, das verwitterte Holz, die zarten Blattstrukturen oder das leuchtende Herbstlaub.<\/p>\n<div id=\"attachment_12901\" style=\"width: 310px\" class=\"wp-caption aligncenter\"><a href=\"https:\/\/www.naturparkmagazin.de\/stechlin\/wp-content\/uploads\/sites\/38\/DSC_0001-1.jpg\"><img aria-describedby=\"caption-attachment-12901\" decoding=\"async\" loading=\"lazy\" class=\"size-thumbnail wp-image-12901\" src=\"https:\/\/www.naturparkmagazin.de\/stechlin\/wp-content\/uploads\/sites\/38\/DSC_0001-1-300x180.jpg\" alt=\"\" width=\"300\" height=\"180\" srcset=\"https:\/\/www.naturparkmagazin.de\/stechlin\/wp-content\/uploads\/sites\/38\/DSC_0001-1-300x180.jpg 300w, https:\/\/www.naturparkmagazin.de\/stechlin\/wp-content\/uploads\/sites\/38\/DSC_0001-1-200x120.jpg 200w, https:\/\/www.naturparkmagazin.de\/stechlin\/wp-content\/uploads\/sites\/38\/DSC_0001-1.jpg 500w\" sizes=\"(max-width: 300px) 100vw, 300px\" \/><\/a><p id=\"caption-attachment-12901\" class=\"wp-caption-text\">Intensive Farben in den Acryl-Arbeiten von Kerstin und Franziska Haehnel und Anne Freese \u00a9 Dr. Mario Schrumpf<\/p><\/div>\n<p>Die Ausstellung ist in der Regionalwerkstatt Stechlin in Menz am Friedensplatz 9 noch bis zum 28. Februar 2023 w\u00e4hrend der \u00fcblichen \u00d6ffnungszeiten der Naturparkverwaltung zu sehen. Bitte melden Sie sich bei der Naturparkverwaltung! Der Besuch der Ausstellung ist kostenfrei. Es gelten die akztuellen Corona-Bestimmungen.<\/p>\n<div id=\"attachment_12903\" style=\"width: 310px\" class=\"wp-caption aligncenter\"><a href=\"https:\/\/www.naturparkmagazin.de\/stechlin\/wp-content\/uploads\/sites\/38\/DSC_0008.jpg\"><img aria-describedby=\"caption-attachment-12903\" decoding=\"async\" loading=\"lazy\" class=\"size-thumbnail wp-image-12903\" src=\"https:\/\/www.naturparkmagazin.de\/stechlin\/wp-content\/uploads\/sites\/38\/DSC_0008-300x180.jpg\" alt=\"\" width=\"300\" height=\"180\" srcset=\"https:\/\/www.naturparkmagazin.de\/stechlin\/wp-content\/uploads\/sites\/38\/DSC_0008-300x180.jpg 300w, https:\/\/www.naturparkmagazin.de\/stechlin\/wp-content\/uploads\/sites\/38\/DSC_0008-200x120.jpg 200w, https:\/\/www.naturparkmagazin.de\/stechlin\/wp-content\/uploads\/sites\/38\/DSC_0008.jpg 500w\" sizes=\"(max-width: 300px) 100vw, 300px\" \/><\/a><p id=\"caption-attachment-12903\" class=\"wp-caption-text\">Der \u201eAkkordeon-Michel\u201c aus Lindow sorgte f\u00fcr die kulturelle Umrahmung der Ausstellungs-er\u00f6ffnung \u00a9 Dr. Mario Schrumpf<\/p><\/div>\n","protected":false},"excerpt":{"rendered":"<p>Seit \u00fcber 360 Millionen Jahren gibt es B\u00e4ume. Buchen, Eichen, Kiefern und Weiden inspirierten immer wieder Schriftsteller, Maler und Musiker.<\/p>\n","protected":false},"author":39,"featured_media":12902,"comment_status":"open","ping_status":"open","sticky":false,"template":"","format":"standard","meta":[],"categories":[11],"tags":[],"yoast_head":"<!-- This site is optimized with the Yoast SEO plugin v19.10 - https:\/\/yoast.com\/wordpress\/plugins\/seo\/ -->\n<title>Ausstellung &quot;Farben-Welt der B\u00e4ume&quot; in Menz wird bis zum 28. Februar verl\u00e4ngert (2023) - Naturpark Stechlin-Ruppiner Land<\/title>\n<meta name=\"robots\" content=\"index, follow, max-snippet:-1, max-image-preview:large, max-video-preview:-1\" \/>\n<link rel=\"canonical\" href=\"https:\/\/www.naturparkmagazin.de\/stechlin\/ausstellung-farben-welt-der-baeume-in-menz\/\" \/>\n<meta property=\"og:locale\" content=\"de_DE\" \/>\n<meta property=\"og:type\" content=\"article\" \/>\n<meta property=\"og:title\" content=\"Ausstellung &quot;Farben-Welt der B\u00e4ume&quot; in Menz wird bis zum 28. Februar verl\u00e4ngert (2023) - Naturpark Stechlin-Ruppiner Land\" \/>\n<meta property=\"og:description\" content=\"Seit \u00fcber 360 Millionen Jahren gibt es B\u00e4ume. Buchen, Eichen, Kiefern und Weiden inspirierten immer wieder Schriftsteller, Maler und Musiker.\" \/>\n<meta property=\"og:url\" content=\"https:\/\/www.naturparkmagazin.de\/stechlin\/ausstellung-farben-welt-der-baeume-in-menz\/\" \/>\n<meta property=\"og:site_name\" content=\"Naturpark Stechlin-Ruppiner Land\" \/>\n<meta property=\"article:published_time\" content=\"2023-01-18T15:03:49+00:00\" \/>\n<meta property=\"article:modified_time\" content=\"2025-06-19T11:38:53+00:00\" \/>\n<meta property=\"og:image\" content=\"https:\/\/www.naturparkmagazin.de\/stechlin\/wp-content\/uploads\/sites\/38\/DSC_0002_a-1.jpg\" \/>\n\t<meta property=\"og:image:width\" content=\"200\" \/>\n\t<meta property=\"og:image:height\" content=\"200\" \/>\n\t<meta property=\"og:image:type\" content=\"image\/jpeg\" \/>\n<meta name=\"author\" content=\"marioschrumpf\" \/>\n<meta name=\"twitter:label1\" content=\"Verfasst von\" \/>\n\t<meta name=\"twitter:data1\" content=\"marioschrumpf\" \/>\n\t<meta name=\"twitter:label2\" content=\"Gesch\u00e4tzte Lesezeit\" \/>\n\t<meta name=\"twitter:data2\" content=\"2\u00a0Minuten\" \/>\n<script type=\"application\/ld+json\" class=\"yoast-schema-graph\">{\"@context\":\"https:\/\/schema.org\",\"@graph\":[{\"@type\":\"WebPage\",\"@id\":\"https:\/\/www.naturparkmagazin.de\/stechlin\/ausstellung-farben-welt-der-baeume-in-menz\/\",\"url\":\"https:\/\/www.naturparkmagazin.de\/stechlin\/ausstellung-farben-welt-der-baeume-in-menz\/\",\"name\":\"Ausstellung \\\"Farben-Welt der B\u00e4ume\\\" in Menz wird bis zum 28. Februar verl\u00e4ngert (2023) - Naturpark Stechlin-Ruppiner Land\",\"isPartOf\":{\"@id\":\"https:\/\/www.naturparkmagazin.de\/stechlin\/#website\"},\"datePublished\":\"2023-01-18T15:03:49+00:00\",\"dateModified\":\"2025-06-19T11:38:53+00:00\",\"author\":{\"@id\":\"https:\/\/www.naturparkmagazin.de\/stechlin\/#\/schema\/person\/3f0d93203df21c806dd63c76d9bb28bc\"},\"breadcrumb\":{\"@id\":\"https:\/\/www.naturparkmagazin.de\/stechlin\/ausstellung-farben-welt-der-baeume-in-menz\/#breadcrumb\"},\"inLanguage\":\"de\",\"potentialAction\":[{\"@type\":\"ReadAction\",\"target\":[\"https:\/\/www.naturparkmagazin.de\/stechlin\/ausstellung-farben-welt-der-baeume-in-menz\/\"]}]},{\"@type\":\"BreadcrumbList\",\"@id\":\"https:\/\/www.naturparkmagazin.de\/stechlin\/ausstellung-farben-welt-der-baeume-in-menz\/#breadcrumb\",\"itemListElement\":[{\"@type\":\"ListItem\",\"position\":1,\"name\":\"Home\",\"item\":\"https:\/\/www.naturparkmagazin.de\/stechlin\/\"},{\"@type\":\"ListItem\",\"position\":2,\"name\":\"Ausstellung &#8222;Farben-Welt der B\u00e4ume&#8220; in Menz wird bis zum 28. Februar verl\u00e4ngert (2023)\"}]},{\"@type\":\"WebSite\",\"@id\":\"https:\/\/www.naturparkmagazin.de\/stechlin\/#website\",\"url\":\"https:\/\/www.naturparkmagazin.de\/stechlin\/\",\"name\":\"Naturpark Stechlin-Ruppiner Land\",\"description\":\"\",\"potentialAction\":[{\"@type\":\"SearchAction\",\"target\":{\"@type\":\"EntryPoint\",\"urlTemplate\":\"https:\/\/www.naturparkmagazin.de\/stechlin\/?s={search_term_string}\"},\"query-input\":\"required name=search_term_string\"}],\"inLanguage\":\"de\"},{\"@type\":\"Person\",\"@id\":\"https:\/\/www.naturparkmagazin.de\/stechlin\/#\/schema\/person\/3f0d93203df21c806dd63c76d9bb28bc\",\"name\":\"marioschrumpf\",\"url\":\"https:\/\/www.naturparkmagazin.de\/stechlin\/author\/marioschrumpf\/\"}]}<\/script>\n<!-- \/ Yoast SEO plugin. -->","yoast_head_json":{"title":"Ausstellung \"Farben-Welt der B\u00e4ume\" in Menz wird bis zum 28. Februar verl\u00e4ngert (2023) - Naturpark Stechlin-Ruppiner Land","robots":{"index":"index","follow":"follow","max-snippet":"max-snippet:-1","max-image-preview":"max-image-preview:large","max-video-preview":"max-video-preview:-1"},"canonical":"https:\/\/www.naturparkmagazin.de\/stechlin\/ausstellung-farben-welt-der-baeume-in-menz\/","og_locale":"de_DE","og_type":"article","og_title":"Ausstellung \"Farben-Welt der B\u00e4ume\" in Menz wird bis zum 28. Februar verl\u00e4ngert (2023) - Naturpark Stechlin-Ruppiner Land","og_description":"Seit \u00fcber 360 Millionen Jahren gibt es B\u00e4ume. Buchen, Eichen, Kiefern und Weiden inspirierten immer wieder Schriftsteller, Maler und Musiker.","og_url":"https:\/\/www.naturparkmagazin.de\/stechlin\/ausstellung-farben-welt-der-baeume-in-menz\/","og_site_name":"Naturpark Stechlin-Ruppiner Land","article_published_time":"2023-01-18T15:03:49+00:00","article_modified_time":"2025-06-19T11:38:53+00:00","og_image":[{"width":200,"height":200,"url":"https:\/\/www.naturparkmagazin.de\/stechlin\/wp-content\/uploads\/sites\/38\/DSC_0002_a-1.jpg","type":"image\/jpeg"}],"author":"marioschrumpf","twitter_misc":{"Verfasst von":"marioschrumpf","Gesch\u00e4tzte Lesezeit":"2\u00a0Minuten"},"schema":{"@context":"https:\/\/schema.org","@graph":[{"@type":"WebPage","@id":"https:\/\/www.naturparkmagazin.de\/stechlin\/ausstellung-farben-welt-der-baeume-in-menz\/","url":"https:\/\/www.naturparkmagazin.de\/stechlin\/ausstellung-farben-welt-der-baeume-in-menz\/","name":"Ausstellung \"Farben-Welt der B\u00e4ume\" in Menz wird bis zum 28. Februar verl\u00e4ngert (2023) - Naturpark Stechlin-Ruppiner Land","isPartOf":{"@id":"https:\/\/www.naturparkmagazin.de\/stechlin\/#website"},"datePublished":"2023-01-18T15:03:49+00:00","dateModified":"2025-06-19T11:38:53+00:00","author":{"@id":"https:\/\/www.naturparkmagazin.de\/stechlin\/#\/schema\/person\/3f0d93203df21c806dd63c76d9bb28bc"},"breadcrumb":{"@id":"https:\/\/www.naturparkmagazin.de\/stechlin\/ausstellung-farben-welt-der-baeume-in-menz\/#breadcrumb"},"inLanguage":"de","potentialAction":[{"@type":"ReadAction","target":["https:\/\/www.naturparkmagazin.de\/stechlin\/ausstellung-farben-welt-der-baeume-in-menz\/"]}]},{"@type":"BreadcrumbList","@id":"https:\/\/www.naturparkmagazin.de\/stechlin\/ausstellung-farben-welt-der-baeume-in-menz\/#breadcrumb","itemListElement":[{"@type":"ListItem","position":1,"name":"Home","item":"https:\/\/www.naturparkmagazin.de\/stechlin\/"},{"@type":"ListItem","position":2,"name":"Ausstellung &#8222;Farben-Welt der B\u00e4ume&#8220; in Menz wird bis zum 28. Februar verl\u00e4ngert (2023)"}]},{"@type":"WebSite","@id":"https:\/\/www.naturparkmagazin.de\/stechlin\/#website","url":"https:\/\/www.naturparkmagazin.de\/stechlin\/","name":"Naturpark Stechlin-Ruppiner Land","description":"","potentialAction":[{"@type":"SearchAction","target":{"@type":"EntryPoint","urlTemplate":"https:\/\/www.naturparkmagazin.de\/stechlin\/?s={search_term_string}"},"query-input":"required name=search_term_string"}],"inLanguage":"de"},{"@type":"Person","@id":"https:\/\/www.naturparkmagazin.de\/stechlin\/#\/schema\/person\/3f0d93203df21c806dd63c76d9bb28bc","name":"marioschrumpf","url":"https:\/\/www.naturparkmagazin.de\/stechlin\/author\/marioschrumpf\/"}]}},"_links":{"self":[{"href":"https:\/\/www.naturparkmagazin.de\/stechlin\/wp-json\/wp\/v2\/posts\/12870"}],"collection":[{"href":"https:\/\/www.naturparkmagazin.de\/stechlin\/wp-json\/wp\/v2\/posts"}],"about":[{"href":"https:\/\/www.naturparkmagazin.de\/stechlin\/wp-json\/wp\/v2\/types\/post"}],"author":[{"embeddable":true,"href":"https:\/\/www.naturparkmagazin.de\/stechlin\/wp-json\/wp\/v2\/users\/39"}],"replies":[{"embeddable":true,"href":"https:\/\/www.naturparkmagazin.de\/stechlin\/wp-json\/wp\/v2\/comments?post=12870"}],"version-history":[{"count":7,"href":"https:\/\/www.naturparkmagazin.de\/stechlin\/wp-json\/wp\/v2\/posts\/12870\/revisions"}],"predecessor-version":[{"id":17505,"href":"https:\/\/www.naturparkmagazin.de\/stechlin\/wp-json\/wp\/v2\/posts\/12870\/revisions\/17505"}],"wp:featuredmedia":[{"embeddable":true,"href":"https:\/\/www.naturparkmagazin.de\/stechlin\/wp-json\/wp\/v2\/media\/12902"}],"wp:attachment":[{"href":"https:\/\/www.naturparkmagazin.de\/stechlin\/wp-json\/wp\/v2\/media?parent=12870"}],"wp:term":[{"taxonomy":"category","embeddable":true,"href":"https:\/\/www.naturparkmagazin.de\/stechlin\/wp-json\/wp\/v2\/categories?post=12870"},{"taxonomy":"post_tag","embeddable":true,"href":"https:\/\/www.naturparkmagazin.de\/stechlin\/wp-json\/wp\/v2\/tags?post=12870"}],"curies":[{"name":"wp","href":"https:\/\/api.w.org\/{rel}","templated":true}]}}