{"id":12980,"date":"2023-01-18T16:01:34","date_gmt":"2023-01-18T15:01:34","guid":{"rendered":"https:\/\/www.naturparkmagazin.de\/stechlin\/?p=12980"},"modified":"2023-01-26T13:00:35","modified_gmt":"2023-01-26T12:00:35","slug":"15-kleiner-naturschutztag-am-23-2-in-neuglobsow","status":"publish","type":"post","link":"https:\/\/www.naturparkmagazin.de\/stechlin\/15-kleiner-naturschutztag-am-23-2-in-neuglobsow\/","title":{"rendered":"15. Kleiner Naturschutztag am 23.2. in Neuglobsow"},"content":{"rendered":"<p>In diesem Jahr findet nach zweij\u00e4hriger, coronabedingter Pause der Kleine Naturschutztag wieder statt. Veranstaltungsort der <strong>ganzt\u00e4gigen Tagung<\/strong> ist am<strong> 23. Februar<\/strong> das <strong>Stechlinseecenter in Neuglobsow<\/strong>. Mit \u00fcber 180 Teilnehmer*innen konnte 2020 im Vergleich zu den Vorjahren im Stechlinseecenter fast die doppelte Anzahl an G\u00e4sten empfangen werden.<\/p>\n<p><em>Naturschutz sichert unsere Lebensgrundlagen und ist zugleich eine wichtige Investition in unsere Zukunft!<\/em><\/p>\n<p>Neben dem klimaneutralen Umbau von Energiewirtschaft, Infrastruktur, Landnutzung und Industrie ist die Erhaltung der biologischen Vielfalt ein gleichrangiges Ziel. Den Verlust der Biodiversit\u00e4t aufzuhalten, ist unsere wichtigste Aufgabe.<\/p>\n<div id=\"attachment_13008\" style=\"width: 310px\" class=\"wp-caption aligncenter\"><a href=\"https:\/\/www.naturparkmagazin.de\/stechlin\/wp-content\/uploads\/sites\/38\/L.-quadrimaculata-Schlupf_GR.-Fuchskuhle.jpg\"><img aria-describedby=\"caption-attachment-13008\" decoding=\"async\" loading=\"lazy\" class=\"size-thumbnail wp-image-13008\" src=\"https:\/\/www.naturparkmagazin.de\/stechlin\/wp-content\/uploads\/sites\/38\/L.-quadrimaculata-Schlupf_GR.-Fuchskuhle-300x180.jpg\" alt=\"\" width=\"300\" height=\"180\" srcset=\"https:\/\/www.naturparkmagazin.de\/stechlin\/wp-content\/uploads\/sites\/38\/L.-quadrimaculata-Schlupf_GR.-Fuchskuhle-300x180.jpg 300w, https:\/\/www.naturparkmagazin.de\/stechlin\/wp-content\/uploads\/sites\/38\/L.-quadrimaculata-Schlupf_GR.-Fuchskuhle-200x120.jpg 200w, https:\/\/www.naturparkmagazin.de\/stechlin\/wp-content\/uploads\/sites\/38\/L.-quadrimaculata-Schlupf_GR.-Fuchskuhle.jpg 500w\" sizes=\"(max-width: 300px) 100vw, 300px\" \/><\/a><p id=\"caption-attachment-13008\" class=\"wp-caption-text\">Schlupf eines Vierflecks an der Gro\u00dfen Fuchskuhle \u00a9 Lennart Mross<\/p><\/div>\n<p>Gemeinsam mit unseren Partnern wollen wir die Menschen im Naturpark daf\u00fcr begeistern und Ma\u00dfnahmen f\u00fcr den Biotop- und Artenschutz umsetzen. Dar\u00fcber werden wir auf unserer Jahrestagung berichten und gemeinsam mit Ihnen diskutieren.<\/p>\n<div id=\"attachment_13007\" style=\"width: 310px\" class=\"wp-caption aligncenter\"><a href=\"https:\/\/www.naturparkmagazin.de\/stechlin\/wp-content\/uploads\/sites\/38\/28_Sarcoscypha-austriaca_Oesterreichischer-Prachtbecher_28443-114.jpg\"><img aria-describedby=\"caption-attachment-13007\" decoding=\"async\" loading=\"lazy\" class=\"size-thumbnail wp-image-13007\" src=\"https:\/\/www.naturparkmagazin.de\/stechlin\/wp-content\/uploads\/sites\/38\/28_Sarcoscypha-austriaca_Oesterreichischer-Prachtbecher_28443-114-300x180.jpg\" alt=\"\" width=\"300\" height=\"180\" srcset=\"https:\/\/www.naturparkmagazin.de\/stechlin\/wp-content\/uploads\/sites\/38\/28_Sarcoscypha-austriaca_Oesterreichischer-Prachtbecher_28443-114-300x180.jpg 300w, https:\/\/www.naturparkmagazin.de\/stechlin\/wp-content\/uploads\/sites\/38\/28_Sarcoscypha-austriaca_Oesterreichischer-Prachtbecher_28443-114-200x120.jpg 200w, https:\/\/www.naturparkmagazin.de\/stechlin\/wp-content\/uploads\/sites\/38\/28_Sarcoscypha-austriaca_Oesterreichischer-Prachtbecher_28443-114.jpg 500w\" sizes=\"(max-width: 300px) 100vw, 300px\" \/><\/a><p id=\"caption-attachment-13007\" class=\"wp-caption-text\">Der \u00d6sterreichische Prachtbecherling geh\u00f6rt zu den holzbewohnenden Pilzarten der Laubw\u00e4lder im Fr\u00fchjahr \u00a9 Ren\u00e9 Jarling<\/p><\/div>\n<p>Auf der ganzt\u00e4gigen Veranstaltung werden die Ergebnisse wissenschaftlicher Untersuchungen und ehrenamtlicher Kartierungen sowie Projekte des Naturparks und seiner Partner vorgestellt und diskutiert.<\/p>\n<p><a class=\"download\" title=\"Initiates file download\" href=\"https:\/\/www.stechlin-ruppiner-land-naturpark.de\/fileadmin\/user_upload\/PDF\/Stechlin-Ruppin\/Aktuelles\/Einladung_final_01.pdf\" target=\"_blank\" rel=\"noopener\">Hier geht\u00b4s zum Programmflyer (pdf, 0,7 MB)!<\/a><\/p>\n<p><a class=\"download\" title=\"Initiates file download\" href=\"https:\/\/www.stechlin-ruppiner-land-naturpark.de\/fileadmin\/user_upload\/PDF\/Stechlin-Ruppin\/Aktuelles\/Rueckmelde2023.pdf\" target=\"_blank\" rel=\"noopener\">Hier geht\u00b4s zum Anmeldeformular (pdf, 0,3 MB)!<\/a><\/p>\n","protected":false},"excerpt":{"rendered":"<p>In diesem Jahr findet nach zweij\u00e4hriger, coronabedingter Pause der Kleine Naturschutztag wieder statt.<\/p>\n","protected":false},"author":39,"featured_media":13009,"comment_status":"open","ping_status":"open","sticky":false,"template":"","format":"standard","meta":[],"categories":[11],"tags":[],"yoast_head":"<!-- This site is optimized with the Yoast SEO plugin v19.10 - https:\/\/yoast.com\/wordpress\/plugins\/seo\/ -->\n<title>15. Kleiner Naturschutztag am 23.2. in Neuglobsow - Naturpark Stechlin-Ruppiner Land<\/title>\n<meta name=\"robots\" content=\"index, follow, max-snippet:-1, max-image-preview:large, max-video-preview:-1\" \/>\n<link rel=\"canonical\" href=\"https:\/\/www.naturparkmagazin.de\/stechlin\/15-kleiner-naturschutztag-am-23-2-in-neuglobsow\/\" \/>\n<meta property=\"og:locale\" content=\"de_DE\" \/>\n<meta property=\"og:type\" content=\"article\" \/>\n<meta property=\"og:title\" content=\"15. Kleiner Naturschutztag am 23.2. in Neuglobsow - Naturpark Stechlin-Ruppiner Land\" \/>\n<meta property=\"og:description\" content=\"In diesem Jahr findet nach zweij\u00e4hriger, coronabedingter Pause der Kleine Naturschutztag wieder statt.\" \/>\n<meta property=\"og:url\" content=\"https:\/\/www.naturparkmagazin.de\/stechlin\/15-kleiner-naturschutztag-am-23-2-in-neuglobsow\/\" \/>\n<meta property=\"og:site_name\" content=\"Naturpark Stechlin-Ruppiner Land\" \/>\n<meta property=\"article:published_time\" content=\"2023-01-18T15:01:34+00:00\" \/>\n<meta property=\"article:modified_time\" content=\"2023-01-26T12:00:35+00:00\" \/>\n<meta property=\"og:image\" content=\"https:\/\/www.naturparkmagazin.de\/stechlin\/wp-content\/uploads\/sites\/38\/L.-quadrimaculata-Schlupf_GR.-Fuchskuhle_a.jpg\" \/>\n\t<meta property=\"og:image:width\" content=\"200\" \/>\n\t<meta property=\"og:image:height\" content=\"200\" \/>\n\t<meta property=\"og:image:type\" content=\"image\/jpeg\" \/>\n<meta name=\"author\" content=\"marioschrumpf\" \/>\n<meta name=\"twitter:label1\" content=\"Verfasst von\" \/>\n\t<meta name=\"twitter:data1\" content=\"marioschrumpf\" \/>\n\t<meta name=\"twitter:label2\" content=\"Gesch\u00e4tzte Lesezeit\" \/>\n\t<meta name=\"twitter:data2\" content=\"2\u00a0Minuten\" \/>\n<script type=\"application\/ld+json\" class=\"yoast-schema-graph\">{\"@context\":\"https:\/\/schema.org\",\"@graph\":[{\"@type\":\"WebPage\",\"@id\":\"https:\/\/www.naturparkmagazin.de\/stechlin\/15-kleiner-naturschutztag-am-23-2-in-neuglobsow\/\",\"url\":\"https:\/\/www.naturparkmagazin.de\/stechlin\/15-kleiner-naturschutztag-am-23-2-in-neuglobsow\/\",\"name\":\"15. Kleiner Naturschutztag am 23.2. in Neuglobsow - Naturpark Stechlin-Ruppiner Land\",\"isPartOf\":{\"@id\":\"https:\/\/www.naturparkmagazin.de\/stechlin\/#website\"},\"datePublished\":\"2023-01-18T15:01:34+00:00\",\"dateModified\":\"2023-01-26T12:00:35+00:00\",\"author\":{\"@id\":\"https:\/\/www.naturparkmagazin.de\/stechlin\/#\/schema\/person\/3f0d93203df21c806dd63c76d9bb28bc\"},\"breadcrumb\":{\"@id\":\"https:\/\/www.naturparkmagazin.de\/stechlin\/15-kleiner-naturschutztag-am-23-2-in-neuglobsow\/#breadcrumb\"},\"inLanguage\":\"de\",\"potentialAction\":[{\"@type\":\"ReadAction\",\"target\":[\"https:\/\/www.naturparkmagazin.de\/stechlin\/15-kleiner-naturschutztag-am-23-2-in-neuglobsow\/\"]}]},{\"@type\":\"BreadcrumbList\",\"@id\":\"https:\/\/www.naturparkmagazin.de\/stechlin\/15-kleiner-naturschutztag-am-23-2-in-neuglobsow\/#breadcrumb\",\"itemListElement\":[{\"@type\":\"ListItem\",\"position\":1,\"name\":\"Home\",\"item\":\"https:\/\/www.naturparkmagazin.de\/stechlin\/\"},{\"@type\":\"ListItem\",\"position\":2,\"name\":\"15. Kleiner Naturschutztag am 23.2. in Neuglobsow\"}]},{\"@type\":\"WebSite\",\"@id\":\"https:\/\/www.naturparkmagazin.de\/stechlin\/#website\",\"url\":\"https:\/\/www.naturparkmagazin.de\/stechlin\/\",\"name\":\"Naturpark Stechlin-Ruppiner Land\",\"description\":\"\",\"potentialAction\":[{\"@type\":\"SearchAction\",\"target\":{\"@type\":\"EntryPoint\",\"urlTemplate\":\"https:\/\/www.naturparkmagazin.de\/stechlin\/?s={search_term_string}\"},\"query-input\":\"required name=search_term_string\"}],\"inLanguage\":\"de\"},{\"@type\":\"Person\",\"@id\":\"https:\/\/www.naturparkmagazin.de\/stechlin\/#\/schema\/person\/3f0d93203df21c806dd63c76d9bb28bc\",\"name\":\"marioschrumpf\",\"url\":\"https:\/\/www.naturparkmagazin.de\/stechlin\/author\/marioschrumpf\/\"}]}<\/script>\n<!-- \/ Yoast SEO plugin. -->","yoast_head_json":{"title":"15. Kleiner Naturschutztag am 23.2. in Neuglobsow - Naturpark Stechlin-Ruppiner Land","robots":{"index":"index","follow":"follow","max-snippet":"max-snippet:-1","max-image-preview":"max-image-preview:large","max-video-preview":"max-video-preview:-1"},"canonical":"https:\/\/www.naturparkmagazin.de\/stechlin\/15-kleiner-naturschutztag-am-23-2-in-neuglobsow\/","og_locale":"de_DE","og_type":"article","og_title":"15. Kleiner Naturschutztag am 23.2. in Neuglobsow - Naturpark Stechlin-Ruppiner Land","og_description":"In diesem Jahr findet nach zweij\u00e4hriger, coronabedingter Pause der Kleine Naturschutztag wieder statt.","og_url":"https:\/\/www.naturparkmagazin.de\/stechlin\/15-kleiner-naturschutztag-am-23-2-in-neuglobsow\/","og_site_name":"Naturpark Stechlin-Ruppiner Land","article_published_time":"2023-01-18T15:01:34+00:00","article_modified_time":"2023-01-26T12:00:35+00:00","og_image":[{"width":200,"height":200,"url":"https:\/\/www.naturparkmagazin.de\/stechlin\/wp-content\/uploads\/sites\/38\/L.-quadrimaculata-Schlupf_GR.-Fuchskuhle_a.jpg","type":"image\/jpeg"}],"author":"marioschrumpf","twitter_misc":{"Verfasst von":"marioschrumpf","Gesch\u00e4tzte Lesezeit":"2\u00a0Minuten"},"schema":{"@context":"https:\/\/schema.org","@graph":[{"@type":"WebPage","@id":"https:\/\/www.naturparkmagazin.de\/stechlin\/15-kleiner-naturschutztag-am-23-2-in-neuglobsow\/","url":"https:\/\/www.naturparkmagazin.de\/stechlin\/15-kleiner-naturschutztag-am-23-2-in-neuglobsow\/","name":"15. Kleiner Naturschutztag am 23.2. in Neuglobsow - Naturpark Stechlin-Ruppiner Land","isPartOf":{"@id":"https:\/\/www.naturparkmagazin.de\/stechlin\/#website"},"datePublished":"2023-01-18T15:01:34+00:00","dateModified":"2023-01-26T12:00:35+00:00","author":{"@id":"https:\/\/www.naturparkmagazin.de\/stechlin\/#\/schema\/person\/3f0d93203df21c806dd63c76d9bb28bc"},"breadcrumb":{"@id":"https:\/\/www.naturparkmagazin.de\/stechlin\/15-kleiner-naturschutztag-am-23-2-in-neuglobsow\/#breadcrumb"},"inLanguage":"de","potentialAction":[{"@type":"ReadAction","target":["https:\/\/www.naturparkmagazin.de\/stechlin\/15-kleiner-naturschutztag-am-23-2-in-neuglobsow\/"]}]},{"@type":"BreadcrumbList","@id":"https:\/\/www.naturparkmagazin.de\/stechlin\/15-kleiner-naturschutztag-am-23-2-in-neuglobsow\/#breadcrumb","itemListElement":[{"@type":"ListItem","position":1,"name":"Home","item":"https:\/\/www.naturparkmagazin.de\/stechlin\/"},{"@type":"ListItem","position":2,"name":"15. Kleiner Naturschutztag am 23.2. in Neuglobsow"}]},{"@type":"WebSite","@id":"https:\/\/www.naturparkmagazin.de\/stechlin\/#website","url":"https:\/\/www.naturparkmagazin.de\/stechlin\/","name":"Naturpark Stechlin-Ruppiner Land","description":"","potentialAction":[{"@type":"SearchAction","target":{"@type":"EntryPoint","urlTemplate":"https:\/\/www.naturparkmagazin.de\/stechlin\/?s={search_term_string}"},"query-input":"required name=search_term_string"}],"inLanguage":"de"},{"@type":"Person","@id":"https:\/\/www.naturparkmagazin.de\/stechlin\/#\/schema\/person\/3f0d93203df21c806dd63c76d9bb28bc","name":"marioschrumpf","url":"https:\/\/www.naturparkmagazin.de\/stechlin\/author\/marioschrumpf\/"}]}},"_links":{"self":[{"href":"https:\/\/www.naturparkmagazin.de\/stechlin\/wp-json\/wp\/v2\/posts\/12980"}],"collection":[{"href":"https:\/\/www.naturparkmagazin.de\/stechlin\/wp-json\/wp\/v2\/posts"}],"about":[{"href":"https:\/\/www.naturparkmagazin.de\/stechlin\/wp-json\/wp\/v2\/types\/post"}],"author":[{"embeddable":true,"href":"https:\/\/www.naturparkmagazin.de\/stechlin\/wp-json\/wp\/v2\/users\/39"}],"replies":[{"embeddable":true,"href":"https:\/\/www.naturparkmagazin.de\/stechlin\/wp-json\/wp\/v2\/comments?post=12980"}],"version-history":[{"count":8,"href":"https:\/\/www.naturparkmagazin.de\/stechlin\/wp-json\/wp\/v2\/posts\/12980\/revisions"}],"predecessor-version":[{"id":13082,"href":"https:\/\/www.naturparkmagazin.de\/stechlin\/wp-json\/wp\/v2\/posts\/12980\/revisions\/13082"}],"wp:featuredmedia":[{"embeddable":true,"href":"https:\/\/www.naturparkmagazin.de\/stechlin\/wp-json\/wp\/v2\/media\/13009"}],"wp:attachment":[{"href":"https:\/\/www.naturparkmagazin.de\/stechlin\/wp-json\/wp\/v2\/media?parent=12980"}],"wp:term":[{"taxonomy":"category","embeddable":true,"href":"https:\/\/www.naturparkmagazin.de\/stechlin\/wp-json\/wp\/v2\/categories?post=12980"},{"taxonomy":"post_tag","embeddable":true,"href":"https:\/\/www.naturparkmagazin.de\/stechlin\/wp-json\/wp\/v2\/tags?post=12980"}],"curies":[{"name":"wp","href":"https:\/\/api.w.org\/{rel}","templated":true}]}}