{"id":12984,"date":"2023-01-18T15:06:09","date_gmt":"2023-01-18T14:06:09","guid":{"rendered":"https:\/\/www.naturparkmagazin.de\/stechlin\/?p=12984"},"modified":"2023-01-26T15:38:48","modified_gmt":"2023-01-26T14:38:48","slug":"prominent-deutschlands-sternenpapst-dr-andreas-haenel","status":"publish","type":"post","link":"https:\/\/www.naturparkmagazin.de\/stechlin\/prominent-deutschlands-sternenpapst-dr-andreas-haenel\/","title":{"rendered":"Prominent &#8211; Deutschlands Sternenpapst Dr. Andreas H\u00e4nel"},"content":{"rendered":"<p>Dr. Andreas H\u00e4nel ist Physiker und Astronom. Er hat viele Jahre das Planetarium im Museum am Sch\u00f6lerberg der Stadt Osnabr\u00fcck geleitet und ist der deutsche Vertreter bei der <em>International Dark Sky Association<\/em> (IDA). Dar\u00fcberhinaus ist er bekannt als Unterst\u00fctzer, Antragsteller und Koordinator zahlreicher Projekte zum Schutz der Dunkelheit bzw. gegen die Lichtverschmutzung.<\/p>\n<p>Aufgrund seiner einzigartigen nationalen und internationalen Expertise wird er auch als der \u201e<em>Sternenpapst<\/em>\u201c und \u201e<em>Papst der Dunkelheit<\/em>\u201c bezeichnet.<\/p>\n<div id=\"attachment_13020\" style=\"width: 310px\" class=\"wp-caption aligncenter\"><a href=\"https:\/\/www.naturparkmagazin.de\/stechlin\/wp-content\/uploads\/sites\/38\/20221027_191459_b.jpg\"><img aria-describedby=\"caption-attachment-13020\" decoding=\"async\" loading=\"lazy\" class=\"size-thumbnail wp-image-13020\" src=\"https:\/\/www.naturparkmagazin.de\/stechlin\/wp-content\/uploads\/sites\/38\/20221027_191459_b-300x180.jpg\" alt=\"\" width=\"300\" height=\"180\" srcset=\"https:\/\/www.naturparkmagazin.de\/stechlin\/wp-content\/uploads\/sites\/38\/20221027_191459_b-300x180.jpg 300w, https:\/\/www.naturparkmagazin.de\/stechlin\/wp-content\/uploads\/sites\/38\/20221027_191459_b-200x120.jpg 200w, https:\/\/www.naturparkmagazin.de\/stechlin\/wp-content\/uploads\/sites\/38\/20221027_191459_b.jpg 500w\" sizes=\"(max-width: 300px) 100vw, 300px\" \/><\/a><p id=\"caption-attachment-13020\" class=\"wp-caption-text\">Deutschlands Sternenpapst Andreas H\u00e4nel referierte h\u00f6chstpers\u00f6nlich \u00fcber den Schutz der Nacht bei uns im Naturpark in Rheinsberg\u00a9 Olaf Wolff<\/p><\/div>\n<p>2020 wurde ihm das Verdienstkreuz am Bande des Verdienstordens der Bundesrepublik Deutschland verliehen.<\/p>\n<p>Derzeitig unterst\u00fctzt Dr. Andreas H\u00e4nel aktiv ein Gemeinschaftsprojekt des Naturparks Stechlin-Ruppiner Land und des Landkreises Ostprignitz-Ruppin, in dem die Kyritz-Ruppiner Heide von der IDA als Sternenpark anerkannt und entsprechend weiterentwickelt werden soll.<\/p>\n<p>Beitr\u00e4ge zu Dr. H\u00e4nel im Naturpark Stechlin-Ruppiner Land:\n<a href=\"https:\/\/www.naturparkmagazin.de\/stechlin\/vortrag-zum-schutz-der-nacht\/\">https:\/\/www.naturparkmagazin.de\/stechlin\/vortrag-zum-schutz-der-nacht\/<\/a><\/p>\n<p>Beitrag zu Dr. H\u00e4nel im Naturpark Nossentiner\/Schwinzer Heide\n<a href=\"https:\/\/www.naturparkmagazin.de\/nossentiner-schwinzer-heide\/dr-haenel-zu-besuch-im-naturpark-nossentinerschwinzer-heide\/\">https:\/\/www.naturparkmagazin.de\/nossentiner-schwinzer-heide\/dr-haenel-zu-besuch-im-naturpark-nossentinerschwinzer-heide\/<\/a><\/p>\n","protected":false},"excerpt":{"rendered":"<p>Dr. Andreas H\u00e4nel ist Physiker und Astronom. Er hat viele Jahre das Planetarium im Museum am Sch\u00f6lerberg der Stadt Osnabr\u00fcck geleitet und ist der deutsche Vertreter bei der International Dark Sky Association (IDA). <\/p>\n","protected":false},"author":39,"featured_media":13019,"comment_status":"open","ping_status":"open","sticky":false,"template":"","format":"standard","meta":[],"categories":[8],"tags":[],"yoast_head":"<!-- This site is optimized with the Yoast SEO plugin v19.10 - https:\/\/yoast.com\/wordpress\/plugins\/seo\/ -->\n<title>Prominent - Deutschlands Sternenpapst Dr. Andreas H\u00e4nel - Naturpark Stechlin-Ruppiner Land<\/title>\n<meta name=\"robots\" content=\"index, follow, max-snippet:-1, max-image-preview:large, max-video-preview:-1\" \/>\n<link rel=\"canonical\" href=\"https:\/\/www.naturparkmagazin.de\/stechlin\/prominent-deutschlands-sternenpapst-dr-andreas-haenel\/\" \/>\n<meta property=\"og:locale\" content=\"de_DE\" \/>\n<meta property=\"og:type\" content=\"article\" \/>\n<meta property=\"og:title\" content=\"Prominent - Deutschlands Sternenpapst Dr. Andreas H\u00e4nel - Naturpark Stechlin-Ruppiner Land\" \/>\n<meta property=\"og:description\" content=\"Dr. Andreas H\u00e4nel ist Physiker und Astronom. Er hat viele Jahre das Planetarium im Museum am Sch\u00f6lerberg der Stadt Osnabr\u00fcck geleitet und ist der deutsche Vertreter bei der International Dark Sky Association (IDA).\" \/>\n<meta property=\"og:url\" content=\"https:\/\/www.naturparkmagazin.de\/stechlin\/prominent-deutschlands-sternenpapst-dr-andreas-haenel\/\" \/>\n<meta property=\"og:site_name\" content=\"Naturpark Stechlin-Ruppiner Land\" \/>\n<meta property=\"article:published_time\" content=\"2023-01-18T14:06:09+00:00\" \/>\n<meta property=\"article:modified_time\" content=\"2023-01-26T14:38:48+00:00\" \/>\n<meta property=\"og:image\" content=\"https:\/\/www.naturparkmagazin.de\/stechlin\/wp-content\/uploads\/sites\/38\/20221027_191459_a.jpg\" \/>\n\t<meta property=\"og:image:width\" content=\"200\" \/>\n\t<meta property=\"og:image:height\" content=\"200\" \/>\n\t<meta property=\"og:image:type\" content=\"image\/jpeg\" \/>\n<meta name=\"author\" content=\"marioschrumpf\" \/>\n<meta name=\"twitter:label1\" content=\"Verfasst von\" \/>\n\t<meta name=\"twitter:data1\" content=\"marioschrumpf\" \/>\n\t<meta name=\"twitter:label2\" content=\"Gesch\u00e4tzte Lesezeit\" \/>\n\t<meta name=\"twitter:data2\" content=\"2\u00a0Minuten\" \/>\n<script type=\"application\/ld+json\" class=\"yoast-schema-graph\">{\"@context\":\"https:\/\/schema.org\",\"@graph\":[{\"@type\":\"WebPage\",\"@id\":\"https:\/\/www.naturparkmagazin.de\/stechlin\/prominent-deutschlands-sternenpapst-dr-andreas-haenel\/\",\"url\":\"https:\/\/www.naturparkmagazin.de\/stechlin\/prominent-deutschlands-sternenpapst-dr-andreas-haenel\/\",\"name\":\"Prominent - Deutschlands Sternenpapst Dr. Andreas H\u00e4nel - Naturpark Stechlin-Ruppiner Land\",\"isPartOf\":{\"@id\":\"https:\/\/www.naturparkmagazin.de\/stechlin\/#website\"},\"datePublished\":\"2023-01-18T14:06:09+00:00\",\"dateModified\":\"2023-01-26T14:38:48+00:00\",\"author\":{\"@id\":\"https:\/\/www.naturparkmagazin.de\/stechlin\/#\/schema\/person\/3f0d93203df21c806dd63c76d9bb28bc\"},\"breadcrumb\":{\"@id\":\"https:\/\/www.naturparkmagazin.de\/stechlin\/prominent-deutschlands-sternenpapst-dr-andreas-haenel\/#breadcrumb\"},\"inLanguage\":\"de\",\"potentialAction\":[{\"@type\":\"ReadAction\",\"target\":[\"https:\/\/www.naturparkmagazin.de\/stechlin\/prominent-deutschlands-sternenpapst-dr-andreas-haenel\/\"]}]},{\"@type\":\"BreadcrumbList\",\"@id\":\"https:\/\/www.naturparkmagazin.de\/stechlin\/prominent-deutschlands-sternenpapst-dr-andreas-haenel\/#breadcrumb\",\"itemListElement\":[{\"@type\":\"ListItem\",\"position\":1,\"name\":\"Home\",\"item\":\"https:\/\/www.naturparkmagazin.de\/stechlin\/\"},{\"@type\":\"ListItem\",\"position\":2,\"name\":\"Prominent &#8211; Deutschlands Sternenpapst Dr. Andreas H\u00e4nel\"}]},{\"@type\":\"WebSite\",\"@id\":\"https:\/\/www.naturparkmagazin.de\/stechlin\/#website\",\"url\":\"https:\/\/www.naturparkmagazin.de\/stechlin\/\",\"name\":\"Naturpark Stechlin-Ruppiner Land\",\"description\":\"\",\"potentialAction\":[{\"@type\":\"SearchAction\",\"target\":{\"@type\":\"EntryPoint\",\"urlTemplate\":\"https:\/\/www.naturparkmagazin.de\/stechlin\/?s={search_term_string}\"},\"query-input\":\"required name=search_term_string\"}],\"inLanguage\":\"de\"},{\"@type\":\"Person\",\"@id\":\"https:\/\/www.naturparkmagazin.de\/stechlin\/#\/schema\/person\/3f0d93203df21c806dd63c76d9bb28bc\",\"name\":\"marioschrumpf\",\"url\":\"https:\/\/www.naturparkmagazin.de\/stechlin\/author\/marioschrumpf\/\"}]}<\/script>\n<!-- \/ Yoast SEO plugin. -->","yoast_head_json":{"title":"Prominent - Deutschlands Sternenpapst Dr. Andreas H\u00e4nel - Naturpark Stechlin-Ruppiner Land","robots":{"index":"index","follow":"follow","max-snippet":"max-snippet:-1","max-image-preview":"max-image-preview:large","max-video-preview":"max-video-preview:-1"},"canonical":"https:\/\/www.naturparkmagazin.de\/stechlin\/prominent-deutschlands-sternenpapst-dr-andreas-haenel\/","og_locale":"de_DE","og_type":"article","og_title":"Prominent - Deutschlands Sternenpapst Dr. Andreas H\u00e4nel - Naturpark Stechlin-Ruppiner Land","og_description":"Dr. Andreas H\u00e4nel ist Physiker und Astronom. Er hat viele Jahre das Planetarium im Museum am Sch\u00f6lerberg der Stadt Osnabr\u00fcck geleitet und ist der deutsche Vertreter bei der International Dark Sky Association (IDA).","og_url":"https:\/\/www.naturparkmagazin.de\/stechlin\/prominent-deutschlands-sternenpapst-dr-andreas-haenel\/","og_site_name":"Naturpark Stechlin-Ruppiner Land","article_published_time":"2023-01-18T14:06:09+00:00","article_modified_time":"2023-01-26T14:38:48+00:00","og_image":[{"width":200,"height":200,"url":"https:\/\/www.naturparkmagazin.de\/stechlin\/wp-content\/uploads\/sites\/38\/20221027_191459_a.jpg","type":"image\/jpeg"}],"author":"marioschrumpf","twitter_misc":{"Verfasst von":"marioschrumpf","Gesch\u00e4tzte Lesezeit":"2\u00a0Minuten"},"schema":{"@context":"https:\/\/schema.org","@graph":[{"@type":"WebPage","@id":"https:\/\/www.naturparkmagazin.de\/stechlin\/prominent-deutschlands-sternenpapst-dr-andreas-haenel\/","url":"https:\/\/www.naturparkmagazin.de\/stechlin\/prominent-deutschlands-sternenpapst-dr-andreas-haenel\/","name":"Prominent - Deutschlands Sternenpapst Dr. Andreas H\u00e4nel - Naturpark Stechlin-Ruppiner Land","isPartOf":{"@id":"https:\/\/www.naturparkmagazin.de\/stechlin\/#website"},"datePublished":"2023-01-18T14:06:09+00:00","dateModified":"2023-01-26T14:38:48+00:00","author":{"@id":"https:\/\/www.naturparkmagazin.de\/stechlin\/#\/schema\/person\/3f0d93203df21c806dd63c76d9bb28bc"},"breadcrumb":{"@id":"https:\/\/www.naturparkmagazin.de\/stechlin\/prominent-deutschlands-sternenpapst-dr-andreas-haenel\/#breadcrumb"},"inLanguage":"de","potentialAction":[{"@type":"ReadAction","target":["https:\/\/www.naturparkmagazin.de\/stechlin\/prominent-deutschlands-sternenpapst-dr-andreas-haenel\/"]}]},{"@type":"BreadcrumbList","@id":"https:\/\/www.naturparkmagazin.de\/stechlin\/prominent-deutschlands-sternenpapst-dr-andreas-haenel\/#breadcrumb","itemListElement":[{"@type":"ListItem","position":1,"name":"Home","item":"https:\/\/www.naturparkmagazin.de\/stechlin\/"},{"@type":"ListItem","position":2,"name":"Prominent &#8211; Deutschlands Sternenpapst Dr. Andreas H\u00e4nel"}]},{"@type":"WebSite","@id":"https:\/\/www.naturparkmagazin.de\/stechlin\/#website","url":"https:\/\/www.naturparkmagazin.de\/stechlin\/","name":"Naturpark Stechlin-Ruppiner Land","description":"","potentialAction":[{"@type":"SearchAction","target":{"@type":"EntryPoint","urlTemplate":"https:\/\/www.naturparkmagazin.de\/stechlin\/?s={search_term_string}"},"query-input":"required name=search_term_string"}],"inLanguage":"de"},{"@type":"Person","@id":"https:\/\/www.naturparkmagazin.de\/stechlin\/#\/schema\/person\/3f0d93203df21c806dd63c76d9bb28bc","name":"marioschrumpf","url":"https:\/\/www.naturparkmagazin.de\/stechlin\/author\/marioschrumpf\/"}]}},"_links":{"self":[{"href":"https:\/\/www.naturparkmagazin.de\/stechlin\/wp-json\/wp\/v2\/posts\/12984"}],"collection":[{"href":"https:\/\/www.naturparkmagazin.de\/stechlin\/wp-json\/wp\/v2\/posts"}],"about":[{"href":"https:\/\/www.naturparkmagazin.de\/stechlin\/wp-json\/wp\/v2\/types\/post"}],"author":[{"embeddable":true,"href":"https:\/\/www.naturparkmagazin.de\/stechlin\/wp-json\/wp\/v2\/users\/39"}],"replies":[{"embeddable":true,"href":"https:\/\/www.naturparkmagazin.de\/stechlin\/wp-json\/wp\/v2\/comments?post=12984"}],"version-history":[{"count":6,"href":"https:\/\/www.naturparkmagazin.de\/stechlin\/wp-json\/wp\/v2\/posts\/12984\/revisions"}],"predecessor-version":[{"id":13089,"href":"https:\/\/www.naturparkmagazin.de\/stechlin\/wp-json\/wp\/v2\/posts\/12984\/revisions\/13089"}],"wp:featuredmedia":[{"embeddable":true,"href":"https:\/\/www.naturparkmagazin.de\/stechlin\/wp-json\/wp\/v2\/media\/13019"}],"wp:attachment":[{"href":"https:\/\/www.naturparkmagazin.de\/stechlin\/wp-json\/wp\/v2\/media?parent=12984"}],"wp:term":[{"taxonomy":"category","embeddable":true,"href":"https:\/\/www.naturparkmagazin.de\/stechlin\/wp-json\/wp\/v2\/categories?post=12984"},{"taxonomy":"post_tag","embeddable":true,"href":"https:\/\/www.naturparkmagazin.de\/stechlin\/wp-json\/wp\/v2\/tags?post=12984"}],"curies":[{"name":"wp","href":"https:\/\/api.w.org\/{rel}","templated":true}]}}