{"id":12998,"date":"2023-01-18T15:05:16","date_gmt":"2023-01-18T14:05:16","guid":{"rendered":"https:\/\/www.naturparkmagazin.de\/stechlin\/?p=12998"},"modified":"2023-01-26T16:07:42","modified_gmt":"2023-01-26T15:07:42","slug":"weitere-1-000-hektar-in-der-kyritz-ruppiner-heide-freigegeben","status":"publish","type":"post","link":"https:\/\/www.naturparkmagazin.de\/stechlin\/weitere-1-000-hektar-in-der-kyritz-ruppiner-heide-freigegeben\/","title":{"rendered":"1.000 Hektar in der Kyritz-Ruppiner Heide zus\u00e4tzlich freigegeben"},"content":{"rendered":"<p>2021 wurde der Naturpark Stechlin-Ruppiner Land um das Gebiet der Kyritz-Ruppiner Heide erweitert.<\/p>\n<p>Nun k\u00f6nnen weitere 1.000 Hektar der Kyritz-Ruppiner Heide, vielen als Bombodrom bekannt, seit Anfang des Jahres uneingeschr\u00e4nkt betreten werden.<\/p>\n<div id=\"attachment_13032\" style=\"width: 310px\" class=\"wp-caption aligncenter\"><a href=\"https:\/\/www.naturparkmagazin.de\/stechlin\/wp-content\/uploads\/sites\/38\/Heide5.jpg\"><img aria-describedby=\"caption-attachment-13032\" decoding=\"async\" loading=\"lazy\" class=\"size-thumbnail wp-image-13032\" src=\"https:\/\/www.naturparkmagazin.de\/stechlin\/wp-content\/uploads\/sites\/38\/Heide5-300x180.jpg\" alt=\"\" width=\"300\" height=\"180\" srcset=\"https:\/\/www.naturparkmagazin.de\/stechlin\/wp-content\/uploads\/sites\/38\/Heide5-300x180.jpg 300w, https:\/\/www.naturparkmagazin.de\/stechlin\/wp-content\/uploads\/sites\/38\/Heide5-200x120.jpg 200w, https:\/\/www.naturparkmagazin.de\/stechlin\/wp-content\/uploads\/sites\/38\/Heide5.jpg 500w\" sizes=\"(max-width: 300px) 100vw, 300px\" \/><\/a><p id=\"caption-attachment-13032\" class=\"wp-caption-text\">Foto von links nach rechts: Herr N\u00fcse (Vizelandrat Ostprignitz-Ruppin), Herr Wolff (Naturpark Stechlin-Ruppiner Land), Frau Nau (Kreistagspr\u00e4sidentin), Herr Wittmoser (Landkreis Ostprignitz-Ruppin), Herr Licht (Bundesforst, Revierleiter Rossower Heide)\u00a9 Olaf Wolff<\/p><\/div>\n<p>Vertreter des Bundesforstbetriebs Westbrandenburg, des Landreises Ostprignitz-Ruppin, des Naturparks Stechlin-Ruppiner Land und die Kreistagspr\u00e4sidentin Sigrid Nau trafen sich am 10. Januar 2023 am Heidezugang Neuglienicke, um sich vor Ort zur aktuellen Situation auszutauschen und zu informieren.<\/p>\n<div id=\"attachment_13031\" style=\"width: 310px\" class=\"wp-caption aligncenter\"><a href=\"https:\/\/www.naturparkmagazin.de\/stechlin\/wp-content\/uploads\/sites\/38\/Heide4.jpg\"><img aria-describedby=\"caption-attachment-13031\" decoding=\"async\" loading=\"lazy\" class=\"size-thumbnail wp-image-13031\" src=\"https:\/\/www.naturparkmagazin.de\/stechlin\/wp-content\/uploads\/sites\/38\/Heide4-300x180.jpg\" alt=\"\" width=\"300\" height=\"180\" srcset=\"https:\/\/www.naturparkmagazin.de\/stechlin\/wp-content\/uploads\/sites\/38\/Heide4-300x180.jpg 300w, https:\/\/www.naturparkmagazin.de\/stechlin\/wp-content\/uploads\/sites\/38\/Heide4-200x120.jpg 200w, https:\/\/www.naturparkmagazin.de\/stechlin\/wp-content\/uploads\/sites\/38\/Heide4.jpg 500w\" sizes=\"(max-width: 300px) 100vw, 300px\" \/><\/a><p id=\"caption-attachment-13031\" class=\"wp-caption-text\">Die Kyritz-Ruppiner Heide\u00a9 Olaf Wolff<\/p><\/div>\n<p>So berichteten Herr Endrup (Leiter des Bundesforstbetriebes Westbrandenburg) und Herr Licht (Bundesforst, Revierleiter Rossower Heide) \u00fcber den enormen Aufwand und die Kosten der Munitionsuntersuchungen und -bergung auf der Heide. Herr Wittmoser (Landkreis Ostprignitz-Ruppin, Amtsleiter \u00f6ffentliche Sicherheit und Verkehr) informierte \u00fcber die Neubeschilderung und das Versetzen der Schranken sowie Herr Wolff (Naturpark Stechlin-Ruppiner Land) \u00fcber die neuen M\u00f6glichkeiten und Projekte f\u00fcr den Naturtourismus.<\/p>\n<div id=\"attachment_13030\" style=\"width: 310px\" class=\"wp-caption aligncenter\"><a href=\"https:\/\/www.stechlin-ruppiner-land-naturpark.de\/fileadmin\/_processed_\/d\/3\/csm_Freigabe_Suedteil_01.01.2023_8dce1f095f.png\"><img aria-describedby=\"caption-attachment-13030\" decoding=\"async\" loading=\"lazy\" class=\"wp-image-13030 size-thumbnail\" src=\"https:\/\/www.naturparkmagazin.de\/stechlin\/wp-content\/uploads\/sites\/38\/Freigabe_Suedteil_01.01.2023-300x214.jpg\" alt=\"\" width=\"300\" height=\"214\" srcset=\"https:\/\/www.naturparkmagazin.de\/stechlin\/wp-content\/uploads\/sites\/38\/Freigabe_Suedteil_01.01.2023-300x214.jpg 300w, https:\/\/www.naturparkmagazin.de\/stechlin\/wp-content\/uploads\/sites\/38\/Freigabe_Suedteil_01.01.2023-200x143.jpg 200w, https:\/\/www.naturparkmagazin.de\/stechlin\/wp-content\/uploads\/sites\/38\/Freigabe_Suedteil_01.01.2023.jpg 500w\" sizes=\"(max-width: 300px) 100vw, 300px\" \/><\/a><p id=\"caption-attachment-13030\" class=\"wp-caption-text\">Karte zur Anpassung der ordnungsbeh\u00f6rdlichen Verordnung des Landkreises Ostprignitz-Ruppin im S\u00fcdteil der Kyritz-Ruppiner Heide.\u00a9 Olaf Wolff<\/p><\/div>\n<p>\u201e<em>Mit der Aufhebung der Sperrverordnung f\u00fcr weite Teile der Sielmanns Naturlandschaft Kyritz-Ruppiner Heide ergeben sich auch neue naturtouristische M\u00f6glichkeiten<\/em>\u201c, freut sich Nora K\u00fcnkler, Pressesprecherin der Heinz Sielmann Stiftung.<\/p>\n<p>\u201e<em>Auch wenn die Schranken nun keine direkten Barrieren mehr darstellen \u2013 eine Zufahrt mit dem Auto in die Landschaft ist weiterhin nicht gestattet. Wir bitten alle G\u00e4ste, Ihre Fahrzeuge auf den Parkpl\u00e4tzen in Pfalzheim und Neuglienicke oder in der Ortslage Rossow abzustellen<\/em>\u201c, appelliert K\u00fcnkler an Erholungssuchende.<\/p>\n<p>\u201e<em>Hinterlassen Sie bei Ihren Ausfl\u00fcgen nichts als Fu\u00dfspuren und nehmen Sie nichts als tolle Natureindr\u00fccke mit<\/em>\u201c, w\u00fcnscht sich Nora K\u00fcnkler von den G\u00e4sten.<\/p>\n<p><a href=\"https:\/\/www.stechlin-ruppiner-land-naturpark.de\/fileadmin\/user_upload\/PDF\/Stechlin-Ruppin\/Aktuelles\/PM_Freigabe_Kyritz-Ruppiner_Heide.pdf\">Hier geht\u00b4s zur kompletten Pressemitteilung der Heinz Sielmann Stiftung!<\/a><\/p>\n<div id=\"attachment_13049\" style=\"width: 310px\" class=\"wp-caption aligncenter\"><a href=\"https:\/\/www.naturparkmagazin.de\/stechlin\/wp-content\/uploads\/sites\/38\/Magnus-auf-dem-Heideturm.jpg\"><img aria-describedby=\"caption-attachment-13049\" decoding=\"async\" loading=\"lazy\" class=\"size-thumbnail wp-image-13049\" src=\"https:\/\/www.naturparkmagazin.de\/stechlin\/wp-content\/uploads\/sites\/38\/Magnus-auf-dem-Heideturm-300x180.jpg\" alt=\"\" width=\"300\" height=\"180\" srcset=\"https:\/\/www.naturparkmagazin.de\/stechlin\/wp-content\/uploads\/sites\/38\/Magnus-auf-dem-Heideturm-300x180.jpg 300w, https:\/\/www.naturparkmagazin.de\/stechlin\/wp-content\/uploads\/sites\/38\/Magnus-auf-dem-Heideturm-200x120.jpg 200w, https:\/\/www.naturparkmagazin.de\/stechlin\/wp-content\/uploads\/sites\/38\/Magnus-auf-dem-Heideturm.jpg 500w\" sizes=\"(max-width: 300px) 100vw, 300px\" \/><\/a><p id=\"caption-attachment-13049\" class=\"wp-caption-text\">Nachwuchs-Natursch\u00fctzer Magnus ist vom winterlichen Schneetreiben auf dem Heideturm bei Pfalzheim beeindruckt.\u00a9 Heinz Sielmann Stiftung<\/p><\/div>\n","protected":false},"excerpt":{"rendered":"<p>2021 wurde der Naturpark Stechlin-Ruppiner Land um das Gebiet der Kyritz-Ruppiner Heide erweitert. Nun kann ein Teil der Kyritz-Ruppiner Heide im S\u00fcden seit Anfang des Jahres uneingeschr\u00e4nkt betreten werden.<\/p>\n","protected":false},"author":39,"featured_media":13033,"comment_status":"open","ping_status":"open","sticky":false,"template":"","format":"standard","meta":[],"categories":[7],"tags":[],"yoast_head":"<!-- This site is optimized with the Yoast SEO plugin v19.10 - https:\/\/yoast.com\/wordpress\/plugins\/seo\/ -->\n<title>1.000 Hektar in der Kyritz-Ruppiner Heide zus\u00e4tzlich freigegeben - Naturpark Stechlin-Ruppiner Land<\/title>\n<meta name=\"robots\" content=\"index, follow, max-snippet:-1, max-image-preview:large, max-video-preview:-1\" \/>\n<link rel=\"canonical\" href=\"https:\/\/www.naturparkmagazin.de\/stechlin\/weitere-1-000-hektar-in-der-kyritz-ruppiner-heide-freigegeben\/\" \/>\n<meta property=\"og:locale\" content=\"de_DE\" \/>\n<meta property=\"og:type\" content=\"article\" \/>\n<meta property=\"og:title\" content=\"1.000 Hektar in der Kyritz-Ruppiner Heide zus\u00e4tzlich freigegeben - Naturpark Stechlin-Ruppiner Land\" \/>\n<meta property=\"og:description\" content=\"2021 wurde der Naturpark Stechlin-Ruppiner Land um das Gebiet der Kyritz-Ruppiner Heide erweitert. Nun kann ein Teil der Kyritz-Ruppiner Heide im S\u00fcden seit Anfang des Jahres uneingeschr\u00e4nkt betreten werden.\" \/>\n<meta property=\"og:url\" content=\"https:\/\/www.naturparkmagazin.de\/stechlin\/weitere-1-000-hektar-in-der-kyritz-ruppiner-heide-freigegeben\/\" \/>\n<meta property=\"og:site_name\" content=\"Naturpark Stechlin-Ruppiner Land\" \/>\n<meta property=\"article:published_time\" content=\"2023-01-18T14:05:16+00:00\" \/>\n<meta property=\"article:modified_time\" content=\"2023-01-26T15:07:42+00:00\" \/>\n<meta property=\"og:image\" content=\"https:\/\/www.naturparkmagazin.de\/stechlin\/wp-content\/uploads\/sites\/38\/Heide5_a.jpg\" \/>\n\t<meta property=\"og:image:width\" content=\"200\" \/>\n\t<meta property=\"og:image:height\" content=\"200\" \/>\n\t<meta property=\"og:image:type\" content=\"image\/jpeg\" \/>\n<meta name=\"author\" content=\"marioschrumpf\" \/>\n<meta name=\"twitter:label1\" content=\"Verfasst von\" \/>\n\t<meta name=\"twitter:data1\" content=\"marioschrumpf\" \/>\n\t<meta name=\"twitter:label2\" content=\"Gesch\u00e4tzte Lesezeit\" \/>\n\t<meta name=\"twitter:data2\" content=\"3\u00a0Minuten\" \/>\n<script type=\"application\/ld+json\" class=\"yoast-schema-graph\">{\"@context\":\"https:\/\/schema.org\",\"@graph\":[{\"@type\":\"WebPage\",\"@id\":\"https:\/\/www.naturparkmagazin.de\/stechlin\/weitere-1-000-hektar-in-der-kyritz-ruppiner-heide-freigegeben\/\",\"url\":\"https:\/\/www.naturparkmagazin.de\/stechlin\/weitere-1-000-hektar-in-der-kyritz-ruppiner-heide-freigegeben\/\",\"name\":\"1.000 Hektar in der Kyritz-Ruppiner Heide zus\u00e4tzlich freigegeben - Naturpark Stechlin-Ruppiner Land\",\"isPartOf\":{\"@id\":\"https:\/\/www.naturparkmagazin.de\/stechlin\/#website\"},\"datePublished\":\"2023-01-18T14:05:16+00:00\",\"dateModified\":\"2023-01-26T15:07:42+00:00\",\"author\":{\"@id\":\"https:\/\/www.naturparkmagazin.de\/stechlin\/#\/schema\/person\/3f0d93203df21c806dd63c76d9bb28bc\"},\"breadcrumb\":{\"@id\":\"https:\/\/www.naturparkmagazin.de\/stechlin\/weitere-1-000-hektar-in-der-kyritz-ruppiner-heide-freigegeben\/#breadcrumb\"},\"inLanguage\":\"de\",\"potentialAction\":[{\"@type\":\"ReadAction\",\"target\":[\"https:\/\/www.naturparkmagazin.de\/stechlin\/weitere-1-000-hektar-in-der-kyritz-ruppiner-heide-freigegeben\/\"]}]},{\"@type\":\"BreadcrumbList\",\"@id\":\"https:\/\/www.naturparkmagazin.de\/stechlin\/weitere-1-000-hektar-in-der-kyritz-ruppiner-heide-freigegeben\/#breadcrumb\",\"itemListElement\":[{\"@type\":\"ListItem\",\"position\":1,\"name\":\"Home\",\"item\":\"https:\/\/www.naturparkmagazin.de\/stechlin\/\"},{\"@type\":\"ListItem\",\"position\":2,\"name\":\"1.000 Hektar in der Kyritz-Ruppiner Heide zus\u00e4tzlich freigegeben\"}]},{\"@type\":\"WebSite\",\"@id\":\"https:\/\/www.naturparkmagazin.de\/stechlin\/#website\",\"url\":\"https:\/\/www.naturparkmagazin.de\/stechlin\/\",\"name\":\"Naturpark Stechlin-Ruppiner Land\",\"description\":\"\",\"potentialAction\":[{\"@type\":\"SearchAction\",\"target\":{\"@type\":\"EntryPoint\",\"urlTemplate\":\"https:\/\/www.naturparkmagazin.de\/stechlin\/?s={search_term_string}\"},\"query-input\":\"required name=search_term_string\"}],\"inLanguage\":\"de\"},{\"@type\":\"Person\",\"@id\":\"https:\/\/www.naturparkmagazin.de\/stechlin\/#\/schema\/person\/3f0d93203df21c806dd63c76d9bb28bc\",\"name\":\"marioschrumpf\",\"url\":\"https:\/\/www.naturparkmagazin.de\/stechlin\/author\/marioschrumpf\/\"}]}<\/script>\n<!-- \/ Yoast SEO plugin. -->","yoast_head_json":{"title":"1.000 Hektar in der Kyritz-Ruppiner Heide zus\u00e4tzlich freigegeben - Naturpark Stechlin-Ruppiner Land","robots":{"index":"index","follow":"follow","max-snippet":"max-snippet:-1","max-image-preview":"max-image-preview:large","max-video-preview":"max-video-preview:-1"},"canonical":"https:\/\/www.naturparkmagazin.de\/stechlin\/weitere-1-000-hektar-in-der-kyritz-ruppiner-heide-freigegeben\/","og_locale":"de_DE","og_type":"article","og_title":"1.000 Hektar in der Kyritz-Ruppiner Heide zus\u00e4tzlich freigegeben - Naturpark Stechlin-Ruppiner Land","og_description":"2021 wurde der Naturpark Stechlin-Ruppiner Land um das Gebiet der Kyritz-Ruppiner Heide erweitert. Nun kann ein Teil der Kyritz-Ruppiner Heide im S\u00fcden seit Anfang des Jahres uneingeschr\u00e4nkt betreten werden.","og_url":"https:\/\/www.naturparkmagazin.de\/stechlin\/weitere-1-000-hektar-in-der-kyritz-ruppiner-heide-freigegeben\/","og_site_name":"Naturpark Stechlin-Ruppiner Land","article_published_time":"2023-01-18T14:05:16+00:00","article_modified_time":"2023-01-26T15:07:42+00:00","og_image":[{"width":200,"height":200,"url":"https:\/\/www.naturparkmagazin.de\/stechlin\/wp-content\/uploads\/sites\/38\/Heide5_a.jpg","type":"image\/jpeg"}],"author":"marioschrumpf","twitter_misc":{"Verfasst von":"marioschrumpf","Gesch\u00e4tzte Lesezeit":"3\u00a0Minuten"},"schema":{"@context":"https:\/\/schema.org","@graph":[{"@type":"WebPage","@id":"https:\/\/www.naturparkmagazin.de\/stechlin\/weitere-1-000-hektar-in-der-kyritz-ruppiner-heide-freigegeben\/","url":"https:\/\/www.naturparkmagazin.de\/stechlin\/weitere-1-000-hektar-in-der-kyritz-ruppiner-heide-freigegeben\/","name":"1.000 Hektar in der Kyritz-Ruppiner Heide zus\u00e4tzlich freigegeben - Naturpark Stechlin-Ruppiner Land","isPartOf":{"@id":"https:\/\/www.naturparkmagazin.de\/stechlin\/#website"},"datePublished":"2023-01-18T14:05:16+00:00","dateModified":"2023-01-26T15:07:42+00:00","author":{"@id":"https:\/\/www.naturparkmagazin.de\/stechlin\/#\/schema\/person\/3f0d93203df21c806dd63c76d9bb28bc"},"breadcrumb":{"@id":"https:\/\/www.naturparkmagazin.de\/stechlin\/weitere-1-000-hektar-in-der-kyritz-ruppiner-heide-freigegeben\/#breadcrumb"},"inLanguage":"de","potentialAction":[{"@type":"ReadAction","target":["https:\/\/www.naturparkmagazin.de\/stechlin\/weitere-1-000-hektar-in-der-kyritz-ruppiner-heide-freigegeben\/"]}]},{"@type":"BreadcrumbList","@id":"https:\/\/www.naturparkmagazin.de\/stechlin\/weitere-1-000-hektar-in-der-kyritz-ruppiner-heide-freigegeben\/#breadcrumb","itemListElement":[{"@type":"ListItem","position":1,"name":"Home","item":"https:\/\/www.naturparkmagazin.de\/stechlin\/"},{"@type":"ListItem","position":2,"name":"1.000 Hektar in der Kyritz-Ruppiner Heide zus\u00e4tzlich freigegeben"}]},{"@type":"WebSite","@id":"https:\/\/www.naturparkmagazin.de\/stechlin\/#website","url":"https:\/\/www.naturparkmagazin.de\/stechlin\/","name":"Naturpark Stechlin-Ruppiner Land","description":"","potentialAction":[{"@type":"SearchAction","target":{"@type":"EntryPoint","urlTemplate":"https:\/\/www.naturparkmagazin.de\/stechlin\/?s={search_term_string}"},"query-input":"required name=search_term_string"}],"inLanguage":"de"},{"@type":"Person","@id":"https:\/\/www.naturparkmagazin.de\/stechlin\/#\/schema\/person\/3f0d93203df21c806dd63c76d9bb28bc","name":"marioschrumpf","url":"https:\/\/www.naturparkmagazin.de\/stechlin\/author\/marioschrumpf\/"}]}},"_links":{"self":[{"href":"https:\/\/www.naturparkmagazin.de\/stechlin\/wp-json\/wp\/v2\/posts\/12998"}],"collection":[{"href":"https:\/\/www.naturparkmagazin.de\/stechlin\/wp-json\/wp\/v2\/posts"}],"about":[{"href":"https:\/\/www.naturparkmagazin.de\/stechlin\/wp-json\/wp\/v2\/types\/post"}],"author":[{"embeddable":true,"href":"https:\/\/www.naturparkmagazin.de\/stechlin\/wp-json\/wp\/v2\/users\/39"}],"replies":[{"embeddable":true,"href":"https:\/\/www.naturparkmagazin.de\/stechlin\/wp-json\/wp\/v2\/comments?post=12998"}],"version-history":[{"count":13,"href":"https:\/\/www.naturparkmagazin.de\/stechlin\/wp-json\/wp\/v2\/posts\/12998\/revisions"}],"predecessor-version":[{"id":13092,"href":"https:\/\/www.naturparkmagazin.de\/stechlin\/wp-json\/wp\/v2\/posts\/12998\/revisions\/13092"}],"wp:featuredmedia":[{"embeddable":true,"href":"https:\/\/www.naturparkmagazin.de\/stechlin\/wp-json\/wp\/v2\/media\/13033"}],"wp:attachment":[{"href":"https:\/\/www.naturparkmagazin.de\/stechlin\/wp-json\/wp\/v2\/media?parent=12998"}],"wp:term":[{"taxonomy":"category","embeddable":true,"href":"https:\/\/www.naturparkmagazin.de\/stechlin\/wp-json\/wp\/v2\/categories?post=12998"},{"taxonomy":"post_tag","embeddable":true,"href":"https:\/\/www.naturparkmagazin.de\/stechlin\/wp-json\/wp\/v2\/tags?post=12998"}],"curies":[{"name":"wp","href":"https:\/\/api.w.org\/{rel}","templated":true}]}}