{"id":13060,"date":"2023-01-18T16:06:54","date_gmt":"2023-01-18T15:06:54","guid":{"rendered":"https:\/\/www.naturparkmagazin.de\/stechlin\/?p=13060"},"modified":"2025-02-24T16:55:31","modified_gmt":"2025-02-24T15:55:31","slug":"anmeldung-fuer-den-4-fontane-wandermarathon-moeglich","status":"publish","type":"post","link":"https:\/\/www.naturparkmagazin.de\/stechlin\/anmeldung-fuer-den-4-fontane-wandermarathon-moeglich\/","title":{"rendered":"Anmeldung f\u00fcr den 4. Fontane Wandermarathon m\u00f6glich (2023)"},"content":{"rendered":"<p>Am Samstag, <strong>9. September 2023<\/strong>, hei\u00dft es f\u00fcr Wanderfreunde wieder Schuhe schn\u00fcren, Wanderrucksack aufsetzen und das Ruppiner Seenland erkunden: Der Fontane-Wandermarathon geht in diesem Jahr in die vierte Runde und l\u00e4dt sportlich Aktive zum gemeinsamen Wandern ein. Die <strong>Anmeldung<\/strong> zur Teilnahme ist <strong>ab dem 6. Februar online m\u00f6glich<\/strong>.<\/p>\n<div id=\"attachment_13095\" style=\"width: 310px\" class=\"wp-caption aligncenter\"><a href=\"https:\/\/www.naturparkmagazin.de\/stechlin\/wp-content\/uploads\/sites\/38\/2023_01_27-Fontane-Wandermarathon-c-Thomas-Janowitz.jpg\"><img aria-describedby=\"caption-attachment-13095\" decoding=\"async\" loading=\"lazy\" class=\"size-thumbnail wp-image-13095\" src=\"https:\/\/www.naturparkmagazin.de\/stechlin\/wp-content\/uploads\/sites\/38\/2023_01_27-Fontane-Wandermarathon-c-Thomas-Janowitz-300x180.jpg\" alt=\"\" width=\"300\" height=\"180\" srcset=\"https:\/\/www.naturparkmagazin.de\/stechlin\/wp-content\/uploads\/sites\/38\/2023_01_27-Fontane-Wandermarathon-c-Thomas-Janowitz-300x180.jpg 300w, https:\/\/www.naturparkmagazin.de\/stechlin\/wp-content\/uploads\/sites\/38\/2023_01_27-Fontane-Wandermarathon-c-Thomas-Janowitz-200x120.jpg 200w, https:\/\/www.naturparkmagazin.de\/stechlin\/wp-content\/uploads\/sites\/38\/2023_01_27-Fontane-Wandermarathon-c-Thomas-Janowitz.jpg 500w\" sizes=\"(max-width: 300px) 100vw, 300px\" \/><\/a><p id=\"caption-attachment-13095\" class=\"wp-caption-text\">Fontane-Wandermarathon\u00a9 Thomas Janowitz<\/p><\/div>\n<p>Ausgehend von dem Theaterdorf <strong>Netzeband<\/strong> im Amt Temnitz erwandern die Teilnehmenden eine entweder etwa 21 Kilometer Halbmarathon- oder 42 Kilometer lange Marathonstrecke durch den Naturpark Stechlin-Ruppiner Land. Auf den Spuren des namensgebenden Schriftstellers <strong>Theodor Fontane, dessen Todestag sich in diesem Jahr zum 125. Mal j\u00e4hrt<\/strong>, f\u00fchrt die Wanderstrecke durch die sp\u00e4tsommerlich bl\u00fchende <strong>Kyritz-Ruppiner Heide<\/strong> und durch das bewaldete Naturschutzgebiet rund um die Quelle des kleinen B\u00e4chleins Kunster. F\u00fcr die Marathonwanderer geht es weiter entlang der malerischen <strong>Ruppiner Seenkette<\/strong> durch die <strong>Ruppiner Schweiz<\/strong> bis in die Geburtsstadt des Schriftstellers, die <strong>Fontanestadt Neuruppin<\/strong>.<\/p>\n<p>Insbesondere auf Regionalit\u00e4t und Nachhaltigkeit legen die Veranstalter wert: So wird auf jegliches Einweggeschirr und Plastikverpackungen verzichtet, Infos zur Arbeit im Naturpark und Bio-Mineralwasser aus Rheinsberg gibt es an den Kontrollpunkten, und am Halbmarathonziel steht f\u00fcr alle eine warme Mahlzeit mit regionalen Produkten bereit. Auf die Zugabfahrtszeiten abgestimmte Bus-Shuttles bringen die Halbmarathon-Finisher zur\u00fcck zum Startort Netzeband oder zum Bahnhof Neuruppin. Und auch das Marathonziel liegt in direkter Bahnhofsn\u00e4he, um zus\u00e4tzliches Verkehrsaufkommen zu vermeiden.<\/p>\n<p>Veranstaltet wird der Fontane-Wandermarathon gemeinsam vom Tourismusverband Ruppiner Seenland e.V., dem Naturpark Stechlin-Ruppiner Land, dem Verein Fitness-TREFF Natur e.V. und dem Berliner Wanderverband e. V. Unterst\u00fctzt wird die Veranstaltung von der Sparkasse Ostprignitz-Ruppin,\u00a0 der Fontanestadt Neuruppin, dem Amt Temnitz und der Rheinsberger Preussenquelle. Brandenburgs Umweltminister Axel Vogel hat wieder die Schirmherrschaft \u00fcbernommen.<\/p>\n<p>Anmeldung und weitere Informationen \u00fcber <a href=\"http:\/\/www.fontane-wandermarathon.de\">www.fontane-wandermarathon.de<\/a><\/p>\n<p><a href=\"https:\/\/www.stechlin-ruppiner-land-naturpark.de\/fileadmin\/user_upload\/PDF\/Stechlin-Ruppin\/Aktuelles\/2023_01_31_Presseinfo_4._Fontane-Wandermarathon_MS.pdf\" target=\"_blank\" rel=\"noopener\">Pressemitteilung des Torismusverband Ruppiner Seenland e.V.<\/a><\/p>\n<p>&nbsp;<\/p>\n<div id=\"attachment_13094\" style=\"width: 310px\" class=\"wp-caption aligncenter\"><a href=\"https:\/\/www.naturparkmagazin.de\/stechlin\/wp-content\/uploads\/sites\/38\/2023_01_27-Fontane-Wandermarathon-c-Daniel-Marienfeld.jpg\"><img aria-describedby=\"caption-attachment-13094\" decoding=\"async\" loading=\"lazy\" class=\"size-thumbnail wp-image-13094\" src=\"https:\/\/www.naturparkmagazin.de\/stechlin\/wp-content\/uploads\/sites\/38\/2023_01_27-Fontane-Wandermarathon-c-Daniel-Marienfeld-300x180.jpg\" alt=\"\" width=\"300\" height=\"180\" srcset=\"https:\/\/www.naturparkmagazin.de\/stechlin\/wp-content\/uploads\/sites\/38\/2023_01_27-Fontane-Wandermarathon-c-Daniel-Marienfeld-300x180.jpg 300w, https:\/\/www.naturparkmagazin.de\/stechlin\/wp-content\/uploads\/sites\/38\/2023_01_27-Fontane-Wandermarathon-c-Daniel-Marienfeld-200x120.jpg 200w, https:\/\/www.naturparkmagazin.de\/stechlin\/wp-content\/uploads\/sites\/38\/2023_01_27-Fontane-Wandermarathon-c-Daniel-Marienfeld.jpg 500w\" sizes=\"(max-width: 300px) 100vw, 300px\" \/><\/a><p id=\"caption-attachment-13094\" class=\"wp-caption-text\">Fontane-Wandermarathon\u00a9 Daniel Marienfeld<\/p><\/div>\n<p>&nbsp;<\/p>\n","protected":false},"excerpt":{"rendered":"<p>Am Samstag, 9. September 2023, hei\u00dft es f\u00fcr Wanderfreunde wieder Schuhe schn\u00fcren. Die Anmeldung zur Teilnahme ist ab dem 6. Februar online m\u00f6glich.<\/p>\n","protected":false},"author":39,"featured_media":13096,"comment_status":"open","ping_status":"open","sticky":false,"template":"","format":"standard","meta":[],"categories":[11],"tags":[],"yoast_head":"<!-- This site is optimized with the Yoast SEO plugin v19.10 - https:\/\/yoast.com\/wordpress\/plugins\/seo\/ -->\n<title>Anmeldung f\u00fcr den 4. Fontane Wandermarathon m\u00f6glich (2023) - Naturpark Stechlin-Ruppiner Land<\/title>\n<meta name=\"robots\" content=\"index, follow, max-snippet:-1, max-image-preview:large, max-video-preview:-1\" \/>\n<link rel=\"canonical\" href=\"https:\/\/www.naturparkmagazin.de\/stechlin\/anmeldung-fuer-den-4-fontane-wandermarathon-moeglich\/\" \/>\n<meta property=\"og:locale\" content=\"de_DE\" \/>\n<meta property=\"og:type\" content=\"article\" \/>\n<meta property=\"og:title\" content=\"Anmeldung f\u00fcr den 4. Fontane Wandermarathon m\u00f6glich (2023) - Naturpark Stechlin-Ruppiner Land\" \/>\n<meta property=\"og:description\" content=\"Am Samstag, 9. September 2023, hei\u00dft es f\u00fcr Wanderfreunde wieder Schuhe schn\u00fcren. Die Anmeldung zur Teilnahme ist ab dem 6. Februar online m\u00f6glich.\" \/>\n<meta property=\"og:url\" content=\"https:\/\/www.naturparkmagazin.de\/stechlin\/anmeldung-fuer-den-4-fontane-wandermarathon-moeglich\/\" \/>\n<meta property=\"og:site_name\" content=\"Naturpark Stechlin-Ruppiner Land\" \/>\n<meta property=\"article:published_time\" content=\"2023-01-18T15:06:54+00:00\" \/>\n<meta property=\"article:modified_time\" content=\"2025-02-24T15:55:31+00:00\" \/>\n<meta property=\"og:image\" content=\"https:\/\/www.naturparkmagazin.de\/stechlin\/wp-content\/uploads\/sites\/38\/2023_01_27-Fontane-Wandermarathon-c-Thomas-Janowitz_a.jpg\" \/>\n\t<meta property=\"og:image:width\" content=\"200\" \/>\n\t<meta property=\"og:image:height\" content=\"200\" \/>\n\t<meta property=\"og:image:type\" content=\"image\/jpeg\" \/>\n<meta name=\"author\" content=\"marioschrumpf\" \/>\n<meta name=\"twitter:label1\" content=\"Verfasst von\" \/>\n\t<meta name=\"twitter:data1\" content=\"marioschrumpf\" \/>\n\t<meta name=\"twitter:label2\" content=\"Gesch\u00e4tzte Lesezeit\" \/>\n\t<meta name=\"twitter:data2\" content=\"3\u00a0Minuten\" \/>\n<script type=\"application\/ld+json\" class=\"yoast-schema-graph\">{\"@context\":\"https:\/\/schema.org\",\"@graph\":[{\"@type\":\"WebPage\",\"@id\":\"https:\/\/www.naturparkmagazin.de\/stechlin\/anmeldung-fuer-den-4-fontane-wandermarathon-moeglich\/\",\"url\":\"https:\/\/www.naturparkmagazin.de\/stechlin\/anmeldung-fuer-den-4-fontane-wandermarathon-moeglich\/\",\"name\":\"Anmeldung f\u00fcr den 4. Fontane Wandermarathon m\u00f6glich (2023) - Naturpark Stechlin-Ruppiner Land\",\"isPartOf\":{\"@id\":\"https:\/\/www.naturparkmagazin.de\/stechlin\/#website\"},\"datePublished\":\"2023-01-18T15:06:54+00:00\",\"dateModified\":\"2025-02-24T15:55:31+00:00\",\"author\":{\"@id\":\"https:\/\/www.naturparkmagazin.de\/stechlin\/#\/schema\/person\/3f0d93203df21c806dd63c76d9bb28bc\"},\"breadcrumb\":{\"@id\":\"https:\/\/www.naturparkmagazin.de\/stechlin\/anmeldung-fuer-den-4-fontane-wandermarathon-moeglich\/#breadcrumb\"},\"inLanguage\":\"de\",\"potentialAction\":[{\"@type\":\"ReadAction\",\"target\":[\"https:\/\/www.naturparkmagazin.de\/stechlin\/anmeldung-fuer-den-4-fontane-wandermarathon-moeglich\/\"]}]},{\"@type\":\"BreadcrumbList\",\"@id\":\"https:\/\/www.naturparkmagazin.de\/stechlin\/anmeldung-fuer-den-4-fontane-wandermarathon-moeglich\/#breadcrumb\",\"itemListElement\":[{\"@type\":\"ListItem\",\"position\":1,\"name\":\"Home\",\"item\":\"https:\/\/www.naturparkmagazin.de\/stechlin\/\"},{\"@type\":\"ListItem\",\"position\":2,\"name\":\"Anmeldung f\u00fcr den 4. Fontane Wandermarathon m\u00f6glich (2023)\"}]},{\"@type\":\"WebSite\",\"@id\":\"https:\/\/www.naturparkmagazin.de\/stechlin\/#website\",\"url\":\"https:\/\/www.naturparkmagazin.de\/stechlin\/\",\"name\":\"Naturpark Stechlin-Ruppiner Land\",\"description\":\"\",\"potentialAction\":[{\"@type\":\"SearchAction\",\"target\":{\"@type\":\"EntryPoint\",\"urlTemplate\":\"https:\/\/www.naturparkmagazin.de\/stechlin\/?s={search_term_string}\"},\"query-input\":\"required name=search_term_string\"}],\"inLanguage\":\"de\"},{\"@type\":\"Person\",\"@id\":\"https:\/\/www.naturparkmagazin.de\/stechlin\/#\/schema\/person\/3f0d93203df21c806dd63c76d9bb28bc\",\"name\":\"marioschrumpf\",\"url\":\"https:\/\/www.naturparkmagazin.de\/stechlin\/author\/marioschrumpf\/\"}]}<\/script>\n<!-- \/ Yoast SEO plugin. -->","yoast_head_json":{"title":"Anmeldung f\u00fcr den 4. Fontane Wandermarathon m\u00f6glich (2023) - Naturpark Stechlin-Ruppiner Land","robots":{"index":"index","follow":"follow","max-snippet":"max-snippet:-1","max-image-preview":"max-image-preview:large","max-video-preview":"max-video-preview:-1"},"canonical":"https:\/\/www.naturparkmagazin.de\/stechlin\/anmeldung-fuer-den-4-fontane-wandermarathon-moeglich\/","og_locale":"de_DE","og_type":"article","og_title":"Anmeldung f\u00fcr den 4. Fontane Wandermarathon m\u00f6glich (2023) - Naturpark Stechlin-Ruppiner Land","og_description":"Am Samstag, 9. September 2023, hei\u00dft es f\u00fcr Wanderfreunde wieder Schuhe schn\u00fcren. Die Anmeldung zur Teilnahme ist ab dem 6. Februar online m\u00f6glich.","og_url":"https:\/\/www.naturparkmagazin.de\/stechlin\/anmeldung-fuer-den-4-fontane-wandermarathon-moeglich\/","og_site_name":"Naturpark Stechlin-Ruppiner Land","article_published_time":"2023-01-18T15:06:54+00:00","article_modified_time":"2025-02-24T15:55:31+00:00","og_image":[{"width":200,"height":200,"url":"https:\/\/www.naturparkmagazin.de\/stechlin\/wp-content\/uploads\/sites\/38\/2023_01_27-Fontane-Wandermarathon-c-Thomas-Janowitz_a.jpg","type":"image\/jpeg"}],"author":"marioschrumpf","twitter_misc":{"Verfasst von":"marioschrumpf","Gesch\u00e4tzte Lesezeit":"3\u00a0Minuten"},"schema":{"@context":"https:\/\/schema.org","@graph":[{"@type":"WebPage","@id":"https:\/\/www.naturparkmagazin.de\/stechlin\/anmeldung-fuer-den-4-fontane-wandermarathon-moeglich\/","url":"https:\/\/www.naturparkmagazin.de\/stechlin\/anmeldung-fuer-den-4-fontane-wandermarathon-moeglich\/","name":"Anmeldung f\u00fcr den 4. Fontane Wandermarathon m\u00f6glich (2023) - Naturpark Stechlin-Ruppiner Land","isPartOf":{"@id":"https:\/\/www.naturparkmagazin.de\/stechlin\/#website"},"datePublished":"2023-01-18T15:06:54+00:00","dateModified":"2025-02-24T15:55:31+00:00","author":{"@id":"https:\/\/www.naturparkmagazin.de\/stechlin\/#\/schema\/person\/3f0d93203df21c806dd63c76d9bb28bc"},"breadcrumb":{"@id":"https:\/\/www.naturparkmagazin.de\/stechlin\/anmeldung-fuer-den-4-fontane-wandermarathon-moeglich\/#breadcrumb"},"inLanguage":"de","potentialAction":[{"@type":"ReadAction","target":["https:\/\/www.naturparkmagazin.de\/stechlin\/anmeldung-fuer-den-4-fontane-wandermarathon-moeglich\/"]}]},{"@type":"BreadcrumbList","@id":"https:\/\/www.naturparkmagazin.de\/stechlin\/anmeldung-fuer-den-4-fontane-wandermarathon-moeglich\/#breadcrumb","itemListElement":[{"@type":"ListItem","position":1,"name":"Home","item":"https:\/\/www.naturparkmagazin.de\/stechlin\/"},{"@type":"ListItem","position":2,"name":"Anmeldung f\u00fcr den 4. Fontane Wandermarathon m\u00f6glich (2023)"}]},{"@type":"WebSite","@id":"https:\/\/www.naturparkmagazin.de\/stechlin\/#website","url":"https:\/\/www.naturparkmagazin.de\/stechlin\/","name":"Naturpark Stechlin-Ruppiner Land","description":"","potentialAction":[{"@type":"SearchAction","target":{"@type":"EntryPoint","urlTemplate":"https:\/\/www.naturparkmagazin.de\/stechlin\/?s={search_term_string}"},"query-input":"required name=search_term_string"}],"inLanguage":"de"},{"@type":"Person","@id":"https:\/\/www.naturparkmagazin.de\/stechlin\/#\/schema\/person\/3f0d93203df21c806dd63c76d9bb28bc","name":"marioschrumpf","url":"https:\/\/www.naturparkmagazin.de\/stechlin\/author\/marioschrumpf\/"}]}},"_links":{"self":[{"href":"https:\/\/www.naturparkmagazin.de\/stechlin\/wp-json\/wp\/v2\/posts\/13060"}],"collection":[{"href":"https:\/\/www.naturparkmagazin.de\/stechlin\/wp-json\/wp\/v2\/posts"}],"about":[{"href":"https:\/\/www.naturparkmagazin.de\/stechlin\/wp-json\/wp\/v2\/types\/post"}],"author":[{"embeddable":true,"href":"https:\/\/www.naturparkmagazin.de\/stechlin\/wp-json\/wp\/v2\/users\/39"}],"replies":[{"embeddable":true,"href":"https:\/\/www.naturparkmagazin.de\/stechlin\/wp-json\/wp\/v2\/comments?post=13060"}],"version-history":[{"count":9,"href":"https:\/\/www.naturparkmagazin.de\/stechlin\/wp-json\/wp\/v2\/posts\/13060\/revisions"}],"predecessor-version":[{"id":16834,"href":"https:\/\/www.naturparkmagazin.de\/stechlin\/wp-json\/wp\/v2\/posts\/13060\/revisions\/16834"}],"wp:featuredmedia":[{"embeddable":true,"href":"https:\/\/www.naturparkmagazin.de\/stechlin\/wp-json\/wp\/v2\/media\/13096"}],"wp:attachment":[{"href":"https:\/\/www.naturparkmagazin.de\/stechlin\/wp-json\/wp\/v2\/media?parent=13060"}],"wp:term":[{"taxonomy":"category","embeddable":true,"href":"https:\/\/www.naturparkmagazin.de\/stechlin\/wp-json\/wp\/v2\/categories?post=13060"},{"taxonomy":"post_tag","embeddable":true,"href":"https:\/\/www.naturparkmagazin.de\/stechlin\/wp-json\/wp\/v2\/tags?post=13060"}],"curies":[{"name":"wp","href":"https:\/\/api.w.org\/{rel}","templated":true}]}}