{"id":131,"date":"2013-08-28T10:08:19","date_gmt":"2013-08-28T08:08:19","guid":{"rendered":"http:\/\/www.naturparkmagazin.de\/stechlin\/?p=131"},"modified":"2013-09-02T15:37:37","modified_gmt":"2013-09-02T13:37:37","slug":"freude-am-leben","status":"publish","type":"post","link":"https:\/\/www.naturparkmagazin.de\/stechlin\/freude-am-leben\/","title":{"rendered":"Kunstausstellung &#8222;Freude am Leben&#8220; in der Regionalwerkstatt Stechlin in Menz"},"content":{"rendered":"<p><i>Menz\/Rheinsberg<\/i> \u2013 Hildegard und Wolfgang Schwartz sowie Fred Nicolai setzen mit ihrer Ausstellung \u201eFreude am Leben\u201c vom 6. September bis 3. November 2013 die Tradition der Pr\u00e4sentation heimischer Hobbyk\u00fcnstler aus dem Naturpark Stechlin-Ruppiner Land fort.<\/p>\n<p>Als Nachfahren einer der \u00e4ltesten Geschlechter unter den Frankfurter Fischern wurden Hildegard Schwartz (1939) und Wolfgang Schwartz (1936) in Frankfurt an der Oder geboren. 1959 zogen sie nach Zechlinerh\u00fctte, welches ihnen zur zweiten Heimat wurde. Hildegard Schwartz konnte ihren erlernten Beruf (Buchbinder und \u2013drucker) wegen fehlender M\u00f6glichkeiten nicht aus\u00fcben und qualifizierte sich beim FDGB-Feriendienst. Dort arbeitete sie bis 1990. Bis zu ihrem Eintritt in den Ruhestand k\u00fcmmerte sie sich um den Aufbau des Fremdenverkehrsvereins \u201eRheinsberger Seenkette e.V.\u201c Wolfgang Schwartz \u00fcbte seinen erlernten Beruf (Binnenfischer) bis 1964 aus und begann aufgrund eines Betriebsunfalls seine T\u00e4tigkeit beim FDGB-Feriendienst. Dort war er bis 1974 t\u00e4tig. Von 1974 bis 1993 engagierte er sich als B\u00fcrgermeister im staatlich anerkannten Erholungsort Zechlinerh\u00fctte. Von 1990 bis 2007 war Schwartz Vorsitzender des jetzigen Heimatvereins Rheinsberger Seenkette e.V. Erst mit dem Ausscheiden aus dem Berufsleben und der damit verbundenen \u201egr\u00f6\u00dferen Zeit f\u00fcr\u2019s Hobby\u201c wurden die schon in der fr\u00fchesten Jugend sichtbar werdenden Ambitionen f\u00fcr das Zeichnen und Malen zur handfesten Realit\u00e4t. Angeregt vor allem durch die einmalige Landschaft und die Farbenpracht der Natur betrieben beide Malerei von nun an intensiver. Die Eheleute Schwartz haben im November\/Dezember 2011 in der Regionalwerkstatt Stechlin erstmals ausgestellt. Die aktuelle Ausstellung zeigt neuere Arbeiten in \u00d6l und Acryl.<\/p>\n<p>Fred Nicolai stellt das erste Mal in Menz aus. Der geb\u00fcrtige Rheinsberger (1937) absolvierte nach der Schule eine Malerlehre bei Malermeister Jahnke und war 1958 Mitbegr\u00fcnder der PGH Maler in Rheinsberg. Von 1975-1987 war er Lehrausbilder und von 1987-1992 Leiter der Betriebswache in Rheinsberg Betriebsteil von Berlin-Chemie. Seit Eintritt in das Rentnerleben widmet er sich verst\u00e4rkt seinem Hobby, der Malerei.<\/p>\n<p>Die Ausstellung kann t\u00e4glich von 10-18 Uhr (ab Oktober bis 16 Uhr) besucht werden. Bitte im NaturParkHaus melden! Der Eintritt ist frei! Herzlich willkommen!<\/p>\n","protected":false},"excerpt":{"rendered":"<p>Menz\/Rheinsberg \u2013 Hildegard und Wolfgang Schwartz sowie Fred Nicolai setzen mit ihrer Ausstellung \u201eFreude am Leben\u201c vom 6. September bis 3. November 2013 die Tradition der Pr\u00e4sentation heimischer Hobbyk\u00fcnstler aus dem Naturpark Stechlin-Ruppiner Land fort. Als Nachfahren einer der \u00e4ltesten Geschlechter unter den Frankfurter Fischern wurden Hildegard Schwartz (1939) und Wolfgang Schwartz (1936) in Frankfurt<\/p>\n","protected":false},"author":39,"featured_media":132,"comment_status":"open","ping_status":"open","sticky":false,"template":"","format":"standard","meta":[],"categories":[11],"tags":[],"yoast_head":"<!-- This site is optimized with the Yoast SEO plugin v19.10 - https:\/\/yoast.com\/wordpress\/plugins\/seo\/ -->\n<title>Kunstausstellung &quot;Freude am Leben&quot; in der Regionalwerkstatt Stechlin in Menz  - Naturpark Stechlin-Ruppiner Land<\/title>\n<meta name=\"robots\" content=\"index, follow, max-snippet:-1, max-image-preview:large, max-video-preview:-1\" \/>\n<link rel=\"canonical\" href=\"https:\/\/www.naturparkmagazin.de\/stechlin\/freude-am-leben\/\" \/>\n<meta property=\"og:locale\" content=\"de_DE\" \/>\n<meta property=\"og:type\" content=\"article\" \/>\n<meta property=\"og:title\" content=\"Kunstausstellung &quot;Freude am Leben&quot; in der Regionalwerkstatt Stechlin in Menz  - Naturpark Stechlin-Ruppiner Land\" \/>\n<meta property=\"og:description\" content=\"Menz\/Rheinsberg \u2013 Hildegard und Wolfgang Schwartz sowie Fred Nicolai setzen mit ihrer Ausstellung \u201eFreude am Leben\u201c vom 6. September bis 3. November 2013 die Tradition der Pr\u00e4sentation heimischer Hobbyk\u00fcnstler aus dem Naturpark Stechlin-Ruppiner Land fort. Als Nachfahren einer der \u00e4ltesten Geschlechter unter den Frankfurter Fischern wurden Hildegard Schwartz (1939) und Wolfgang Schwartz (1936) in Frankfurt\" \/>\n<meta property=\"og:url\" content=\"https:\/\/www.naturparkmagazin.de\/stechlin\/freude-am-leben\/\" \/>\n<meta property=\"og:site_name\" content=\"Naturpark Stechlin-Ruppiner Land\" \/>\n<meta property=\"article:published_time\" content=\"2013-08-28T08:08:19+00:00\" \/>\n<meta property=\"article:modified_time\" content=\"2013-09-02T13:37:37+00:00\" \/>\n<meta property=\"og:image\" content=\"https:\/\/www.naturparkmagazin.de\/stechlin\/wp-content\/uploads\/sites\/38\/Foto2Schwartz.jpg\" \/>\n\t<meta property=\"og:image:width\" content=\"2149\" \/>\n\t<meta property=\"og:image:height\" content=\"1511\" \/>\n\t<meta property=\"og:image:type\" content=\"image\/jpeg\" \/>\n<meta name=\"author\" content=\"marioschrumpf\" \/>\n<meta name=\"twitter:label1\" content=\"Verfasst von\" \/>\n\t<meta name=\"twitter:data1\" content=\"marioschrumpf\" \/>\n\t<meta name=\"twitter:label2\" content=\"Gesch\u00e4tzte Lesezeit\" \/>\n\t<meta name=\"twitter:data2\" content=\"2\u00a0Minuten\" \/>\n<script type=\"application\/ld+json\" class=\"yoast-schema-graph\">{\"@context\":\"https:\/\/schema.org\",\"@graph\":[{\"@type\":\"WebPage\",\"@id\":\"https:\/\/www.naturparkmagazin.de\/stechlin\/freude-am-leben\/\",\"url\":\"https:\/\/www.naturparkmagazin.de\/stechlin\/freude-am-leben\/\",\"name\":\"Kunstausstellung \\\"Freude am Leben\\\" in der Regionalwerkstatt Stechlin in Menz - Naturpark Stechlin-Ruppiner Land\",\"isPartOf\":{\"@id\":\"https:\/\/www.naturparkmagazin.de\/stechlin\/#website\"},\"datePublished\":\"2013-08-28T08:08:19+00:00\",\"dateModified\":\"2013-09-02T13:37:37+00:00\",\"author\":{\"@id\":\"https:\/\/www.naturparkmagazin.de\/stechlin\/#\/schema\/person\/3f0d93203df21c806dd63c76d9bb28bc\"},\"breadcrumb\":{\"@id\":\"https:\/\/www.naturparkmagazin.de\/stechlin\/freude-am-leben\/#breadcrumb\"},\"inLanguage\":\"de\",\"potentialAction\":[{\"@type\":\"ReadAction\",\"target\":[\"https:\/\/www.naturparkmagazin.de\/stechlin\/freude-am-leben\/\"]}]},{\"@type\":\"BreadcrumbList\",\"@id\":\"https:\/\/www.naturparkmagazin.de\/stechlin\/freude-am-leben\/#breadcrumb\",\"itemListElement\":[{\"@type\":\"ListItem\",\"position\":1,\"name\":\"Home\",\"item\":\"https:\/\/www.naturparkmagazin.de\/stechlin\/\"},{\"@type\":\"ListItem\",\"position\":2,\"name\":\"Kunstausstellung &#8222;Freude am Leben&#8220; in der Regionalwerkstatt Stechlin in Menz\"}]},{\"@type\":\"WebSite\",\"@id\":\"https:\/\/www.naturparkmagazin.de\/stechlin\/#website\",\"url\":\"https:\/\/www.naturparkmagazin.de\/stechlin\/\",\"name\":\"Naturpark Stechlin-Ruppiner Land\",\"description\":\"\",\"potentialAction\":[{\"@type\":\"SearchAction\",\"target\":{\"@type\":\"EntryPoint\",\"urlTemplate\":\"https:\/\/www.naturparkmagazin.de\/stechlin\/?s={search_term_string}\"},\"query-input\":\"required name=search_term_string\"}],\"inLanguage\":\"de\"},{\"@type\":\"Person\",\"@id\":\"https:\/\/www.naturparkmagazin.de\/stechlin\/#\/schema\/person\/3f0d93203df21c806dd63c76d9bb28bc\",\"name\":\"marioschrumpf\",\"url\":\"https:\/\/www.naturparkmagazin.de\/stechlin\/author\/marioschrumpf\/\"}]}<\/script>\n<!-- \/ Yoast SEO plugin. -->","yoast_head_json":{"title":"Kunstausstellung \"Freude am Leben\" in der Regionalwerkstatt Stechlin in Menz  - Naturpark Stechlin-Ruppiner Land","robots":{"index":"index","follow":"follow","max-snippet":"max-snippet:-1","max-image-preview":"max-image-preview:large","max-video-preview":"max-video-preview:-1"},"canonical":"https:\/\/www.naturparkmagazin.de\/stechlin\/freude-am-leben\/","og_locale":"de_DE","og_type":"article","og_title":"Kunstausstellung \"Freude am Leben\" in der Regionalwerkstatt Stechlin in Menz  - Naturpark Stechlin-Ruppiner Land","og_description":"Menz\/Rheinsberg \u2013 Hildegard und Wolfgang Schwartz sowie Fred Nicolai setzen mit ihrer Ausstellung \u201eFreude am Leben\u201c vom 6. September bis 3. November 2013 die Tradition der Pr\u00e4sentation heimischer Hobbyk\u00fcnstler aus dem Naturpark Stechlin-Ruppiner Land fort. Als Nachfahren einer der \u00e4ltesten Geschlechter unter den Frankfurter Fischern wurden Hildegard Schwartz (1939) und Wolfgang Schwartz (1936) in Frankfurt","og_url":"https:\/\/www.naturparkmagazin.de\/stechlin\/freude-am-leben\/","og_site_name":"Naturpark Stechlin-Ruppiner Land","article_published_time":"2013-08-28T08:08:19+00:00","article_modified_time":"2013-09-02T13:37:37+00:00","og_image":[{"width":2149,"height":1511,"url":"https:\/\/www.naturparkmagazin.de\/stechlin\/wp-content\/uploads\/sites\/38\/Foto2Schwartz.jpg","type":"image\/jpeg"}],"author":"marioschrumpf","twitter_misc":{"Verfasst von":"marioschrumpf","Gesch\u00e4tzte Lesezeit":"2\u00a0Minuten"},"schema":{"@context":"https:\/\/schema.org","@graph":[{"@type":"WebPage","@id":"https:\/\/www.naturparkmagazin.de\/stechlin\/freude-am-leben\/","url":"https:\/\/www.naturparkmagazin.de\/stechlin\/freude-am-leben\/","name":"Kunstausstellung \"Freude am Leben\" in der Regionalwerkstatt Stechlin in Menz - Naturpark Stechlin-Ruppiner Land","isPartOf":{"@id":"https:\/\/www.naturparkmagazin.de\/stechlin\/#website"},"datePublished":"2013-08-28T08:08:19+00:00","dateModified":"2013-09-02T13:37:37+00:00","author":{"@id":"https:\/\/www.naturparkmagazin.de\/stechlin\/#\/schema\/person\/3f0d93203df21c806dd63c76d9bb28bc"},"breadcrumb":{"@id":"https:\/\/www.naturparkmagazin.de\/stechlin\/freude-am-leben\/#breadcrumb"},"inLanguage":"de","potentialAction":[{"@type":"ReadAction","target":["https:\/\/www.naturparkmagazin.de\/stechlin\/freude-am-leben\/"]}]},{"@type":"BreadcrumbList","@id":"https:\/\/www.naturparkmagazin.de\/stechlin\/freude-am-leben\/#breadcrumb","itemListElement":[{"@type":"ListItem","position":1,"name":"Home","item":"https:\/\/www.naturparkmagazin.de\/stechlin\/"},{"@type":"ListItem","position":2,"name":"Kunstausstellung &#8222;Freude am Leben&#8220; in der Regionalwerkstatt Stechlin in Menz"}]},{"@type":"WebSite","@id":"https:\/\/www.naturparkmagazin.de\/stechlin\/#website","url":"https:\/\/www.naturparkmagazin.de\/stechlin\/","name":"Naturpark Stechlin-Ruppiner Land","description":"","potentialAction":[{"@type":"SearchAction","target":{"@type":"EntryPoint","urlTemplate":"https:\/\/www.naturparkmagazin.de\/stechlin\/?s={search_term_string}"},"query-input":"required name=search_term_string"}],"inLanguage":"de"},{"@type":"Person","@id":"https:\/\/www.naturparkmagazin.de\/stechlin\/#\/schema\/person\/3f0d93203df21c806dd63c76d9bb28bc","name":"marioschrumpf","url":"https:\/\/www.naturparkmagazin.de\/stechlin\/author\/marioschrumpf\/"}]}},"_links":{"self":[{"href":"https:\/\/www.naturparkmagazin.de\/stechlin\/wp-json\/wp\/v2\/posts\/131"}],"collection":[{"href":"https:\/\/www.naturparkmagazin.de\/stechlin\/wp-json\/wp\/v2\/posts"}],"about":[{"href":"https:\/\/www.naturparkmagazin.de\/stechlin\/wp-json\/wp\/v2\/types\/post"}],"author":[{"embeddable":true,"href":"https:\/\/www.naturparkmagazin.de\/stechlin\/wp-json\/wp\/v2\/users\/39"}],"replies":[{"embeddable":true,"href":"https:\/\/www.naturparkmagazin.de\/stechlin\/wp-json\/wp\/v2\/comments?post=131"}],"version-history":[{"count":3,"href":"https:\/\/www.naturparkmagazin.de\/stechlin\/wp-json\/wp\/v2\/posts\/131\/revisions"}],"predecessor-version":[{"id":160,"href":"https:\/\/www.naturparkmagazin.de\/stechlin\/wp-json\/wp\/v2\/posts\/131\/revisions\/160"}],"wp:featuredmedia":[{"embeddable":true,"href":"https:\/\/www.naturparkmagazin.de\/stechlin\/wp-json\/wp\/v2\/media\/132"}],"wp:attachment":[{"href":"https:\/\/www.naturparkmagazin.de\/stechlin\/wp-json\/wp\/v2\/media?parent=131"}],"wp:term":[{"taxonomy":"category","embeddable":true,"href":"https:\/\/www.naturparkmagazin.de\/stechlin\/wp-json\/wp\/v2\/categories?post=131"},{"taxonomy":"post_tag","embeddable":true,"href":"https:\/\/www.naturparkmagazin.de\/stechlin\/wp-json\/wp\/v2\/tags?post=131"}],"curies":[{"name":"wp","href":"https:\/\/api.w.org\/{rel}","templated":true}]}}