{"id":13126,"date":"2023-02-16T15:01:09","date_gmt":"2023-02-16T14:01:09","guid":{"rendered":"https:\/\/www.naturparkmagazin.de\/stechlin\/?p=13126"},"modified":"2023-02-15T11:26:36","modified_gmt":"2023-02-15T10:26:36","slug":"ob-gruen-grau-oder-braun-wir-lieben-alle-froesche","status":"publish","type":"post","link":"https:\/\/www.naturparkmagazin.de\/stechlin\/ob-gruen-grau-oder-braun-wir-lieben-alle-froesche\/","title":{"rendered":"Ob gr\u00fcn, grau oder braun \u2026 wir lieben alle Fr\u00f6sche\u2026"},"content":{"rendered":"<p>Ja und nat\u00fcrlich auch alle Molche, Kr\u00f6ten und Unken. Jedoch Liebe allein gen\u00fcgt nicht. Die Trockenheit, der inzwischen letzten drei Jahre, setzt den Amphibienbest\u00e4nden im Naturpark Stechlin-Ruppiner Land zu. Sie finden nicht genug Nahrung, ihre Laichgew\u00e4sser f\u00fchren nicht lange genug Wasser oder die Gew\u00e4sser sind ganz verschwunden.<\/p>\n<p>Wir Ranger*innen im Naturpark betreuen seit vielen Jahren drei tempor\u00e4re Amphibienz\u00e4une und zwei feste Leiteinrichtungen (Kr\u00f6tentunnel). Das hei\u00dft die Tiere werden durch Z\u00e4une aufgehalten, fallen in eingegrabene Eimer oder sie unterqueren in Tunneln die Stra\u00dfen, um zu ihrem Laichgew\u00e4sser zu gelangen. Die Eimer an den tempor\u00e4ren Z\u00e4unen werden t\u00e4glich, manchmal sogar mehrmals am Tag, geleert.<\/p>\n<p>So haben wir die M\u00f6glichkeit, die Arten zu bestimmen, das Geschlecht der Tiere und vor allen Dingen k\u00f6nnen wir die Amphibien z\u00e4hlen. Eine Amphibienleiteinrichtung oder besser gesagt ein Amphibientunnel ist ein \u201eSelbstl\u00e4ufer\u201c. Dort wandern die Tiere durch die Tunnel, wenn ihre innere Uhr das Startsignal gibt und die \u00e4u\u00dferen Bedingungen stimmen.<\/p>\n<p>Heute ist der 13.2., die Temperaturen liegen bei 7\u00b0 C aber es ist relativ trocken. Sollten die Temperaturen in der kommenden Woche auch nachts nicht mehr entscheidend absinken und es regnet dann werden sich die ersten \u201eWanderer\u201c in Bewegung setzen. Das sind in der Regel die Teichmolche.<\/p>\n<p>Der starke R\u00fcckgang der Amphibienzahlen hat uns bewogen 2023 an der Leiteinrichtung in Seilershof (zwischen Gransee und F\u00fcrstenberg\/Havel) einen &#8222;Tunneltest&#8220; durchzuf\u00fchren. Dazu werden am Tunnelausgang Eimer eingegraben, so haben wir auch dort die M\u00f6glichkeit, die Tiere zu z\u00e4hlen und die Arten zu bestimmen. Eine entscheidende Voraussetzung daf\u00fcr war die gr\u00fcndliche Reinigung der Leiteinrichtung. Gemeinsam mit zehn unserer \u201eFreiwilligen\u201c trafen wir uns am 28.1. 2023 um Laub zu beseitigen, Windbruch zu ber\u00e4umen und um leider auch massenhaft M\u00fcll aller Art zu sammeln.<\/p>\n<div id=\"attachment_13198\" style=\"width: 310px\" class=\"wp-caption aligncenter\"><a href=\"https:\/\/www.naturparkmagazin.de\/stechlin\/wp-content\/uploads\/sites\/38\/20230128_100305.jpg\"><img aria-describedby=\"caption-attachment-13198\" decoding=\"async\" loading=\"lazy\" class=\"size-thumbnail wp-image-13198\" src=\"https:\/\/www.naturparkmagazin.de\/stechlin\/wp-content\/uploads\/sites\/38\/20230128_100305-300x180.jpg\" alt=\"\" width=\"300\" height=\"180\" srcset=\"https:\/\/www.naturparkmagazin.de\/stechlin\/wp-content\/uploads\/sites\/38\/20230128_100305-300x180.jpg 300w, https:\/\/www.naturparkmagazin.de\/stechlin\/wp-content\/uploads\/sites\/38\/20230128_100305-200x120.jpg 200w, https:\/\/www.naturparkmagazin.de\/stechlin\/wp-content\/uploads\/sites\/38\/20230128_100305.jpg 500w\" sizes=\"(max-width: 300px) 100vw, 300px\" \/><\/a><p id=\"caption-attachment-13198\" class=\"wp-caption-text\">Einweisung der ehrenamtlichen Helfer*innen an der Amphibienleiteinrichtung in Seilershof durch Ranger Thomas Hahn.\u00a9 Naturwacht Stechlin-Ruppiner Land<\/p><\/div>\n<p>Die \u201eFreiwilligen\u201c der Naturwacht in Brandenburg sind Frauen und M\u00e4nner, die uns in ihrer Freizeit bei unserer Arbeit unterst\u00fctzen. Im Naturpark Stechlin-Ruppiner Land arbeiten 25 \u201eFreiwillige\u201c mit uns zusammen. Sie lesen z.B. Pegel ab, messen Sichttiefen in Gew\u00e4ssern, bauen &#8222;Kr\u00f6tenz\u00e4une&#8220;, m\u00e4hen Orchideenwiesen oder leeren die Eimer an den &#8222;Kr\u00f6tenz\u00e4unen&#8220;.<\/p>\n<p>Gegen 12.00 Uhr konnten wir dann die Reinigungsaktion beenden, wie sagt man so sch\u00f6n: viele H\u00e4nde bereiten der Arbeit schnell ein Ende. Mit einem kleinen Imbiss und viel Erfahrungsaustausch sa\u00dfen wir dann bis 14.00 Uhr zusammen und planten schon den n\u00e4chsten Arbeitseinsatz.<\/p>\n<div id=\"attachment_13200\" style=\"width: 310px\" class=\"wp-caption aligncenter\"><a href=\"https:\/\/www.naturparkmagazin.de\/stechlin\/wp-content\/uploads\/sites\/38\/20230128_112921_b.jpg\"><img aria-describedby=\"caption-attachment-13200\" decoding=\"async\" loading=\"lazy\" class=\"size-thumbnail wp-image-13200\" src=\"https:\/\/www.naturparkmagazin.de\/stechlin\/wp-content\/uploads\/sites\/38\/20230128_112921_b-300x180.jpg\" alt=\"\" width=\"300\" height=\"180\" srcset=\"https:\/\/www.naturparkmagazin.de\/stechlin\/wp-content\/uploads\/sites\/38\/20230128_112921_b-300x180.jpg 300w, https:\/\/www.naturparkmagazin.de\/stechlin\/wp-content\/uploads\/sites\/38\/20230128_112921_b-200x120.jpg 200w, https:\/\/www.naturparkmagazin.de\/stechlin\/wp-content\/uploads\/sites\/38\/20230128_112921_b.jpg 500w\" sizes=\"(max-width: 300px) 100vw, 300px\" \/><\/a><p id=\"caption-attachment-13200\" class=\"wp-caption-text\">Sicherheit ist bei der Arbeit an befahrenen Stra\u00dfen oberstes Gebot &#8211; deshalb tragen alle Helfer*innen Warnwesten und bleiben gegen\u00fcber dem Stra\u00dfenverkehr aufmerksam.\u00a9 Naturwacht Stechlin-Ruppiner Land<\/p><\/div>\n<p>Beim n\u00e4chsten Einsatz planen wir den Aufbau des Amphibienzaunes in Dierberg, ebenfalls wieder im Dienste unserer Amphibien, denn ob gr\u00fcn, grau oder braun\u2026.<\/p>\n<p><strong>Liebe \u201eFreiwillige\u201c, vielen Dank f\u00fcr Eure Einsatzbereitschaft!<\/strong><\/p>\n<p>Anke Rudnik\nGebietsleiterin der Naturwacht Stechlin\u2013Ruppiner Land<\/p>\n","protected":false},"excerpt":{"rendered":"<p>Wir Ranger*innen im Naturpark betreuen seit vielen Jahren drei tempor\u00e4re Amphibienz\u00e4une und zwei feste Leiteinrichtungen (Kr\u00f6tentunnel).<\/p>\n","protected":false},"author":39,"featured_media":13199,"comment_status":"open","ping_status":"open","sticky":false,"template":"","format":"standard","meta":[],"categories":[7],"tags":[],"yoast_head":"<!-- This site is optimized with the Yoast SEO plugin v19.10 - https:\/\/yoast.com\/wordpress\/plugins\/seo\/ -->\n<title>Ob gr\u00fcn, grau oder braun \u2026 wir lieben alle Fr\u00f6sche\u2026 - Naturpark Stechlin-Ruppiner Land<\/title>\n<meta name=\"robots\" content=\"index, follow, max-snippet:-1, max-image-preview:large, max-video-preview:-1\" \/>\n<link rel=\"canonical\" href=\"https:\/\/www.naturparkmagazin.de\/stechlin\/?p=13126\" \/>\n<meta property=\"og:locale\" content=\"de_DE\" \/>\n<meta property=\"og:type\" content=\"article\" \/>\n<meta property=\"og:title\" content=\"Ob gr\u00fcn, grau oder braun \u2026 wir lieben alle Fr\u00f6sche\u2026 - Naturpark Stechlin-Ruppiner Land\" \/>\n<meta property=\"og:description\" content=\"Wir Ranger*innen im Naturpark betreuen seit vielen Jahren drei tempor\u00e4re Amphibienz\u00e4une und zwei feste Leiteinrichtungen (Kr\u00f6tentunnel).\" \/>\n<meta property=\"og:url\" content=\"https:\/\/www.naturparkmagazin.de\/stechlin\/?p=13126\" \/>\n<meta property=\"og:site_name\" content=\"Naturpark Stechlin-Ruppiner Land\" \/>\n<meta property=\"article:published_time\" content=\"2023-02-16T14:01:09+00:00\" \/>\n<meta property=\"article:modified_time\" content=\"2023-02-15T10:26:36+00:00\" \/>\n<meta property=\"og:image\" content=\"https:\/\/www.naturparkmagazin.de\/stechlin\/wp-content\/uploads\/sites\/38\/20230128_112921_a.jpg\" \/>\n\t<meta property=\"og:image:width\" content=\"200\" \/>\n\t<meta property=\"og:image:height\" content=\"200\" \/>\n\t<meta property=\"og:image:type\" content=\"image\/jpeg\" \/>\n<meta name=\"author\" content=\"marioschrumpf\" \/>\n<meta name=\"twitter:label1\" content=\"Verfasst von\" \/>\n\t<meta name=\"twitter:data1\" content=\"marioschrumpf\" \/>\n\t<meta name=\"twitter:label2\" content=\"Gesch\u00e4tzte Lesezeit\" \/>\n\t<meta name=\"twitter:data2\" content=\"3\u00a0Minuten\" \/>\n<script type=\"application\/ld+json\" class=\"yoast-schema-graph\">{\"@context\":\"https:\/\/schema.org\",\"@graph\":[{\"@type\":\"WebPage\",\"@id\":\"https:\/\/www.naturparkmagazin.de\/stechlin\/?p=13126\",\"url\":\"https:\/\/www.naturparkmagazin.de\/stechlin\/?p=13126\",\"name\":\"Ob gr\u00fcn, grau oder braun \u2026 wir lieben alle Fr\u00f6sche\u2026 - Naturpark Stechlin-Ruppiner Land\",\"isPartOf\":{\"@id\":\"https:\/\/www.naturparkmagazin.de\/stechlin\/#website\"},\"datePublished\":\"2023-02-16T14:01:09+00:00\",\"dateModified\":\"2023-02-15T10:26:36+00:00\",\"author\":{\"@id\":\"https:\/\/www.naturparkmagazin.de\/stechlin\/#\/schema\/person\/3f0d93203df21c806dd63c76d9bb28bc\"},\"breadcrumb\":{\"@id\":\"https:\/\/www.naturparkmagazin.de\/stechlin\/?p=13126#breadcrumb\"},\"inLanguage\":\"de\",\"potentialAction\":[{\"@type\":\"ReadAction\",\"target\":[\"https:\/\/www.naturparkmagazin.de\/stechlin\/?p=13126\"]}]},{\"@type\":\"BreadcrumbList\",\"@id\":\"https:\/\/www.naturparkmagazin.de\/stechlin\/?p=13126#breadcrumb\",\"itemListElement\":[{\"@type\":\"ListItem\",\"position\":1,\"name\":\"Home\",\"item\":\"https:\/\/www.naturparkmagazin.de\/stechlin\/\"},{\"@type\":\"ListItem\",\"position\":2,\"name\":\"Ob gr\u00fcn, grau oder braun \u2026 wir lieben alle Fr\u00f6sche\u2026\"}]},{\"@type\":\"WebSite\",\"@id\":\"https:\/\/www.naturparkmagazin.de\/stechlin\/#website\",\"url\":\"https:\/\/www.naturparkmagazin.de\/stechlin\/\",\"name\":\"Naturpark Stechlin-Ruppiner Land\",\"description\":\"\",\"potentialAction\":[{\"@type\":\"SearchAction\",\"target\":{\"@type\":\"EntryPoint\",\"urlTemplate\":\"https:\/\/www.naturparkmagazin.de\/stechlin\/?s={search_term_string}\"},\"query-input\":\"required name=search_term_string\"}],\"inLanguage\":\"de\"},{\"@type\":\"Person\",\"@id\":\"https:\/\/www.naturparkmagazin.de\/stechlin\/#\/schema\/person\/3f0d93203df21c806dd63c76d9bb28bc\",\"name\":\"marioschrumpf\",\"url\":\"https:\/\/www.naturparkmagazin.de\/stechlin\/author\/marioschrumpf\/\"}]}<\/script>\n<!-- \/ Yoast SEO plugin. -->","yoast_head_json":{"title":"Ob gr\u00fcn, grau oder braun \u2026 wir lieben alle Fr\u00f6sche\u2026 - Naturpark Stechlin-Ruppiner Land","robots":{"index":"index","follow":"follow","max-snippet":"max-snippet:-1","max-image-preview":"max-image-preview:large","max-video-preview":"max-video-preview:-1"},"canonical":"https:\/\/www.naturparkmagazin.de\/stechlin\/?p=13126","og_locale":"de_DE","og_type":"article","og_title":"Ob gr\u00fcn, grau oder braun \u2026 wir lieben alle Fr\u00f6sche\u2026 - Naturpark Stechlin-Ruppiner Land","og_description":"Wir Ranger*innen im Naturpark betreuen seit vielen Jahren drei tempor\u00e4re Amphibienz\u00e4une und zwei feste Leiteinrichtungen (Kr\u00f6tentunnel).","og_url":"https:\/\/www.naturparkmagazin.de\/stechlin\/?p=13126","og_site_name":"Naturpark Stechlin-Ruppiner Land","article_published_time":"2023-02-16T14:01:09+00:00","article_modified_time":"2023-02-15T10:26:36+00:00","og_image":[{"width":200,"height":200,"url":"https:\/\/www.naturparkmagazin.de\/stechlin\/wp-content\/uploads\/sites\/38\/20230128_112921_a.jpg","type":"image\/jpeg"}],"author":"marioschrumpf","twitter_misc":{"Verfasst von":"marioschrumpf","Gesch\u00e4tzte Lesezeit":"3\u00a0Minuten"},"schema":{"@context":"https:\/\/schema.org","@graph":[{"@type":"WebPage","@id":"https:\/\/www.naturparkmagazin.de\/stechlin\/?p=13126","url":"https:\/\/www.naturparkmagazin.de\/stechlin\/?p=13126","name":"Ob gr\u00fcn, grau oder braun \u2026 wir lieben alle Fr\u00f6sche\u2026 - Naturpark Stechlin-Ruppiner Land","isPartOf":{"@id":"https:\/\/www.naturparkmagazin.de\/stechlin\/#website"},"datePublished":"2023-02-16T14:01:09+00:00","dateModified":"2023-02-15T10:26:36+00:00","author":{"@id":"https:\/\/www.naturparkmagazin.de\/stechlin\/#\/schema\/person\/3f0d93203df21c806dd63c76d9bb28bc"},"breadcrumb":{"@id":"https:\/\/www.naturparkmagazin.de\/stechlin\/?p=13126#breadcrumb"},"inLanguage":"de","potentialAction":[{"@type":"ReadAction","target":["https:\/\/www.naturparkmagazin.de\/stechlin\/?p=13126"]}]},{"@type":"BreadcrumbList","@id":"https:\/\/www.naturparkmagazin.de\/stechlin\/?p=13126#breadcrumb","itemListElement":[{"@type":"ListItem","position":1,"name":"Home","item":"https:\/\/www.naturparkmagazin.de\/stechlin\/"},{"@type":"ListItem","position":2,"name":"Ob gr\u00fcn, grau oder braun \u2026 wir lieben alle Fr\u00f6sche\u2026"}]},{"@type":"WebSite","@id":"https:\/\/www.naturparkmagazin.de\/stechlin\/#website","url":"https:\/\/www.naturparkmagazin.de\/stechlin\/","name":"Naturpark Stechlin-Ruppiner Land","description":"","potentialAction":[{"@type":"SearchAction","target":{"@type":"EntryPoint","urlTemplate":"https:\/\/www.naturparkmagazin.de\/stechlin\/?s={search_term_string}"},"query-input":"required name=search_term_string"}],"inLanguage":"de"},{"@type":"Person","@id":"https:\/\/www.naturparkmagazin.de\/stechlin\/#\/schema\/person\/3f0d93203df21c806dd63c76d9bb28bc","name":"marioschrumpf","url":"https:\/\/www.naturparkmagazin.de\/stechlin\/author\/marioschrumpf\/"}]}},"_links":{"self":[{"href":"https:\/\/www.naturparkmagazin.de\/stechlin\/wp-json\/wp\/v2\/posts\/13126"}],"collection":[{"href":"https:\/\/www.naturparkmagazin.de\/stechlin\/wp-json\/wp\/v2\/posts"}],"about":[{"href":"https:\/\/www.naturparkmagazin.de\/stechlin\/wp-json\/wp\/v2\/types\/post"}],"author":[{"embeddable":true,"href":"https:\/\/www.naturparkmagazin.de\/stechlin\/wp-json\/wp\/v2\/users\/39"}],"replies":[{"embeddable":true,"href":"https:\/\/www.naturparkmagazin.de\/stechlin\/wp-json\/wp\/v2\/comments?post=13126"}],"version-history":[{"count":4,"href":"https:\/\/www.naturparkmagazin.de\/stechlin\/wp-json\/wp\/v2\/posts\/13126\/revisions"}],"predecessor-version":[{"id":13227,"href":"https:\/\/www.naturparkmagazin.de\/stechlin\/wp-json\/wp\/v2\/posts\/13126\/revisions\/13227"}],"wp:featuredmedia":[{"embeddable":true,"href":"https:\/\/www.naturparkmagazin.de\/stechlin\/wp-json\/wp\/v2\/media\/13199"}],"wp:attachment":[{"href":"https:\/\/www.naturparkmagazin.de\/stechlin\/wp-json\/wp\/v2\/media?parent=13126"}],"wp:term":[{"taxonomy":"category","embeddable":true,"href":"https:\/\/www.naturparkmagazin.de\/stechlin\/wp-json\/wp\/v2\/categories?post=13126"},{"taxonomy":"post_tag","embeddable":true,"href":"https:\/\/www.naturparkmagazin.de\/stechlin\/wp-json\/wp\/v2\/tags?post=13126"}],"curies":[{"name":"wp","href":"https:\/\/api.w.org\/{rel}","templated":true}]}}