{"id":13130,"date":"2023-02-24T15:03:46","date_gmt":"2023-02-24T14:03:46","guid":{"rendered":"https:\/\/www.naturparkmagazin.de\/stechlin\/?p=13130"},"modified":"2023-03-16T17:13:01","modified_gmt":"2023-03-16T16:13:01","slug":"besucherrekord-zum-15-kleiner-naturschutztag-in-neuglobsow","status":"publish","type":"post","link":"https:\/\/www.naturparkmagazin.de\/stechlin\/besucherrekord-zum-15-kleiner-naturschutztag-in-neuglobsow\/","title":{"rendered":"Besucherrekord zum 15. Kleiner Naturschutztag in Neuglobsow"},"content":{"rendered":"<p>Mehr als 170 BesucherInnen folgten der Einladung zur traditionellen Jahrestagung des Naturparks. Das ist neuer Besucherrekord!<\/p>\n<p>Nach zweij\u00e4hriger Corona-Pause fand die beliebte Ganztagesveranstaltung am 23. Februar im Stechlinsee-Center in Neuglobsow statt.<\/p>\n<div id=\"attachment_13270\" style=\"width: 310px\" class=\"wp-caption aligncenter\"><a href=\"https:\/\/www.naturparkmagazin.de\/stechlin\/wp-content\/uploads\/sites\/38\/saalblick-seite.jpg\"><img aria-describedby=\"caption-attachment-13270\" decoding=\"async\" loading=\"lazy\" class=\"wp-image-13270 size-thumbnail\" src=\"https:\/\/www.naturparkmagazin.de\/stechlin\/wp-content\/uploads\/sites\/38\/saalblick-seite-300x180.jpg\" alt=\"\" width=\"300\" height=\"180\" srcset=\"https:\/\/www.naturparkmagazin.de\/stechlin\/wp-content\/uploads\/sites\/38\/saalblick-seite-300x180.jpg 300w, https:\/\/www.naturparkmagazin.de\/stechlin\/wp-content\/uploads\/sites\/38\/saalblick-seite-200x120.jpg 200w, https:\/\/www.naturparkmagazin.de\/stechlin\/wp-content\/uploads\/sites\/38\/saalblick-seite.jpg 500w\" sizes=\"(max-width: 300px) 100vw, 300px\" \/><\/a><p id=\"caption-attachment-13270\" class=\"wp-caption-text\">Dr. Mario Schrumpf er\u00f6ffnete in einem gut gef\u00fcllten Saal vor mehr als 170 G\u00e4sten den 15. Kleinen Naturschutztag.\u00a9 Silke Oldorff<\/p><\/div>\n<p>Auf der ganzt\u00e4gigen Veranstaltung wurden die Ergebnisse wissenschaftlicher Untersuchungen und ehrenamtlicher Kartierungen sowie Projekte des Naturparks und seiner Partner vorgestellt und diskutiert. Die BesucherInnen lobten die Themenvielfalt. So standen u.a. die Wasserqualit\u00e4t der Klarwasserseen, die herausforderungen der Energiewende mit Freifl\u00e4chenphotovoltaikanlagen, die St\u00e4rkung des Naturtourismus, die Revitalisierung von Kleingew\u00e4ssern als auch die naturnahe Bewirtschaftung von G\u00e4rten im Focus.<\/p>\n<div id=\"attachment_13268\" style=\"width: 310px\" class=\"wp-caption aligncenter\"><a href=\"https:\/\/www.naturparkmagazin.de\/stechlin\/wp-content\/uploads\/sites\/38\/katrin-quiel.jpg\"><img aria-describedby=\"caption-attachment-13268\" decoding=\"async\" loading=\"lazy\" class=\"wp-image-13268 size-thumbnail\" src=\"https:\/\/www.naturparkmagazin.de\/stechlin\/wp-content\/uploads\/sites\/38\/katrin-quiel-300x180.jpg\" alt=\"\" width=\"300\" height=\"180\" srcset=\"https:\/\/www.naturparkmagazin.de\/stechlin\/wp-content\/uploads\/sites\/38\/katrin-quiel-300x180.jpg 300w, https:\/\/www.naturparkmagazin.de\/stechlin\/wp-content\/uploads\/sites\/38\/katrin-quiel-200x120.jpg 200w, https:\/\/www.naturparkmagazin.de\/stechlin\/wp-content\/uploads\/sites\/38\/katrin-quiel.jpg 500w\" sizes=\"(max-width: 300px) 100vw, 300px\" \/><\/a><p id=\"caption-attachment-13268\" class=\"wp-caption-text\">Katrin Quiel, seit 2022 im Team der Naturparkverwaltung f\u00fcr die Umsetzung der NATURA 2000-Managementplanungen zust\u00e4ndig, stellte vier in 2022 umgesetzte Kleingew\u00e4sser-Renaturierungsprojekte vor.\u00a9 Silke Oldorff<\/p><\/div>\n<p>Am Ende stand das Resumee der G\u00e4ste &#8211; eine perfekt organisierte Veranstaltung mit interessanten Themen aus allen vier S\u00e4ulen der Naturparkarbeit.<\/p>\n<p><a class=\"download\" title=\"Opens internal link in current window\" href=\"https:\/\/www.stechlin-ruppiner-land-naturpark.de\/fileadmin\/user_upload\/PDF\/Stechlin-Ruppin\/Aktuelles\/Einladung_final_01.pdf\" target=\"_blank\" rel=\"noopener\">Hier geht\u00b4s zum Programmflyer (pdf, 0,7 MB)!<\/a><\/p>\n<p>Die von den beteiligten Referenten freigegebenen Vortr\u00e4ge stehen in K\u00fcrze auf der <a href=\"https:\/\/www.stechlin-ruppiner-land-naturpark.de\/themen\/meldungen\/besucherrekord-zum-15-kleinen-naturschutztag-in-neuglobsow\/\" target=\"_blank\" rel=\"noopener\">Webseite des Naturparks zum download<\/a> bereit.<\/p>\n","protected":false},"excerpt":{"rendered":"<p>Mehr als 170 BesucherInnen folgten der Einladung zur traditionellen Jahrestagung des Naturparks.<\/p>\n","protected":false},"author":39,"featured_media":13267,"comment_status":"open","ping_status":"open","sticky":false,"template":"","format":"standard","meta":[],"categories":[7],"tags":[],"yoast_head":"<!-- This site is optimized with the Yoast SEO plugin v19.10 - https:\/\/yoast.com\/wordpress\/plugins\/seo\/ -->\n<title>Besucherrekord zum 15. Kleiner Naturschutztag in Neuglobsow - Naturpark Stechlin-Ruppiner Land<\/title>\n<meta name=\"robots\" content=\"index, follow, max-snippet:-1, max-image-preview:large, max-video-preview:-1\" \/>\n<link rel=\"canonical\" href=\"https:\/\/www.naturparkmagazin.de\/stechlin\/besucherrekord-zum-15-kleiner-naturschutztag-in-neuglobsow\/\" \/>\n<meta property=\"og:locale\" content=\"de_DE\" \/>\n<meta property=\"og:type\" content=\"article\" \/>\n<meta property=\"og:title\" content=\"Besucherrekord zum 15. Kleiner Naturschutztag in Neuglobsow - Naturpark Stechlin-Ruppiner Land\" \/>\n<meta property=\"og:description\" content=\"Mehr als 170 BesucherInnen folgten der Einladung zur traditionellen Jahrestagung des Naturparks.\" \/>\n<meta property=\"og:url\" content=\"https:\/\/www.naturparkmagazin.de\/stechlin\/besucherrekord-zum-15-kleiner-naturschutztag-in-neuglobsow\/\" \/>\n<meta property=\"og:site_name\" content=\"Naturpark Stechlin-Ruppiner Land\" \/>\n<meta property=\"article:published_time\" content=\"2023-02-24T14:03:46+00:00\" \/>\n<meta property=\"article:modified_time\" content=\"2023-03-16T16:13:01+00:00\" \/>\n<meta property=\"og:image\" content=\"https:\/\/www.naturparkmagazin.de\/stechlin\/wp-content\/uploads\/sites\/38\/aufmacher-1.jpg\" \/>\n\t<meta property=\"og:image:width\" content=\"200\" \/>\n\t<meta property=\"og:image:height\" content=\"200\" \/>\n\t<meta property=\"og:image:type\" content=\"image\/jpeg\" \/>\n<meta name=\"author\" content=\"marioschrumpf\" \/>\n<meta name=\"twitter:label1\" content=\"Verfasst von\" \/>\n\t<meta name=\"twitter:data1\" content=\"marioschrumpf\" \/>\n\t<meta name=\"twitter:label2\" content=\"Gesch\u00e4tzte Lesezeit\" \/>\n\t<meta name=\"twitter:data2\" content=\"2\u00a0Minuten\" \/>\n<script type=\"application\/ld+json\" class=\"yoast-schema-graph\">{\"@context\":\"https:\/\/schema.org\",\"@graph\":[{\"@type\":\"WebPage\",\"@id\":\"https:\/\/www.naturparkmagazin.de\/stechlin\/besucherrekord-zum-15-kleiner-naturschutztag-in-neuglobsow\/\",\"url\":\"https:\/\/www.naturparkmagazin.de\/stechlin\/besucherrekord-zum-15-kleiner-naturschutztag-in-neuglobsow\/\",\"name\":\"Besucherrekord zum 15. Kleiner Naturschutztag in Neuglobsow - Naturpark Stechlin-Ruppiner Land\",\"isPartOf\":{\"@id\":\"https:\/\/www.naturparkmagazin.de\/stechlin\/#website\"},\"datePublished\":\"2023-02-24T14:03:46+00:00\",\"dateModified\":\"2023-03-16T16:13:01+00:00\",\"author\":{\"@id\":\"https:\/\/www.naturparkmagazin.de\/stechlin\/#\/schema\/person\/3f0d93203df21c806dd63c76d9bb28bc\"},\"breadcrumb\":{\"@id\":\"https:\/\/www.naturparkmagazin.de\/stechlin\/besucherrekord-zum-15-kleiner-naturschutztag-in-neuglobsow\/#breadcrumb\"},\"inLanguage\":\"de\",\"potentialAction\":[{\"@type\":\"ReadAction\",\"target\":[\"https:\/\/www.naturparkmagazin.de\/stechlin\/besucherrekord-zum-15-kleiner-naturschutztag-in-neuglobsow\/\"]}]},{\"@type\":\"BreadcrumbList\",\"@id\":\"https:\/\/www.naturparkmagazin.de\/stechlin\/besucherrekord-zum-15-kleiner-naturschutztag-in-neuglobsow\/#breadcrumb\",\"itemListElement\":[{\"@type\":\"ListItem\",\"position\":1,\"name\":\"Home\",\"item\":\"https:\/\/www.naturparkmagazin.de\/stechlin\/\"},{\"@type\":\"ListItem\",\"position\":2,\"name\":\"Besucherrekord zum 15. Kleiner Naturschutztag in Neuglobsow\"}]},{\"@type\":\"WebSite\",\"@id\":\"https:\/\/www.naturparkmagazin.de\/stechlin\/#website\",\"url\":\"https:\/\/www.naturparkmagazin.de\/stechlin\/\",\"name\":\"Naturpark Stechlin-Ruppiner Land\",\"description\":\"\",\"potentialAction\":[{\"@type\":\"SearchAction\",\"target\":{\"@type\":\"EntryPoint\",\"urlTemplate\":\"https:\/\/www.naturparkmagazin.de\/stechlin\/?s={search_term_string}\"},\"query-input\":\"required name=search_term_string\"}],\"inLanguage\":\"de\"},{\"@type\":\"Person\",\"@id\":\"https:\/\/www.naturparkmagazin.de\/stechlin\/#\/schema\/person\/3f0d93203df21c806dd63c76d9bb28bc\",\"name\":\"marioschrumpf\",\"url\":\"https:\/\/www.naturparkmagazin.de\/stechlin\/author\/marioschrumpf\/\"}]}<\/script>\n<!-- \/ Yoast SEO plugin. -->","yoast_head_json":{"title":"Besucherrekord zum 15. Kleiner Naturschutztag in Neuglobsow - Naturpark Stechlin-Ruppiner Land","robots":{"index":"index","follow":"follow","max-snippet":"max-snippet:-1","max-image-preview":"max-image-preview:large","max-video-preview":"max-video-preview:-1"},"canonical":"https:\/\/www.naturparkmagazin.de\/stechlin\/besucherrekord-zum-15-kleiner-naturschutztag-in-neuglobsow\/","og_locale":"de_DE","og_type":"article","og_title":"Besucherrekord zum 15. Kleiner Naturschutztag in Neuglobsow - Naturpark Stechlin-Ruppiner Land","og_description":"Mehr als 170 BesucherInnen folgten der Einladung zur traditionellen Jahrestagung des Naturparks.","og_url":"https:\/\/www.naturparkmagazin.de\/stechlin\/besucherrekord-zum-15-kleiner-naturschutztag-in-neuglobsow\/","og_site_name":"Naturpark Stechlin-Ruppiner Land","article_published_time":"2023-02-24T14:03:46+00:00","article_modified_time":"2023-03-16T16:13:01+00:00","og_image":[{"width":200,"height":200,"url":"https:\/\/www.naturparkmagazin.de\/stechlin\/wp-content\/uploads\/sites\/38\/aufmacher-1.jpg","type":"image\/jpeg"}],"author":"marioschrumpf","twitter_misc":{"Verfasst von":"marioschrumpf","Gesch\u00e4tzte Lesezeit":"2\u00a0Minuten"},"schema":{"@context":"https:\/\/schema.org","@graph":[{"@type":"WebPage","@id":"https:\/\/www.naturparkmagazin.de\/stechlin\/besucherrekord-zum-15-kleiner-naturschutztag-in-neuglobsow\/","url":"https:\/\/www.naturparkmagazin.de\/stechlin\/besucherrekord-zum-15-kleiner-naturschutztag-in-neuglobsow\/","name":"Besucherrekord zum 15. Kleiner Naturschutztag in Neuglobsow - Naturpark Stechlin-Ruppiner Land","isPartOf":{"@id":"https:\/\/www.naturparkmagazin.de\/stechlin\/#website"},"datePublished":"2023-02-24T14:03:46+00:00","dateModified":"2023-03-16T16:13:01+00:00","author":{"@id":"https:\/\/www.naturparkmagazin.de\/stechlin\/#\/schema\/person\/3f0d93203df21c806dd63c76d9bb28bc"},"breadcrumb":{"@id":"https:\/\/www.naturparkmagazin.de\/stechlin\/besucherrekord-zum-15-kleiner-naturschutztag-in-neuglobsow\/#breadcrumb"},"inLanguage":"de","potentialAction":[{"@type":"ReadAction","target":["https:\/\/www.naturparkmagazin.de\/stechlin\/besucherrekord-zum-15-kleiner-naturschutztag-in-neuglobsow\/"]}]},{"@type":"BreadcrumbList","@id":"https:\/\/www.naturparkmagazin.de\/stechlin\/besucherrekord-zum-15-kleiner-naturschutztag-in-neuglobsow\/#breadcrumb","itemListElement":[{"@type":"ListItem","position":1,"name":"Home","item":"https:\/\/www.naturparkmagazin.de\/stechlin\/"},{"@type":"ListItem","position":2,"name":"Besucherrekord zum 15. Kleiner Naturschutztag in Neuglobsow"}]},{"@type":"WebSite","@id":"https:\/\/www.naturparkmagazin.de\/stechlin\/#website","url":"https:\/\/www.naturparkmagazin.de\/stechlin\/","name":"Naturpark Stechlin-Ruppiner Land","description":"","potentialAction":[{"@type":"SearchAction","target":{"@type":"EntryPoint","urlTemplate":"https:\/\/www.naturparkmagazin.de\/stechlin\/?s={search_term_string}"},"query-input":"required name=search_term_string"}],"inLanguage":"de"},{"@type":"Person","@id":"https:\/\/www.naturparkmagazin.de\/stechlin\/#\/schema\/person\/3f0d93203df21c806dd63c76d9bb28bc","name":"marioschrumpf","url":"https:\/\/www.naturparkmagazin.de\/stechlin\/author\/marioschrumpf\/"}]}},"_links":{"self":[{"href":"https:\/\/www.naturparkmagazin.de\/stechlin\/wp-json\/wp\/v2\/posts\/13130"}],"collection":[{"href":"https:\/\/www.naturparkmagazin.de\/stechlin\/wp-json\/wp\/v2\/posts"}],"about":[{"href":"https:\/\/www.naturparkmagazin.de\/stechlin\/wp-json\/wp\/v2\/types\/post"}],"author":[{"embeddable":true,"href":"https:\/\/www.naturparkmagazin.de\/stechlin\/wp-json\/wp\/v2\/users\/39"}],"replies":[{"embeddable":true,"href":"https:\/\/www.naturparkmagazin.de\/stechlin\/wp-json\/wp\/v2\/comments?post=13130"}],"version-history":[{"count":10,"href":"https:\/\/www.naturparkmagazin.de\/stechlin\/wp-json\/wp\/v2\/posts\/13130\/revisions"}],"predecessor-version":[{"id":13286,"href":"https:\/\/www.naturparkmagazin.de\/stechlin\/wp-json\/wp\/v2\/posts\/13130\/revisions\/13286"}],"wp:featuredmedia":[{"embeddable":true,"href":"https:\/\/www.naturparkmagazin.de\/stechlin\/wp-json\/wp\/v2\/media\/13267"}],"wp:attachment":[{"href":"https:\/\/www.naturparkmagazin.de\/stechlin\/wp-json\/wp\/v2\/media?parent=13130"}],"wp:term":[{"taxonomy":"category","embeddable":true,"href":"https:\/\/www.naturparkmagazin.de\/stechlin\/wp-json\/wp\/v2\/categories?post=13130"},{"taxonomy":"post_tag","embeddable":true,"href":"https:\/\/www.naturparkmagazin.de\/stechlin\/wp-json\/wp\/v2\/tags?post=13130"}],"curies":[{"name":"wp","href":"https:\/\/api.w.org\/{rel}","templated":true}]}}