{"id":13132,"date":"2023-02-16T15:04:21","date_gmt":"2023-02-16T14:04:21","guid":{"rendered":"https:\/\/www.naturparkmagazin.de\/stechlin\/?p=13132"},"modified":"2023-02-15T11:24:59","modified_gmt":"2023-02-15T10:24:59","slug":"fotowettbewerb-30-jahre-landkreis-ostprignitz-ruppin","status":"publish","type":"post","link":"https:\/\/www.naturparkmagazin.de\/stechlin\/fotowettbewerb-30-jahre-landkreis-ostprignitz-ruppin\/","title":{"rendered":"Fotowettbewerb 30 Jahre Landkreis Ostprignitz-Ruppin"},"content":{"rendered":"<p>Im Landkreis Ostprignitz-\u200bRuppin gibt es im Jahr 2023 gleich mehrere Jubil\u00e4en zu feiern: So wird der Landkreis 30 Jahre alt, au\u00dferdem blicken die Kreismuseen Alte Bischofsburg\/Museum in Wittstock\/Dosse mit dem Museum des Drei\u00dfigj\u00e4hrigen Krieges auf 25 erfolgreiche Jahre ihres Bestehens.<\/p>\n<div id=\"attachment_11885\" style=\"width: 310px\" class=\"wp-caption aligncenter\"><a href=\"https:\/\/www.naturparkmagazin.de\/stechlin\/wp-content\/uploads\/sites\/38\/Sielmannhuegel-Quelle_Guenter_Lutz.jpg\"><img aria-describedby=\"caption-attachment-11885\" decoding=\"async\" loading=\"lazy\" class=\"wp-image-11885 size-thumbnail\" src=\"https:\/\/www.naturparkmagazin.de\/stechlin\/wp-content\/uploads\/sites\/38\/Sielmannhuegel-Quelle_Guenter_Lutz-300x169.jpg\" alt=\"\" width=\"300\" height=\"169\" srcset=\"https:\/\/www.naturparkmagazin.de\/stechlin\/wp-content\/uploads\/sites\/38\/Sielmannhuegel-Quelle_Guenter_Lutz-300x169.jpg 300w, https:\/\/www.naturparkmagazin.de\/stechlin\/wp-content\/uploads\/sites\/38\/Sielmannhuegel-Quelle_Guenter_Lutz-620x350.jpg 620w, https:\/\/www.naturparkmagazin.de\/stechlin\/wp-content\/uploads\/sites\/38\/Sielmannhuegel-Quelle_Guenter_Lutz-940x531.jpg 940w, https:\/\/www.naturparkmagazin.de\/stechlin\/wp-content\/uploads\/sites\/38\/Sielmannhuegel-Quelle_Guenter_Lutz-670x378.jpg 670w, https:\/\/www.naturparkmagazin.de\/stechlin\/wp-content\/uploads\/sites\/38\/Sielmannhuegel-Quelle_Guenter_Lutz-200x113.jpg 200w, https:\/\/www.naturparkmagazin.de\/stechlin\/wp-content\/uploads\/sites\/38\/Sielmannhuegel-Quelle_Guenter_Lutz.jpg 1280w\" sizes=\"(max-width: 300px) 100vw, 300px\" \/><\/a><p id=\"caption-attachment-11885\" class=\"wp-caption-text\">Sielmannh\u00fcgel\u00a9 G\u00fcnter Lutz<\/p><\/div>\n<p>Aus diesem Anlass startet der Landkreis Ostprignitz-\u200bRuppin gemeinsam mit den Kreismuseen den\u00a0<strong>Foto-\u200bWettbewerb &#8222;Mein Lieblingsplatz in OPR&#8220;<\/strong>. Wir m\u00f6chten die Menschen in Ostprignitz-\u200bRuppin dazu ermuntern, uns Fotos von ihren Lieblingspl\u00e4tzen im Landkreis zuzusenden. Das k\u00f6nnen ganz unterschiedliche Orte sein: Angefangen bei touristischen Highlights oder in der wundersch\u00f6nen Natur. Dieser Lieblingsplatz k\u00f6nnte aber der Platz neben dem Haustier sein, der Angelplatz am See, der Sportplatz um die Ecke, ein ans Herz gewachsener Baum, oder aber m\u00f6glicherweise auch nur der schlichte Fernsehsessel in den eigenen vier W\u00e4nden. Ostprignitz-\u200bRuppin ist bunt! Und entsprechend vielf\u00e4ltig d\u00fcrfte auch die Auswahl an Motiven werden. (Nur Menschen sind aus rechtlichen Gr\u00fcnden nicht auf den Fotos gestattet.)<\/p>\n<p>Angesprochen, bei diesem Projekt mitzumachen, sind nicht nur die Menschen, die in unserem Landkreis leben, sondern auch G\u00e4ste, die es in unsere sch\u00f6ne Region zieht. Aufgerufen zur Teilnahme sind ausdr\u00fccklich auch Vereine, Verb\u00e4nde, Seniorengruppen und die Schulen in der Region.<\/p>\n<p>Bitte, senden Sie uns Ihre Aufnahmen, die den Reiz unserer Region widerspiegeln. Egal, ob Sie jetzt in oder bei Kyritz, Neuruppin, Rheinsberg, Wittstock, Freyenstein, Fehrbellin oder in einem anderen Ort unseres Kreises ihren Lieblingsplatz fotografiert haben. Es k\u00f6nnen auch Architektur-\u200b und Landschaftsansichten, Detailbilder, Aufnahmen von Pflanzen und Tieren, aber auch Drohnenaufnahmen sein. Dabei sind sich die Macher der Ausstellung durchaus im Klaren dar\u00fcber, dass die Bandbreite der Bildmotive weit auseinandergehen wird.<\/p>\n","protected":false},"excerpt":{"rendered":"<p>Im Landkreis Ostprignitz-\u200bRuppin gibt es im Jahr 2023 gleich mehrere Jubil\u00e4en zu feiern, u.a. wird der Landkreis 30 Jahre alt!<\/p>\n","protected":false},"author":39,"featured_media":11552,"comment_status":"open","ping_status":"open","sticky":false,"template":"","format":"standard","meta":[],"categories":[7],"tags":[],"yoast_head":"<!-- This site is optimized with the Yoast SEO plugin v19.10 - https:\/\/yoast.com\/wordpress\/plugins\/seo\/ -->\n<title>Fotowettbewerb 30 Jahre Landkreis Ostprignitz-Ruppin - Naturpark Stechlin-Ruppiner Land<\/title>\n<meta name=\"robots\" content=\"index, follow, max-snippet:-1, max-image-preview:large, max-video-preview:-1\" \/>\n<link rel=\"canonical\" href=\"https:\/\/www.naturparkmagazin.de\/stechlin\/?p=13132\" \/>\n<meta property=\"og:locale\" content=\"de_DE\" \/>\n<meta property=\"og:type\" content=\"article\" \/>\n<meta property=\"og:title\" content=\"Fotowettbewerb 30 Jahre Landkreis Ostprignitz-Ruppin - Naturpark Stechlin-Ruppiner Land\" \/>\n<meta property=\"og:description\" content=\"Im Landkreis Ostprignitz-\u200bRuppin gibt es im Jahr 2023 gleich mehrere Jubil\u00e4en zu feiern, u.a. wird der Landkreis 30 Jahre alt!\" \/>\n<meta property=\"og:url\" content=\"https:\/\/www.naturparkmagazin.de\/stechlin\/?p=13132\" \/>\n<meta property=\"og:site_name\" content=\"Naturpark Stechlin-Ruppiner Land\" \/>\n<meta property=\"article:published_time\" content=\"2023-02-16T14:04:21+00:00\" \/>\n<meta property=\"article:modified_time\" content=\"2023-02-15T10:24:59+00:00\" \/>\n<meta property=\"og:image\" content=\"https:\/\/www.naturparkmagazin.de\/stechlin\/wp-content\/uploads\/sites\/38\/Wiedehopf_a.jpg\" \/>\n\t<meta property=\"og:image:width\" content=\"200\" \/>\n\t<meta property=\"og:image:height\" content=\"200\" \/>\n\t<meta property=\"og:image:type\" content=\"image\/jpeg\" \/>\n<meta name=\"author\" content=\"marioschrumpf\" \/>\n<meta name=\"twitter:label1\" content=\"Verfasst von\" \/>\n\t<meta name=\"twitter:data1\" content=\"marioschrumpf\" \/>\n\t<meta name=\"twitter:label2\" content=\"Gesch\u00e4tzte Lesezeit\" \/>\n\t<meta name=\"twitter:data2\" content=\"2\u00a0Minuten\" \/>\n<script type=\"application\/ld+json\" class=\"yoast-schema-graph\">{\"@context\":\"https:\/\/schema.org\",\"@graph\":[{\"@type\":\"WebPage\",\"@id\":\"https:\/\/www.naturparkmagazin.de\/stechlin\/?p=13132\",\"url\":\"https:\/\/www.naturparkmagazin.de\/stechlin\/?p=13132\",\"name\":\"Fotowettbewerb 30 Jahre Landkreis Ostprignitz-Ruppin - Naturpark Stechlin-Ruppiner Land\",\"isPartOf\":{\"@id\":\"https:\/\/www.naturparkmagazin.de\/stechlin\/#website\"},\"datePublished\":\"2023-02-16T14:04:21+00:00\",\"dateModified\":\"2023-02-15T10:24:59+00:00\",\"author\":{\"@id\":\"https:\/\/www.naturparkmagazin.de\/stechlin\/#\/schema\/person\/3f0d93203df21c806dd63c76d9bb28bc\"},\"breadcrumb\":{\"@id\":\"https:\/\/www.naturparkmagazin.de\/stechlin\/?p=13132#breadcrumb\"},\"inLanguage\":\"de\",\"potentialAction\":[{\"@type\":\"ReadAction\",\"target\":[\"https:\/\/www.naturparkmagazin.de\/stechlin\/?p=13132\"]}]},{\"@type\":\"BreadcrumbList\",\"@id\":\"https:\/\/www.naturparkmagazin.de\/stechlin\/?p=13132#breadcrumb\",\"itemListElement\":[{\"@type\":\"ListItem\",\"position\":1,\"name\":\"Home\",\"item\":\"https:\/\/www.naturparkmagazin.de\/stechlin\/\"},{\"@type\":\"ListItem\",\"position\":2,\"name\":\"Fotowettbewerb 30 Jahre Landkreis Ostprignitz-Ruppin\"}]},{\"@type\":\"WebSite\",\"@id\":\"https:\/\/www.naturparkmagazin.de\/stechlin\/#website\",\"url\":\"https:\/\/www.naturparkmagazin.de\/stechlin\/\",\"name\":\"Naturpark Stechlin-Ruppiner Land\",\"description\":\"\",\"potentialAction\":[{\"@type\":\"SearchAction\",\"target\":{\"@type\":\"EntryPoint\",\"urlTemplate\":\"https:\/\/www.naturparkmagazin.de\/stechlin\/?s={search_term_string}\"},\"query-input\":\"required name=search_term_string\"}],\"inLanguage\":\"de\"},{\"@type\":\"Person\",\"@id\":\"https:\/\/www.naturparkmagazin.de\/stechlin\/#\/schema\/person\/3f0d93203df21c806dd63c76d9bb28bc\",\"name\":\"marioschrumpf\",\"url\":\"https:\/\/www.naturparkmagazin.de\/stechlin\/author\/marioschrumpf\/\"}]}<\/script>\n<!-- \/ Yoast SEO plugin. -->","yoast_head_json":{"title":"Fotowettbewerb 30 Jahre Landkreis Ostprignitz-Ruppin - Naturpark Stechlin-Ruppiner Land","robots":{"index":"index","follow":"follow","max-snippet":"max-snippet:-1","max-image-preview":"max-image-preview:large","max-video-preview":"max-video-preview:-1"},"canonical":"https:\/\/www.naturparkmagazin.de\/stechlin\/?p=13132","og_locale":"de_DE","og_type":"article","og_title":"Fotowettbewerb 30 Jahre Landkreis Ostprignitz-Ruppin - Naturpark Stechlin-Ruppiner Land","og_description":"Im Landkreis Ostprignitz-\u200bRuppin gibt es im Jahr 2023 gleich mehrere Jubil\u00e4en zu feiern, u.a. wird der Landkreis 30 Jahre alt!","og_url":"https:\/\/www.naturparkmagazin.de\/stechlin\/?p=13132","og_site_name":"Naturpark Stechlin-Ruppiner Land","article_published_time":"2023-02-16T14:04:21+00:00","article_modified_time":"2023-02-15T10:24:59+00:00","og_image":[{"width":200,"height":200,"url":"https:\/\/www.naturparkmagazin.de\/stechlin\/wp-content\/uploads\/sites\/38\/Wiedehopf_a.jpg","type":"image\/jpeg"}],"author":"marioschrumpf","twitter_misc":{"Verfasst von":"marioschrumpf","Gesch\u00e4tzte Lesezeit":"2\u00a0Minuten"},"schema":{"@context":"https:\/\/schema.org","@graph":[{"@type":"WebPage","@id":"https:\/\/www.naturparkmagazin.de\/stechlin\/?p=13132","url":"https:\/\/www.naturparkmagazin.de\/stechlin\/?p=13132","name":"Fotowettbewerb 30 Jahre Landkreis Ostprignitz-Ruppin - Naturpark Stechlin-Ruppiner Land","isPartOf":{"@id":"https:\/\/www.naturparkmagazin.de\/stechlin\/#website"},"datePublished":"2023-02-16T14:04:21+00:00","dateModified":"2023-02-15T10:24:59+00:00","author":{"@id":"https:\/\/www.naturparkmagazin.de\/stechlin\/#\/schema\/person\/3f0d93203df21c806dd63c76d9bb28bc"},"breadcrumb":{"@id":"https:\/\/www.naturparkmagazin.de\/stechlin\/?p=13132#breadcrumb"},"inLanguage":"de","potentialAction":[{"@type":"ReadAction","target":["https:\/\/www.naturparkmagazin.de\/stechlin\/?p=13132"]}]},{"@type":"BreadcrumbList","@id":"https:\/\/www.naturparkmagazin.de\/stechlin\/?p=13132#breadcrumb","itemListElement":[{"@type":"ListItem","position":1,"name":"Home","item":"https:\/\/www.naturparkmagazin.de\/stechlin\/"},{"@type":"ListItem","position":2,"name":"Fotowettbewerb 30 Jahre Landkreis Ostprignitz-Ruppin"}]},{"@type":"WebSite","@id":"https:\/\/www.naturparkmagazin.de\/stechlin\/#website","url":"https:\/\/www.naturparkmagazin.de\/stechlin\/","name":"Naturpark Stechlin-Ruppiner Land","description":"","potentialAction":[{"@type":"SearchAction","target":{"@type":"EntryPoint","urlTemplate":"https:\/\/www.naturparkmagazin.de\/stechlin\/?s={search_term_string}"},"query-input":"required name=search_term_string"}],"inLanguage":"de"},{"@type":"Person","@id":"https:\/\/www.naturparkmagazin.de\/stechlin\/#\/schema\/person\/3f0d93203df21c806dd63c76d9bb28bc","name":"marioschrumpf","url":"https:\/\/www.naturparkmagazin.de\/stechlin\/author\/marioschrumpf\/"}]}},"_links":{"self":[{"href":"https:\/\/www.naturparkmagazin.de\/stechlin\/wp-json\/wp\/v2\/posts\/13132"}],"collection":[{"href":"https:\/\/www.naturparkmagazin.de\/stechlin\/wp-json\/wp\/v2\/posts"}],"about":[{"href":"https:\/\/www.naturparkmagazin.de\/stechlin\/wp-json\/wp\/v2\/types\/post"}],"author":[{"embeddable":true,"href":"https:\/\/www.naturparkmagazin.de\/stechlin\/wp-json\/wp\/v2\/users\/39"}],"replies":[{"embeddable":true,"href":"https:\/\/www.naturparkmagazin.de\/stechlin\/wp-json\/wp\/v2\/comments?post=13132"}],"version-history":[{"count":5,"href":"https:\/\/www.naturparkmagazin.de\/stechlin\/wp-json\/wp\/v2\/posts\/13132\/revisions"}],"predecessor-version":[{"id":13280,"href":"https:\/\/www.naturparkmagazin.de\/stechlin\/wp-json\/wp\/v2\/posts\/13132\/revisions\/13280"}],"wp:featuredmedia":[{"embeddable":true,"href":"https:\/\/www.naturparkmagazin.de\/stechlin\/wp-json\/wp\/v2\/media\/11552"}],"wp:attachment":[{"href":"https:\/\/www.naturparkmagazin.de\/stechlin\/wp-json\/wp\/v2\/media?parent=13132"}],"wp:term":[{"taxonomy":"category","embeddable":true,"href":"https:\/\/www.naturparkmagazin.de\/stechlin\/wp-json\/wp\/v2\/categories?post=13132"},{"taxonomy":"post_tag","embeddable":true,"href":"https:\/\/www.naturparkmagazin.de\/stechlin\/wp-json\/wp\/v2\/tags?post=13132"}],"curies":[{"name":"wp","href":"https:\/\/api.w.org\/{rel}","templated":true}]}}