{"id":13136,"date":"2023-02-16T15:06:45","date_gmt":"2023-02-16T14:06:45","guid":{"rendered":"https:\/\/www.naturparkmagazin.de\/stechlin\/?p=13136"},"modified":"2023-02-15T11:23:38","modified_gmt":"2023-02-15T10:23:38","slug":"naturschutzpreis-2023-engagement-fuer-natur-kulturlandschaft-und-biologische-vielfalt","status":"publish","type":"post","link":"https:\/\/www.naturparkmagazin.de\/stechlin\/naturschutzpreis-2023-engagement-fuer-natur-kulturlandschaft-und-biologische-vielfalt\/","title":{"rendered":"Naturschutzpreis 2023 &#8211; Engagement f\u00fcr Natur, Kulturlandschaft und biologische Vielfalt"},"content":{"rendered":"<p>Die Stiftung NaturSchutzFonds Brandenburg lobt den <strong>Brandenburger Naturschutzpreis 2023<\/strong> aus. Bis zum <strong>28. April 2023<\/strong> k\u00f6nnen Vorschl\u00e4ge oder Bewerbungen bei der Gesch\u00e4ftsstelle der Stiftung eingereicht werden. Den Gewinnerinnen beziehungsweise Gewinnern winken Geldpreise.<\/p>\n<div id=\"attachment_13185\" style=\"width: 310px\" class=\"wp-caption aligncenter\"><a href=\"https:\/\/www.naturparkmagazin.de\/stechlin\/wp-content\/uploads\/sites\/38\/csm_wiesenglockenblume-schneider_klein_38d1dade09.jpg\"><img aria-describedby=\"caption-attachment-13185\" decoding=\"async\" loading=\"lazy\" class=\"size-thumbnail wp-image-13185\" src=\"https:\/\/www.naturparkmagazin.de\/stechlin\/wp-content\/uploads\/sites\/38\/csm_wiesenglockenblume-schneider_klein_38d1dade09-300x180.jpg\" alt=\"\" width=\"300\" height=\"180\" srcset=\"https:\/\/www.naturparkmagazin.de\/stechlin\/wp-content\/uploads\/sites\/38\/csm_wiesenglockenblume-schneider_klein_38d1dade09-300x180.jpg 300w, https:\/\/www.naturparkmagazin.de\/stechlin\/wp-content\/uploads\/sites\/38\/csm_wiesenglockenblume-schneider_klein_38d1dade09-200x120.jpg 200w, https:\/\/www.naturparkmagazin.de\/stechlin\/wp-content\/uploads\/sites\/38\/csm_wiesenglockenblume-schneider_klein_38d1dade09.jpg 500w\" sizes=\"(max-width: 300px) 100vw, 300px\" \/><\/a><p id=\"caption-attachment-13185\" class=\"wp-caption-text\">\u00a9 NaturSchutzFonds Brandenburg<\/p><\/div>\n<p>Mit dem Naturschutzpreis ehrt die Stiftung NaturSchutzFonds Brandenburg jedes Jahr richtungsweisende Leistungen im Bereich des aktiven, praktischen Naturschutzes, der nachhaltigen Landnutzung oder eine vorbildliche \u00d6ffentlichkeitsarbeit und Umweltbildung. Dar\u00fcber hinaus pr\u00e4miert die Stiftung auch wissenschaftliche, planerische oder wirtschaftliche Leistungen.<\/p>\n<p>Brandenburgs Umweltminister Axel Vogel: \u201e<em>Ob der Einsatz f\u00fcr den Schutz von Amphibien und anderer bedrohter Arten, die Wiederherstellung naturnaher Lebensr\u00e4ume oder kreative Umweltbildung \u2013 in Brandenburg gibt es zahlreiche und teilweise langj\u00e4hrig Engagierte f\u00fcr den Naturschutz. Davon zeugen jedes Jahr aufs Neue auch die eingereichten Vorschl\u00e4ge f\u00fcr den Brandenburger Naturschutzpreis. Sie zeigen, dass jede und jeder Einzelne einen Beitrag f\u00fcr den Erhalt und den Schutz der Biodiversit\u00e4t leisten kann \u2013 und das auf vielf\u00e4ltige Art und Weise.<\/em>\u201c<\/p>\n<p>F\u00fcr den Brandenburger Naturschutzpreis k\u00f6nnen einzelne Personen, Verb\u00e4nde, Vereine, oder Unternehmen sowie Schulklassen, Kindergruppen oder Arbeitsgemeinschaften vorgeschlagen werden beziehungsweise sich selbst bewerben. Der Preis richtet sich auch an Menschen, die nicht in Brandenburg leben, sich jedoch in besonderem Ma\u00dfe um den Schutz von Natur und Landschaft zwischen Elbe und Oder verdient gemacht haben.<\/p>\n<p>2022 stand mit dem ausgezeichneten Projekt zum Schutz der Wiesenweihe eine Greifvogelart im Fokus, die es ohne den herausragenden Einsatz der Ehrenamtlichen in Brandenburg nicht mehr geben w\u00fcrde. Den Nachwuchspreis verlieh Umweltminister Axel Vogel im vergangenen Jahr an die \u201eNaturdetektive\u201c aus Vetschau. Die Arbeitsgemeinschaft des Hortes der M\u00f6glichkeiten im Schulzentrum \u201eDr. Albert Schweitzer\u201c setzt seit Jahren kreative Projekte zum Schutz der Tiere und Pflanzen in ihrer Umgebung um.<\/p>\n<p>Zu den Tr\u00e4gern des seit 1998 verliehenen Naturschutzpreises geh\u00f6ren beispielsweise auch Inge Sielmann, Mitgr\u00fcnderin der Heinz-Sielmann-Stiftung, der Initiator des Gro\u00dftrappenschutzes Heinz Litzbarski und der richtungsweisende Landwirt Horst M\u00f6hring aus Lenzen. Ausgezeichnet wurden zudem Vereine wie der Bl\u00fchstreifen Beelitz e. V. und Nachwuchsprojekte wie der Schulwald der Waldhofschule Templin oder die Umweltf\u00fcchse der Kita \u201eAmalie Schmieder\u201c aus L\u00fcbbenau.<\/p>\n<p>&nbsp;<\/p>\n<div id=\"attachment_13187\" style=\"width: 310px\" class=\"wp-caption aligncenter\"><a href=\"https:\/\/www.naturparkmagazin.de\/stechlin\/wp-content\/uploads\/sites\/38\/Plakat_Naturschutzpreis_2023_b.jpg\"><img aria-describedby=\"caption-attachment-13187\" decoding=\"async\" loading=\"lazy\" class=\"size-full wp-image-13187\" src=\"https:\/\/www.naturparkmagazin.de\/stechlin\/wp-content\/uploads\/sites\/38\/Plakat_Naturschutzpreis_2023_b.jpg\" alt=\"\" width=\"300\" height=\"457\" srcset=\"https:\/\/www.naturparkmagazin.de\/stechlin\/wp-content\/uploads\/sites\/38\/Plakat_Naturschutzpreis_2023_b.jpg 300w, https:\/\/www.naturparkmagazin.de\/stechlin\/wp-content\/uploads\/sites\/38\/Plakat_Naturschutzpreis_2023_b-200x305.jpg 200w\" sizes=\"(max-width: 300px) 100vw, 300px\" \/><\/a><p id=\"caption-attachment-13187\" class=\"wp-caption-text\">\u00a9 NaturSchutzFonds Brandenburg<\/p><\/div>\n<p>Bewerbungsformular, Auswahlkriterien und weitere Informationen unter:\n<a href=\"https:\/\/www.naturschutzfonds.de\/ueber-uns\/naturschutzpreis\/\" target=\"_blank\" rel=\"noopener\">www.naturschutzfonds.de\/ueber-uns\/naturschutzpreis\/<\/a><\/p>\n","protected":false},"excerpt":{"rendered":"<p>Die Stiftung NaturSchutzFonds Brandenburg lobt den Brandenburger Naturschutzpreis 2023 aus. Bis zum 28. April 2023 k\u00f6nnen Vorschl\u00e4ge oder Bewerbungen bei der Gesch\u00e4ftsstelle der Stiftung eingereicht werden. <\/p>\n","protected":false},"author":39,"featured_media":13186,"comment_status":"open","ping_status":"open","sticky":false,"template":"","format":"standard","meta":[],"categories":[7],"tags":[],"yoast_head":"<!-- This site is optimized with the Yoast SEO plugin v19.10 - https:\/\/yoast.com\/wordpress\/plugins\/seo\/ -->\n<title>Naturschutzpreis 2023 - Engagement f\u00fcr Natur, Kulturlandschaft und biologische Vielfalt - Naturpark Stechlin-Ruppiner Land<\/title>\n<meta name=\"robots\" content=\"index, follow, max-snippet:-1, max-image-preview:large, max-video-preview:-1\" \/>\n<link rel=\"canonical\" href=\"https:\/\/www.naturparkmagazin.de\/stechlin\/?p=13136\" \/>\n<meta property=\"og:locale\" content=\"de_DE\" \/>\n<meta property=\"og:type\" content=\"article\" \/>\n<meta property=\"og:title\" content=\"Naturschutzpreis 2023 - Engagement f\u00fcr Natur, Kulturlandschaft und biologische Vielfalt - Naturpark Stechlin-Ruppiner Land\" \/>\n<meta property=\"og:description\" content=\"Die Stiftung NaturSchutzFonds Brandenburg lobt den Brandenburger Naturschutzpreis 2023 aus. Bis zum 28. April 2023 k\u00f6nnen Vorschl\u00e4ge oder Bewerbungen bei der Gesch\u00e4ftsstelle der Stiftung eingereicht werden.\" \/>\n<meta property=\"og:url\" content=\"https:\/\/www.naturparkmagazin.de\/stechlin\/?p=13136\" \/>\n<meta property=\"og:site_name\" content=\"Naturpark Stechlin-Ruppiner Land\" \/>\n<meta property=\"article:published_time\" content=\"2023-02-16T14:06:45+00:00\" \/>\n<meta property=\"article:modified_time\" content=\"2023-02-15T10:23:38+00:00\" \/>\n<meta property=\"og:image\" content=\"https:\/\/www.naturparkmagazin.de\/stechlin\/wp-content\/uploads\/sites\/38\/Plakat_Naturschutzpreis_2023_a.jpg\" \/>\n\t<meta property=\"og:image:width\" content=\"200\" \/>\n\t<meta property=\"og:image:height\" content=\"200\" \/>\n\t<meta property=\"og:image:type\" content=\"image\/jpeg\" \/>\n<meta name=\"author\" content=\"marioschrumpf\" \/>\n<meta name=\"twitter:label1\" content=\"Verfasst von\" \/>\n\t<meta name=\"twitter:data1\" content=\"marioschrumpf\" \/>\n\t<meta name=\"twitter:label2\" content=\"Gesch\u00e4tzte Lesezeit\" \/>\n\t<meta name=\"twitter:data2\" content=\"3\u00a0Minuten\" \/>\n<script type=\"application\/ld+json\" class=\"yoast-schema-graph\">{\"@context\":\"https:\/\/schema.org\",\"@graph\":[{\"@type\":\"WebPage\",\"@id\":\"https:\/\/www.naturparkmagazin.de\/stechlin\/?p=13136\",\"url\":\"https:\/\/www.naturparkmagazin.de\/stechlin\/?p=13136\",\"name\":\"Naturschutzpreis 2023 - Engagement f\u00fcr Natur, Kulturlandschaft und biologische Vielfalt - Naturpark Stechlin-Ruppiner Land\",\"isPartOf\":{\"@id\":\"https:\/\/www.naturparkmagazin.de\/stechlin\/#website\"},\"datePublished\":\"2023-02-16T14:06:45+00:00\",\"dateModified\":\"2023-02-15T10:23:38+00:00\",\"author\":{\"@id\":\"https:\/\/www.naturparkmagazin.de\/stechlin\/#\/schema\/person\/3f0d93203df21c806dd63c76d9bb28bc\"},\"breadcrumb\":{\"@id\":\"https:\/\/www.naturparkmagazin.de\/stechlin\/?p=13136#breadcrumb\"},\"inLanguage\":\"de\",\"potentialAction\":[{\"@type\":\"ReadAction\",\"target\":[\"https:\/\/www.naturparkmagazin.de\/stechlin\/?p=13136\"]}]},{\"@type\":\"BreadcrumbList\",\"@id\":\"https:\/\/www.naturparkmagazin.de\/stechlin\/?p=13136#breadcrumb\",\"itemListElement\":[{\"@type\":\"ListItem\",\"position\":1,\"name\":\"Home\",\"item\":\"https:\/\/www.naturparkmagazin.de\/stechlin\/\"},{\"@type\":\"ListItem\",\"position\":2,\"name\":\"Naturschutzpreis 2023 &#8211; Engagement f\u00fcr Natur, Kulturlandschaft und biologische Vielfalt\"}]},{\"@type\":\"WebSite\",\"@id\":\"https:\/\/www.naturparkmagazin.de\/stechlin\/#website\",\"url\":\"https:\/\/www.naturparkmagazin.de\/stechlin\/\",\"name\":\"Naturpark Stechlin-Ruppiner Land\",\"description\":\"\",\"potentialAction\":[{\"@type\":\"SearchAction\",\"target\":{\"@type\":\"EntryPoint\",\"urlTemplate\":\"https:\/\/www.naturparkmagazin.de\/stechlin\/?s={search_term_string}\"},\"query-input\":\"required name=search_term_string\"}],\"inLanguage\":\"de\"},{\"@type\":\"Person\",\"@id\":\"https:\/\/www.naturparkmagazin.de\/stechlin\/#\/schema\/person\/3f0d93203df21c806dd63c76d9bb28bc\",\"name\":\"marioschrumpf\",\"url\":\"https:\/\/www.naturparkmagazin.de\/stechlin\/author\/marioschrumpf\/\"}]}<\/script>\n<!-- \/ Yoast SEO plugin. -->","yoast_head_json":{"title":"Naturschutzpreis 2023 - Engagement f\u00fcr Natur, Kulturlandschaft und biologische Vielfalt - Naturpark Stechlin-Ruppiner Land","robots":{"index":"index","follow":"follow","max-snippet":"max-snippet:-1","max-image-preview":"max-image-preview:large","max-video-preview":"max-video-preview:-1"},"canonical":"https:\/\/www.naturparkmagazin.de\/stechlin\/?p=13136","og_locale":"de_DE","og_type":"article","og_title":"Naturschutzpreis 2023 - Engagement f\u00fcr Natur, Kulturlandschaft und biologische Vielfalt - Naturpark Stechlin-Ruppiner Land","og_description":"Die Stiftung NaturSchutzFonds Brandenburg lobt den Brandenburger Naturschutzpreis 2023 aus. Bis zum 28. April 2023 k\u00f6nnen Vorschl\u00e4ge oder Bewerbungen bei der Gesch\u00e4ftsstelle der Stiftung eingereicht werden.","og_url":"https:\/\/www.naturparkmagazin.de\/stechlin\/?p=13136","og_site_name":"Naturpark Stechlin-Ruppiner Land","article_published_time":"2023-02-16T14:06:45+00:00","article_modified_time":"2023-02-15T10:23:38+00:00","og_image":[{"width":200,"height":200,"url":"https:\/\/www.naturparkmagazin.de\/stechlin\/wp-content\/uploads\/sites\/38\/Plakat_Naturschutzpreis_2023_a.jpg","type":"image\/jpeg"}],"author":"marioschrumpf","twitter_misc":{"Verfasst von":"marioschrumpf","Gesch\u00e4tzte Lesezeit":"3\u00a0Minuten"},"schema":{"@context":"https:\/\/schema.org","@graph":[{"@type":"WebPage","@id":"https:\/\/www.naturparkmagazin.de\/stechlin\/?p=13136","url":"https:\/\/www.naturparkmagazin.de\/stechlin\/?p=13136","name":"Naturschutzpreis 2023 - Engagement f\u00fcr Natur, Kulturlandschaft und biologische Vielfalt - Naturpark Stechlin-Ruppiner Land","isPartOf":{"@id":"https:\/\/www.naturparkmagazin.de\/stechlin\/#website"},"datePublished":"2023-02-16T14:06:45+00:00","dateModified":"2023-02-15T10:23:38+00:00","author":{"@id":"https:\/\/www.naturparkmagazin.de\/stechlin\/#\/schema\/person\/3f0d93203df21c806dd63c76d9bb28bc"},"breadcrumb":{"@id":"https:\/\/www.naturparkmagazin.de\/stechlin\/?p=13136#breadcrumb"},"inLanguage":"de","potentialAction":[{"@type":"ReadAction","target":["https:\/\/www.naturparkmagazin.de\/stechlin\/?p=13136"]}]},{"@type":"BreadcrumbList","@id":"https:\/\/www.naturparkmagazin.de\/stechlin\/?p=13136#breadcrumb","itemListElement":[{"@type":"ListItem","position":1,"name":"Home","item":"https:\/\/www.naturparkmagazin.de\/stechlin\/"},{"@type":"ListItem","position":2,"name":"Naturschutzpreis 2023 &#8211; Engagement f\u00fcr Natur, Kulturlandschaft und biologische Vielfalt"}]},{"@type":"WebSite","@id":"https:\/\/www.naturparkmagazin.de\/stechlin\/#website","url":"https:\/\/www.naturparkmagazin.de\/stechlin\/","name":"Naturpark Stechlin-Ruppiner Land","description":"","potentialAction":[{"@type":"SearchAction","target":{"@type":"EntryPoint","urlTemplate":"https:\/\/www.naturparkmagazin.de\/stechlin\/?s={search_term_string}"},"query-input":"required name=search_term_string"}],"inLanguage":"de"},{"@type":"Person","@id":"https:\/\/www.naturparkmagazin.de\/stechlin\/#\/schema\/person\/3f0d93203df21c806dd63c76d9bb28bc","name":"marioschrumpf","url":"https:\/\/www.naturparkmagazin.de\/stechlin\/author\/marioschrumpf\/"}]}},"_links":{"self":[{"href":"https:\/\/www.naturparkmagazin.de\/stechlin\/wp-json\/wp\/v2\/posts\/13136"}],"collection":[{"href":"https:\/\/www.naturparkmagazin.de\/stechlin\/wp-json\/wp\/v2\/posts"}],"about":[{"href":"https:\/\/www.naturparkmagazin.de\/stechlin\/wp-json\/wp\/v2\/types\/post"}],"author":[{"embeddable":true,"href":"https:\/\/www.naturparkmagazin.de\/stechlin\/wp-json\/wp\/v2\/users\/39"}],"replies":[{"embeddable":true,"href":"https:\/\/www.naturparkmagazin.de\/stechlin\/wp-json\/wp\/v2\/comments?post=13136"}],"version-history":[{"count":6,"href":"https:\/\/www.naturparkmagazin.de\/stechlin\/wp-json\/wp\/v2\/posts\/13136\/revisions"}],"predecessor-version":[{"id":13223,"href":"https:\/\/www.naturparkmagazin.de\/stechlin\/wp-json\/wp\/v2\/posts\/13136\/revisions\/13223"}],"wp:featuredmedia":[{"embeddable":true,"href":"https:\/\/www.naturparkmagazin.de\/stechlin\/wp-json\/wp\/v2\/media\/13186"}],"wp:attachment":[{"href":"https:\/\/www.naturparkmagazin.de\/stechlin\/wp-json\/wp\/v2\/media?parent=13136"}],"wp:term":[{"taxonomy":"category","embeddable":true,"href":"https:\/\/www.naturparkmagazin.de\/stechlin\/wp-json\/wp\/v2\/categories?post=13136"},{"taxonomy":"post_tag","embeddable":true,"href":"https:\/\/www.naturparkmagazin.de\/stechlin\/wp-json\/wp\/v2\/tags?post=13136"}],"curies":[{"name":"wp","href":"https:\/\/api.w.org\/{rel}","templated":true}]}}