{"id":13140,"date":"2023-02-16T16:01:33","date_gmt":"2023-02-16T15:01:33","guid":{"rendered":"https:\/\/www.naturparkmagazin.de\/stechlin\/?p=13140"},"modified":"2025-02-24T16:28:46","modified_gmt":"2025-02-24T15:28:46","slug":"endlich-ist-es-wieder-soweit-die-oekofilmtour-kommt-nach-menz","status":"publish","type":"post","link":"https:\/\/www.naturparkmagazin.de\/stechlin\/endlich-ist-es-wieder-soweit-die-oekofilmtour-kommt-nach-menz\/","title":{"rendered":"Endlich ist es wieder soweit! Die \u00d6kofilmtour kommt nach Menz.(2023)"},"content":{"rendered":"<p>Nach zweij\u00e4hriger, coronabedingter Pause ist sie wieder vor Ort &#8211; die Brandenburger \u00d6kofilmtour.<\/p>\n<p>In der <strong>Regionalwerkstatt Stechlin in Menz<\/strong> wird im <strong>Abendprogramm<\/strong> am <strong>1. M\u00e4rz<\/strong>, <strong>19:00 Uhr<\/strong> der Film<strong> \u201e<em>Wo Brandenburg am sch\u00f6nsten ist<\/em>\u201c<\/strong> gezeigt.<\/p>\n<p>Der 90-min\u00fctige Film stellt die 15 Brandenburgischen Naturlandschaften in voller Sch\u00f6nheit vor. Wolfgang Albus und Maren Schibilsky vom RBB haben Regie gef\u00fchrt.<\/p>\n<p>In der anschlie\u00dfenden Filmdiskussion stehen Regisseur Wolfgang Albus, der Leiter des Nationalparks Unteres Odertal (Dirk Treichel) die Leiterin des Biosph\u00e4renreservates Brandenburgische Elbtalaue (Dr. Heike Ellner) sowie der Leiter des Naturparks Stechlin \u2013 Ruppiner Land (Dr. Mario Schrumpf) dem Publikum Rede und Antwort.<\/p>\n<p>Am <strong>Vormittag des 2. M\u00e4rz<\/strong> werden im Rahmen des <strong>Schulprogramms<\/strong> verschiedene Filme f\u00fcr die <strong>Kinder der Naturparkschule Theodor Fontane in Menz<\/strong> gezeigt.<\/p>\n<p>Schirmherr der \u00d6kofilmtour 2023 ist Axel Vogel (Minister f\u00fcr Landwirtschaft, Umwelt und Klimaschutz des Landes Brandenburgs).<\/p>\n<p>&nbsp;<\/p>\n<div id=\"attachment_13180\" style=\"width: 310px\" class=\"wp-caption aligncenter\"><a href=\"https:\/\/www.naturparkmagazin.de\/stechlin\/wp-content\/uploads\/sites\/38\/LogoOekofilmtour2023_b.jpg\"><img aria-describedby=\"caption-attachment-13180\" decoding=\"async\" loading=\"lazy\" class=\"size-thumbnail wp-image-13180\" src=\"https:\/\/www.naturparkmagazin.de\/stechlin\/wp-content\/uploads\/sites\/38\/LogoOekofilmtour2023_b-300x180.jpg\" alt=\"\" width=\"300\" height=\"180\" srcset=\"https:\/\/www.naturparkmagazin.de\/stechlin\/wp-content\/uploads\/sites\/38\/LogoOekofilmtour2023_b-300x180.jpg 300w, https:\/\/www.naturparkmagazin.de\/stechlin\/wp-content\/uploads\/sites\/38\/LogoOekofilmtour2023_b-200x120.jpg 200w, https:\/\/www.naturparkmagazin.de\/stechlin\/wp-content\/uploads\/sites\/38\/LogoOekofilmtour2023_b.jpg 500w\" sizes=\"(max-width: 300px) 100vw, 300px\" \/><\/a><p id=\"caption-attachment-13180\" class=\"wp-caption-text\">\u00a9 F\u00d6N e.V.<\/p><\/div>\n<p>Die Auswahljury hat sich f\u00fcr 42 mittellange Filme und Langfilme sowie zehn Kurzfilme entschieden. Gesucht wurden Werke aller Genres und L\u00e4ngen, die sich mit globalem Umwelt- und Naturschutz und verwandten Themenkomplexen besch\u00e4ftigen. 191 Filme wurden eingereicht. Im Programm findet sich u.a. Filme von Jan Haft, Almut und Christoph Hauschild, Thomas Riedelsheimer sowie dem renommierten Regieduo Victoria Stone und Marc Deeple aus Gro\u00dfbritannien.<\/p>\n<p>Er\u00f6ffnet wurde die 18. \u00d6kofilmtour unter der neuen Leitung von Katrin Springer am 13. Januar 2023 in Potsdam mit dem Dokumentarfilm \u201eInto the Ice\u201c. Darin begleitet der d\u00e4nische Naturfilmer Lars Ostenfeld drei Forscher*innen, die das Schmelzen des Gr\u00f6nlandeises untersuchen. Erz\u00e4hler ist Campino, S\u00e4nger der Toten Hosen.<\/p>\n<p>Die 18. Ausgabe der \u00d6kofilmtour findet von Januar bis April 2023 in bis zu 70 Spielst\u00e4tten statt.<\/p>\n<div id=\"attachment_13178\" style=\"width: 310px\" class=\"wp-caption aligncenter\"><a href=\"https:\/\/www.naturparkmagazin.de\/stechlin\/wp-content\/uploads\/sites\/38\/bild-zum-film_b.jpg\"><img aria-describedby=\"caption-attachment-13178\" decoding=\"async\" loading=\"lazy\" class=\"size-thumbnail wp-image-13178\" src=\"https:\/\/www.naturparkmagazin.de\/stechlin\/wp-content\/uploads\/sites\/38\/bild-zum-film_b-300x180.jpg\" alt=\"\" width=\"300\" height=\"180\" srcset=\"https:\/\/www.naturparkmagazin.de\/stechlin\/wp-content\/uploads\/sites\/38\/bild-zum-film_b-300x180.jpg 300w, https:\/\/www.naturparkmagazin.de\/stechlin\/wp-content\/uploads\/sites\/38\/bild-zum-film_b-200x120.jpg 200w, https:\/\/www.naturparkmagazin.de\/stechlin\/wp-content\/uploads\/sites\/38\/bild-zum-film_b.jpg 500w\" sizes=\"(max-width: 300px) 100vw, 300px\" \/><\/a><p id=\"caption-attachment-13178\" class=\"wp-caption-text\">\u00a9 F\u00d6N e.V.<\/p><\/div>\n<p><a href=\"https:\/\/oekofilmtour.de\/downloads\/26\" target=\"_blank\" rel=\"noopener\">Download der Pressemitteilung<\/a> zur Er\u00f6ffnung der \u00d6kofilmtour in Potsdam!<\/p>\n","protected":false},"excerpt":{"rendered":"<p>Nach zweij\u00e4hriger, coronabedingter Pause ist sie wieder vor Ort &#8211; die Brandenburger \u00d6kofilmtour.<\/p>\n","protected":false},"author":39,"featured_media":13179,"comment_status":"open","ping_status":"open","sticky":false,"template":"","format":"standard","meta":[],"categories":[11],"tags":[],"yoast_head":"<!-- This site is optimized with the Yoast SEO plugin v19.10 - https:\/\/yoast.com\/wordpress\/plugins\/seo\/ -->\n<title>Endlich ist es wieder soweit! Die \u00d6kofilmtour kommt nach Menz.(2023) - Naturpark Stechlin-Ruppiner Land<\/title>\n<meta name=\"robots\" content=\"index, follow, max-snippet:-1, max-image-preview:large, max-video-preview:-1\" \/>\n<link rel=\"canonical\" href=\"https:\/\/www.naturparkmagazin.de\/stechlin\/endlich-ist-es-wieder-soweit-die-oekofilmtour-kommt-nach-menz\/\" \/>\n<meta property=\"og:locale\" content=\"de_DE\" \/>\n<meta property=\"og:type\" content=\"article\" \/>\n<meta property=\"og:title\" content=\"Endlich ist es wieder soweit! Die \u00d6kofilmtour kommt nach Menz.(2023) - Naturpark Stechlin-Ruppiner Land\" \/>\n<meta property=\"og:description\" content=\"Nach zweij\u00e4hriger, coronabedingter Pause ist sie wieder vor Ort - die Brandenburger \u00d6kofilmtour.\" \/>\n<meta property=\"og:url\" content=\"https:\/\/www.naturparkmagazin.de\/stechlin\/endlich-ist-es-wieder-soweit-die-oekofilmtour-kommt-nach-menz\/\" \/>\n<meta property=\"og:site_name\" content=\"Naturpark Stechlin-Ruppiner Land\" \/>\n<meta property=\"article:published_time\" content=\"2023-02-16T15:01:33+00:00\" \/>\n<meta property=\"article:modified_time\" content=\"2025-02-24T15:28:46+00:00\" \/>\n<meta property=\"og:image\" content=\"https:\/\/www.naturparkmagazin.de\/stechlin\/wp-content\/uploads\/sites\/38\/LogoOekofilmtour2023.jpg\" \/>\n\t<meta property=\"og:image:width\" content=\"200\" \/>\n\t<meta property=\"og:image:height\" content=\"200\" \/>\n\t<meta property=\"og:image:type\" content=\"image\/jpeg\" \/>\n<meta name=\"author\" content=\"marioschrumpf\" \/>\n<meta name=\"twitter:label1\" content=\"Verfasst von\" \/>\n\t<meta name=\"twitter:data1\" content=\"marioschrumpf\" \/>\n\t<meta name=\"twitter:label2\" content=\"Gesch\u00e4tzte Lesezeit\" \/>\n\t<meta name=\"twitter:data2\" content=\"2\u00a0Minuten\" \/>\n<script type=\"application\/ld+json\" class=\"yoast-schema-graph\">{\"@context\":\"https:\/\/schema.org\",\"@graph\":[{\"@type\":\"WebPage\",\"@id\":\"https:\/\/www.naturparkmagazin.de\/stechlin\/endlich-ist-es-wieder-soweit-die-oekofilmtour-kommt-nach-menz\/\",\"url\":\"https:\/\/www.naturparkmagazin.de\/stechlin\/endlich-ist-es-wieder-soweit-die-oekofilmtour-kommt-nach-menz\/\",\"name\":\"Endlich ist es wieder soweit! Die \u00d6kofilmtour kommt nach Menz.(2023) - Naturpark Stechlin-Ruppiner Land\",\"isPartOf\":{\"@id\":\"https:\/\/www.naturparkmagazin.de\/stechlin\/#website\"},\"datePublished\":\"2023-02-16T15:01:33+00:00\",\"dateModified\":\"2025-02-24T15:28:46+00:00\",\"author\":{\"@id\":\"https:\/\/www.naturparkmagazin.de\/stechlin\/#\/schema\/person\/3f0d93203df21c806dd63c76d9bb28bc\"},\"breadcrumb\":{\"@id\":\"https:\/\/www.naturparkmagazin.de\/stechlin\/endlich-ist-es-wieder-soweit-die-oekofilmtour-kommt-nach-menz\/#breadcrumb\"},\"inLanguage\":\"de\",\"potentialAction\":[{\"@type\":\"ReadAction\",\"target\":[\"https:\/\/www.naturparkmagazin.de\/stechlin\/endlich-ist-es-wieder-soweit-die-oekofilmtour-kommt-nach-menz\/\"]}]},{\"@type\":\"BreadcrumbList\",\"@id\":\"https:\/\/www.naturparkmagazin.de\/stechlin\/endlich-ist-es-wieder-soweit-die-oekofilmtour-kommt-nach-menz\/#breadcrumb\",\"itemListElement\":[{\"@type\":\"ListItem\",\"position\":1,\"name\":\"Home\",\"item\":\"https:\/\/www.naturparkmagazin.de\/stechlin\/\"},{\"@type\":\"ListItem\",\"position\":2,\"name\":\"Endlich ist es wieder soweit! Die \u00d6kofilmtour kommt nach Menz.(2023)\"}]},{\"@type\":\"WebSite\",\"@id\":\"https:\/\/www.naturparkmagazin.de\/stechlin\/#website\",\"url\":\"https:\/\/www.naturparkmagazin.de\/stechlin\/\",\"name\":\"Naturpark Stechlin-Ruppiner Land\",\"description\":\"\",\"potentialAction\":[{\"@type\":\"SearchAction\",\"target\":{\"@type\":\"EntryPoint\",\"urlTemplate\":\"https:\/\/www.naturparkmagazin.de\/stechlin\/?s={search_term_string}\"},\"query-input\":\"required name=search_term_string\"}],\"inLanguage\":\"de\"},{\"@type\":\"Person\",\"@id\":\"https:\/\/www.naturparkmagazin.de\/stechlin\/#\/schema\/person\/3f0d93203df21c806dd63c76d9bb28bc\",\"name\":\"marioschrumpf\",\"url\":\"https:\/\/www.naturparkmagazin.de\/stechlin\/author\/marioschrumpf\/\"}]}<\/script>\n<!-- \/ Yoast SEO plugin. -->","yoast_head_json":{"title":"Endlich ist es wieder soweit! Die \u00d6kofilmtour kommt nach Menz.(2023) - Naturpark Stechlin-Ruppiner Land","robots":{"index":"index","follow":"follow","max-snippet":"max-snippet:-1","max-image-preview":"max-image-preview:large","max-video-preview":"max-video-preview:-1"},"canonical":"https:\/\/www.naturparkmagazin.de\/stechlin\/endlich-ist-es-wieder-soweit-die-oekofilmtour-kommt-nach-menz\/","og_locale":"de_DE","og_type":"article","og_title":"Endlich ist es wieder soweit! Die \u00d6kofilmtour kommt nach Menz.(2023) - Naturpark Stechlin-Ruppiner Land","og_description":"Nach zweij\u00e4hriger, coronabedingter Pause ist sie wieder vor Ort - die Brandenburger \u00d6kofilmtour.","og_url":"https:\/\/www.naturparkmagazin.de\/stechlin\/endlich-ist-es-wieder-soweit-die-oekofilmtour-kommt-nach-menz\/","og_site_name":"Naturpark Stechlin-Ruppiner Land","article_published_time":"2023-02-16T15:01:33+00:00","article_modified_time":"2025-02-24T15:28:46+00:00","og_image":[{"width":200,"height":200,"url":"https:\/\/www.naturparkmagazin.de\/stechlin\/wp-content\/uploads\/sites\/38\/LogoOekofilmtour2023.jpg","type":"image\/jpeg"}],"author":"marioschrumpf","twitter_misc":{"Verfasst von":"marioschrumpf","Gesch\u00e4tzte Lesezeit":"2\u00a0Minuten"},"schema":{"@context":"https:\/\/schema.org","@graph":[{"@type":"WebPage","@id":"https:\/\/www.naturparkmagazin.de\/stechlin\/endlich-ist-es-wieder-soweit-die-oekofilmtour-kommt-nach-menz\/","url":"https:\/\/www.naturparkmagazin.de\/stechlin\/endlich-ist-es-wieder-soweit-die-oekofilmtour-kommt-nach-menz\/","name":"Endlich ist es wieder soweit! Die \u00d6kofilmtour kommt nach Menz.(2023) - Naturpark Stechlin-Ruppiner Land","isPartOf":{"@id":"https:\/\/www.naturparkmagazin.de\/stechlin\/#website"},"datePublished":"2023-02-16T15:01:33+00:00","dateModified":"2025-02-24T15:28:46+00:00","author":{"@id":"https:\/\/www.naturparkmagazin.de\/stechlin\/#\/schema\/person\/3f0d93203df21c806dd63c76d9bb28bc"},"breadcrumb":{"@id":"https:\/\/www.naturparkmagazin.de\/stechlin\/endlich-ist-es-wieder-soweit-die-oekofilmtour-kommt-nach-menz\/#breadcrumb"},"inLanguage":"de","potentialAction":[{"@type":"ReadAction","target":["https:\/\/www.naturparkmagazin.de\/stechlin\/endlich-ist-es-wieder-soweit-die-oekofilmtour-kommt-nach-menz\/"]}]},{"@type":"BreadcrumbList","@id":"https:\/\/www.naturparkmagazin.de\/stechlin\/endlich-ist-es-wieder-soweit-die-oekofilmtour-kommt-nach-menz\/#breadcrumb","itemListElement":[{"@type":"ListItem","position":1,"name":"Home","item":"https:\/\/www.naturparkmagazin.de\/stechlin\/"},{"@type":"ListItem","position":2,"name":"Endlich ist es wieder soweit! Die \u00d6kofilmtour kommt nach Menz.(2023)"}]},{"@type":"WebSite","@id":"https:\/\/www.naturparkmagazin.de\/stechlin\/#website","url":"https:\/\/www.naturparkmagazin.de\/stechlin\/","name":"Naturpark Stechlin-Ruppiner Land","description":"","potentialAction":[{"@type":"SearchAction","target":{"@type":"EntryPoint","urlTemplate":"https:\/\/www.naturparkmagazin.de\/stechlin\/?s={search_term_string}"},"query-input":"required name=search_term_string"}],"inLanguage":"de"},{"@type":"Person","@id":"https:\/\/www.naturparkmagazin.de\/stechlin\/#\/schema\/person\/3f0d93203df21c806dd63c76d9bb28bc","name":"marioschrumpf","url":"https:\/\/www.naturparkmagazin.de\/stechlin\/author\/marioschrumpf\/"}]}},"_links":{"self":[{"href":"https:\/\/www.naturparkmagazin.de\/stechlin\/wp-json\/wp\/v2\/posts\/13140"}],"collection":[{"href":"https:\/\/www.naturparkmagazin.de\/stechlin\/wp-json\/wp\/v2\/posts"}],"about":[{"href":"https:\/\/www.naturparkmagazin.de\/stechlin\/wp-json\/wp\/v2\/types\/post"}],"author":[{"embeddable":true,"href":"https:\/\/www.naturparkmagazin.de\/stechlin\/wp-json\/wp\/v2\/users\/39"}],"replies":[{"embeddable":true,"href":"https:\/\/www.naturparkmagazin.de\/stechlin\/wp-json\/wp\/v2\/comments?post=13140"}],"version-history":[{"count":17,"href":"https:\/\/www.naturparkmagazin.de\/stechlin\/wp-json\/wp\/v2\/posts\/13140\/revisions"}],"predecessor-version":[{"id":16819,"href":"https:\/\/www.naturparkmagazin.de\/stechlin\/wp-json\/wp\/v2\/posts\/13140\/revisions\/16819"}],"wp:featuredmedia":[{"embeddable":true,"href":"https:\/\/www.naturparkmagazin.de\/stechlin\/wp-json\/wp\/v2\/media\/13179"}],"wp:attachment":[{"href":"https:\/\/www.naturparkmagazin.de\/stechlin\/wp-json\/wp\/v2\/media?parent=13140"}],"wp:term":[{"taxonomy":"category","embeddable":true,"href":"https:\/\/www.naturparkmagazin.de\/stechlin\/wp-json\/wp\/v2\/categories?post=13140"},{"taxonomy":"post_tag","embeddable":true,"href":"https:\/\/www.naturparkmagazin.de\/stechlin\/wp-json\/wp\/v2\/tags?post=13140"}],"curies":[{"name":"wp","href":"https:\/\/api.w.org\/{rel}","templated":true}]}}