{"id":13144,"date":"2023-02-16T16:03:48","date_gmt":"2023-02-16T15:03:48","guid":{"rendered":"https:\/\/www.naturparkmagazin.de\/stechlin\/?p=13144"},"modified":"2023-02-27T08:28:10","modified_gmt":"2023-02-27T07:28:10","slug":"vortrag-ueber-den-natur-und-sternenpark-westhavelland","status":"publish","type":"post","link":"https:\/\/www.naturparkmagazin.de\/stechlin\/vortrag-ueber-den-natur-und-sternenpark-westhavelland\/","title":{"rendered":"Sternenparke \u2013 zum Schutz der Nacht"},"content":{"rendered":"<p>Am <strong>24. M\u00e4rz, 19:30 Uhr<\/strong> l\u00e4dt der F\u00f6rderverein Naturlandschaft Stechlin und Menzer Heide e.V. zum Vortrag \u201eSternenparke \u2013 zum Schutz der Nacht\u201c in die <strong>Regionalwerkstatt Stechlin in Menz<\/strong> ein.<\/p>\n<div id=\"attachment_13264\" style=\"width: 310px\" class=\"wp-caption aligncenter\"><a href=\"https:\/\/www.naturparkmagazin.de\/stechlin\/wp-content\/uploads\/sites\/38\/Bild_Vortrag_b.jpg\"><img aria-describedby=\"caption-attachment-13264\" decoding=\"async\" loading=\"lazy\" class=\"size-full wp-image-13264\" src=\"https:\/\/www.naturparkmagazin.de\/stechlin\/wp-content\/uploads\/sites\/38\/Bild_Vortrag_b.jpg\" alt=\"\" width=\"300\" height=\"500\" srcset=\"https:\/\/www.naturparkmagazin.de\/stechlin\/wp-content\/uploads\/sites\/38\/Bild_Vortrag_b.jpg 300w, https:\/\/www.naturparkmagazin.de\/stechlin\/wp-content\/uploads\/sites\/38\/Bild_Vortrag_b-200x333.jpg 200w\" sizes=\"(max-width: 300px) 100vw, 300px\" \/><\/a><p id=\"caption-attachment-13264\" class=\"wp-caption-text\">\u00a9 Thomas Becker<\/p><\/div>\n<p>Als Referent wird Thomas Becker, Mitarbeiter im Natur- und Sternenpark Westhavelland erwartet. Unter dem Titel &#8222;Lichtverschmutzung&#8220; wird er \u00fcber seine Arbeit zum Schutz der Nacht im benachbarten Naturpark berichten.<\/p>\n<div id=\"attachment_13236\" style=\"width: 310px\" class=\"wp-caption aligncenter\"><a href=\"https:\/\/www.naturparkmagazin.de\/stechlin\/wp-content\/uploads\/sites\/38\/IMG_8386.jpg\"><img aria-describedby=\"caption-attachment-13236\" decoding=\"async\" loading=\"lazy\" class=\"size-full wp-image-13236\" src=\"https:\/\/www.naturparkmagazin.de\/stechlin\/wp-content\/uploads\/sites\/38\/IMG_8386.jpg\" alt=\"\" width=\"300\" height=\"500\" srcset=\"https:\/\/www.naturparkmagazin.de\/stechlin\/wp-content\/uploads\/sites\/38\/IMG_8386.jpg 300w, https:\/\/www.naturparkmagazin.de\/stechlin\/wp-content\/uploads\/sites\/38\/IMG_8386-200x333.jpg 200w\" sizes=\"(max-width: 300px) 100vw, 300px\" \/><\/a><p id=\"caption-attachment-13236\" class=\"wp-caption-text\">\u00a9 Andre\u00b4 Kienast<\/p><\/div>\n<p><strong>Inhalte des Vortrages:<\/strong>\nNach einer kurzen Vorstellung des Sternenparks Westhavelland werden Hintergr\u00fcnde, Aufgaben, Ziele und Mittel von Sternenparks beschrieben sowie Best Practice Beispiele aus dem Westhavelland vorgestellt und negative Auswirkungen von Lichtverschmutzung erl\u00e4utert.\nIm Anschluss steht gen\u00fcgend Zeit f\u00fcr eine Diskussion zur Verf\u00fcgung.<\/p>\n","protected":false},"excerpt":{"rendered":"<p>Am 24. M\u00e4rz, 19:30 Uhr l\u00e4dt der F\u00f6rderverein Naturlandschaft Stechlin und Menzer Heide e.V. zum Vortrag \u201eSternenparke \u2013 zum Schutz der Nacht\u201c in die Regionalwerkstatt Stechlin nach Menz ein.<\/p>\n","protected":false},"author":39,"featured_media":13263,"comment_status":"open","ping_status":"open","sticky":false,"template":"","format":"standard","meta":[],"categories":[11],"tags":[],"yoast_head":"<!-- This site is optimized with the Yoast SEO plugin v19.10 - https:\/\/yoast.com\/wordpress\/plugins\/seo\/ -->\n<title>Sternenparke \u2013 zum Schutz der Nacht - Naturpark Stechlin-Ruppiner Land<\/title>\n<meta name=\"robots\" content=\"index, follow, max-snippet:-1, max-image-preview:large, max-video-preview:-1\" \/>\n<link rel=\"canonical\" href=\"https:\/\/www.naturparkmagazin.de\/stechlin\/vortrag-ueber-den-natur-und-sternenpark-westhavelland\/\" \/>\n<meta property=\"og:locale\" content=\"de_DE\" \/>\n<meta property=\"og:type\" content=\"article\" \/>\n<meta property=\"og:title\" content=\"Sternenparke \u2013 zum Schutz der Nacht - Naturpark Stechlin-Ruppiner Land\" \/>\n<meta property=\"og:description\" content=\"Am 24. M\u00e4rz, 19:30 Uhr l\u00e4dt der F\u00f6rderverein Naturlandschaft Stechlin und Menzer Heide e.V. zum Vortrag \u201eSternenparke \u2013 zum Schutz der Nacht\u201c in die Regionalwerkstatt Stechlin nach Menz ein.\" \/>\n<meta property=\"og:url\" content=\"https:\/\/www.naturparkmagazin.de\/stechlin\/vortrag-ueber-den-natur-und-sternenpark-westhavelland\/\" \/>\n<meta property=\"og:site_name\" content=\"Naturpark Stechlin-Ruppiner Land\" \/>\n<meta property=\"article:published_time\" content=\"2023-02-16T15:03:48+00:00\" \/>\n<meta property=\"article:modified_time\" content=\"2023-02-27T07:28:10+00:00\" \/>\n<meta property=\"og:image\" content=\"https:\/\/www.naturparkmagazin.de\/stechlin\/wp-content\/uploads\/sites\/38\/Bild_Vortrag_a.jpg\" \/>\n\t<meta property=\"og:image:width\" content=\"200\" \/>\n\t<meta property=\"og:image:height\" content=\"200\" \/>\n\t<meta property=\"og:image:type\" content=\"image\/jpeg\" \/>\n<meta name=\"author\" content=\"marioschrumpf\" \/>\n<meta name=\"twitter:label1\" content=\"Verfasst von\" \/>\n\t<meta name=\"twitter:data1\" content=\"marioschrumpf\" \/>\n\t<meta name=\"twitter:label2\" content=\"Gesch\u00e4tzte Lesezeit\" \/>\n\t<meta name=\"twitter:data2\" content=\"2\u00a0Minuten\" \/>\n<script type=\"application\/ld+json\" class=\"yoast-schema-graph\">{\"@context\":\"https:\/\/schema.org\",\"@graph\":[{\"@type\":\"WebPage\",\"@id\":\"https:\/\/www.naturparkmagazin.de\/stechlin\/vortrag-ueber-den-natur-und-sternenpark-westhavelland\/\",\"url\":\"https:\/\/www.naturparkmagazin.de\/stechlin\/vortrag-ueber-den-natur-und-sternenpark-westhavelland\/\",\"name\":\"Sternenparke \u2013 zum Schutz der Nacht - Naturpark Stechlin-Ruppiner Land\",\"isPartOf\":{\"@id\":\"https:\/\/www.naturparkmagazin.de\/stechlin\/#website\"},\"datePublished\":\"2023-02-16T15:03:48+00:00\",\"dateModified\":\"2023-02-27T07:28:10+00:00\",\"author\":{\"@id\":\"https:\/\/www.naturparkmagazin.de\/stechlin\/#\/schema\/person\/3f0d93203df21c806dd63c76d9bb28bc\"},\"breadcrumb\":{\"@id\":\"https:\/\/www.naturparkmagazin.de\/stechlin\/vortrag-ueber-den-natur-und-sternenpark-westhavelland\/#breadcrumb\"},\"inLanguage\":\"de\",\"potentialAction\":[{\"@type\":\"ReadAction\",\"target\":[\"https:\/\/www.naturparkmagazin.de\/stechlin\/vortrag-ueber-den-natur-und-sternenpark-westhavelland\/\"]}]},{\"@type\":\"BreadcrumbList\",\"@id\":\"https:\/\/www.naturparkmagazin.de\/stechlin\/vortrag-ueber-den-natur-und-sternenpark-westhavelland\/#breadcrumb\",\"itemListElement\":[{\"@type\":\"ListItem\",\"position\":1,\"name\":\"Home\",\"item\":\"https:\/\/www.naturparkmagazin.de\/stechlin\/\"},{\"@type\":\"ListItem\",\"position\":2,\"name\":\"Sternenparke \u2013 zum Schutz der Nacht\"}]},{\"@type\":\"WebSite\",\"@id\":\"https:\/\/www.naturparkmagazin.de\/stechlin\/#website\",\"url\":\"https:\/\/www.naturparkmagazin.de\/stechlin\/\",\"name\":\"Naturpark Stechlin-Ruppiner Land\",\"description\":\"\",\"potentialAction\":[{\"@type\":\"SearchAction\",\"target\":{\"@type\":\"EntryPoint\",\"urlTemplate\":\"https:\/\/www.naturparkmagazin.de\/stechlin\/?s={search_term_string}\"},\"query-input\":\"required name=search_term_string\"}],\"inLanguage\":\"de\"},{\"@type\":\"Person\",\"@id\":\"https:\/\/www.naturparkmagazin.de\/stechlin\/#\/schema\/person\/3f0d93203df21c806dd63c76d9bb28bc\",\"name\":\"marioschrumpf\",\"url\":\"https:\/\/www.naturparkmagazin.de\/stechlin\/author\/marioschrumpf\/\"}]}<\/script>\n<!-- \/ Yoast SEO plugin. -->","yoast_head_json":{"title":"Sternenparke \u2013 zum Schutz der Nacht - Naturpark Stechlin-Ruppiner Land","robots":{"index":"index","follow":"follow","max-snippet":"max-snippet:-1","max-image-preview":"max-image-preview:large","max-video-preview":"max-video-preview:-1"},"canonical":"https:\/\/www.naturparkmagazin.de\/stechlin\/vortrag-ueber-den-natur-und-sternenpark-westhavelland\/","og_locale":"de_DE","og_type":"article","og_title":"Sternenparke \u2013 zum Schutz der Nacht - Naturpark Stechlin-Ruppiner Land","og_description":"Am 24. M\u00e4rz, 19:30 Uhr l\u00e4dt der F\u00f6rderverein Naturlandschaft Stechlin und Menzer Heide e.V. zum Vortrag \u201eSternenparke \u2013 zum Schutz der Nacht\u201c in die Regionalwerkstatt Stechlin nach Menz ein.","og_url":"https:\/\/www.naturparkmagazin.de\/stechlin\/vortrag-ueber-den-natur-und-sternenpark-westhavelland\/","og_site_name":"Naturpark Stechlin-Ruppiner Land","article_published_time":"2023-02-16T15:03:48+00:00","article_modified_time":"2023-02-27T07:28:10+00:00","og_image":[{"width":200,"height":200,"url":"https:\/\/www.naturparkmagazin.de\/stechlin\/wp-content\/uploads\/sites\/38\/Bild_Vortrag_a.jpg","type":"image\/jpeg"}],"author":"marioschrumpf","twitter_misc":{"Verfasst von":"marioschrumpf","Gesch\u00e4tzte Lesezeit":"2\u00a0Minuten"},"schema":{"@context":"https:\/\/schema.org","@graph":[{"@type":"WebPage","@id":"https:\/\/www.naturparkmagazin.de\/stechlin\/vortrag-ueber-den-natur-und-sternenpark-westhavelland\/","url":"https:\/\/www.naturparkmagazin.de\/stechlin\/vortrag-ueber-den-natur-und-sternenpark-westhavelland\/","name":"Sternenparke \u2013 zum Schutz der Nacht - Naturpark Stechlin-Ruppiner Land","isPartOf":{"@id":"https:\/\/www.naturparkmagazin.de\/stechlin\/#website"},"datePublished":"2023-02-16T15:03:48+00:00","dateModified":"2023-02-27T07:28:10+00:00","author":{"@id":"https:\/\/www.naturparkmagazin.de\/stechlin\/#\/schema\/person\/3f0d93203df21c806dd63c76d9bb28bc"},"breadcrumb":{"@id":"https:\/\/www.naturparkmagazin.de\/stechlin\/vortrag-ueber-den-natur-und-sternenpark-westhavelland\/#breadcrumb"},"inLanguage":"de","potentialAction":[{"@type":"ReadAction","target":["https:\/\/www.naturparkmagazin.de\/stechlin\/vortrag-ueber-den-natur-und-sternenpark-westhavelland\/"]}]},{"@type":"BreadcrumbList","@id":"https:\/\/www.naturparkmagazin.de\/stechlin\/vortrag-ueber-den-natur-und-sternenpark-westhavelland\/#breadcrumb","itemListElement":[{"@type":"ListItem","position":1,"name":"Home","item":"https:\/\/www.naturparkmagazin.de\/stechlin\/"},{"@type":"ListItem","position":2,"name":"Sternenparke \u2013 zum Schutz der Nacht"}]},{"@type":"WebSite","@id":"https:\/\/www.naturparkmagazin.de\/stechlin\/#website","url":"https:\/\/www.naturparkmagazin.de\/stechlin\/","name":"Naturpark Stechlin-Ruppiner Land","description":"","potentialAction":[{"@type":"SearchAction","target":{"@type":"EntryPoint","urlTemplate":"https:\/\/www.naturparkmagazin.de\/stechlin\/?s={search_term_string}"},"query-input":"required name=search_term_string"}],"inLanguage":"de"},{"@type":"Person","@id":"https:\/\/www.naturparkmagazin.de\/stechlin\/#\/schema\/person\/3f0d93203df21c806dd63c76d9bb28bc","name":"marioschrumpf","url":"https:\/\/www.naturparkmagazin.de\/stechlin\/author\/marioschrumpf\/"}]}},"_links":{"self":[{"href":"https:\/\/www.naturparkmagazin.de\/stechlin\/wp-json\/wp\/v2\/posts\/13144"}],"collection":[{"href":"https:\/\/www.naturparkmagazin.de\/stechlin\/wp-json\/wp\/v2\/posts"}],"about":[{"href":"https:\/\/www.naturparkmagazin.de\/stechlin\/wp-json\/wp\/v2\/types\/post"}],"author":[{"embeddable":true,"href":"https:\/\/www.naturparkmagazin.de\/stechlin\/wp-json\/wp\/v2\/users\/39"}],"replies":[{"embeddable":true,"href":"https:\/\/www.naturparkmagazin.de\/stechlin\/wp-json\/wp\/v2\/comments?post=13144"}],"version-history":[{"count":11,"href":"https:\/\/www.naturparkmagazin.de\/stechlin\/wp-json\/wp\/v2\/posts\/13144\/revisions"}],"predecessor-version":[{"id":13260,"href":"https:\/\/www.naturparkmagazin.de\/stechlin\/wp-json\/wp\/v2\/posts\/13144\/revisions\/13260"}],"wp:featuredmedia":[{"embeddable":true,"href":"https:\/\/www.naturparkmagazin.de\/stechlin\/wp-json\/wp\/v2\/media\/13263"}],"wp:attachment":[{"href":"https:\/\/www.naturparkmagazin.de\/stechlin\/wp-json\/wp\/v2\/media?parent=13144"}],"wp:term":[{"taxonomy":"category","embeddable":true,"href":"https:\/\/www.naturparkmagazin.de\/stechlin\/wp-json\/wp\/v2\/categories?post=13144"},{"taxonomy":"post_tag","embeddable":true,"href":"https:\/\/www.naturparkmagazin.de\/stechlin\/wp-json\/wp\/v2\/tags?post=13144"}],"curies":[{"name":"wp","href":"https:\/\/api.w.org\/{rel}","templated":true}]}}