{"id":13148,"date":"2023-02-16T16:05:25","date_gmt":"2023-02-16T15:05:25","guid":{"rendered":"https:\/\/www.naturparkmagazin.de\/stechlin\/?p=13148"},"modified":"2025-06-19T13:38:15","modified_gmt":"2025-06-19T11:38:15","slug":"__trashed-2","status":"publish","type":"post","link":"https:\/\/www.naturparkmagazin.de\/stechlin\/__trashed-2\/","title":{"rendered":"Fotoausstellung in der Galerie Kunstkate Kraatz (2023)"},"content":{"rendered":"<p>Die K\u00fcnstlerin Kerstin W\u00fcstenh\u00f6fer zeigt Fotografien zum Thema: &#8222;Wasser &#8211; lebensnotwendige Ressource &#8211; Sch\u00f6nheit der Natur.<\/p>\n<p>Die pr\u00e4sentierten Fotografien hat Kerstin W\u00fcstenh\u00f6fer auf Reisen durch die fast unber\u00fchrte Natur in Brandenburg und durch die Stadt Berlin aufgenommen. Kontrastierend wechseln auch in den vertonten Pr\u00e4sentationen von Marcel Schwarz und dem Filmbeitrag von Joachim Wolter Ruhe und Bewegung, k\u00fchle und impulsive Stimmungen einander ab: Eine Hommage an die Sch\u00f6nheit der Natur, die sich Teile der Zivilisation zur\u00fcckerobert.<\/p>\n<p>Diese Ausstellung legt den inhaltlichen Schwerpunkt auf den Landkreis Oberhavel im Land Brandenburg. Pr\u00e4sentiert werden vor allem stimmungsvolle und romantische Wasserlandschaften.\nIn ihnen verbindet sich Sch\u00f6nheit mit Morbidit\u00e4t, Leichtigkeit und Freude an der Natur mit Melancholie.<\/p>\n<p>Die Impressionen, Farben, Lichtverh\u00e4ltnisse und Strukturen am Wasser werden zu unterschiedlichen Tages- und Jahreszeiten eingefangen. Wie ihre Malerei zeugt auch die Fotografie der K\u00fcnstlerin von starker Emotionalit\u00e4t.<\/p>\n<p>Zum <strong>Tag des Offenen Ateliers Samstag, 06.05.2023 und Sonntag, 07.05.2023<\/strong> wird die <strong>Ausstellung<\/strong> aus dem Atelier von Kerstin W\u00fcstenh\u00f6fer erg\u00e4nzt durch die Vertonung ihrer Fotografien durch Marcel Schwarz sowie den Filmbeitrag von Joachim Wolter.<\/p>\n<p>Galeristin Manuela R\u00f6hken und K\u00fcnstlerin Kerstin W\u00fcstenh\u00f6fer sind anwesend.<\/p>\n<p><strong>Dauer der Ausstellung:<\/strong> <strong>05.03.2023 bis 31.05.2023<\/strong><\/p>\n<p><strong>\u00d6ffnungszeiten<\/strong> nach Anmeldung, zu Veranstaltungen und an den Tagen des Offenen Ateliers<\/p>\n","protected":false},"excerpt":{"rendered":"<p>Die K\u00fcnstlerin Kerstin W\u00fcstenh\u00f6fer zeigt Fotografien zum Thema: &#8222;Wasser &#8211; lebensnotwendige Ressource &#8211; Sch\u00f6nheit der Natur.<\/p>\n","protected":false},"author":39,"featured_media":13247,"comment_status":"open","ping_status":"open","sticky":false,"template":"","format":"standard","meta":[],"categories":[11],"tags":[],"yoast_head":"<!-- This site is optimized with the Yoast SEO plugin v19.10 - https:\/\/yoast.com\/wordpress\/plugins\/seo\/ -->\n<title>Fotoausstellung in der Galerie Kunstkate Kraatz (2023) - Naturpark Stechlin-Ruppiner Land<\/title>\n<meta name=\"robots\" content=\"index, follow, max-snippet:-1, max-image-preview:large, max-video-preview:-1\" \/>\n<link rel=\"canonical\" href=\"https:\/\/www.naturparkmagazin.de\/stechlin\/__trashed-2\/\" \/>\n<meta property=\"og:locale\" content=\"de_DE\" \/>\n<meta property=\"og:type\" content=\"article\" \/>\n<meta property=\"og:title\" content=\"Fotoausstellung in der Galerie Kunstkate Kraatz (2023) - Naturpark Stechlin-Ruppiner Land\" \/>\n<meta property=\"og:description\" content=\"Die K\u00fcnstlerin Kerstin W\u00fcstenh\u00f6fer zeigt Fotografien zum Thema: &quot;Wasser - lebensnotwendige Ressource - Sch\u00f6nheit der Natur.\" \/>\n<meta property=\"og:url\" content=\"https:\/\/www.naturparkmagazin.de\/stechlin\/__trashed-2\/\" \/>\n<meta property=\"og:site_name\" content=\"Naturpark Stechlin-Ruppiner Land\" \/>\n<meta property=\"article:published_time\" content=\"2023-02-16T15:05:25+00:00\" \/>\n<meta property=\"article:modified_time\" content=\"2025-06-19T11:38:15+00:00\" \/>\n<meta property=\"og:image\" content=\"https:\/\/www.naturparkmagazin.de\/stechlin\/wp-content\/uploads\/sites\/38\/wuestenhoefer-flyer-Ausstellungseroeffnung-Kraatz-5.-Maerz_a.jpg\" \/>\n\t<meta property=\"og:image:width\" content=\"200\" \/>\n\t<meta property=\"og:image:height\" content=\"200\" \/>\n\t<meta property=\"og:image:type\" content=\"image\/jpeg\" \/>\n<meta name=\"author\" content=\"marioschrumpf\" \/>\n<meta name=\"twitter:label1\" content=\"Verfasst von\" \/>\n\t<meta name=\"twitter:data1\" content=\"marioschrumpf\" \/>\n\t<meta name=\"twitter:label2\" content=\"Gesch\u00e4tzte Lesezeit\" \/>\n\t<meta name=\"twitter:data2\" content=\"2\u00a0Minuten\" \/>\n<script type=\"application\/ld+json\" class=\"yoast-schema-graph\">{\"@context\":\"https:\/\/schema.org\",\"@graph\":[{\"@type\":\"WebPage\",\"@id\":\"https:\/\/www.naturparkmagazin.de\/stechlin\/__trashed-2\/\",\"url\":\"https:\/\/www.naturparkmagazin.de\/stechlin\/__trashed-2\/\",\"name\":\"Fotoausstellung in der Galerie Kunstkate Kraatz (2023) - Naturpark Stechlin-Ruppiner Land\",\"isPartOf\":{\"@id\":\"https:\/\/www.naturparkmagazin.de\/stechlin\/#website\"},\"datePublished\":\"2023-02-16T15:05:25+00:00\",\"dateModified\":\"2025-06-19T11:38:15+00:00\",\"author\":{\"@id\":\"https:\/\/www.naturparkmagazin.de\/stechlin\/#\/schema\/person\/3f0d93203df21c806dd63c76d9bb28bc\"},\"breadcrumb\":{\"@id\":\"https:\/\/www.naturparkmagazin.de\/stechlin\/__trashed-2\/#breadcrumb\"},\"inLanguage\":\"de\",\"potentialAction\":[{\"@type\":\"ReadAction\",\"target\":[\"https:\/\/www.naturparkmagazin.de\/stechlin\/__trashed-2\/\"]}]},{\"@type\":\"BreadcrumbList\",\"@id\":\"https:\/\/www.naturparkmagazin.de\/stechlin\/__trashed-2\/#breadcrumb\",\"itemListElement\":[{\"@type\":\"ListItem\",\"position\":1,\"name\":\"Home\",\"item\":\"https:\/\/www.naturparkmagazin.de\/stechlin\/\"},{\"@type\":\"ListItem\",\"position\":2,\"name\":\"Fotoausstellung in der Galerie Kunstkate Kraatz (2023)\"}]},{\"@type\":\"WebSite\",\"@id\":\"https:\/\/www.naturparkmagazin.de\/stechlin\/#website\",\"url\":\"https:\/\/www.naturparkmagazin.de\/stechlin\/\",\"name\":\"Naturpark Stechlin-Ruppiner Land\",\"description\":\"\",\"potentialAction\":[{\"@type\":\"SearchAction\",\"target\":{\"@type\":\"EntryPoint\",\"urlTemplate\":\"https:\/\/www.naturparkmagazin.de\/stechlin\/?s={search_term_string}\"},\"query-input\":\"required name=search_term_string\"}],\"inLanguage\":\"de\"},{\"@type\":\"Person\",\"@id\":\"https:\/\/www.naturparkmagazin.de\/stechlin\/#\/schema\/person\/3f0d93203df21c806dd63c76d9bb28bc\",\"name\":\"marioschrumpf\",\"url\":\"https:\/\/www.naturparkmagazin.de\/stechlin\/author\/marioschrumpf\/\"}]}<\/script>\n<!-- \/ Yoast SEO plugin. -->","yoast_head_json":{"title":"Fotoausstellung in der Galerie Kunstkate Kraatz (2023) - Naturpark Stechlin-Ruppiner Land","robots":{"index":"index","follow":"follow","max-snippet":"max-snippet:-1","max-image-preview":"max-image-preview:large","max-video-preview":"max-video-preview:-1"},"canonical":"https:\/\/www.naturparkmagazin.de\/stechlin\/__trashed-2\/","og_locale":"de_DE","og_type":"article","og_title":"Fotoausstellung in der Galerie Kunstkate Kraatz (2023) - Naturpark Stechlin-Ruppiner Land","og_description":"Die K\u00fcnstlerin Kerstin W\u00fcstenh\u00f6fer zeigt Fotografien zum Thema: \"Wasser - lebensnotwendige Ressource - Sch\u00f6nheit der Natur.","og_url":"https:\/\/www.naturparkmagazin.de\/stechlin\/__trashed-2\/","og_site_name":"Naturpark Stechlin-Ruppiner Land","article_published_time":"2023-02-16T15:05:25+00:00","article_modified_time":"2025-06-19T11:38:15+00:00","og_image":[{"width":200,"height":200,"url":"https:\/\/www.naturparkmagazin.de\/stechlin\/wp-content\/uploads\/sites\/38\/wuestenhoefer-flyer-Ausstellungseroeffnung-Kraatz-5.-Maerz_a.jpg","type":"image\/jpeg"}],"author":"marioschrumpf","twitter_misc":{"Verfasst von":"marioschrumpf","Gesch\u00e4tzte Lesezeit":"2\u00a0Minuten"},"schema":{"@context":"https:\/\/schema.org","@graph":[{"@type":"WebPage","@id":"https:\/\/www.naturparkmagazin.de\/stechlin\/__trashed-2\/","url":"https:\/\/www.naturparkmagazin.de\/stechlin\/__trashed-2\/","name":"Fotoausstellung in der Galerie Kunstkate Kraatz (2023) - Naturpark Stechlin-Ruppiner Land","isPartOf":{"@id":"https:\/\/www.naturparkmagazin.de\/stechlin\/#website"},"datePublished":"2023-02-16T15:05:25+00:00","dateModified":"2025-06-19T11:38:15+00:00","author":{"@id":"https:\/\/www.naturparkmagazin.de\/stechlin\/#\/schema\/person\/3f0d93203df21c806dd63c76d9bb28bc"},"breadcrumb":{"@id":"https:\/\/www.naturparkmagazin.de\/stechlin\/__trashed-2\/#breadcrumb"},"inLanguage":"de","potentialAction":[{"@type":"ReadAction","target":["https:\/\/www.naturparkmagazin.de\/stechlin\/__trashed-2\/"]}]},{"@type":"BreadcrumbList","@id":"https:\/\/www.naturparkmagazin.de\/stechlin\/__trashed-2\/#breadcrumb","itemListElement":[{"@type":"ListItem","position":1,"name":"Home","item":"https:\/\/www.naturparkmagazin.de\/stechlin\/"},{"@type":"ListItem","position":2,"name":"Fotoausstellung in der Galerie Kunstkate Kraatz (2023)"}]},{"@type":"WebSite","@id":"https:\/\/www.naturparkmagazin.de\/stechlin\/#website","url":"https:\/\/www.naturparkmagazin.de\/stechlin\/","name":"Naturpark Stechlin-Ruppiner Land","description":"","potentialAction":[{"@type":"SearchAction","target":{"@type":"EntryPoint","urlTemplate":"https:\/\/www.naturparkmagazin.de\/stechlin\/?s={search_term_string}"},"query-input":"required name=search_term_string"}],"inLanguage":"de"},{"@type":"Person","@id":"https:\/\/www.naturparkmagazin.de\/stechlin\/#\/schema\/person\/3f0d93203df21c806dd63c76d9bb28bc","name":"marioschrumpf","url":"https:\/\/www.naturparkmagazin.de\/stechlin\/author\/marioschrumpf\/"}]}},"_links":{"self":[{"href":"https:\/\/www.naturparkmagazin.de\/stechlin\/wp-json\/wp\/v2\/posts\/13148"}],"collection":[{"href":"https:\/\/www.naturparkmagazin.de\/stechlin\/wp-json\/wp\/v2\/posts"}],"about":[{"href":"https:\/\/www.naturparkmagazin.de\/stechlin\/wp-json\/wp\/v2\/types\/post"}],"author":[{"embeddable":true,"href":"https:\/\/www.naturparkmagazin.de\/stechlin\/wp-json\/wp\/v2\/users\/39"}],"replies":[{"embeddable":true,"href":"https:\/\/www.naturparkmagazin.de\/stechlin\/wp-json\/wp\/v2\/comments?post=13148"}],"version-history":[{"count":3,"href":"https:\/\/www.naturparkmagazin.de\/stechlin\/wp-json\/wp\/v2\/posts\/13148\/revisions"}],"predecessor-version":[{"id":17503,"href":"https:\/\/www.naturparkmagazin.de\/stechlin\/wp-json\/wp\/v2\/posts\/13148\/revisions\/17503"}],"wp:featuredmedia":[{"embeddable":true,"href":"https:\/\/www.naturparkmagazin.de\/stechlin\/wp-json\/wp\/v2\/media\/13247"}],"wp:attachment":[{"href":"https:\/\/www.naturparkmagazin.de\/stechlin\/wp-json\/wp\/v2\/media?parent=13148"}],"wp:term":[{"taxonomy":"category","embeddable":true,"href":"https:\/\/www.naturparkmagazin.de\/stechlin\/wp-json\/wp\/v2\/categories?post=13148"},{"taxonomy":"post_tag","embeddable":true,"href":"https:\/\/www.naturparkmagazin.de\/stechlin\/wp-json\/wp\/v2\/tags?post=13148"}],"curies":[{"name":"wp","href":"https:\/\/api.w.org\/{rel}","templated":true}]}}