{"id":13300,"date":"2023-03-20T15:02:15","date_gmt":"2023-03-20T14:02:15","guid":{"rendered":"https:\/\/www.naturparkmagazin.de\/stechlin\/?p=13300"},"modified":"2023-03-27T09:31:15","modified_gmt":"2023-03-27T07:31:15","slug":"alle-an-einem-strang-fuer-den-horst","status":"publish","type":"post","link":"https:\/\/www.naturparkmagazin.de\/stechlin\/alle-an-einem-strang-fuer-den-horst\/","title":{"rendered":"Feuerwehr ohne Feuer"},"content":{"rendered":"<p>Dieser Einsatz der Freiwilligen Feuerwehr Lindow (Mark) war von langer Hand vorbereitet und konnte ohne Brand- oder Wassersch\u00e4den abgeschlossen werden. So haben die NABU-Ortsgruppe Rheinsberg-Lindow (Mark), der Ortsbeirat Hindenberg, der B\u00fcrgermeister der Stadt Lindow (Mark), die Freiwillige Feuerwehr und die Naturwacht einen schon lang gehegten Plan umgesetzt:<\/p>\n<p>Es sollte ein neuer Kunsthorst f\u00fcr den Wei\u00dfstorch auf die bestehende Nisthilfe in Hindenberg aufgebracht werden.<\/p>\n<div id=\"attachment_13308\" style=\"width: 310px\" class=\"wp-caption aligncenter\"><a href=\"https:\/\/www.naturparkmagazin.de\/stechlin\/wp-content\/uploads\/sites\/38\/IMG-20230301-WA0006_b.jpg\"><img aria-describedby=\"caption-attachment-13308\" decoding=\"async\" loading=\"lazy\" class=\"size-full wp-image-13308\" src=\"https:\/\/www.naturparkmagazin.de\/stechlin\/wp-content\/uploads\/sites\/38\/IMG-20230301-WA0006_b.jpg\" alt=\"\" width=\"300\" height=\"500\" srcset=\"https:\/\/www.naturparkmagazin.de\/stechlin\/wp-content\/uploads\/sites\/38\/IMG-20230301-WA0006_b.jpg 300w, https:\/\/www.naturparkmagazin.de\/stechlin\/wp-content\/uploads\/sites\/38\/IMG-20230301-WA0006_b-200x333.jpg 200w\" sizes=\"(max-width: 300px) 100vw, 300px\" \/><\/a><p id=\"caption-attachment-13308\" class=\"wp-caption-text\">Vorbereitung ist alles. Material und Werkzeug f\u00fcr den bevorstehenden Aufstieg und Einbau. Der Weidenkorb als neues Domizil sowie ein Eimer mit Kalk-Lehm-Schl\u00e4mme nebst losen Weiden\u00e4sten (oben) und eine Wanne mit Grassoden (unten).\u00a9 Ute Steffenhagen<\/p><\/div>\n<p>Der bisherige Horst war in den vergangenen Jahren von den anfliegenden Storchenpaaren nicht mehr angenommen worden. Das lag zum einen an den schwierigeren Bedingungen zur Nahrungsbeschaffung in den letzten Trockenjahren und zum anderen an dem schon arg ramponierten Rest des ehemaligen Horstes.<\/p>\n<div id=\"attachment_13310\" style=\"width: 310px\" class=\"wp-caption aligncenter\"><a href=\"https:\/\/www.naturparkmagazin.de\/stechlin\/wp-content\/uploads\/sites\/38\/IMG-20230301-WA0008_b.jpg\"><img aria-describedby=\"caption-attachment-13310\" decoding=\"async\" loading=\"lazy\" class=\"size-thumbnail wp-image-13310\" src=\"https:\/\/www.naturparkmagazin.de\/stechlin\/wp-content\/uploads\/sites\/38\/IMG-20230301-WA0008_b-300x180.jpg\" alt=\"\" width=\"300\" height=\"180\" srcset=\"https:\/\/www.naturparkmagazin.de\/stechlin\/wp-content\/uploads\/sites\/38\/IMG-20230301-WA0008_b-300x180.jpg 300w, https:\/\/www.naturparkmagazin.de\/stechlin\/wp-content\/uploads\/sites\/38\/IMG-20230301-WA0008_b-200x120.jpg 200w, https:\/\/www.naturparkmagazin.de\/stechlin\/wp-content\/uploads\/sites\/38\/IMG-20230301-WA0008_b.jpg 500w\" sizes=\"(max-width: 300px) 100vw, 300px\" \/><\/a><p id=\"caption-attachment-13310\" class=\"wp-caption-text\">Grassoden werden in die Hubleiter zu den Feuerwehrleuten gehoben. Oben im Nest sollen sie die unterste Lage bilden und so einen bestehenden Althorst simulieren.\u00a9 Ute Steffenhagen<\/p><\/div>\n<div id=\"attachment_13309\" style=\"width: 310px\" class=\"wp-caption aligncenter\"><a href=\"https:\/\/www.naturparkmagazin.de\/stechlin\/wp-content\/uploads\/sites\/38\/IMG-20230301-WA0007_b.jpg\"><img aria-describedby=\"caption-attachment-13309\" decoding=\"async\" loading=\"lazy\" class=\"size-thumbnail wp-image-13309\" src=\"https:\/\/www.naturparkmagazin.de\/stechlin\/wp-content\/uploads\/sites\/38\/IMG-20230301-WA0007_b-300x180.jpg\" alt=\"\" width=\"300\" height=\"180\" srcset=\"https:\/\/www.naturparkmagazin.de\/stechlin\/wp-content\/uploads\/sites\/38\/IMG-20230301-WA0007_b-300x180.jpg 300w, https:\/\/www.naturparkmagazin.de\/stechlin\/wp-content\/uploads\/sites\/38\/IMG-20230301-WA0007_b-200x120.jpg 200w, https:\/\/www.naturparkmagazin.de\/stechlin\/wp-content\/uploads\/sites\/38\/IMG-20230301-WA0007_b.jpg 500w\" sizes=\"(max-width: 300px) 100vw, 300px\" \/><\/a><p id=\"caption-attachment-13309\" class=\"wp-caption-text\">Die Hubleiter tr\u00e4gt neben den flei\u00dfigen Feuerwehrm\u00e4nnern auch das ganze Equipment nach oben; so auch lose Weiden\u00e4ste, die die St\u00f6rche sofort verbauen k\u00f6nnen.\u00a9 Ute Steffenhagen<\/p><\/div>\n<p>Die Naturwacht spendete die korbartige &#8222;Starthilfe&#8220;, der NABU organisierte die &#8222;Einrichtung&#8220; des neuen Zuhauses und die Feuerwehr befestigte das Ganze in luftiger H\u00f6he.<\/p>\n<div id=\"attachment_13311\" style=\"width: 310px\" class=\"wp-caption aligncenter\"><a href=\"https:\/\/www.naturparkmagazin.de\/stechlin\/wp-content\/uploads\/sites\/38\/IMG-20230301-WA0009_b.jpg\"><img aria-describedby=\"caption-attachment-13311\" decoding=\"async\" loading=\"lazy\" class=\"size-thumbnail wp-image-13311\" src=\"https:\/\/www.naturparkmagazin.de\/stechlin\/wp-content\/uploads\/sites\/38\/IMG-20230301-WA0009_b-300x180.jpg\" alt=\"\" width=\"300\" height=\"180\" srcset=\"https:\/\/www.naturparkmagazin.de\/stechlin\/wp-content\/uploads\/sites\/38\/IMG-20230301-WA0009_b-300x180.jpg 300w, https:\/\/www.naturparkmagazin.de\/stechlin\/wp-content\/uploads\/sites\/38\/IMG-20230301-WA0009_b-200x120.jpg 200w, https:\/\/www.naturparkmagazin.de\/stechlin\/wp-content\/uploads\/sites\/38\/IMG-20230301-WA0009_b.jpg 500w\" sizes=\"(max-width: 300px) 100vw, 300px\" \/><\/a><p id=\"caption-attachment-13311\" class=\"wp-caption-text\">Arbeiten in luftigen H\u00f6hen &#8211; eine Gemeinsamkeit der Feuerwehr mit dem vorgesehenen &#8222;Mietern&#8220;.\u00a9 Ute Steffenhagen<\/p><\/div>\n<div id=\"attachment_13306\" style=\"width: 310px\" class=\"wp-caption aligncenter\"><a href=\"https:\/\/www.naturparkmagazin.de\/stechlin\/wp-content\/uploads\/sites\/38\/IMG-20230301-WA0003_b.jpg\"><img aria-describedby=\"caption-attachment-13306\" decoding=\"async\" loading=\"lazy\" class=\"size-thumbnail wp-image-13306\" src=\"https:\/\/www.naturparkmagazin.de\/stechlin\/wp-content\/uploads\/sites\/38\/IMG-20230301-WA0003_b-300x180.jpg\" alt=\"\" width=\"300\" height=\"180\" srcset=\"https:\/\/www.naturparkmagazin.de\/stechlin\/wp-content\/uploads\/sites\/38\/IMG-20230301-WA0003_b-300x180.jpg 300w, https:\/\/www.naturparkmagazin.de\/stechlin\/wp-content\/uploads\/sites\/38\/IMG-20230301-WA0003_b-200x120.jpg 200w, https:\/\/www.naturparkmagazin.de\/stechlin\/wp-content\/uploads\/sites\/38\/IMG-20230301-WA0003_b.jpg 500w\" sizes=\"(max-width: 300px) 100vw, 300px\" \/><\/a><p id=\"caption-attachment-13306\" class=\"wp-caption-text\">Fertig vorbereitet f\u00fcr den Bezug!Der Weidenkorb ist angebracht, Grassoden, Kalk-Lehm-Schl\u00e4mme (getrocknet sieht diese wie eine Hinterlassenschaft anderer St\u00f6rche aus) und vorbereitete \u00c4ste sind im Nest.\u00a9 Ute Steffenhagen<\/p><\/div>\n<div id=\"attachment_13307\" style=\"width: 310px\" class=\"wp-caption aligncenter\"><a href=\"https:\/\/www.naturparkmagazin.de\/stechlin\/wp-content\/uploads\/sites\/38\/IMG-20230301-WA0004_b.jpg\"><img aria-describedby=\"caption-attachment-13307\" decoding=\"async\" loading=\"lazy\" class=\"size-full wp-image-13307\" src=\"https:\/\/www.naturparkmagazin.de\/stechlin\/wp-content\/uploads\/sites\/38\/IMG-20230301-WA0004_b.jpg\" alt=\"\" width=\"300\" height=\"500\" srcset=\"https:\/\/www.naturparkmagazin.de\/stechlin\/wp-content\/uploads\/sites\/38\/IMG-20230301-WA0004_b.jpg 300w, https:\/\/www.naturparkmagazin.de\/stechlin\/wp-content\/uploads\/sites\/38\/IMG-20230301-WA0004_b-200x333.jpg 200w\" sizes=\"(max-width: 300px) 100vw, 300px\" \/><\/a><p id=\"caption-attachment-13307\" class=\"wp-caption-text\">Ein Blick in den fertigen Host und dar\u00fcber hinaus verr\u00e4t: Haus ist da, Landschaft auch!\u00a9 Ute Steffenhagen<\/p><\/div>\n<p>&nbsp;<\/p>\n","protected":false},"excerpt":{"rendered":"<p>Eine neue &#8222;Starthilfe&#8220; f\u00fcr den Horstbau verschafft dem Wei\u00dfstorch in Hindenberg wieder bessere Voraussetzung f\u00fcr eine erfolgreiche Brut.<\/p>\n","protected":false},"author":39,"featured_media":13305,"comment_status":"open","ping_status":"open","sticky":false,"template":"","format":"standard","meta":[],"categories":[7],"tags":[],"yoast_head":"<!-- This site is optimized with the Yoast SEO plugin v19.10 - https:\/\/yoast.com\/wordpress\/plugins\/seo\/ -->\n<title>Feuerwehr ohne Feuer - Naturpark Stechlin-Ruppiner Land<\/title>\n<meta name=\"robots\" content=\"index, follow, max-snippet:-1, max-image-preview:large, max-video-preview:-1\" \/>\n<link rel=\"canonical\" href=\"https:\/\/www.naturparkmagazin.de\/stechlin\/alle-an-einem-strang-fuer-den-horst\/\" \/>\n<meta property=\"og:locale\" content=\"de_DE\" \/>\n<meta property=\"og:type\" content=\"article\" \/>\n<meta property=\"og:title\" content=\"Feuerwehr ohne Feuer - Naturpark Stechlin-Ruppiner Land\" \/>\n<meta property=\"og:description\" content=\"Eine neue &quot;Starthilfe&quot; f\u00fcr den Horstbau verschafft dem Wei\u00dfstorch in Hindenberg wieder bessere Voraussetzung f\u00fcr eine erfolgreiche Brut.\" \/>\n<meta property=\"og:url\" content=\"https:\/\/www.naturparkmagazin.de\/stechlin\/alle-an-einem-strang-fuer-den-horst\/\" \/>\n<meta property=\"og:site_name\" content=\"Naturpark Stechlin-Ruppiner Land\" \/>\n<meta property=\"article:published_time\" content=\"2023-03-20T14:02:15+00:00\" \/>\n<meta property=\"article:modified_time\" content=\"2023-03-27T07:31:15+00:00\" \/>\n<meta property=\"og:image\" content=\"https:\/\/www.naturparkmagazin.de\/stechlin\/wp-content\/uploads\/sites\/38\/IMG-20230301-WA0001_a.jpg\" \/>\n\t<meta property=\"og:image:width\" content=\"200\" \/>\n\t<meta property=\"og:image:height\" content=\"200\" \/>\n\t<meta property=\"og:image:type\" content=\"image\/jpeg\" \/>\n<meta name=\"author\" content=\"marioschrumpf\" \/>\n<meta name=\"twitter:label1\" content=\"Verfasst von\" \/>\n\t<meta name=\"twitter:data1\" content=\"marioschrumpf\" \/>\n\t<meta name=\"twitter:label2\" content=\"Gesch\u00e4tzte Lesezeit\" \/>\n\t<meta name=\"twitter:data2\" content=\"3\u00a0Minuten\" \/>\n<script type=\"application\/ld+json\" class=\"yoast-schema-graph\">{\"@context\":\"https:\/\/schema.org\",\"@graph\":[{\"@type\":\"WebPage\",\"@id\":\"https:\/\/www.naturparkmagazin.de\/stechlin\/alle-an-einem-strang-fuer-den-horst\/\",\"url\":\"https:\/\/www.naturparkmagazin.de\/stechlin\/alle-an-einem-strang-fuer-den-horst\/\",\"name\":\"Feuerwehr ohne Feuer - Naturpark Stechlin-Ruppiner Land\",\"isPartOf\":{\"@id\":\"https:\/\/www.naturparkmagazin.de\/stechlin\/#website\"},\"datePublished\":\"2023-03-20T14:02:15+00:00\",\"dateModified\":\"2023-03-27T07:31:15+00:00\",\"author\":{\"@id\":\"https:\/\/www.naturparkmagazin.de\/stechlin\/#\/schema\/person\/3f0d93203df21c806dd63c76d9bb28bc\"},\"breadcrumb\":{\"@id\":\"https:\/\/www.naturparkmagazin.de\/stechlin\/alle-an-einem-strang-fuer-den-horst\/#breadcrumb\"},\"inLanguage\":\"de\",\"potentialAction\":[{\"@type\":\"ReadAction\",\"target\":[\"https:\/\/www.naturparkmagazin.de\/stechlin\/alle-an-einem-strang-fuer-den-horst\/\"]}]},{\"@type\":\"BreadcrumbList\",\"@id\":\"https:\/\/www.naturparkmagazin.de\/stechlin\/alle-an-einem-strang-fuer-den-horst\/#breadcrumb\",\"itemListElement\":[{\"@type\":\"ListItem\",\"position\":1,\"name\":\"Home\",\"item\":\"https:\/\/www.naturparkmagazin.de\/stechlin\/\"},{\"@type\":\"ListItem\",\"position\":2,\"name\":\"Feuerwehr ohne Feuer\"}]},{\"@type\":\"WebSite\",\"@id\":\"https:\/\/www.naturparkmagazin.de\/stechlin\/#website\",\"url\":\"https:\/\/www.naturparkmagazin.de\/stechlin\/\",\"name\":\"Naturpark Stechlin-Ruppiner Land\",\"description\":\"\",\"potentialAction\":[{\"@type\":\"SearchAction\",\"target\":{\"@type\":\"EntryPoint\",\"urlTemplate\":\"https:\/\/www.naturparkmagazin.de\/stechlin\/?s={search_term_string}\"},\"query-input\":\"required name=search_term_string\"}],\"inLanguage\":\"de\"},{\"@type\":\"Person\",\"@id\":\"https:\/\/www.naturparkmagazin.de\/stechlin\/#\/schema\/person\/3f0d93203df21c806dd63c76d9bb28bc\",\"name\":\"marioschrumpf\",\"url\":\"https:\/\/www.naturparkmagazin.de\/stechlin\/author\/marioschrumpf\/\"}]}<\/script>\n<!-- \/ Yoast SEO plugin. -->","yoast_head_json":{"title":"Feuerwehr ohne Feuer - Naturpark Stechlin-Ruppiner Land","robots":{"index":"index","follow":"follow","max-snippet":"max-snippet:-1","max-image-preview":"max-image-preview:large","max-video-preview":"max-video-preview:-1"},"canonical":"https:\/\/www.naturparkmagazin.de\/stechlin\/alle-an-einem-strang-fuer-den-horst\/","og_locale":"de_DE","og_type":"article","og_title":"Feuerwehr ohne Feuer - Naturpark Stechlin-Ruppiner Land","og_description":"Eine neue \"Starthilfe\" f\u00fcr den Horstbau verschafft dem Wei\u00dfstorch in Hindenberg wieder bessere Voraussetzung f\u00fcr eine erfolgreiche Brut.","og_url":"https:\/\/www.naturparkmagazin.de\/stechlin\/alle-an-einem-strang-fuer-den-horst\/","og_site_name":"Naturpark Stechlin-Ruppiner Land","article_published_time":"2023-03-20T14:02:15+00:00","article_modified_time":"2023-03-27T07:31:15+00:00","og_image":[{"width":200,"height":200,"url":"https:\/\/www.naturparkmagazin.de\/stechlin\/wp-content\/uploads\/sites\/38\/IMG-20230301-WA0001_a.jpg","type":"image\/jpeg"}],"author":"marioschrumpf","twitter_misc":{"Verfasst von":"marioschrumpf","Gesch\u00e4tzte Lesezeit":"3\u00a0Minuten"},"schema":{"@context":"https:\/\/schema.org","@graph":[{"@type":"WebPage","@id":"https:\/\/www.naturparkmagazin.de\/stechlin\/alle-an-einem-strang-fuer-den-horst\/","url":"https:\/\/www.naturparkmagazin.de\/stechlin\/alle-an-einem-strang-fuer-den-horst\/","name":"Feuerwehr ohne Feuer - Naturpark Stechlin-Ruppiner Land","isPartOf":{"@id":"https:\/\/www.naturparkmagazin.de\/stechlin\/#website"},"datePublished":"2023-03-20T14:02:15+00:00","dateModified":"2023-03-27T07:31:15+00:00","author":{"@id":"https:\/\/www.naturparkmagazin.de\/stechlin\/#\/schema\/person\/3f0d93203df21c806dd63c76d9bb28bc"},"breadcrumb":{"@id":"https:\/\/www.naturparkmagazin.de\/stechlin\/alle-an-einem-strang-fuer-den-horst\/#breadcrumb"},"inLanguage":"de","potentialAction":[{"@type":"ReadAction","target":["https:\/\/www.naturparkmagazin.de\/stechlin\/alle-an-einem-strang-fuer-den-horst\/"]}]},{"@type":"BreadcrumbList","@id":"https:\/\/www.naturparkmagazin.de\/stechlin\/alle-an-einem-strang-fuer-den-horst\/#breadcrumb","itemListElement":[{"@type":"ListItem","position":1,"name":"Home","item":"https:\/\/www.naturparkmagazin.de\/stechlin\/"},{"@type":"ListItem","position":2,"name":"Feuerwehr ohne Feuer"}]},{"@type":"WebSite","@id":"https:\/\/www.naturparkmagazin.de\/stechlin\/#website","url":"https:\/\/www.naturparkmagazin.de\/stechlin\/","name":"Naturpark Stechlin-Ruppiner Land","description":"","potentialAction":[{"@type":"SearchAction","target":{"@type":"EntryPoint","urlTemplate":"https:\/\/www.naturparkmagazin.de\/stechlin\/?s={search_term_string}"},"query-input":"required name=search_term_string"}],"inLanguage":"de"},{"@type":"Person","@id":"https:\/\/www.naturparkmagazin.de\/stechlin\/#\/schema\/person\/3f0d93203df21c806dd63c76d9bb28bc","name":"marioschrumpf","url":"https:\/\/www.naturparkmagazin.de\/stechlin\/author\/marioschrumpf\/"}]}},"_links":{"self":[{"href":"https:\/\/www.naturparkmagazin.de\/stechlin\/wp-json\/wp\/v2\/posts\/13300"}],"collection":[{"href":"https:\/\/www.naturparkmagazin.de\/stechlin\/wp-json\/wp\/v2\/posts"}],"about":[{"href":"https:\/\/www.naturparkmagazin.de\/stechlin\/wp-json\/wp\/v2\/types\/post"}],"author":[{"embeddable":true,"href":"https:\/\/www.naturparkmagazin.de\/stechlin\/wp-json\/wp\/v2\/users\/39"}],"replies":[{"embeddable":true,"href":"https:\/\/www.naturparkmagazin.de\/stechlin\/wp-json\/wp\/v2\/comments?post=13300"}],"version-history":[{"count":12,"href":"https:\/\/www.naturparkmagazin.de\/stechlin\/wp-json\/wp\/v2\/posts\/13300\/revisions"}],"predecessor-version":[{"id":13395,"href":"https:\/\/www.naturparkmagazin.de\/stechlin\/wp-json\/wp\/v2\/posts\/13300\/revisions\/13395"}],"wp:featuredmedia":[{"embeddable":true,"href":"https:\/\/www.naturparkmagazin.de\/stechlin\/wp-json\/wp\/v2\/media\/13305"}],"wp:attachment":[{"href":"https:\/\/www.naturparkmagazin.de\/stechlin\/wp-json\/wp\/v2\/media?parent=13300"}],"wp:term":[{"taxonomy":"category","embeddable":true,"href":"https:\/\/www.naturparkmagazin.de\/stechlin\/wp-json\/wp\/v2\/categories?post=13300"},{"taxonomy":"post_tag","embeddable":true,"href":"https:\/\/www.naturparkmagazin.de\/stechlin\/wp-json\/wp\/v2\/tags?post=13300"}],"curies":[{"name":"wp","href":"https:\/\/api.w.org\/{rel}","templated":true}]}}