{"id":13319,"date":"2023-03-20T15:03:12","date_gmt":"2023-03-20T14:03:12","guid":{"rendered":"https:\/\/www.naturparkmagazin.de\/stechlin\/?p=13319"},"modified":"2023-03-22T16:36:12","modified_gmt":"2023-03-22T15:36:12","slug":"obstbaum-schnittkurs-in-menz-kam-gut-an","status":"publish","type":"post","link":"https:\/\/www.naturparkmagazin.de\/stechlin\/obstbaum-schnittkurs-in-menz-kam-gut-an\/","title":{"rendered":"Obstbaum-Schnittkurs in Menz kam gut an!"},"content":{"rendered":"<p>Am 4. M\u00e4rz fand in der Regionalwerkstatt Stechlin und auf der Streuobstwiese in Menz ein Kurs zum Schnitt von Obstb\u00e4umen statt.<\/p>\n<div id=\"attachment_11144\" style=\"width: 310px\" class=\"wp-caption aligncenter\"><a href=\"https:\/\/www.naturparkmagazin.de\/stechlin\/wp-content\/uploads\/sites\/38\/streuobstwiese.jpg\"><img aria-describedby=\"caption-attachment-11144\" decoding=\"async\" loading=\"lazy\" class=\"size-thumbnail wp-image-11144\" src=\"https:\/\/www.naturparkmagazin.de\/stechlin\/wp-content\/uploads\/sites\/38\/streuobstwiese-300x180.jpg\" alt=\"\" width=\"300\" height=\"180\" srcset=\"https:\/\/www.naturparkmagazin.de\/stechlin\/wp-content\/uploads\/sites\/38\/streuobstwiese-300x180.jpg 300w, https:\/\/www.naturparkmagazin.de\/stechlin\/wp-content\/uploads\/sites\/38\/streuobstwiese.jpg 500w, https:\/\/www.naturparkmagazin.de\/stechlin\/wp-content\/uploads\/sites\/38\/streuobstwiese-200x120.jpg 200w\" sizes=\"(max-width: 300px) 100vw, 300px\" \/><\/a><p id=\"caption-attachment-11144\" class=\"wp-caption-text\">Obstgeh\u00f6lze hinter dem Hof von Marc Marquardt, hier ein Quittenbaum, dessen Fr\u00fcchte er auch in seiner Mosterei verarbeitet.\u00a9 Foto: Heiko Strobel<\/p><\/div>\n<p>Der Obstbaumwart Marc Marquardt aus Heinrichsdorf ist bereits seit 2021 Projektpartner des Naturparks, u.a. im Vertragsnaturschutz und beim Menzer Apfeltag.<\/p>\n<div id=\"attachment_13355\" style=\"width: 310px\" class=\"wp-caption aligncenter\"><a href=\"https:\/\/www.naturparkmagazin.de\/stechlin\/wp-content\/uploads\/sites\/38\/DSC_0036.jpg\"><img aria-describedby=\"caption-attachment-13355\" decoding=\"async\" loading=\"lazy\" class=\"size-thumbnail wp-image-13355\" src=\"https:\/\/www.naturparkmagazin.de\/stechlin\/wp-content\/uploads\/sites\/38\/DSC_0036-300x180.jpg\" alt=\"\" width=\"300\" height=\"180\" srcset=\"https:\/\/www.naturparkmagazin.de\/stechlin\/wp-content\/uploads\/sites\/38\/DSC_0036-300x180.jpg 300w, https:\/\/www.naturparkmagazin.de\/stechlin\/wp-content\/uploads\/sites\/38\/DSC_0036-200x120.jpg 200w, https:\/\/www.naturparkmagazin.de\/stechlin\/wp-content\/uploads\/sites\/38\/DSC_0036.jpg 500w\" sizes=\"(max-width: 300px) 100vw, 300px\" \/><\/a><p id=\"caption-attachment-13355\" class=\"wp-caption-text\">Am Anfang stand die theoretische Unterweisung&#8230;\u00a0 \u00a9 Thomas Hahn<\/p><\/div>\n<p>Zusammen mit Ranger Thomas Hahn gab er an die 16 Kursteilnehmer*innen gern sein umfassendes Wissen zum Obstbaum-Schnitt weiter. Am Anfang stand die Theorie zur Pflege und Bewirtschaftung von Streuobst-B\u00e4umen. Sp\u00e4ter konnten die G\u00e4ste Schnitt und Pflege am &#8222;<em>lebenden Objekt<\/em>&#8220; auf der Menzer Streuobstwiese erfahren.<\/p>\n<div id=\"attachment_13356\" style=\"width: 310px\" class=\"wp-caption aligncenter\"><a href=\"https:\/\/www.naturparkmagazin.de\/stechlin\/wp-content\/uploads\/sites\/38\/DSC_0041.jpg\"><img aria-describedby=\"caption-attachment-13356\" decoding=\"async\" loading=\"lazy\" class=\"size-thumbnail wp-image-13356\" src=\"https:\/\/www.naturparkmagazin.de\/stechlin\/wp-content\/uploads\/sites\/38\/DSC_0041-300x180.jpg\" alt=\"\" width=\"300\" height=\"180\" srcset=\"https:\/\/www.naturparkmagazin.de\/stechlin\/wp-content\/uploads\/sites\/38\/DSC_0041-300x180.jpg 300w, https:\/\/www.naturparkmagazin.de\/stechlin\/wp-content\/uploads\/sites\/38\/DSC_0041-200x120.jpg 200w, https:\/\/www.naturparkmagazin.de\/stechlin\/wp-content\/uploads\/sites\/38\/DSC_0041.jpg 500w\" sizes=\"(max-width: 300px) 100vw, 300px\" \/><\/a><p id=\"caption-attachment-13356\" class=\"wp-caption-text\">&#8230;der die praktische Vorf\u00fchrung am lebenden Objekt folgte. \u00a9 Thomas Hahn<\/p><\/div>\n<p>Die \u00e4ltesten B\u00e4ume auf dem rund 3.000 Quadratmeter gro\u00dfen Areal sind bereits fast 100 Jahre alt. Die Pflege der Streuobstwiese liegt seit vielen Jahren in der Hand der Arbeitsgemeinschaft \u201eMenzer Naturforscher\u201c an der Naturparkschule Menz, die Ranger Thomas Hahn betreut.<\/p>\n<div id=\"attachment_13357\" style=\"width: 310px\" class=\"wp-caption aligncenter\"><a href=\"https:\/\/www.naturparkmagazin.de\/stechlin\/wp-content\/uploads\/sites\/38\/DSC_0048.jpg\"><img aria-describedby=\"caption-attachment-13357\" decoding=\"async\" loading=\"lazy\" class=\"size-thumbnail wp-image-13357\" src=\"https:\/\/www.naturparkmagazin.de\/stechlin\/wp-content\/uploads\/sites\/38\/DSC_0048-300x180.jpg\" alt=\"\" width=\"300\" height=\"180\" srcset=\"https:\/\/www.naturparkmagazin.de\/stechlin\/wp-content\/uploads\/sites\/38\/DSC_0048-300x180.jpg 300w, https:\/\/www.naturparkmagazin.de\/stechlin\/wp-content\/uploads\/sites\/38\/DSC_0048-200x120.jpg 200w, https:\/\/www.naturparkmagazin.de\/stechlin\/wp-content\/uploads\/sites\/38\/DSC_0048.jpg 500w\" sizes=\"(max-width: 300px) 100vw, 300px\" \/><\/a><p id=\"caption-attachment-13357\" class=\"wp-caption-text\">Bei der Pflege der Obsthochst\u00e4mme geht es hoch hinaus \u00a9 Thomas Hahn<\/p><\/div>\n<p>F\u00fcr den n\u00e4chsten Winter ist schon ein Kurs zur Pflege alter Obstb\u00e4ume geplant.<\/p>\n","protected":false},"excerpt":{"rendered":"<p>Am 4. M\u00e4rz fand in der Regionalwerkstatt Stechlin und auf der Streuobstwiese in Menz ein Kurs zum Schnitt von Obstb\u00e4umen statt.<\/p>\n","protected":false},"author":39,"featured_media":13358,"comment_status":"open","ping_status":"open","sticky":false,"template":"","format":"standard","meta":[],"categories":[7],"tags":[],"yoast_head":"<!-- This site is optimized with the Yoast SEO plugin v19.10 - https:\/\/yoast.com\/wordpress\/plugins\/seo\/ -->\n<title>Obstbaum-Schnittkurs in Menz kam gut an! - Naturpark Stechlin-Ruppiner Land<\/title>\n<meta name=\"robots\" content=\"index, follow, max-snippet:-1, max-image-preview:large, max-video-preview:-1\" \/>\n<link rel=\"canonical\" href=\"https:\/\/www.naturparkmagazin.de\/stechlin\/obstbaum-schnittkurs-in-menz-kam-gut-an\/\" \/>\n<meta property=\"og:locale\" content=\"de_DE\" \/>\n<meta property=\"og:type\" content=\"article\" \/>\n<meta property=\"og:title\" content=\"Obstbaum-Schnittkurs in Menz kam gut an! - Naturpark Stechlin-Ruppiner Land\" \/>\n<meta property=\"og:description\" content=\"Am 4. M\u00e4rz fand in der Regionalwerkstatt Stechlin und auf der Streuobstwiese in Menz ein Kurs zum Schnitt von Obstb\u00e4umen statt.\" \/>\n<meta property=\"og:url\" content=\"https:\/\/www.naturparkmagazin.de\/stechlin\/obstbaum-schnittkurs-in-menz-kam-gut-an\/\" \/>\n<meta property=\"og:site_name\" content=\"Naturpark Stechlin-Ruppiner Land\" \/>\n<meta property=\"article:published_time\" content=\"2023-03-20T14:03:12+00:00\" \/>\n<meta property=\"article:modified_time\" content=\"2023-03-22T15:36:12+00:00\" \/>\n<meta property=\"og:image\" content=\"https:\/\/www.naturparkmagazin.de\/stechlin\/wp-content\/uploads\/sites\/38\/DSC_0049_a.jpg\" \/>\n\t<meta property=\"og:image:width\" content=\"200\" \/>\n\t<meta property=\"og:image:height\" content=\"200\" \/>\n\t<meta property=\"og:image:type\" content=\"image\/jpeg\" \/>\n<meta name=\"author\" content=\"marioschrumpf\" \/>\n<meta name=\"twitter:label1\" content=\"Verfasst von\" \/>\n\t<meta name=\"twitter:data1\" content=\"marioschrumpf\" \/>\n\t<meta name=\"twitter:label2\" content=\"Gesch\u00e4tzte Lesezeit\" \/>\n\t<meta name=\"twitter:data2\" content=\"2\u00a0Minuten\" \/>\n<script type=\"application\/ld+json\" class=\"yoast-schema-graph\">{\"@context\":\"https:\/\/schema.org\",\"@graph\":[{\"@type\":\"WebPage\",\"@id\":\"https:\/\/www.naturparkmagazin.de\/stechlin\/obstbaum-schnittkurs-in-menz-kam-gut-an\/\",\"url\":\"https:\/\/www.naturparkmagazin.de\/stechlin\/obstbaum-schnittkurs-in-menz-kam-gut-an\/\",\"name\":\"Obstbaum-Schnittkurs in Menz kam gut an! - Naturpark Stechlin-Ruppiner Land\",\"isPartOf\":{\"@id\":\"https:\/\/www.naturparkmagazin.de\/stechlin\/#website\"},\"datePublished\":\"2023-03-20T14:03:12+00:00\",\"dateModified\":\"2023-03-22T15:36:12+00:00\",\"author\":{\"@id\":\"https:\/\/www.naturparkmagazin.de\/stechlin\/#\/schema\/person\/3f0d93203df21c806dd63c76d9bb28bc\"},\"breadcrumb\":{\"@id\":\"https:\/\/www.naturparkmagazin.de\/stechlin\/obstbaum-schnittkurs-in-menz-kam-gut-an\/#breadcrumb\"},\"inLanguage\":\"de\",\"potentialAction\":[{\"@type\":\"ReadAction\",\"target\":[\"https:\/\/www.naturparkmagazin.de\/stechlin\/obstbaum-schnittkurs-in-menz-kam-gut-an\/\"]}]},{\"@type\":\"BreadcrumbList\",\"@id\":\"https:\/\/www.naturparkmagazin.de\/stechlin\/obstbaum-schnittkurs-in-menz-kam-gut-an\/#breadcrumb\",\"itemListElement\":[{\"@type\":\"ListItem\",\"position\":1,\"name\":\"Home\",\"item\":\"https:\/\/www.naturparkmagazin.de\/stechlin\/\"},{\"@type\":\"ListItem\",\"position\":2,\"name\":\"Obstbaum-Schnittkurs in Menz kam gut an!\"}]},{\"@type\":\"WebSite\",\"@id\":\"https:\/\/www.naturparkmagazin.de\/stechlin\/#website\",\"url\":\"https:\/\/www.naturparkmagazin.de\/stechlin\/\",\"name\":\"Naturpark Stechlin-Ruppiner Land\",\"description\":\"\",\"potentialAction\":[{\"@type\":\"SearchAction\",\"target\":{\"@type\":\"EntryPoint\",\"urlTemplate\":\"https:\/\/www.naturparkmagazin.de\/stechlin\/?s={search_term_string}\"},\"query-input\":\"required name=search_term_string\"}],\"inLanguage\":\"de\"},{\"@type\":\"Person\",\"@id\":\"https:\/\/www.naturparkmagazin.de\/stechlin\/#\/schema\/person\/3f0d93203df21c806dd63c76d9bb28bc\",\"name\":\"marioschrumpf\",\"url\":\"https:\/\/www.naturparkmagazin.de\/stechlin\/author\/marioschrumpf\/\"}]}<\/script>\n<!-- \/ Yoast SEO plugin. -->","yoast_head_json":{"title":"Obstbaum-Schnittkurs in Menz kam gut an! - Naturpark Stechlin-Ruppiner Land","robots":{"index":"index","follow":"follow","max-snippet":"max-snippet:-1","max-image-preview":"max-image-preview:large","max-video-preview":"max-video-preview:-1"},"canonical":"https:\/\/www.naturparkmagazin.de\/stechlin\/obstbaum-schnittkurs-in-menz-kam-gut-an\/","og_locale":"de_DE","og_type":"article","og_title":"Obstbaum-Schnittkurs in Menz kam gut an! - Naturpark Stechlin-Ruppiner Land","og_description":"Am 4. M\u00e4rz fand in der Regionalwerkstatt Stechlin und auf der Streuobstwiese in Menz ein Kurs zum Schnitt von Obstb\u00e4umen statt.","og_url":"https:\/\/www.naturparkmagazin.de\/stechlin\/obstbaum-schnittkurs-in-menz-kam-gut-an\/","og_site_name":"Naturpark Stechlin-Ruppiner Land","article_published_time":"2023-03-20T14:03:12+00:00","article_modified_time":"2023-03-22T15:36:12+00:00","og_image":[{"width":200,"height":200,"url":"https:\/\/www.naturparkmagazin.de\/stechlin\/wp-content\/uploads\/sites\/38\/DSC_0049_a.jpg","type":"image\/jpeg"}],"author":"marioschrumpf","twitter_misc":{"Verfasst von":"marioschrumpf","Gesch\u00e4tzte Lesezeit":"2\u00a0Minuten"},"schema":{"@context":"https:\/\/schema.org","@graph":[{"@type":"WebPage","@id":"https:\/\/www.naturparkmagazin.de\/stechlin\/obstbaum-schnittkurs-in-menz-kam-gut-an\/","url":"https:\/\/www.naturparkmagazin.de\/stechlin\/obstbaum-schnittkurs-in-menz-kam-gut-an\/","name":"Obstbaum-Schnittkurs in Menz kam gut an! - Naturpark Stechlin-Ruppiner Land","isPartOf":{"@id":"https:\/\/www.naturparkmagazin.de\/stechlin\/#website"},"datePublished":"2023-03-20T14:03:12+00:00","dateModified":"2023-03-22T15:36:12+00:00","author":{"@id":"https:\/\/www.naturparkmagazin.de\/stechlin\/#\/schema\/person\/3f0d93203df21c806dd63c76d9bb28bc"},"breadcrumb":{"@id":"https:\/\/www.naturparkmagazin.de\/stechlin\/obstbaum-schnittkurs-in-menz-kam-gut-an\/#breadcrumb"},"inLanguage":"de","potentialAction":[{"@type":"ReadAction","target":["https:\/\/www.naturparkmagazin.de\/stechlin\/obstbaum-schnittkurs-in-menz-kam-gut-an\/"]}]},{"@type":"BreadcrumbList","@id":"https:\/\/www.naturparkmagazin.de\/stechlin\/obstbaum-schnittkurs-in-menz-kam-gut-an\/#breadcrumb","itemListElement":[{"@type":"ListItem","position":1,"name":"Home","item":"https:\/\/www.naturparkmagazin.de\/stechlin\/"},{"@type":"ListItem","position":2,"name":"Obstbaum-Schnittkurs in Menz kam gut an!"}]},{"@type":"WebSite","@id":"https:\/\/www.naturparkmagazin.de\/stechlin\/#website","url":"https:\/\/www.naturparkmagazin.de\/stechlin\/","name":"Naturpark Stechlin-Ruppiner Land","description":"","potentialAction":[{"@type":"SearchAction","target":{"@type":"EntryPoint","urlTemplate":"https:\/\/www.naturparkmagazin.de\/stechlin\/?s={search_term_string}"},"query-input":"required name=search_term_string"}],"inLanguage":"de"},{"@type":"Person","@id":"https:\/\/www.naturparkmagazin.de\/stechlin\/#\/schema\/person\/3f0d93203df21c806dd63c76d9bb28bc","name":"marioschrumpf","url":"https:\/\/www.naturparkmagazin.de\/stechlin\/author\/marioschrumpf\/"}]}},"_links":{"self":[{"href":"https:\/\/www.naturparkmagazin.de\/stechlin\/wp-json\/wp\/v2\/posts\/13319"}],"collection":[{"href":"https:\/\/www.naturparkmagazin.de\/stechlin\/wp-json\/wp\/v2\/posts"}],"about":[{"href":"https:\/\/www.naturparkmagazin.de\/stechlin\/wp-json\/wp\/v2\/types\/post"}],"author":[{"embeddable":true,"href":"https:\/\/www.naturparkmagazin.de\/stechlin\/wp-json\/wp\/v2\/users\/39"}],"replies":[{"embeddable":true,"href":"https:\/\/www.naturparkmagazin.de\/stechlin\/wp-json\/wp\/v2\/comments?post=13319"}],"version-history":[{"count":6,"href":"https:\/\/www.naturparkmagazin.de\/stechlin\/wp-json\/wp\/v2\/posts\/13319\/revisions"}],"predecessor-version":[{"id":13390,"href":"https:\/\/www.naturparkmagazin.de\/stechlin\/wp-json\/wp\/v2\/posts\/13319\/revisions\/13390"}],"wp:featuredmedia":[{"embeddable":true,"href":"https:\/\/www.naturparkmagazin.de\/stechlin\/wp-json\/wp\/v2\/media\/13358"}],"wp:attachment":[{"href":"https:\/\/www.naturparkmagazin.de\/stechlin\/wp-json\/wp\/v2\/media?parent=13319"}],"wp:term":[{"taxonomy":"category","embeddable":true,"href":"https:\/\/www.naturparkmagazin.de\/stechlin\/wp-json\/wp\/v2\/categories?post=13319"},{"taxonomy":"post_tag","embeddable":true,"href":"https:\/\/www.naturparkmagazin.de\/stechlin\/wp-json\/wp\/v2\/tags?post=13319"}],"curies":[{"name":"wp","href":"https:\/\/api.w.org\/{rel}","templated":true}]}}