{"id":13325,"date":"2023-03-20T15:07:25","date_gmt":"2023-03-20T14:07:25","guid":{"rendered":"https:\/\/www.naturparkmagazin.de\/stechlin\/?p=13325"},"modified":"2023-03-22T14:19:33","modified_gmt":"2023-03-22T13:19:33","slug":"vdn-fotowettbewerb","status":"publish","type":"post","link":"https:\/\/www.naturparkmagazin.de\/stechlin\/vdn-fotowettbewerb\/","title":{"rendered":"Aufruf zum Fotowettbewerb \u201eAugenblick Natur!\u201c 2023"},"content":{"rendered":"<p>Der Verband Deutscher Naturparke e. V. (VDN e. V.) l\u00e4dt Amateur- und Profifotografinnen und -fotografen auch in diesem Jahr wieder (<strong>bereits zum 17. Mal!<\/strong>) zur Teilnahme am <strong>Fotowettbewerb \u201e<em>Augenblick Natur!<\/em>\u201c<\/strong> ein.<\/p>\n<div id=\"attachment_11956\" style=\"width: 310px\" class=\"wp-caption aligncenter\"><a href=\"https:\/\/www.naturparkmagazin.de\/stechlin\/wp-content\/uploads\/sites\/38\/garten-nph.jpg\"><img aria-describedby=\"caption-attachment-11956\" decoding=\"async\" loading=\"lazy\" class=\"size-thumbnail wp-image-11956\" src=\"https:\/\/www.naturparkmagazin.de\/stechlin\/wp-content\/uploads\/sites\/38\/garten-nph-300x180.jpg\" alt=\"\" width=\"300\" height=\"180\" srcset=\"https:\/\/www.naturparkmagazin.de\/stechlin\/wp-content\/uploads\/sites\/38\/garten-nph-300x180.jpg 300w, https:\/\/www.naturparkmagazin.de\/stechlin\/wp-content\/uploads\/sites\/38\/garten-nph.jpg 500w, https:\/\/www.naturparkmagazin.de\/stechlin\/wp-content\/uploads\/sites\/38\/garten-nph-200x120.jpg 200w\" sizes=\"(max-width: 300px) 100vw, 300px\" \/><\/a><p id=\"caption-attachment-11956\" class=\"wp-caption-text\">Der Sinnesgarten am Besucherzentrum in Menz \u00a9 NaturParkHaus Stechlin<\/p><\/div>\n<p>&nbsp;<\/p>\n<p>Von M\u00e4rz bis Oktober gibt es wechselnde Monatsthemen. Ab sofort k\u00f6nnen Bilder zum Thema \u201e<em>Nachhaltige G\u00e4rten<\/em>\u201c eingereicht werden. Alle Monatsthemen finden Sie auf der Website <a href=\"https:\/\/www.naturparkfotos.de\/\">https:\/\/www.naturparkfotos.de\/<\/a> unter Wettbewerbe.<\/p>\n<p>Zielsetzung des Fotowettbewerbs &#8222;<em>Augenblick Natur!<\/em>\u201c 2023 ist es wieder, die einzigartige Vielfalt und Sch\u00f6nheit unserer heimatlichen Naturlandschaften aufzuzeigen und die Naturparke mit ihren verschiedenen Facetten einer breiten \u00d6ffentlichkeit bekannt zu machen. Alle Bilder des Wettbewerbs werden hierzu auf der Website www.naturparkfotos.de ver\u00f6ffentlicht. Die 100 besten Bilder des Wettbewerbs werden monatlich von den Besuchern des Portals gew\u00e4hlt (vote per click). Aus diesen Top 100 w\u00e4hlt die dreik\u00f6pfige Jury jeden Monat die 10 besten aus. Der Jahressieger wird am Ende des Wettbewerbs mit einem <strong>Fotoworkshop mit dem Fotojournalisten und Naturfotografen Hans-Peter Schaub<\/strong> belohnt.<\/p>\n<p>Der Fotowettbewerb wird seit 2007 vom VDN durchgef\u00fchrt. In diesem Jahr wird er pr\u00e4sentiert in Kooperation mit der Zeitschrift &#8222;NaturFoto&#8220;, der Firma Novoflex, Kaufland Foto mit freundlicher Unterst\u00fctzung von CEWE sowie dem Rheinwerk Verlag. Bis heute wurden von den Nutzenden des Naturpark-Fotoportals www.naturparkfotos.de \u00fcber 160.000 Fotos aus den deutschen Naturparken eingestellt.<\/p>\n","protected":false},"excerpt":{"rendered":"<p>Der Verband Deutscher Naturparke e. V. l\u00e4dt Amateur- und Profifotografinnen und -fotografen auch in diesem Jahr wieder (bereits zum 17. Mal!) zur Teilnahme am Fotowettbewerb \u201eAugenblick Natur!\u201c ein.<\/p>\n","protected":false},"author":39,"featured_media":10233,"comment_status":"open","ping_status":"open","sticky":false,"template":"","format":"standard","meta":[],"categories":[7],"tags":[],"yoast_head":"<!-- This site is optimized with the Yoast SEO plugin v19.10 - https:\/\/yoast.com\/wordpress\/plugins\/seo\/ -->\n<title>Aufruf zum Fotowettbewerb \u201eAugenblick Natur!\u201c 2023 - Naturpark Stechlin-Ruppiner Land<\/title>\n<meta name=\"robots\" content=\"index, follow, max-snippet:-1, max-image-preview:large, max-video-preview:-1\" \/>\n<link rel=\"canonical\" href=\"https:\/\/www.naturparkmagazin.de\/stechlin\/vdn-fotowettbewerb\/\" \/>\n<meta property=\"og:locale\" content=\"de_DE\" \/>\n<meta property=\"og:type\" content=\"article\" \/>\n<meta property=\"og:title\" content=\"Aufruf zum Fotowettbewerb \u201eAugenblick Natur!\u201c 2023 - Naturpark Stechlin-Ruppiner Land\" \/>\n<meta property=\"og:description\" content=\"Der Verband Deutscher Naturparke e. V. l\u00e4dt Amateur- und Profifotografinnen und -fotografen auch in diesem Jahr wieder (bereits zum 17. Mal!) zur Teilnahme am Fotowettbewerb \u201eAugenblick Natur!\u201c ein.\" \/>\n<meta property=\"og:url\" content=\"https:\/\/www.naturparkmagazin.de\/stechlin\/vdn-fotowettbewerb\/\" \/>\n<meta property=\"og:site_name\" content=\"Naturpark Stechlin-Ruppiner Land\" \/>\n<meta property=\"article:published_time\" content=\"2023-03-20T14:07:25+00:00\" \/>\n<meta property=\"article:modified_time\" content=\"2023-03-22T13:19:33+00:00\" \/>\n<meta property=\"og:image\" content=\"https:\/\/www.naturparkmagazin.de\/stechlin\/wp-content\/uploads\/sites\/38\/Aufh\u00e4nger_Gartenwettbewerb.png\" \/>\n\t<meta property=\"og:image:width\" content=\"200\" \/>\n\t<meta property=\"og:image:height\" content=\"200\" \/>\n\t<meta property=\"og:image:type\" content=\"image\/png\" \/>\n<meta name=\"author\" content=\"marioschrumpf\" \/>\n<meta name=\"twitter:label1\" content=\"Verfasst von\" \/>\n\t<meta name=\"twitter:data1\" content=\"marioschrumpf\" \/>\n\t<meta name=\"twitter:label2\" content=\"Gesch\u00e4tzte Lesezeit\" \/>\n\t<meta name=\"twitter:data2\" content=\"2\u00a0Minuten\" \/>\n<script type=\"application\/ld+json\" class=\"yoast-schema-graph\">{\"@context\":\"https:\/\/schema.org\",\"@graph\":[{\"@type\":\"WebPage\",\"@id\":\"https:\/\/www.naturparkmagazin.de\/stechlin\/vdn-fotowettbewerb\/\",\"url\":\"https:\/\/www.naturparkmagazin.de\/stechlin\/vdn-fotowettbewerb\/\",\"name\":\"Aufruf zum Fotowettbewerb \u201eAugenblick Natur!\u201c 2023 - Naturpark Stechlin-Ruppiner Land\",\"isPartOf\":{\"@id\":\"https:\/\/www.naturparkmagazin.de\/stechlin\/#website\"},\"datePublished\":\"2023-03-20T14:07:25+00:00\",\"dateModified\":\"2023-03-22T13:19:33+00:00\",\"author\":{\"@id\":\"https:\/\/www.naturparkmagazin.de\/stechlin\/#\/schema\/person\/3f0d93203df21c806dd63c76d9bb28bc\"},\"breadcrumb\":{\"@id\":\"https:\/\/www.naturparkmagazin.de\/stechlin\/vdn-fotowettbewerb\/#breadcrumb\"},\"inLanguage\":\"de\",\"potentialAction\":[{\"@type\":\"ReadAction\",\"target\":[\"https:\/\/www.naturparkmagazin.de\/stechlin\/vdn-fotowettbewerb\/\"]}]},{\"@type\":\"BreadcrumbList\",\"@id\":\"https:\/\/www.naturparkmagazin.de\/stechlin\/vdn-fotowettbewerb\/#breadcrumb\",\"itemListElement\":[{\"@type\":\"ListItem\",\"position\":1,\"name\":\"Home\",\"item\":\"https:\/\/www.naturparkmagazin.de\/stechlin\/\"},{\"@type\":\"ListItem\",\"position\":2,\"name\":\"Aufruf zum Fotowettbewerb \u201eAugenblick Natur!\u201c 2023\"}]},{\"@type\":\"WebSite\",\"@id\":\"https:\/\/www.naturparkmagazin.de\/stechlin\/#website\",\"url\":\"https:\/\/www.naturparkmagazin.de\/stechlin\/\",\"name\":\"Naturpark Stechlin-Ruppiner Land\",\"description\":\"\",\"potentialAction\":[{\"@type\":\"SearchAction\",\"target\":{\"@type\":\"EntryPoint\",\"urlTemplate\":\"https:\/\/www.naturparkmagazin.de\/stechlin\/?s={search_term_string}\"},\"query-input\":\"required name=search_term_string\"}],\"inLanguage\":\"de\"},{\"@type\":\"Person\",\"@id\":\"https:\/\/www.naturparkmagazin.de\/stechlin\/#\/schema\/person\/3f0d93203df21c806dd63c76d9bb28bc\",\"name\":\"marioschrumpf\",\"url\":\"https:\/\/www.naturparkmagazin.de\/stechlin\/author\/marioschrumpf\/\"}]}<\/script>\n<!-- \/ Yoast SEO plugin. -->","yoast_head_json":{"title":"Aufruf zum Fotowettbewerb \u201eAugenblick Natur!\u201c 2023 - Naturpark Stechlin-Ruppiner Land","robots":{"index":"index","follow":"follow","max-snippet":"max-snippet:-1","max-image-preview":"max-image-preview:large","max-video-preview":"max-video-preview:-1"},"canonical":"https:\/\/www.naturparkmagazin.de\/stechlin\/vdn-fotowettbewerb\/","og_locale":"de_DE","og_type":"article","og_title":"Aufruf zum Fotowettbewerb \u201eAugenblick Natur!\u201c 2023 - Naturpark Stechlin-Ruppiner Land","og_description":"Der Verband Deutscher Naturparke e. V. l\u00e4dt Amateur- und Profifotografinnen und -fotografen auch in diesem Jahr wieder (bereits zum 17. Mal!) zur Teilnahme am Fotowettbewerb \u201eAugenblick Natur!\u201c ein.","og_url":"https:\/\/www.naturparkmagazin.de\/stechlin\/vdn-fotowettbewerb\/","og_site_name":"Naturpark Stechlin-Ruppiner Land","article_published_time":"2023-03-20T14:07:25+00:00","article_modified_time":"2023-03-22T13:19:33+00:00","og_image":[{"width":200,"height":200,"url":"https:\/\/www.naturparkmagazin.de\/stechlin\/wp-content\/uploads\/sites\/38\/Aufh\u00e4nger_Gartenwettbewerb.png","type":"image\/png"}],"author":"marioschrumpf","twitter_misc":{"Verfasst von":"marioschrumpf","Gesch\u00e4tzte Lesezeit":"2\u00a0Minuten"},"schema":{"@context":"https:\/\/schema.org","@graph":[{"@type":"WebPage","@id":"https:\/\/www.naturparkmagazin.de\/stechlin\/vdn-fotowettbewerb\/","url":"https:\/\/www.naturparkmagazin.de\/stechlin\/vdn-fotowettbewerb\/","name":"Aufruf zum Fotowettbewerb \u201eAugenblick Natur!\u201c 2023 - Naturpark Stechlin-Ruppiner Land","isPartOf":{"@id":"https:\/\/www.naturparkmagazin.de\/stechlin\/#website"},"datePublished":"2023-03-20T14:07:25+00:00","dateModified":"2023-03-22T13:19:33+00:00","author":{"@id":"https:\/\/www.naturparkmagazin.de\/stechlin\/#\/schema\/person\/3f0d93203df21c806dd63c76d9bb28bc"},"breadcrumb":{"@id":"https:\/\/www.naturparkmagazin.de\/stechlin\/vdn-fotowettbewerb\/#breadcrumb"},"inLanguage":"de","potentialAction":[{"@type":"ReadAction","target":["https:\/\/www.naturparkmagazin.de\/stechlin\/vdn-fotowettbewerb\/"]}]},{"@type":"BreadcrumbList","@id":"https:\/\/www.naturparkmagazin.de\/stechlin\/vdn-fotowettbewerb\/#breadcrumb","itemListElement":[{"@type":"ListItem","position":1,"name":"Home","item":"https:\/\/www.naturparkmagazin.de\/stechlin\/"},{"@type":"ListItem","position":2,"name":"Aufruf zum Fotowettbewerb \u201eAugenblick Natur!\u201c 2023"}]},{"@type":"WebSite","@id":"https:\/\/www.naturparkmagazin.de\/stechlin\/#website","url":"https:\/\/www.naturparkmagazin.de\/stechlin\/","name":"Naturpark Stechlin-Ruppiner Land","description":"","potentialAction":[{"@type":"SearchAction","target":{"@type":"EntryPoint","urlTemplate":"https:\/\/www.naturparkmagazin.de\/stechlin\/?s={search_term_string}"},"query-input":"required name=search_term_string"}],"inLanguage":"de"},{"@type":"Person","@id":"https:\/\/www.naturparkmagazin.de\/stechlin\/#\/schema\/person\/3f0d93203df21c806dd63c76d9bb28bc","name":"marioschrumpf","url":"https:\/\/www.naturparkmagazin.de\/stechlin\/author\/marioschrumpf\/"}]}},"_links":{"self":[{"href":"https:\/\/www.naturparkmagazin.de\/stechlin\/wp-json\/wp\/v2\/posts\/13325"}],"collection":[{"href":"https:\/\/www.naturparkmagazin.de\/stechlin\/wp-json\/wp\/v2\/posts"}],"about":[{"href":"https:\/\/www.naturparkmagazin.de\/stechlin\/wp-json\/wp\/v2\/types\/post"}],"author":[{"embeddable":true,"href":"https:\/\/www.naturparkmagazin.de\/stechlin\/wp-json\/wp\/v2\/users\/39"}],"replies":[{"embeddable":true,"href":"https:\/\/www.naturparkmagazin.de\/stechlin\/wp-json\/wp\/v2\/comments?post=13325"}],"version-history":[{"count":5,"href":"https:\/\/www.naturparkmagazin.de\/stechlin\/wp-json\/wp\/v2\/posts\/13325\/revisions"}],"predecessor-version":[{"id":13337,"href":"https:\/\/www.naturparkmagazin.de\/stechlin\/wp-json\/wp\/v2\/posts\/13325\/revisions\/13337"}],"wp:featuredmedia":[{"embeddable":true,"href":"https:\/\/www.naturparkmagazin.de\/stechlin\/wp-json\/wp\/v2\/media\/10233"}],"wp:attachment":[{"href":"https:\/\/www.naturparkmagazin.de\/stechlin\/wp-json\/wp\/v2\/media?parent=13325"}],"wp:term":[{"taxonomy":"category","embeddable":true,"href":"https:\/\/www.naturparkmagazin.de\/stechlin\/wp-json\/wp\/v2\/categories?post=13325"},{"taxonomy":"post_tag","embeddable":true,"href":"https:\/\/www.naturparkmagazin.de\/stechlin\/wp-json\/wp\/v2\/tags?post=13325"}],"curies":[{"name":"wp","href":"https:\/\/api.w.org\/{rel}","templated":true}]}}