{"id":13412,"date":"2023-04-18T16:01:29","date_gmt":"2023-04-18T14:01:29","guid":{"rendered":"https:\/\/www.naturparkmagazin.de\/stechlin\/?p=13412"},"modified":"2025-03-10T15:35:52","modified_gmt":"2025-03-10T14:35:52","slug":"vogelstimmenwanderungen-im-mai","status":"publish","type":"post","link":"https:\/\/www.naturparkmagazin.de\/stechlin\/vogelstimmenwanderungen-im-mai\/","title":{"rendered":"Vogelstimmenwanderungen im Mai (2023)"},"content":{"rendered":"<p>NABU Neuruppin und Landschaftspflegeverband Prignitz-Ruppiner Land laden in diesem Fr\u00fchjahr wieder zu Vogelstimmenwanderungen ein.<\/p>\n<p>Im Fr\u00fchling haben unseren gefiederten Freunde Hochzeit in Sachen Gesangswettstreit. Jede Art hat ihren eigenen Gesang. Oft gibt es sogar noch regionale Dialekte.<\/p>\n<div id=\"attachment_10180\" style=\"width: 310px\" class=\"wp-caption aligncenter\"><a href=\"https:\/\/www.naturparkmagazin.de\/stechlin\/wp-content\/uploads\/sites\/38\/DSC_0009_500x300.jpg\"><img aria-describedby=\"caption-attachment-10180\" decoding=\"async\" loading=\"lazy\" class=\"size-thumbnail wp-image-10180\" src=\"https:\/\/www.naturparkmagazin.de\/stechlin\/wp-content\/uploads\/sites\/38\/DSC_0009_500x300-300x180.jpg\" alt=\"Die positive Bestandsermittlung des Fischadlers in Maturpark ist auch dem Engagement der Horstbetreuer zu verdanken.\" width=\"300\" height=\"180\" srcset=\"https:\/\/www.naturparkmagazin.de\/stechlin\/wp-content\/uploads\/sites\/38\/DSC_0009_500x300-300x180.jpg 300w, https:\/\/www.naturparkmagazin.de\/stechlin\/wp-content\/uploads\/sites\/38\/DSC_0009_500x300.jpg 500w, https:\/\/www.naturparkmagazin.de\/stechlin\/wp-content\/uploads\/sites\/38\/DSC_0009_500x300-200x120.jpg 200w\" sizes=\"(max-width: 300px) 100vw, 300px\" \/><\/a><p id=\"caption-attachment-10180\" class=\"wp-caption-text\">Die positive Bestandsentwicklung des Fischadlers in Naturpark ist dem Engagement der ehrenamtlichen Horstbetreuer wie Bernd Ewert zu verdanken. \u00a9 Dr. Mario Schrumpf<\/p><\/div>\n<p>Wer sich in Sachen Vogelstimmen weiterbilden will oder auch nur Freude am stillen Lauschen des Vogelgesangs hat, dem seien die Vogelstimmenexkursionen des Landschaftspflegeverbandes Prignitz-Ruppiner Land empfohlen. Vorstandsmitglied Bernd Ewert (NABU Neuruppin) l\u00e4dt zur vogelkundlichen Exkursion nach Banzendorf und Bandikow ein.<\/p>\n<div id=\"attachment_9170\" style=\"width: 310px\" class=\"wp-caption aligncenter\"><a href=\"https:\/\/www.naturparkmagazin.de\/stechlin\/wp-content\/uploads\/sites\/38\/VAK2_Autor-Daniel-Marienfeld.jpg\"><img aria-describedby=\"caption-attachment-9170\" decoding=\"async\" loading=\"lazy\" class=\"wp-image-9170 size-thumbnail\" src=\"https:\/\/www.naturparkmagazin.de\/stechlin\/wp-content\/uploads\/sites\/38\/VAK2_Autor-Daniel-Marienfeld-300x180.jpg\" alt=\"NP SRL\/ Daniel Marienfeld\" width=\"300\" height=\"180\" srcset=\"https:\/\/www.naturparkmagazin.de\/stechlin\/wp-content\/uploads\/sites\/38\/VAK2_Autor-Daniel-Marienfeld-300x180.jpg 300w, https:\/\/www.naturparkmagazin.de\/stechlin\/wp-content\/uploads\/sites\/38\/VAK2_Autor-Daniel-Marienfeld.jpg 500w, https:\/\/www.naturparkmagazin.de\/stechlin\/wp-content\/uploads\/sites\/38\/VAK2_Autor-Daniel-Marienfeld-200x120.jpg 200w\" sizes=\"(max-width: 300px) 100vw, 300px\" \/><\/a><p id=\"caption-attachment-9170\" class=\"wp-caption-text\">Graug\u00e4nse br\u00fcten regelm\u00e4\u00dfig auf den Seen im Naturpark \u00a9 Dr. Mario Schrumpf<\/p><\/div>\n<p>Die <strong>Exkursion zwischen Banzendorf und R\u00f6nnebeck<\/strong> startet am <strong>6.5.2023<\/strong> um <strong>6 Uhr<\/strong>.<\/p>\n<p><strong>Startpunkt<\/strong>: Lindenweg 1 | 16775 Sonnenberg OT R\u00f6nnebeck<\/p>\n<p>Am <strong>14.5.2023 um 6 Uhr<\/strong> geht es <strong>von Stolpe nach Bandikow <\/strong>zu den Kyritzer Seen.<\/p>\n<p><strong>Startpunkt<\/strong>: Ortseingang Stolpe aus Richtung Wittstock\/Dosse (Parkplatz links)<\/p>\n<p><span style=\"color: #ff0000\"><strong>Bitte unbedingt vorher anmelden<\/strong>:<\/span><\/p>\n<p>F\u00fcr beide Termine: Tel. 033921 70601<\/p>\n<div id=\"attachment_5517\" style=\"width: 310px\" class=\"wp-caption aligncenter\"><a href=\"https:\/\/www.naturparkmagazin.de\/stechlin\/wp-content\/uploads\/sites\/38\/LPV-Gr\u00fcndung19.jpg\"><img aria-describedby=\"caption-attachment-5517\" decoding=\"async\" loading=\"lazy\" class=\"size-thumbnail wp-image-5517\" src=\"https:\/\/www.naturparkmagazin.de\/stechlin\/wp-content\/uploads\/sites\/38\/LPV-Gr\u00fcndung19-300x300.jpg\" alt=\"Bernd Ewert bei der Unterzeichnung\" width=\"300\" height=\"300\" srcset=\"https:\/\/www.naturparkmagazin.de\/stechlin\/wp-content\/uploads\/sites\/38\/LPV-Gr\u00fcndung19.jpg 300w, https:\/\/www.naturparkmagazin.de\/stechlin\/wp-content\/uploads\/sites\/38\/LPV-Gr\u00fcndung19-200x200.jpg 200w, https:\/\/www.naturparkmagazin.de\/stechlin\/wp-content\/uploads\/sites\/38\/LPV-Gr\u00fcndung19-30x30.jpg 30w\" sizes=\"(max-width: 300px) 100vw, 300px\" \/><\/a><p id=\"caption-attachment-5517\" class=\"wp-caption-text\">Bernd Ewert ist nicht nur Vorstandsmitglied im Landschaftspflegeverband, sondern auch ein ausgezeichneter Ornithologe \u00a9 Dr. Mario Schrumpf<\/p><\/div>\n<p>&nbsp;<\/p>\n","protected":false},"excerpt":{"rendered":"<p>Im Fr\u00fchling haben unseren gefiederten Freunde Hochzeit in Sachen Gesangswettstreit. Jede Art hat ihren eigenen Gesang. <\/p>\n","protected":false},"author":39,"featured_media":10501,"comment_status":"open","ping_status":"open","sticky":false,"template":"","format":"standard","meta":[],"categories":[11],"tags":[],"yoast_head":"<!-- This site is optimized with the Yoast SEO plugin v19.10 - https:\/\/yoast.com\/wordpress\/plugins\/seo\/ -->\n<title>Vogelstimmenwanderungen im Mai (2023) - Naturpark Stechlin-Ruppiner Land<\/title>\n<meta name=\"robots\" content=\"index, follow, max-snippet:-1, max-image-preview:large, max-video-preview:-1\" \/>\n<link rel=\"canonical\" href=\"https:\/\/www.naturparkmagazin.de\/stechlin\/vogelstimmenwanderungen-im-mai\/\" \/>\n<meta property=\"og:locale\" content=\"de_DE\" \/>\n<meta property=\"og:type\" content=\"article\" \/>\n<meta property=\"og:title\" content=\"Vogelstimmenwanderungen im Mai (2023) - Naturpark Stechlin-Ruppiner Land\" \/>\n<meta property=\"og:description\" content=\"Im Fr\u00fchling haben unseren gefiederten Freunde Hochzeit in Sachen Gesangswettstreit. Jede Art hat ihren eigenen Gesang.\" \/>\n<meta property=\"og:url\" content=\"https:\/\/www.naturparkmagazin.de\/stechlin\/vogelstimmenwanderungen-im-mai\/\" \/>\n<meta property=\"og:site_name\" content=\"Naturpark Stechlin-Ruppiner Land\" \/>\n<meta property=\"article:published_time\" content=\"2023-04-18T14:01:29+00:00\" \/>\n<meta property=\"article:modified_time\" content=\"2025-03-10T14:35:52+00:00\" \/>\n<meta property=\"og:image\" content=\"https:\/\/www.naturparkmagazin.de\/stechlin\/wp-content\/uploads\/sites\/38\/Dompfaff-2.jpg\" \/>\n\t<meta property=\"og:image:width\" content=\"200\" \/>\n\t<meta property=\"og:image:height\" content=\"200\" \/>\n\t<meta property=\"og:image:type\" content=\"image\/jpeg\" \/>\n<meta name=\"author\" content=\"marioschrumpf\" \/>\n<meta name=\"twitter:label1\" content=\"Verfasst von\" \/>\n\t<meta name=\"twitter:data1\" content=\"marioschrumpf\" \/>\n\t<meta name=\"twitter:label2\" content=\"Gesch\u00e4tzte Lesezeit\" \/>\n\t<meta name=\"twitter:data2\" content=\"2\u00a0Minuten\" \/>\n<script type=\"application\/ld+json\" class=\"yoast-schema-graph\">{\"@context\":\"https:\/\/schema.org\",\"@graph\":[{\"@type\":\"WebPage\",\"@id\":\"https:\/\/www.naturparkmagazin.de\/stechlin\/vogelstimmenwanderungen-im-mai\/\",\"url\":\"https:\/\/www.naturparkmagazin.de\/stechlin\/vogelstimmenwanderungen-im-mai\/\",\"name\":\"Vogelstimmenwanderungen im Mai (2023) - Naturpark Stechlin-Ruppiner Land\",\"isPartOf\":{\"@id\":\"https:\/\/www.naturparkmagazin.de\/stechlin\/#website\"},\"datePublished\":\"2023-04-18T14:01:29+00:00\",\"dateModified\":\"2025-03-10T14:35:52+00:00\",\"author\":{\"@id\":\"https:\/\/www.naturparkmagazin.de\/stechlin\/#\/schema\/person\/3f0d93203df21c806dd63c76d9bb28bc\"},\"breadcrumb\":{\"@id\":\"https:\/\/www.naturparkmagazin.de\/stechlin\/vogelstimmenwanderungen-im-mai\/#breadcrumb\"},\"inLanguage\":\"de\",\"potentialAction\":[{\"@type\":\"ReadAction\",\"target\":[\"https:\/\/www.naturparkmagazin.de\/stechlin\/vogelstimmenwanderungen-im-mai\/\"]}]},{\"@type\":\"BreadcrumbList\",\"@id\":\"https:\/\/www.naturparkmagazin.de\/stechlin\/vogelstimmenwanderungen-im-mai\/#breadcrumb\",\"itemListElement\":[{\"@type\":\"ListItem\",\"position\":1,\"name\":\"Home\",\"item\":\"https:\/\/www.naturparkmagazin.de\/stechlin\/\"},{\"@type\":\"ListItem\",\"position\":2,\"name\":\"Vogelstimmenwanderungen im Mai (2023)\"}]},{\"@type\":\"WebSite\",\"@id\":\"https:\/\/www.naturparkmagazin.de\/stechlin\/#website\",\"url\":\"https:\/\/www.naturparkmagazin.de\/stechlin\/\",\"name\":\"Naturpark Stechlin-Ruppiner Land\",\"description\":\"\",\"potentialAction\":[{\"@type\":\"SearchAction\",\"target\":{\"@type\":\"EntryPoint\",\"urlTemplate\":\"https:\/\/www.naturparkmagazin.de\/stechlin\/?s={search_term_string}\"},\"query-input\":\"required name=search_term_string\"}],\"inLanguage\":\"de\"},{\"@type\":\"Person\",\"@id\":\"https:\/\/www.naturparkmagazin.de\/stechlin\/#\/schema\/person\/3f0d93203df21c806dd63c76d9bb28bc\",\"name\":\"marioschrumpf\",\"url\":\"https:\/\/www.naturparkmagazin.de\/stechlin\/author\/marioschrumpf\/\"}]}<\/script>\n<!-- \/ Yoast SEO plugin. -->","yoast_head_json":{"title":"Vogelstimmenwanderungen im Mai (2023) - Naturpark Stechlin-Ruppiner Land","robots":{"index":"index","follow":"follow","max-snippet":"max-snippet:-1","max-image-preview":"max-image-preview:large","max-video-preview":"max-video-preview:-1"},"canonical":"https:\/\/www.naturparkmagazin.de\/stechlin\/vogelstimmenwanderungen-im-mai\/","og_locale":"de_DE","og_type":"article","og_title":"Vogelstimmenwanderungen im Mai (2023) - Naturpark Stechlin-Ruppiner Land","og_description":"Im Fr\u00fchling haben unseren gefiederten Freunde Hochzeit in Sachen Gesangswettstreit. Jede Art hat ihren eigenen Gesang.","og_url":"https:\/\/www.naturparkmagazin.de\/stechlin\/vogelstimmenwanderungen-im-mai\/","og_site_name":"Naturpark Stechlin-Ruppiner Land","article_published_time":"2023-04-18T14:01:29+00:00","article_modified_time":"2025-03-10T14:35:52+00:00","og_image":[{"width":200,"height":200,"url":"https:\/\/www.naturparkmagazin.de\/stechlin\/wp-content\/uploads\/sites\/38\/Dompfaff-2.jpg","type":"image\/jpeg"}],"author":"marioschrumpf","twitter_misc":{"Verfasst von":"marioschrumpf","Gesch\u00e4tzte Lesezeit":"2\u00a0Minuten"},"schema":{"@context":"https:\/\/schema.org","@graph":[{"@type":"WebPage","@id":"https:\/\/www.naturparkmagazin.de\/stechlin\/vogelstimmenwanderungen-im-mai\/","url":"https:\/\/www.naturparkmagazin.de\/stechlin\/vogelstimmenwanderungen-im-mai\/","name":"Vogelstimmenwanderungen im Mai (2023) - Naturpark Stechlin-Ruppiner Land","isPartOf":{"@id":"https:\/\/www.naturparkmagazin.de\/stechlin\/#website"},"datePublished":"2023-04-18T14:01:29+00:00","dateModified":"2025-03-10T14:35:52+00:00","author":{"@id":"https:\/\/www.naturparkmagazin.de\/stechlin\/#\/schema\/person\/3f0d93203df21c806dd63c76d9bb28bc"},"breadcrumb":{"@id":"https:\/\/www.naturparkmagazin.de\/stechlin\/vogelstimmenwanderungen-im-mai\/#breadcrumb"},"inLanguage":"de","potentialAction":[{"@type":"ReadAction","target":["https:\/\/www.naturparkmagazin.de\/stechlin\/vogelstimmenwanderungen-im-mai\/"]}]},{"@type":"BreadcrumbList","@id":"https:\/\/www.naturparkmagazin.de\/stechlin\/vogelstimmenwanderungen-im-mai\/#breadcrumb","itemListElement":[{"@type":"ListItem","position":1,"name":"Home","item":"https:\/\/www.naturparkmagazin.de\/stechlin\/"},{"@type":"ListItem","position":2,"name":"Vogelstimmenwanderungen im Mai (2023)"}]},{"@type":"WebSite","@id":"https:\/\/www.naturparkmagazin.de\/stechlin\/#website","url":"https:\/\/www.naturparkmagazin.de\/stechlin\/","name":"Naturpark Stechlin-Ruppiner Land","description":"","potentialAction":[{"@type":"SearchAction","target":{"@type":"EntryPoint","urlTemplate":"https:\/\/www.naturparkmagazin.de\/stechlin\/?s={search_term_string}"},"query-input":"required name=search_term_string"}],"inLanguage":"de"},{"@type":"Person","@id":"https:\/\/www.naturparkmagazin.de\/stechlin\/#\/schema\/person\/3f0d93203df21c806dd63c76d9bb28bc","name":"marioschrumpf","url":"https:\/\/www.naturparkmagazin.de\/stechlin\/author\/marioschrumpf\/"}]}},"_links":{"self":[{"href":"https:\/\/www.naturparkmagazin.de\/stechlin\/wp-json\/wp\/v2\/posts\/13412"}],"collection":[{"href":"https:\/\/www.naturparkmagazin.de\/stechlin\/wp-json\/wp\/v2\/posts"}],"about":[{"href":"https:\/\/www.naturparkmagazin.de\/stechlin\/wp-json\/wp\/v2\/types\/post"}],"author":[{"embeddable":true,"href":"https:\/\/www.naturparkmagazin.de\/stechlin\/wp-json\/wp\/v2\/users\/39"}],"replies":[{"embeddable":true,"href":"https:\/\/www.naturparkmagazin.de\/stechlin\/wp-json\/wp\/v2\/comments?post=13412"}],"version-history":[{"count":10,"href":"https:\/\/www.naturparkmagazin.de\/stechlin\/wp-json\/wp\/v2\/posts\/13412\/revisions"}],"predecessor-version":[{"id":16876,"href":"https:\/\/www.naturparkmagazin.de\/stechlin\/wp-json\/wp\/v2\/posts\/13412\/revisions\/16876"}],"wp:featuredmedia":[{"embeddable":true,"href":"https:\/\/www.naturparkmagazin.de\/stechlin\/wp-json\/wp\/v2\/media\/10501"}],"wp:attachment":[{"href":"https:\/\/www.naturparkmagazin.de\/stechlin\/wp-json\/wp\/v2\/media?parent=13412"}],"wp:term":[{"taxonomy":"category","embeddable":true,"href":"https:\/\/www.naturparkmagazin.de\/stechlin\/wp-json\/wp\/v2\/categories?post=13412"},{"taxonomy":"post_tag","embeddable":true,"href":"https:\/\/www.naturparkmagazin.de\/stechlin\/wp-json\/wp\/v2\/tags?post=13412"}],"curies":[{"name":"wp","href":"https:\/\/api.w.org\/{rel}","templated":true}]}}