{"id":1342,"date":"2014-09-19T10:19:09","date_gmt":"2014-09-19T08:19:09","guid":{"rendered":"http:\/\/www.naturparkmagazin.de\/stechlin\/?p=1342"},"modified":"2014-09-23T15:34:04","modified_gmt":"2014-09-23T13:34:04","slug":"die-heide-brennt-heidepflege-auf-konversionsflaechen","status":"publish","type":"post","link":"https:\/\/www.naturparkmagazin.de\/stechlin\/die-heide-brennt-heidepflege-auf-konversionsflaechen\/","title":{"rendered":"Die Heide brennt &#8211; Heidepflege auf Konversionsfl\u00e4chen"},"content":{"rendered":"<p>&nbsp;<\/p>\n<p><a href=\"https:\/\/www.naturparkmagazin.de\/stechlin\/wp-content\/uploads\/sites\/38\/k-DSC_00161.jpg\"><img decoding=\"async\" loading=\"lazy\" class=\"alignnone size-medium wp-image-1365\" alt=\"NP SRL\/Dr. Mario Schrumpf\" src=\"https:\/\/www.naturparkmagazin.de\/stechlin\/wp-content\/uploads\/sites\/38\/k-DSC_00161-620x415.jpg\" width=\"620\" height=\"415\" srcset=\"https:\/\/www.naturparkmagazin.de\/stechlin\/wp-content\/uploads\/sites\/38\/k-DSC_00161-620x415.jpg 620w, https:\/\/www.naturparkmagazin.de\/stechlin\/wp-content\/uploads\/sites\/38\/k-DSC_00161-300x201.jpg 300w, https:\/\/www.naturparkmagazin.de\/stechlin\/wp-content\/uploads\/sites\/38\/k-DSC_00161-940x629.jpg 940w, https:\/\/www.naturparkmagazin.de\/stechlin\/wp-content\/uploads\/sites\/38\/k-DSC_00161-670x449.jpg 670w, https:\/\/www.naturparkmagazin.de\/stechlin\/wp-content\/uploads\/sites\/38\/k-DSC_00161-200x134.jpg 200w, https:\/\/www.naturparkmagazin.de\/stechlin\/wp-content\/uploads\/sites\/38\/k-DSC_00161.jpg 1936w\" sizes=\"(max-width: 620px) 100vw, 620px\" \/><\/a><\/p>\n<p>Anfang September fand im Rahmen des Brandenburgischen Konversionssommers in R\u00e4gelin am Rande der Kyritz-Ruppiner Heide die diesj\u00e4hrige Heidekonferenz statt. Im Mittelpunkt stand die Heidepflege auf Konversionsfl\u00e4chen. Das Brandenburg ist mit seinen gro\u00dffl\u00e4chigen ehemaligen Truppen\u00fcbungspl\u00e4tzen Hauptverbreitungsschwerpunkt der nach europ\u00e4ischem Naturschutzrecht besonders gesch\u00fctzten Heiden. Laut Fauna-Flora-Habitat- (FFH-) Richtlinie der EU sind das die Lebensr\u00e4ume trockene Heiden auf D\u00fcnen, Silbergrasfluren und trockene europ\u00e4ische Sandheiden. Lt. Einsch\u00e4tzung des Landesumweltamtes werden z.Zt. nur ca. 50% der an die EU als FFH-Gebiete gemeldeten Heiden gepflegt.<\/p>\n<p>Reiner Entrup von der Bundesforstverwaltung berichtete, dass unter den Bedingungen der Kyritz-Ruppiner Heide eine kostenneutrale Pflege durch brennen nach vorheriger Nutzung\u00a0der aufgewachsenen Geh\u00f6lze und Vermarktung als Hackschnitzel m\u00f6glich ist. Vorraussetzung ist eine Mindestgr\u00f6\u00dfe der Pflegebl\u00f6cke von 45ha.\u00a0Die Bundesforst hat das Ziel 3000 der 12000 ha der Kyritz-Ruppiner Heide als Heide zu erhalten. Dazu sollen j\u00e4hrlich ca. 150 ha gebrannt werden in einem Pflegeturnus von 20 Jahren.<\/p>\n<p>Die anschlie\u00dfende Exkursion in die bl\u00fchende Heide mit Kremsern zeigte beeindruckend den Erfolg dieser Methode. Auch die Anzahl der G\u00e4ste, die j\u00e4hrlich die z.Zt. einzige M\u00f6glichkeit die Heide zu besuchen, den Kremser, nutzen, hat sich von Jahr zu Jahr verdoppelt.<\/p>\n","protected":false},"excerpt":{"rendered":"<p>Anfang September fand im Rahmen des Brandenburgischen Konversionssommers in R\u00e4gelin am Rande der Kyritz-Ruppiner Heide die diesj\u00e4hrige Heidekonferenz statt.<\/p>\n","protected":false},"author":39,"featured_media":1364,"comment_status":"open","ping_status":"open","sticky":false,"template":"","format":"standard","meta":[],"categories":[7],"tags":[],"yoast_head":"<!-- This site is optimized with the Yoast SEO plugin v19.10 - https:\/\/yoast.com\/wordpress\/plugins\/seo\/ -->\n<title>Die Heide brennt - Heidepflege auf Konversionsfl\u00e4chen - Naturpark Stechlin-Ruppiner Land<\/title>\n<meta name=\"robots\" content=\"index, follow, max-snippet:-1, max-image-preview:large, max-video-preview:-1\" \/>\n<link rel=\"canonical\" href=\"https:\/\/www.naturparkmagazin.de\/stechlin\/die-heide-brennt-heidepflege-auf-konversionsflaechen\/\" \/>\n<meta property=\"og:locale\" content=\"de_DE\" \/>\n<meta property=\"og:type\" content=\"article\" \/>\n<meta property=\"og:title\" content=\"Die Heide brennt - Heidepflege auf Konversionsfl\u00e4chen - Naturpark Stechlin-Ruppiner Land\" \/>\n<meta property=\"og:description\" content=\"Anfang September fand im Rahmen des Brandenburgischen Konversionssommers in R\u00e4gelin am Rande der Kyritz-Ruppiner Heide die diesj\u00e4hrige Heidekonferenz statt.\" \/>\n<meta property=\"og:url\" content=\"https:\/\/www.naturparkmagazin.de\/stechlin\/die-heide-brennt-heidepflege-auf-konversionsflaechen\/\" \/>\n<meta property=\"og:site_name\" content=\"Naturpark Stechlin-Ruppiner Land\" \/>\n<meta property=\"article:published_time\" content=\"2014-09-19T08:19:09+00:00\" \/>\n<meta property=\"article:modified_time\" content=\"2014-09-23T13:34:04+00:00\" \/>\n<meta property=\"og:image\" content=\"https:\/\/www.naturparkmagazin.de\/stechlin\/wp-content\/uploads\/sites\/38\/k-DSC_0013.jpg\" \/>\n\t<meta property=\"og:image:width\" content=\"1936\" \/>\n\t<meta property=\"og:image:height\" content=\"1296\" \/>\n\t<meta property=\"og:image:type\" content=\"image\/jpeg\" \/>\n<meta name=\"author\" content=\"marioschrumpf\" \/>\n<meta name=\"twitter:label1\" content=\"Verfasst von\" \/>\n\t<meta name=\"twitter:data1\" content=\"marioschrumpf\" \/>\n\t<meta name=\"twitter:label2\" content=\"Gesch\u00e4tzte Lesezeit\" \/>\n\t<meta name=\"twitter:data2\" content=\"1\u00a0Minute\" \/>\n<script type=\"application\/ld+json\" class=\"yoast-schema-graph\">{\"@context\":\"https:\/\/schema.org\",\"@graph\":[{\"@type\":\"WebPage\",\"@id\":\"https:\/\/www.naturparkmagazin.de\/stechlin\/die-heide-brennt-heidepflege-auf-konversionsflaechen\/\",\"url\":\"https:\/\/www.naturparkmagazin.de\/stechlin\/die-heide-brennt-heidepflege-auf-konversionsflaechen\/\",\"name\":\"Die Heide brennt - Heidepflege auf Konversionsfl\u00e4chen - Naturpark Stechlin-Ruppiner Land\",\"isPartOf\":{\"@id\":\"https:\/\/www.naturparkmagazin.de\/stechlin\/#website\"},\"datePublished\":\"2014-09-19T08:19:09+00:00\",\"dateModified\":\"2014-09-23T13:34:04+00:00\",\"author\":{\"@id\":\"https:\/\/www.naturparkmagazin.de\/stechlin\/#\/schema\/person\/3f0d93203df21c806dd63c76d9bb28bc\"},\"breadcrumb\":{\"@id\":\"https:\/\/www.naturparkmagazin.de\/stechlin\/die-heide-brennt-heidepflege-auf-konversionsflaechen\/#breadcrumb\"},\"inLanguage\":\"de\",\"potentialAction\":[{\"@type\":\"ReadAction\",\"target\":[\"https:\/\/www.naturparkmagazin.de\/stechlin\/die-heide-brennt-heidepflege-auf-konversionsflaechen\/\"]}]},{\"@type\":\"BreadcrumbList\",\"@id\":\"https:\/\/www.naturparkmagazin.de\/stechlin\/die-heide-brennt-heidepflege-auf-konversionsflaechen\/#breadcrumb\",\"itemListElement\":[{\"@type\":\"ListItem\",\"position\":1,\"name\":\"Home\",\"item\":\"https:\/\/www.naturparkmagazin.de\/stechlin\/\"},{\"@type\":\"ListItem\",\"position\":2,\"name\":\"Die Heide brennt &#8211; Heidepflege auf Konversionsfl\u00e4chen\"}]},{\"@type\":\"WebSite\",\"@id\":\"https:\/\/www.naturparkmagazin.de\/stechlin\/#website\",\"url\":\"https:\/\/www.naturparkmagazin.de\/stechlin\/\",\"name\":\"Naturpark Stechlin-Ruppiner Land\",\"description\":\"\",\"potentialAction\":[{\"@type\":\"SearchAction\",\"target\":{\"@type\":\"EntryPoint\",\"urlTemplate\":\"https:\/\/www.naturparkmagazin.de\/stechlin\/?s={search_term_string}\"},\"query-input\":\"required name=search_term_string\"}],\"inLanguage\":\"de\"},{\"@type\":\"Person\",\"@id\":\"https:\/\/www.naturparkmagazin.de\/stechlin\/#\/schema\/person\/3f0d93203df21c806dd63c76d9bb28bc\",\"name\":\"marioschrumpf\",\"url\":\"https:\/\/www.naturparkmagazin.de\/stechlin\/author\/marioschrumpf\/\"}]}<\/script>\n<!-- \/ Yoast SEO plugin. -->","yoast_head_json":{"title":"Die Heide brennt - Heidepflege auf Konversionsfl\u00e4chen - Naturpark Stechlin-Ruppiner Land","robots":{"index":"index","follow":"follow","max-snippet":"max-snippet:-1","max-image-preview":"max-image-preview:large","max-video-preview":"max-video-preview:-1"},"canonical":"https:\/\/www.naturparkmagazin.de\/stechlin\/die-heide-brennt-heidepflege-auf-konversionsflaechen\/","og_locale":"de_DE","og_type":"article","og_title":"Die Heide brennt - Heidepflege auf Konversionsfl\u00e4chen - Naturpark Stechlin-Ruppiner Land","og_description":"Anfang September fand im Rahmen des Brandenburgischen Konversionssommers in R\u00e4gelin am Rande der Kyritz-Ruppiner Heide die diesj\u00e4hrige Heidekonferenz statt.","og_url":"https:\/\/www.naturparkmagazin.de\/stechlin\/die-heide-brennt-heidepflege-auf-konversionsflaechen\/","og_site_name":"Naturpark Stechlin-Ruppiner Land","article_published_time":"2014-09-19T08:19:09+00:00","article_modified_time":"2014-09-23T13:34:04+00:00","og_image":[{"width":1936,"height":1296,"url":"https:\/\/www.naturparkmagazin.de\/stechlin\/wp-content\/uploads\/sites\/38\/k-DSC_0013.jpg","type":"image\/jpeg"}],"author":"marioschrumpf","twitter_misc":{"Verfasst von":"marioschrumpf","Gesch\u00e4tzte Lesezeit":"1\u00a0Minute"},"schema":{"@context":"https:\/\/schema.org","@graph":[{"@type":"WebPage","@id":"https:\/\/www.naturparkmagazin.de\/stechlin\/die-heide-brennt-heidepflege-auf-konversionsflaechen\/","url":"https:\/\/www.naturparkmagazin.de\/stechlin\/die-heide-brennt-heidepflege-auf-konversionsflaechen\/","name":"Die Heide brennt - Heidepflege auf Konversionsfl\u00e4chen - Naturpark Stechlin-Ruppiner Land","isPartOf":{"@id":"https:\/\/www.naturparkmagazin.de\/stechlin\/#website"},"datePublished":"2014-09-19T08:19:09+00:00","dateModified":"2014-09-23T13:34:04+00:00","author":{"@id":"https:\/\/www.naturparkmagazin.de\/stechlin\/#\/schema\/person\/3f0d93203df21c806dd63c76d9bb28bc"},"breadcrumb":{"@id":"https:\/\/www.naturparkmagazin.de\/stechlin\/die-heide-brennt-heidepflege-auf-konversionsflaechen\/#breadcrumb"},"inLanguage":"de","potentialAction":[{"@type":"ReadAction","target":["https:\/\/www.naturparkmagazin.de\/stechlin\/die-heide-brennt-heidepflege-auf-konversionsflaechen\/"]}]},{"@type":"BreadcrumbList","@id":"https:\/\/www.naturparkmagazin.de\/stechlin\/die-heide-brennt-heidepflege-auf-konversionsflaechen\/#breadcrumb","itemListElement":[{"@type":"ListItem","position":1,"name":"Home","item":"https:\/\/www.naturparkmagazin.de\/stechlin\/"},{"@type":"ListItem","position":2,"name":"Die Heide brennt &#8211; Heidepflege auf Konversionsfl\u00e4chen"}]},{"@type":"WebSite","@id":"https:\/\/www.naturparkmagazin.de\/stechlin\/#website","url":"https:\/\/www.naturparkmagazin.de\/stechlin\/","name":"Naturpark Stechlin-Ruppiner Land","description":"","potentialAction":[{"@type":"SearchAction","target":{"@type":"EntryPoint","urlTemplate":"https:\/\/www.naturparkmagazin.de\/stechlin\/?s={search_term_string}"},"query-input":"required name=search_term_string"}],"inLanguage":"de"},{"@type":"Person","@id":"https:\/\/www.naturparkmagazin.de\/stechlin\/#\/schema\/person\/3f0d93203df21c806dd63c76d9bb28bc","name":"marioschrumpf","url":"https:\/\/www.naturparkmagazin.de\/stechlin\/author\/marioschrumpf\/"}]}},"_links":{"self":[{"href":"https:\/\/www.naturparkmagazin.de\/stechlin\/wp-json\/wp\/v2\/posts\/1342"}],"collection":[{"href":"https:\/\/www.naturparkmagazin.de\/stechlin\/wp-json\/wp\/v2\/posts"}],"about":[{"href":"https:\/\/www.naturparkmagazin.de\/stechlin\/wp-json\/wp\/v2\/types\/post"}],"author":[{"embeddable":true,"href":"https:\/\/www.naturparkmagazin.de\/stechlin\/wp-json\/wp\/v2\/users\/39"}],"replies":[{"embeddable":true,"href":"https:\/\/www.naturparkmagazin.de\/stechlin\/wp-json\/wp\/v2\/comments?post=1342"}],"version-history":[{"count":4,"href":"https:\/\/www.naturparkmagazin.de\/stechlin\/wp-json\/wp\/v2\/posts\/1342\/revisions"}],"predecessor-version":[{"id":1437,"href":"https:\/\/www.naturparkmagazin.de\/stechlin\/wp-json\/wp\/v2\/posts\/1342\/revisions\/1437"}],"wp:featuredmedia":[{"embeddable":true,"href":"https:\/\/www.naturparkmagazin.de\/stechlin\/wp-json\/wp\/v2\/media\/1364"}],"wp:attachment":[{"href":"https:\/\/www.naturparkmagazin.de\/stechlin\/wp-json\/wp\/v2\/media?parent=1342"}],"wp:term":[{"taxonomy":"category","embeddable":true,"href":"https:\/\/www.naturparkmagazin.de\/stechlin\/wp-json\/wp\/v2\/categories?post=1342"},{"taxonomy":"post_tag","embeddable":true,"href":"https:\/\/www.naturparkmagazin.de\/stechlin\/wp-json\/wp\/v2\/tags?post=1342"}],"curies":[{"name":"wp","href":"https:\/\/api.w.org\/{rel}","templated":true}]}}