{"id":1343,"date":"2014-09-19T14:25:25","date_gmt":"2014-09-19T12:25:25","guid":{"rendered":"http:\/\/www.naturparkmagazin.de\/stechlin\/?p=1343"},"modified":"2014-09-29T11:08:17","modified_gmt":"2014-09-29T09:08:17","slug":"gut-be-hutet-oder-wer-kommt-in-den-korb-3","status":"publish","type":"post","link":"https:\/\/www.naturparkmagazin.de\/stechlin\/gut-be-hutet-oder-wer-kommt-in-den-korb-3\/","title":{"rendered":"Gut be-Hutet oder wer kommt in den Korb?"},"content":{"rendered":"<div id=\"attachment_1349\" style=\"width: 630px\" class=\"wp-caption alignnone\"><a href=\"https:\/\/www.naturparkmagazin.de\/stechlin\/wp-content\/uploads\/sites\/38\/k-DSC_0044.jpg\"><img aria-describedby=\"caption-attachment-1349\" decoding=\"async\" loading=\"lazy\" class=\"size-medium wp-image-1349\" alt=\"Nach der Pilzwanderung werden die gefundenen Pilze ausgestellt.\" src=\"https:\/\/www.naturparkmagazin.de\/stechlin\/wp-content\/uploads\/sites\/38\/k-DSC_0044-620x415.jpg\" width=\"620\" height=\"415\" \/><\/a><p id=\"caption-attachment-1349\" class=\"wp-caption-text\">Nach der Pilzwanderung werden die gefundenen Pilze ausgestellt.<\/p><\/div>\n<p>Pilzwanderung durch die W\u00e4lder des Naturparks Stechlin-Ruppiner Land. F\u00fchrung mit Bestimmung, Beratung und anschlie\u00dfender Ausstellung der gefundenen Exemplare. Diese Veranstaltung findet nur bei Pilzwachstum statt.<\/p>\n<p>Treff: 10 Uhr NaturParkHaus Stechlin in Menz<\/p>\n<p>Dauer: ca. 2,5 Stunden<\/p>\n<p>Leitung: Johanna Dalchow<\/p>\n<p>Anmeldung: 033082\/51210 NaturParkHaus Stechlin<\/p>\n<p>Kosten: Um eine Spende wird gebeten!<\/p>\n","protected":false},"excerpt":{"rendered":"<p>Eine Pilzwanderung am 11. Oktober unter der Leitung von Frau Johanna Dalchow durch die W\u00e4lder des Naturparks.<\/p>\n","protected":false},"author":39,"featured_media":1348,"comment_status":"open","ping_status":"open","sticky":false,"template":"","format":"standard","meta":[],"categories":[11],"tags":[],"yoast_head":"<!-- This site is optimized with the Yoast SEO plugin v19.10 - https:\/\/yoast.com\/wordpress\/plugins\/seo\/ -->\n<title>Gut be-Hutet oder wer kommt in den Korb? - Naturpark Stechlin-Ruppiner Land<\/title>\n<meta name=\"robots\" content=\"index, follow, max-snippet:-1, max-image-preview:large, max-video-preview:-1\" \/>\n<link rel=\"canonical\" href=\"https:\/\/www.naturparkmagazin.de\/stechlin\/gut-be-hutet-oder-wer-kommt-in-den-korb-3\/\" \/>\n<meta property=\"og:locale\" content=\"de_DE\" \/>\n<meta property=\"og:type\" content=\"article\" \/>\n<meta property=\"og:title\" content=\"Gut be-Hutet oder wer kommt in den Korb? - Naturpark Stechlin-Ruppiner Land\" \/>\n<meta property=\"og:description\" content=\"Eine Pilzwanderung am 11. Oktober unter der Leitung von Frau Johanna Dalchow durch die W\u00e4lder des Naturparks.\" \/>\n<meta property=\"og:url\" content=\"https:\/\/www.naturparkmagazin.de\/stechlin\/gut-be-hutet-oder-wer-kommt-in-den-korb-3\/\" \/>\n<meta property=\"og:site_name\" content=\"Naturpark Stechlin-Ruppiner Land\" \/>\n<meta property=\"article:published_time\" content=\"2014-09-19T12:25:25+00:00\" \/>\n<meta property=\"article:modified_time\" content=\"2014-09-29T09:08:17+00:00\" \/>\n<meta property=\"og:image\" content=\"https:\/\/www.naturparkmagazin.de\/stechlin\/wp-content\/uploads\/sites\/38\/k-DSC_00041.jpg\" \/>\n\t<meta property=\"og:image:width\" content=\"1936\" \/>\n\t<meta property=\"og:image:height\" content=\"1296\" \/>\n\t<meta property=\"og:image:type\" content=\"image\/jpeg\" \/>\n<meta name=\"author\" content=\"marioschrumpf\" \/>\n<meta name=\"twitter:label1\" content=\"Verfasst von\" \/>\n\t<meta name=\"twitter:data1\" content=\"marioschrumpf\" \/>\n<script type=\"application\/ld+json\" class=\"yoast-schema-graph\">{\"@context\":\"https:\/\/schema.org\",\"@graph\":[{\"@type\":\"WebPage\",\"@id\":\"https:\/\/www.naturparkmagazin.de\/stechlin\/gut-be-hutet-oder-wer-kommt-in-den-korb-3\/\",\"url\":\"https:\/\/www.naturparkmagazin.de\/stechlin\/gut-be-hutet-oder-wer-kommt-in-den-korb-3\/\",\"name\":\"Gut be-Hutet oder wer kommt in den Korb? - Naturpark Stechlin-Ruppiner Land\",\"isPartOf\":{\"@id\":\"https:\/\/www.naturparkmagazin.de\/stechlin\/#website\"},\"datePublished\":\"2014-09-19T12:25:25+00:00\",\"dateModified\":\"2014-09-29T09:08:17+00:00\",\"author\":{\"@id\":\"https:\/\/www.naturparkmagazin.de\/stechlin\/#\/schema\/person\/3f0d93203df21c806dd63c76d9bb28bc\"},\"breadcrumb\":{\"@id\":\"https:\/\/www.naturparkmagazin.de\/stechlin\/gut-be-hutet-oder-wer-kommt-in-den-korb-3\/#breadcrumb\"},\"inLanguage\":\"de\",\"potentialAction\":[{\"@type\":\"ReadAction\",\"target\":[\"https:\/\/www.naturparkmagazin.de\/stechlin\/gut-be-hutet-oder-wer-kommt-in-den-korb-3\/\"]}]},{\"@type\":\"BreadcrumbList\",\"@id\":\"https:\/\/www.naturparkmagazin.de\/stechlin\/gut-be-hutet-oder-wer-kommt-in-den-korb-3\/#breadcrumb\",\"itemListElement\":[{\"@type\":\"ListItem\",\"position\":1,\"name\":\"Home\",\"item\":\"https:\/\/www.naturparkmagazin.de\/stechlin\/\"},{\"@type\":\"ListItem\",\"position\":2,\"name\":\"Gut be-Hutet oder wer kommt in den Korb?\"}]},{\"@type\":\"WebSite\",\"@id\":\"https:\/\/www.naturparkmagazin.de\/stechlin\/#website\",\"url\":\"https:\/\/www.naturparkmagazin.de\/stechlin\/\",\"name\":\"Naturpark Stechlin-Ruppiner Land\",\"description\":\"\",\"potentialAction\":[{\"@type\":\"SearchAction\",\"target\":{\"@type\":\"EntryPoint\",\"urlTemplate\":\"https:\/\/www.naturparkmagazin.de\/stechlin\/?s={search_term_string}\"},\"query-input\":\"required name=search_term_string\"}],\"inLanguage\":\"de\"},{\"@type\":\"Person\",\"@id\":\"https:\/\/www.naturparkmagazin.de\/stechlin\/#\/schema\/person\/3f0d93203df21c806dd63c76d9bb28bc\",\"name\":\"marioschrumpf\",\"url\":\"https:\/\/www.naturparkmagazin.de\/stechlin\/author\/marioschrumpf\/\"}]}<\/script>\n<!-- \/ Yoast SEO plugin. -->","yoast_head_json":{"title":"Gut be-Hutet oder wer kommt in den Korb? - Naturpark Stechlin-Ruppiner Land","robots":{"index":"index","follow":"follow","max-snippet":"max-snippet:-1","max-image-preview":"max-image-preview:large","max-video-preview":"max-video-preview:-1"},"canonical":"https:\/\/www.naturparkmagazin.de\/stechlin\/gut-be-hutet-oder-wer-kommt-in-den-korb-3\/","og_locale":"de_DE","og_type":"article","og_title":"Gut be-Hutet oder wer kommt in den Korb? - Naturpark Stechlin-Ruppiner Land","og_description":"Eine Pilzwanderung am 11. Oktober unter der Leitung von Frau Johanna Dalchow durch die W\u00e4lder des Naturparks.","og_url":"https:\/\/www.naturparkmagazin.de\/stechlin\/gut-be-hutet-oder-wer-kommt-in-den-korb-3\/","og_site_name":"Naturpark Stechlin-Ruppiner Land","article_published_time":"2014-09-19T12:25:25+00:00","article_modified_time":"2014-09-29T09:08:17+00:00","og_image":[{"width":1936,"height":1296,"url":"https:\/\/www.naturparkmagazin.de\/stechlin\/wp-content\/uploads\/sites\/38\/k-DSC_00041.jpg","type":"image\/jpeg"}],"author":"marioschrumpf","twitter_misc":{"Verfasst von":"marioschrumpf"},"schema":{"@context":"https:\/\/schema.org","@graph":[{"@type":"WebPage","@id":"https:\/\/www.naturparkmagazin.de\/stechlin\/gut-be-hutet-oder-wer-kommt-in-den-korb-3\/","url":"https:\/\/www.naturparkmagazin.de\/stechlin\/gut-be-hutet-oder-wer-kommt-in-den-korb-3\/","name":"Gut be-Hutet oder wer kommt in den Korb? - Naturpark Stechlin-Ruppiner Land","isPartOf":{"@id":"https:\/\/www.naturparkmagazin.de\/stechlin\/#website"},"datePublished":"2014-09-19T12:25:25+00:00","dateModified":"2014-09-29T09:08:17+00:00","author":{"@id":"https:\/\/www.naturparkmagazin.de\/stechlin\/#\/schema\/person\/3f0d93203df21c806dd63c76d9bb28bc"},"breadcrumb":{"@id":"https:\/\/www.naturparkmagazin.de\/stechlin\/gut-be-hutet-oder-wer-kommt-in-den-korb-3\/#breadcrumb"},"inLanguage":"de","potentialAction":[{"@type":"ReadAction","target":["https:\/\/www.naturparkmagazin.de\/stechlin\/gut-be-hutet-oder-wer-kommt-in-den-korb-3\/"]}]},{"@type":"BreadcrumbList","@id":"https:\/\/www.naturparkmagazin.de\/stechlin\/gut-be-hutet-oder-wer-kommt-in-den-korb-3\/#breadcrumb","itemListElement":[{"@type":"ListItem","position":1,"name":"Home","item":"https:\/\/www.naturparkmagazin.de\/stechlin\/"},{"@type":"ListItem","position":2,"name":"Gut be-Hutet oder wer kommt in den Korb?"}]},{"@type":"WebSite","@id":"https:\/\/www.naturparkmagazin.de\/stechlin\/#website","url":"https:\/\/www.naturparkmagazin.de\/stechlin\/","name":"Naturpark Stechlin-Ruppiner Land","description":"","potentialAction":[{"@type":"SearchAction","target":{"@type":"EntryPoint","urlTemplate":"https:\/\/www.naturparkmagazin.de\/stechlin\/?s={search_term_string}"},"query-input":"required name=search_term_string"}],"inLanguage":"de"},{"@type":"Person","@id":"https:\/\/www.naturparkmagazin.de\/stechlin\/#\/schema\/person\/3f0d93203df21c806dd63c76d9bb28bc","name":"marioschrumpf","url":"https:\/\/www.naturparkmagazin.de\/stechlin\/author\/marioschrumpf\/"}]}},"_links":{"self":[{"href":"https:\/\/www.naturparkmagazin.de\/stechlin\/wp-json\/wp\/v2\/posts\/1343"}],"collection":[{"href":"https:\/\/www.naturparkmagazin.de\/stechlin\/wp-json\/wp\/v2\/posts"}],"about":[{"href":"https:\/\/www.naturparkmagazin.de\/stechlin\/wp-json\/wp\/v2\/types\/post"}],"author":[{"embeddable":true,"href":"https:\/\/www.naturparkmagazin.de\/stechlin\/wp-json\/wp\/v2\/users\/39"}],"replies":[{"embeddable":true,"href":"https:\/\/www.naturparkmagazin.de\/stechlin\/wp-json\/wp\/v2\/comments?post=1343"}],"version-history":[{"count":3,"href":"https:\/\/www.naturparkmagazin.de\/stechlin\/wp-json\/wp\/v2\/posts\/1343\/revisions"}],"predecessor-version":[{"id":1441,"href":"https:\/\/www.naturparkmagazin.de\/stechlin\/wp-json\/wp\/v2\/posts\/1343\/revisions\/1441"}],"wp:featuredmedia":[{"embeddable":true,"href":"https:\/\/www.naturparkmagazin.de\/stechlin\/wp-json\/wp\/v2\/media\/1348"}],"wp:attachment":[{"href":"https:\/\/www.naturparkmagazin.de\/stechlin\/wp-json\/wp\/v2\/media?parent=1343"}],"wp:term":[{"taxonomy":"category","embeddable":true,"href":"https:\/\/www.naturparkmagazin.de\/stechlin\/wp-json\/wp\/v2\/categories?post=1343"},{"taxonomy":"post_tag","embeddable":true,"href":"https:\/\/www.naturparkmagazin.de\/stechlin\/wp-json\/wp\/v2\/tags?post=1343"}],"curies":[{"name":"wp","href":"https:\/\/api.w.org\/{rel}","templated":true}]}}