{"id":1347,"date":"2020-02-14T09:00:59","date_gmt":"2020-02-14T08:00:59","guid":{"rendered":"http:\/\/www.naturparkmagazin.de\/stechlin\/?p=1347"},"modified":"2020-02-14T08:26:25","modified_gmt":"2020-02-14T07:26:25","slug":"bundesfreiwilligendienstler-fuer-die-naturparkverwaltung-gesucht","status":"publish","type":"post","link":"https:\/\/www.naturparkmagazin.de\/stechlin\/bundesfreiwilligendienstler-fuer-die-naturparkverwaltung-gesucht\/","title":{"rendered":"Bundesfreiwilligendienstler f\u00fcr die Naturparkverwaltung gesucht"},"content":{"rendered":"<p><a href=\"https:\/\/www.naturparkmagazin.de\/stechlin\/wp-content\/uploads\/sites\/38\/Bufdi1.jpg\"><img decoding=\"async\" loading=\"lazy\" class=\" size-thumbnail wp-image-7820 aligncenter\" src=\"https:\/\/www.naturparkmagazin.de\/stechlin\/wp-content\/uploads\/sites\/38\/Bufdi1-300x180.jpg\" alt=\"NP SRL\/Thomas Hahn\" width=\"300\" height=\"180\" srcset=\"https:\/\/www.naturparkmagazin.de\/stechlin\/wp-content\/uploads\/sites\/38\/Bufdi1-300x180.jpg 300w, https:\/\/www.naturparkmagazin.de\/stechlin\/wp-content\/uploads\/sites\/38\/Bufdi1.jpg 500w, https:\/\/www.naturparkmagazin.de\/stechlin\/wp-content\/uploads\/sites\/38\/Bufdi1-200x120.jpg 200w\" sizes=\"(max-width: 300px) 100vw, 300px\" \/><\/a><\/p>\n<p>Egbert Witzlau\u00a0beendete\u00a0 im\u00a0Dezember 2018 seinen 18-monatigen Bundesfreiwilligendienst in der Naturparkverwaltung.\u00a0F\u00fcr ihn wird immer noch\u00a0dringend ein Nachfolger gesucht!<\/p>\n<p>Zu den Aufgaben eines &#8222;Bufdis&#8220; geh\u00f6ren handwerkliche Arbeiten, wie die Unterhaltung von Einrichtungen der Besucherlenkung, die Unterst\u00fctzung bei Aktionstagen und Veranstaltungen, die Pflege der Freifl\u00e4chen rund um die Naturparkverwaltung und kleine Transportarbeiten\u00a0in Zusammenarbeit mit der Naturwacht und dem Besucherzentrum NaturParkHaus Stechlin. Der F\u00fchrerschein ist Voraussetzung.<\/p>\n<p>Der Freiwilligendienst ist f\u00fcr max. 18 Monate m\u00f6glich. Minimum sind sechs Monate. Die Teilnehmer sind w\u00e4hrend der Dauer sozialversichert und erhalten von der Einsatzstelle ein Taschengeld.<\/p>\n<p>Weitere Infos zur Einsatzstelle und zum Ablauf gibt es unter<\/p>\n<p>Tel. 033082\/4070 (Ansprechpartnerin: Fr. Quietzsch)<\/p>\n","protected":false},"excerpt":{"rendered":"<p>Die Naturparkverwaltung sucht dringend einen neuen Bundesfreiwilligendienstler. Weitere Infos unter Tel. 033082\/4070 (Ansprechpartnerin: Fr. Quietzsch).<\/p>\n","protected":false},"author":39,"featured_media":7819,"comment_status":"open","ping_status":"open","sticky":false,"template":"","format":"standard","meta":[],"categories":[11],"tags":[],"yoast_head":"<!-- This site is optimized with the Yoast SEO plugin v19.10 - https:\/\/yoast.com\/wordpress\/plugins\/seo\/ -->\n<title>Bundesfreiwilligendienstler f\u00fcr die Naturparkverwaltung gesucht - Naturpark Stechlin-Ruppiner Land<\/title>\n<meta name=\"robots\" content=\"index, follow, max-snippet:-1, max-image-preview:large, max-video-preview:-1\" \/>\n<link rel=\"canonical\" href=\"https:\/\/www.naturparkmagazin.de\/stechlin\/bundesfreiwilligendienstler-fuer-die-naturparkverwaltung-gesucht\/\" \/>\n<meta property=\"og:locale\" content=\"de_DE\" \/>\n<meta property=\"og:type\" content=\"article\" \/>\n<meta property=\"og:title\" content=\"Bundesfreiwilligendienstler f\u00fcr die Naturparkverwaltung gesucht - Naturpark Stechlin-Ruppiner Land\" \/>\n<meta property=\"og:description\" content=\"Die Naturparkverwaltung sucht dringend einen neuen Bundesfreiwilligendienstler. Weitere Infos unter Tel. 033082\/4070 (Ansprechpartnerin: Fr. Quietzsch).\" \/>\n<meta property=\"og:url\" content=\"https:\/\/www.naturparkmagazin.de\/stechlin\/bundesfreiwilligendienstler-fuer-die-naturparkverwaltung-gesucht\/\" \/>\n<meta property=\"og:site_name\" content=\"Naturpark Stechlin-Ruppiner Land\" \/>\n<meta property=\"article:published_time\" content=\"2020-02-14T08:00:59+00:00\" \/>\n<meta property=\"article:modified_time\" content=\"2020-02-14T07:26:25+00:00\" \/>\n<meta property=\"og:image\" content=\"https:\/\/www.naturparkmagazin.de\/stechlin\/wp-content\/uploads\/sites\/38\/Bufdi.jpg\" \/>\n\t<meta property=\"og:image:width\" content=\"200\" \/>\n\t<meta property=\"og:image:height\" content=\"200\" \/>\n\t<meta property=\"og:image:type\" content=\"image\/jpeg\" \/>\n<meta name=\"author\" content=\"marioschrumpf\" \/>\n<meta name=\"twitter:label1\" content=\"Verfasst von\" \/>\n\t<meta name=\"twitter:data1\" content=\"marioschrumpf\" \/>\n\t<meta name=\"twitter:label2\" content=\"Gesch\u00e4tzte Lesezeit\" \/>\n\t<meta name=\"twitter:data2\" content=\"1\u00a0Minute\" \/>\n<script type=\"application\/ld+json\" class=\"yoast-schema-graph\">{\"@context\":\"https:\/\/schema.org\",\"@graph\":[{\"@type\":\"WebPage\",\"@id\":\"https:\/\/www.naturparkmagazin.de\/stechlin\/bundesfreiwilligendienstler-fuer-die-naturparkverwaltung-gesucht\/\",\"url\":\"https:\/\/www.naturparkmagazin.de\/stechlin\/bundesfreiwilligendienstler-fuer-die-naturparkverwaltung-gesucht\/\",\"name\":\"Bundesfreiwilligendienstler f\u00fcr die Naturparkverwaltung gesucht - Naturpark Stechlin-Ruppiner Land\",\"isPartOf\":{\"@id\":\"https:\/\/www.naturparkmagazin.de\/stechlin\/#website\"},\"datePublished\":\"2020-02-14T08:00:59+00:00\",\"dateModified\":\"2020-02-14T07:26:25+00:00\",\"author\":{\"@id\":\"https:\/\/www.naturparkmagazin.de\/stechlin\/#\/schema\/person\/3f0d93203df21c806dd63c76d9bb28bc\"},\"breadcrumb\":{\"@id\":\"https:\/\/www.naturparkmagazin.de\/stechlin\/bundesfreiwilligendienstler-fuer-die-naturparkverwaltung-gesucht\/#breadcrumb\"},\"inLanguage\":\"de\",\"potentialAction\":[{\"@type\":\"ReadAction\",\"target\":[\"https:\/\/www.naturparkmagazin.de\/stechlin\/bundesfreiwilligendienstler-fuer-die-naturparkverwaltung-gesucht\/\"]}]},{\"@type\":\"BreadcrumbList\",\"@id\":\"https:\/\/www.naturparkmagazin.de\/stechlin\/bundesfreiwilligendienstler-fuer-die-naturparkverwaltung-gesucht\/#breadcrumb\",\"itemListElement\":[{\"@type\":\"ListItem\",\"position\":1,\"name\":\"Home\",\"item\":\"https:\/\/www.naturparkmagazin.de\/stechlin\/\"},{\"@type\":\"ListItem\",\"position\":2,\"name\":\"Bundesfreiwilligendienstler f\u00fcr die Naturparkverwaltung gesucht\"}]},{\"@type\":\"WebSite\",\"@id\":\"https:\/\/www.naturparkmagazin.de\/stechlin\/#website\",\"url\":\"https:\/\/www.naturparkmagazin.de\/stechlin\/\",\"name\":\"Naturpark Stechlin-Ruppiner Land\",\"description\":\"\",\"potentialAction\":[{\"@type\":\"SearchAction\",\"target\":{\"@type\":\"EntryPoint\",\"urlTemplate\":\"https:\/\/www.naturparkmagazin.de\/stechlin\/?s={search_term_string}\"},\"query-input\":\"required name=search_term_string\"}],\"inLanguage\":\"de\"},{\"@type\":\"Person\",\"@id\":\"https:\/\/www.naturparkmagazin.de\/stechlin\/#\/schema\/person\/3f0d93203df21c806dd63c76d9bb28bc\",\"name\":\"marioschrumpf\",\"url\":\"https:\/\/www.naturparkmagazin.de\/stechlin\/author\/marioschrumpf\/\"}]}<\/script>\n<!-- \/ Yoast SEO plugin. -->","yoast_head_json":{"title":"Bundesfreiwilligendienstler f\u00fcr die Naturparkverwaltung gesucht - Naturpark Stechlin-Ruppiner Land","robots":{"index":"index","follow":"follow","max-snippet":"max-snippet:-1","max-image-preview":"max-image-preview:large","max-video-preview":"max-video-preview:-1"},"canonical":"https:\/\/www.naturparkmagazin.de\/stechlin\/bundesfreiwilligendienstler-fuer-die-naturparkverwaltung-gesucht\/","og_locale":"de_DE","og_type":"article","og_title":"Bundesfreiwilligendienstler f\u00fcr die Naturparkverwaltung gesucht - Naturpark Stechlin-Ruppiner Land","og_description":"Die Naturparkverwaltung sucht dringend einen neuen Bundesfreiwilligendienstler. Weitere Infos unter Tel. 033082\/4070 (Ansprechpartnerin: Fr. Quietzsch).","og_url":"https:\/\/www.naturparkmagazin.de\/stechlin\/bundesfreiwilligendienstler-fuer-die-naturparkverwaltung-gesucht\/","og_site_name":"Naturpark Stechlin-Ruppiner Land","article_published_time":"2020-02-14T08:00:59+00:00","article_modified_time":"2020-02-14T07:26:25+00:00","og_image":[{"width":200,"height":200,"url":"https:\/\/www.naturparkmagazin.de\/stechlin\/wp-content\/uploads\/sites\/38\/Bufdi.jpg","type":"image\/jpeg"}],"author":"marioschrumpf","twitter_misc":{"Verfasst von":"marioschrumpf","Gesch\u00e4tzte Lesezeit":"1\u00a0Minute"},"schema":{"@context":"https:\/\/schema.org","@graph":[{"@type":"WebPage","@id":"https:\/\/www.naturparkmagazin.de\/stechlin\/bundesfreiwilligendienstler-fuer-die-naturparkverwaltung-gesucht\/","url":"https:\/\/www.naturparkmagazin.de\/stechlin\/bundesfreiwilligendienstler-fuer-die-naturparkverwaltung-gesucht\/","name":"Bundesfreiwilligendienstler f\u00fcr die Naturparkverwaltung gesucht - Naturpark Stechlin-Ruppiner Land","isPartOf":{"@id":"https:\/\/www.naturparkmagazin.de\/stechlin\/#website"},"datePublished":"2020-02-14T08:00:59+00:00","dateModified":"2020-02-14T07:26:25+00:00","author":{"@id":"https:\/\/www.naturparkmagazin.de\/stechlin\/#\/schema\/person\/3f0d93203df21c806dd63c76d9bb28bc"},"breadcrumb":{"@id":"https:\/\/www.naturparkmagazin.de\/stechlin\/bundesfreiwilligendienstler-fuer-die-naturparkverwaltung-gesucht\/#breadcrumb"},"inLanguage":"de","potentialAction":[{"@type":"ReadAction","target":["https:\/\/www.naturparkmagazin.de\/stechlin\/bundesfreiwilligendienstler-fuer-die-naturparkverwaltung-gesucht\/"]}]},{"@type":"BreadcrumbList","@id":"https:\/\/www.naturparkmagazin.de\/stechlin\/bundesfreiwilligendienstler-fuer-die-naturparkverwaltung-gesucht\/#breadcrumb","itemListElement":[{"@type":"ListItem","position":1,"name":"Home","item":"https:\/\/www.naturparkmagazin.de\/stechlin\/"},{"@type":"ListItem","position":2,"name":"Bundesfreiwilligendienstler f\u00fcr die Naturparkverwaltung gesucht"}]},{"@type":"WebSite","@id":"https:\/\/www.naturparkmagazin.de\/stechlin\/#website","url":"https:\/\/www.naturparkmagazin.de\/stechlin\/","name":"Naturpark Stechlin-Ruppiner Land","description":"","potentialAction":[{"@type":"SearchAction","target":{"@type":"EntryPoint","urlTemplate":"https:\/\/www.naturparkmagazin.de\/stechlin\/?s={search_term_string}"},"query-input":"required name=search_term_string"}],"inLanguage":"de"},{"@type":"Person","@id":"https:\/\/www.naturparkmagazin.de\/stechlin\/#\/schema\/person\/3f0d93203df21c806dd63c76d9bb28bc","name":"marioschrumpf","url":"https:\/\/www.naturparkmagazin.de\/stechlin\/author\/marioschrumpf\/"}]}},"_links":{"self":[{"href":"https:\/\/www.naturparkmagazin.de\/stechlin\/wp-json\/wp\/v2\/posts\/1347"}],"collection":[{"href":"https:\/\/www.naturparkmagazin.de\/stechlin\/wp-json\/wp\/v2\/posts"}],"about":[{"href":"https:\/\/www.naturparkmagazin.de\/stechlin\/wp-json\/wp\/v2\/types\/post"}],"author":[{"embeddable":true,"href":"https:\/\/www.naturparkmagazin.de\/stechlin\/wp-json\/wp\/v2\/users\/39"}],"replies":[{"embeddable":true,"href":"https:\/\/www.naturparkmagazin.de\/stechlin\/wp-json\/wp\/v2\/comments?post=1347"}],"version-history":[{"count":7,"href":"https:\/\/www.naturparkmagazin.de\/stechlin\/wp-json\/wp\/v2\/posts\/1347\/revisions"}],"predecessor-version":[{"id":8794,"href":"https:\/\/www.naturparkmagazin.de\/stechlin\/wp-json\/wp\/v2\/posts\/1347\/revisions\/8794"}],"wp:featuredmedia":[{"embeddable":true,"href":"https:\/\/www.naturparkmagazin.de\/stechlin\/wp-json\/wp\/v2\/media\/7819"}],"wp:attachment":[{"href":"https:\/\/www.naturparkmagazin.de\/stechlin\/wp-json\/wp\/v2\/media?parent=1347"}],"wp:term":[{"taxonomy":"category","embeddable":true,"href":"https:\/\/www.naturparkmagazin.de\/stechlin\/wp-json\/wp\/v2\/categories?post=1347"},{"taxonomy":"post_tag","embeddable":true,"href":"https:\/\/www.naturparkmagazin.de\/stechlin\/wp-json\/wp\/v2\/tags?post=1347"}],"curies":[{"name":"wp","href":"https:\/\/api.w.org\/{rel}","templated":true}]}}