{"id":13476,"date":"2023-05-23T16:01:12","date_gmt":"2023-05-23T14:01:12","guid":{"rendered":"https:\/\/www.naturparkmagazin.de\/stechlin\/?p=13476"},"modified":"2023-05-25T13:39:28","modified_gmt":"2023-05-25T11:39:28","slug":"wanderung-vom-kleinen-rhin-zum-grubitzwisch","status":"publish","type":"post","link":"https:\/\/www.naturparkmagazin.de\/stechlin\/wanderung-vom-kleinen-rhin-zum-grubitzwisch\/","title":{"rendered":"Wanderung vom Kleinen Rhin zum Grubitzwisch"},"content":{"rendered":"<p>Im Rahmen des <strong>Bundesweiten Naturparkwandertages<\/strong> l\u00e4dt der Wandersportverein Rotation Berlin e.V. am <strong>4. Juni<\/strong> zu einer Wanderung durch den Naturpark ein.<\/p>\n<div id=\"attachment_5711\" style=\"width: 310px\" class=\"wp-caption aligncenter\"><a href=\"https:\/\/www.naturparkmagazin.de\/stechlin\/wp-content\/uploads\/sites\/38\/Pagel194.jpg\"><img aria-describedby=\"caption-attachment-5711\" decoding=\"async\" loading=\"lazy\" class=\"size-thumbnail wp-image-5711\" src=\"https:\/\/www.naturparkmagazin.de\/stechlin\/wp-content\/uploads\/sites\/38\/Pagel194-300x180.jpg\" alt=\"\" width=\"300\" height=\"180\" srcset=\"https:\/\/www.naturparkmagazin.de\/stechlin\/wp-content\/uploads\/sites\/38\/Pagel194-300x180.jpg 300w, https:\/\/www.naturparkmagazin.de\/stechlin\/wp-content\/uploads\/sites\/38\/Pagel194.jpg 500w, https:\/\/www.naturparkmagazin.de\/stechlin\/wp-content\/uploads\/sites\/38\/Pagel194-200x120.jpg 200w\" sizes=\"(max-width: 300px) 100vw, 300px\" \/><\/a><p id=\"caption-attachment-5711\" class=\"wp-caption-text\">Die Anreise erfolgt mit \u00f6ffentlichen Verkehrsmitteln<\/p><\/div>\n<p><strong>Start<\/strong> ist um <strong>9:45 Uhr<\/strong> an der <strong>Bushaltestelle in K\u00f6pernitz.<\/strong> Entlang am Kleinen Rhin geht es zun\u00e4chst nach Schulzenhof zu den Gr\u00e4bern von Eva und Erwin Strittmatter. Vorbei an Gro\u00dfem T\u00f6rnsee und Roofensee geht es weiter durch das Naturschutzgebiet Stechlin. Dort endet nach <strong>20 km<\/strong> die Tour in <strong>Menz<\/strong> am Friedensplatz an der Bushaltestelle (<em>R\u00fcckfahrt 16:37 Uhr<\/em>). Wer m\u00f6chte, kann noch einen Blick in die Ausstellung im <strong>Besucherzentrum NaturParkHaus Stechlin<\/strong> werfen.<\/p>\n<div id=\"attachment_2496\" style=\"width: 310px\" class=\"wp-caption aligncenter\"><a href=\"https:\/\/www.naturparkmagazin.de\/stechlin\/wp-content\/uploads\/sites\/38\/Roofensee-gescannt.jpg\"><img aria-describedby=\"caption-attachment-2496\" decoding=\"async\" loading=\"lazy\" class=\"size-thumbnail wp-image-2496\" src=\"https:\/\/www.naturparkmagazin.de\/stechlin\/wp-content\/uploads\/sites\/38\/Roofensee-gescannt-300x200.jpg\" alt=\"\" width=\"300\" height=\"200\" srcset=\"https:\/\/www.naturparkmagazin.de\/stechlin\/wp-content\/uploads\/sites\/38\/Roofensee-gescannt-300x200.jpg 300w, https:\/\/www.naturparkmagazin.de\/stechlin\/wp-content\/uploads\/sites\/38\/Roofensee-gescannt.jpg 500w, https:\/\/www.naturparkmagazin.de\/stechlin\/wp-content\/uploads\/sites\/38\/Roofensee-gescannt-200x134.jpg 200w\" sizes=\"(max-width: 300px) 100vw, 300px\" \/><\/a><p id=\"caption-attachment-2496\" class=\"wp-caption-text\">Am Ende der Tour geht es entlang des Uferweges am Roofensee<\/p><\/div>\n<p>Die Wanderung wird von Dr. Wolfgang Pagel, Pr\u00e4sident des Berliner Wanderverbandes e.V. gef\u00fchrt.<\/p>\n<p>Um <strong>Anmeldung<\/strong> beim Wanderleiter <strong>bis zum 1.6.<\/strong> wird gebeten (Tel. 0172\/9673116).<\/p>\n<p><strong>Startgeld: 2 \u20ac<\/strong><\/p>\n<div id=\"attachment_7789\" style=\"width: 310px\" class=\"wp-caption aligncenter\"><a href=\"https:\/\/www.naturparkmagazin.de\/stechlin\/wp-content\/uploads\/sites\/38\/Wanderer_198.jpg\"><img aria-describedby=\"caption-attachment-7789\" decoding=\"async\" loading=\"lazy\" class=\"wp-image-7789 size-thumbnail\" src=\"https:\/\/www.naturparkmagazin.de\/stechlin\/wp-content\/uploads\/sites\/38\/Wanderer_198-300x180.jpg\" alt=\"\" width=\"300\" height=\"180\" srcset=\"https:\/\/www.naturparkmagazin.de\/stechlin\/wp-content\/uploads\/sites\/38\/Wanderer_198-300x180.jpg 300w, https:\/\/www.naturparkmagazin.de\/stechlin\/wp-content\/uploads\/sites\/38\/Wanderer_198.jpg 500w, https:\/\/www.naturparkmagazin.de\/stechlin\/wp-content\/uploads\/sites\/38\/Wanderer_198-200x120.jpg 200w\" sizes=\"(max-width: 300px) 100vw, 300px\" \/><\/a><p id=\"caption-attachment-7789\" class=\"wp-caption-text\">Der Pr\u00e4sident des Berliner Wanderverbandes e.V. Wolfgang Pagel (Bildmitte) wird die Wanderung f\u00fchren.<\/p><\/div>\n<p>Die <strong>An- und Abreise<\/strong> aus Berlin erfolgt <strong>mit \u00f6ffentlichen Verkehrsmitteln<\/strong>:<\/p>\n<p>Bln.-Lichtenberg RB 54 ab 8:04 Uhr, Oranienburg ab 8:31 Uhr, Rheinsberg (Mark) Bus 764 ab 9:41 Uhr, K\u00f6pernitz an 9:45 Uhr<\/p>\n<p>Menz, Rufbus 839 ab 16:37 Uhr, weiter ab F\u00fcrstenberg\/H. mit RE 5 in Richtung Berlin<\/p>\n","protected":false},"excerpt":{"rendered":"<p>Im Rahmen des Bundesweiten Naturparkwandertages l\u00e4dt der Wandersportverein Rotation Berlin e.V. am 4. Juni zu einer Wanderung durch den Naturpark ein.<\/p>\n","protected":false},"author":39,"featured_media":13501,"comment_status":"open","ping_status":"open","sticky":false,"template":"","format":"standard","meta":[],"categories":[11],"tags":[],"yoast_head":"<!-- This site is optimized with the Yoast SEO plugin v19.10 - https:\/\/yoast.com\/wordpress\/plugins\/seo\/ -->\n<title>Wanderung vom Kleinen Rhin zum Grubitzwisch - Naturpark Stechlin-Ruppiner Land<\/title>\n<meta name=\"robots\" content=\"index, follow, max-snippet:-1, max-image-preview:large, max-video-preview:-1\" \/>\n<link rel=\"canonical\" href=\"https:\/\/www.naturparkmagazin.de\/stechlin\/wanderung-vom-kleinen-rhin-zum-grubitzwisch\/\" \/>\n<meta property=\"og:locale\" content=\"de_DE\" \/>\n<meta property=\"og:type\" content=\"article\" \/>\n<meta property=\"og:title\" content=\"Wanderung vom Kleinen Rhin zum Grubitzwisch - Naturpark Stechlin-Ruppiner Land\" \/>\n<meta property=\"og:description\" content=\"Im Rahmen des Bundesweiten Naturparkwandertages l\u00e4dt der Wandersportverein Rotation Berlin e.V. am 4. Juni zu einer Wanderung durch den Naturpark ein.\" \/>\n<meta property=\"og:url\" content=\"https:\/\/www.naturparkmagazin.de\/stechlin\/wanderung-vom-kleinen-rhin-zum-grubitzwisch\/\" \/>\n<meta property=\"og:site_name\" content=\"Naturpark Stechlin-Ruppiner Land\" \/>\n<meta property=\"article:published_time\" content=\"2023-05-23T14:01:12+00:00\" \/>\n<meta property=\"article:modified_time\" content=\"2023-05-25T11:39:28+00:00\" \/>\n<meta property=\"og:image\" content=\"https:\/\/www.naturparkmagazin.de\/stechlin\/wp-content\/uploads\/sites\/38\/logo-1.jpg\" \/>\n\t<meta property=\"og:image:width\" content=\"200\" \/>\n\t<meta property=\"og:image:height\" content=\"200\" \/>\n\t<meta property=\"og:image:type\" content=\"image\/jpeg\" \/>\n<meta name=\"author\" content=\"marioschrumpf\" \/>\n<meta name=\"twitter:label1\" content=\"Verfasst von\" \/>\n\t<meta name=\"twitter:data1\" content=\"marioschrumpf\" \/>\n\t<meta name=\"twitter:label2\" content=\"Gesch\u00e4tzte Lesezeit\" \/>\n\t<meta name=\"twitter:data2\" content=\"2\u00a0Minuten\" \/>\n<script type=\"application\/ld+json\" class=\"yoast-schema-graph\">{\"@context\":\"https:\/\/schema.org\",\"@graph\":[{\"@type\":\"WebPage\",\"@id\":\"https:\/\/www.naturparkmagazin.de\/stechlin\/wanderung-vom-kleinen-rhin-zum-grubitzwisch\/\",\"url\":\"https:\/\/www.naturparkmagazin.de\/stechlin\/wanderung-vom-kleinen-rhin-zum-grubitzwisch\/\",\"name\":\"Wanderung vom Kleinen Rhin zum Grubitzwisch - Naturpark Stechlin-Ruppiner Land\",\"isPartOf\":{\"@id\":\"https:\/\/www.naturparkmagazin.de\/stechlin\/#website\"},\"datePublished\":\"2023-05-23T14:01:12+00:00\",\"dateModified\":\"2023-05-25T11:39:28+00:00\",\"author\":{\"@id\":\"https:\/\/www.naturparkmagazin.de\/stechlin\/#\/schema\/person\/3f0d93203df21c806dd63c76d9bb28bc\"},\"breadcrumb\":{\"@id\":\"https:\/\/www.naturparkmagazin.de\/stechlin\/wanderung-vom-kleinen-rhin-zum-grubitzwisch\/#breadcrumb\"},\"inLanguage\":\"de\",\"potentialAction\":[{\"@type\":\"ReadAction\",\"target\":[\"https:\/\/www.naturparkmagazin.de\/stechlin\/wanderung-vom-kleinen-rhin-zum-grubitzwisch\/\"]}]},{\"@type\":\"BreadcrumbList\",\"@id\":\"https:\/\/www.naturparkmagazin.de\/stechlin\/wanderung-vom-kleinen-rhin-zum-grubitzwisch\/#breadcrumb\",\"itemListElement\":[{\"@type\":\"ListItem\",\"position\":1,\"name\":\"Home\",\"item\":\"https:\/\/www.naturparkmagazin.de\/stechlin\/\"},{\"@type\":\"ListItem\",\"position\":2,\"name\":\"Wanderung vom Kleinen Rhin zum Grubitzwisch\"}]},{\"@type\":\"WebSite\",\"@id\":\"https:\/\/www.naturparkmagazin.de\/stechlin\/#website\",\"url\":\"https:\/\/www.naturparkmagazin.de\/stechlin\/\",\"name\":\"Naturpark Stechlin-Ruppiner Land\",\"description\":\"\",\"potentialAction\":[{\"@type\":\"SearchAction\",\"target\":{\"@type\":\"EntryPoint\",\"urlTemplate\":\"https:\/\/www.naturparkmagazin.de\/stechlin\/?s={search_term_string}\"},\"query-input\":\"required name=search_term_string\"}],\"inLanguage\":\"de\"},{\"@type\":\"Person\",\"@id\":\"https:\/\/www.naturparkmagazin.de\/stechlin\/#\/schema\/person\/3f0d93203df21c806dd63c76d9bb28bc\",\"name\":\"marioschrumpf\",\"url\":\"https:\/\/www.naturparkmagazin.de\/stechlin\/author\/marioschrumpf\/\"}]}<\/script>\n<!-- \/ Yoast SEO plugin. -->","yoast_head_json":{"title":"Wanderung vom Kleinen Rhin zum Grubitzwisch - Naturpark Stechlin-Ruppiner Land","robots":{"index":"index","follow":"follow","max-snippet":"max-snippet:-1","max-image-preview":"max-image-preview:large","max-video-preview":"max-video-preview:-1"},"canonical":"https:\/\/www.naturparkmagazin.de\/stechlin\/wanderung-vom-kleinen-rhin-zum-grubitzwisch\/","og_locale":"de_DE","og_type":"article","og_title":"Wanderung vom Kleinen Rhin zum Grubitzwisch - Naturpark Stechlin-Ruppiner Land","og_description":"Im Rahmen des Bundesweiten Naturparkwandertages l\u00e4dt der Wandersportverein Rotation Berlin e.V. am 4. Juni zu einer Wanderung durch den Naturpark ein.","og_url":"https:\/\/www.naturparkmagazin.de\/stechlin\/wanderung-vom-kleinen-rhin-zum-grubitzwisch\/","og_site_name":"Naturpark Stechlin-Ruppiner Land","article_published_time":"2023-05-23T14:01:12+00:00","article_modified_time":"2023-05-25T11:39:28+00:00","og_image":[{"width":200,"height":200,"url":"https:\/\/www.naturparkmagazin.de\/stechlin\/wp-content\/uploads\/sites\/38\/logo-1.jpg","type":"image\/jpeg"}],"author":"marioschrumpf","twitter_misc":{"Verfasst von":"marioschrumpf","Gesch\u00e4tzte Lesezeit":"2\u00a0Minuten"},"schema":{"@context":"https:\/\/schema.org","@graph":[{"@type":"WebPage","@id":"https:\/\/www.naturparkmagazin.de\/stechlin\/wanderung-vom-kleinen-rhin-zum-grubitzwisch\/","url":"https:\/\/www.naturparkmagazin.de\/stechlin\/wanderung-vom-kleinen-rhin-zum-grubitzwisch\/","name":"Wanderung vom Kleinen Rhin zum Grubitzwisch - Naturpark Stechlin-Ruppiner Land","isPartOf":{"@id":"https:\/\/www.naturparkmagazin.de\/stechlin\/#website"},"datePublished":"2023-05-23T14:01:12+00:00","dateModified":"2023-05-25T11:39:28+00:00","author":{"@id":"https:\/\/www.naturparkmagazin.de\/stechlin\/#\/schema\/person\/3f0d93203df21c806dd63c76d9bb28bc"},"breadcrumb":{"@id":"https:\/\/www.naturparkmagazin.de\/stechlin\/wanderung-vom-kleinen-rhin-zum-grubitzwisch\/#breadcrumb"},"inLanguage":"de","potentialAction":[{"@type":"ReadAction","target":["https:\/\/www.naturparkmagazin.de\/stechlin\/wanderung-vom-kleinen-rhin-zum-grubitzwisch\/"]}]},{"@type":"BreadcrumbList","@id":"https:\/\/www.naturparkmagazin.de\/stechlin\/wanderung-vom-kleinen-rhin-zum-grubitzwisch\/#breadcrumb","itemListElement":[{"@type":"ListItem","position":1,"name":"Home","item":"https:\/\/www.naturparkmagazin.de\/stechlin\/"},{"@type":"ListItem","position":2,"name":"Wanderung vom Kleinen Rhin zum Grubitzwisch"}]},{"@type":"WebSite","@id":"https:\/\/www.naturparkmagazin.de\/stechlin\/#website","url":"https:\/\/www.naturparkmagazin.de\/stechlin\/","name":"Naturpark Stechlin-Ruppiner Land","description":"","potentialAction":[{"@type":"SearchAction","target":{"@type":"EntryPoint","urlTemplate":"https:\/\/www.naturparkmagazin.de\/stechlin\/?s={search_term_string}"},"query-input":"required name=search_term_string"}],"inLanguage":"de"},{"@type":"Person","@id":"https:\/\/www.naturparkmagazin.de\/stechlin\/#\/schema\/person\/3f0d93203df21c806dd63c76d9bb28bc","name":"marioschrumpf","url":"https:\/\/www.naturparkmagazin.de\/stechlin\/author\/marioschrumpf\/"}]}},"_links":{"self":[{"href":"https:\/\/www.naturparkmagazin.de\/stechlin\/wp-json\/wp\/v2\/posts\/13476"}],"collection":[{"href":"https:\/\/www.naturparkmagazin.de\/stechlin\/wp-json\/wp\/v2\/posts"}],"about":[{"href":"https:\/\/www.naturparkmagazin.de\/stechlin\/wp-json\/wp\/v2\/types\/post"}],"author":[{"embeddable":true,"href":"https:\/\/www.naturparkmagazin.de\/stechlin\/wp-json\/wp\/v2\/users\/39"}],"replies":[{"embeddable":true,"href":"https:\/\/www.naturparkmagazin.de\/stechlin\/wp-json\/wp\/v2\/comments?post=13476"}],"version-history":[{"count":3,"href":"https:\/\/www.naturparkmagazin.de\/stechlin\/wp-json\/wp\/v2\/posts\/13476\/revisions"}],"predecessor-version":[{"id":13680,"href":"https:\/\/www.naturparkmagazin.de\/stechlin\/wp-json\/wp\/v2\/posts\/13476\/revisions\/13680"}],"wp:featuredmedia":[{"embeddable":true,"href":"https:\/\/www.naturparkmagazin.de\/stechlin\/wp-json\/wp\/v2\/media\/13501"}],"wp:attachment":[{"href":"https:\/\/www.naturparkmagazin.de\/stechlin\/wp-json\/wp\/v2\/media?parent=13476"}],"wp:term":[{"taxonomy":"category","embeddable":true,"href":"https:\/\/www.naturparkmagazin.de\/stechlin\/wp-json\/wp\/v2\/categories?post=13476"},{"taxonomy":"post_tag","embeddable":true,"href":"https:\/\/www.naturparkmagazin.de\/stechlin\/wp-json\/wp\/v2\/tags?post=13476"}],"curies":[{"name":"wp","href":"https:\/\/api.w.org\/{rel}","templated":true}]}}