{"id":13558,"date":"2023-05-23T15:02:05","date_gmt":"2023-05-23T13:02:05","guid":{"rendered":"https:\/\/www.naturparkmagazin.de\/stechlin\/?p=13558"},"modified":"2023-05-25T14:03:31","modified_gmt":"2023-05-25T12:03:31","slug":"anwandern-in-der-kyritz-ruppiner-heide-4","status":"publish","type":"post","link":"https:\/\/www.naturparkmagazin.de\/stechlin\/anwandern-in-der-kyritz-ruppiner-heide-4\/","title":{"rendered":"Anwandern in der Kyritz-Ruppiner-Heide"},"content":{"rendered":"<p>Landrat Ralph Reinhardt hat am <strong>12. Mai<\/strong> zum traditionellen Anwandern in die Kyritz-Ruppiner Heide eingeladen.<\/p>\n<div id=\"attachment_13601\" style=\"width: 310px\" class=\"wp-caption aligncenter\"><a href=\"https:\/\/www.naturparkmagazin.de\/stechlin\/wp-content\/uploads\/sites\/38\/20230512_135143.jpg\"><img aria-describedby=\"caption-attachment-13601\" decoding=\"async\" loading=\"lazy\" class=\"size-thumbnail wp-image-13601\" src=\"https:\/\/www.naturparkmagazin.de\/stechlin\/wp-content\/uploads\/sites\/38\/20230512_135143-300x180.jpg\" alt=\"\" width=\"300\" height=\"180\" srcset=\"https:\/\/www.naturparkmagazin.de\/stechlin\/wp-content\/uploads\/sites\/38\/20230512_135143-300x180.jpg 300w, https:\/\/www.naturparkmagazin.de\/stechlin\/wp-content\/uploads\/sites\/38\/20230512_135143-200x120.jpg 200w, https:\/\/www.naturparkmagazin.de\/stechlin\/wp-content\/uploads\/sites\/38\/20230512_135143.jpg 500w\" sizes=\"(max-width: 300px) 100vw, 300px\" \/><\/a><p id=\"caption-attachment-13601\" class=\"wp-caption-text\">Rast auf dem Siemmann-H\u00fcgel \u00a9 Olaf Wolff<\/p><\/div>\n<p>Organisiert von der Regionalentwicklungsgesellschaft Nordostbrandenburg mbH (REG), wanderten zahlreiche G\u00e4ste und Teilnehmer:innen gemeinsam zum Heideturm auf dem Sielmann-H\u00fcgel.\u00a0 F\u00fcr mobil eingeschr\u00e4nkte G\u00e4ste stand ein Kremser zur Verf\u00fcgung.<\/p>\n<p>Vor dem geselligen Beisammensein bei Speis und Trank, gab es neben dem Gru\u00dfwort des Landrates viele neue Informationen zur touristischen Entwicklung der Kyritz-Ruppiner Heide.<\/p>\n<p>So berichtete der Leiter des Naturpark Stechlin-Ruppiner Land, Mario Schrumpf \u00fcber aktuelle Projekte, wie z.B. die Erneuerung der Wanderwege-Beschilderung und den Bau neuer Eingangsbereiche. Auch die Entwicklung zum Sternenpark und der 4. Fontane-Wandermarathon am 9. September, u.a. durch die Heide waren interessante Themen.<\/p>\n<p>&nbsp;<\/p>\n<div id=\"attachment_13603\" style=\"width: 310px\" class=\"wp-caption aligncenter\"><a href=\"https:\/\/www.naturparkmagazin.de\/stechlin\/wp-content\/uploads\/sites\/38\/20230512_135229.jpg\"><img aria-describedby=\"caption-attachment-13603\" decoding=\"async\" loading=\"lazy\" class=\"size-full wp-image-13603\" src=\"https:\/\/www.naturparkmagazin.de\/stechlin\/wp-content\/uploads\/sites\/38\/20230512_135229.jpg\" alt=\"\" width=\"300\" height=\"500\" srcset=\"https:\/\/www.naturparkmagazin.de\/stechlin\/wp-content\/uploads\/sites\/38\/20230512_135229.jpg 300w, https:\/\/www.naturparkmagazin.de\/stechlin\/wp-content\/uploads\/sites\/38\/20230512_135229-200x333.jpg 200w\" sizes=\"(max-width: 300px) 100vw, 300px\" \/><\/a><p id=\"caption-attachment-13603\" class=\"wp-caption-text\">Information des Naturparkleiters zu neuen Projekten \u00a9 Olaf Wolff<\/p><\/div>\n","protected":false},"excerpt":{"rendered":"<p>Landrat Ralph Reinhardt hat am 12. Mai zum traditionellen Anwandern in die Kyritz-Ruppiner Heide eingeladen.<\/p>\n","protected":false},"author":39,"featured_media":13602,"comment_status":"open","ping_status":"open","sticky":false,"template":"","format":"standard","meta":[],"categories":[7],"tags":[],"yoast_head":"<!-- This site is optimized with the Yoast SEO plugin v19.10 - https:\/\/yoast.com\/wordpress\/plugins\/seo\/ -->\n<title>Anwandern in der Kyritz-Ruppiner-Heide - Naturpark Stechlin-Ruppiner Land<\/title>\n<meta name=\"robots\" content=\"index, follow, max-snippet:-1, max-image-preview:large, max-video-preview:-1\" \/>\n<link rel=\"canonical\" href=\"https:\/\/www.naturparkmagazin.de\/stechlin\/anwandern-in-der-kyritz-ruppiner-heide-4\/\" \/>\n<meta property=\"og:locale\" content=\"de_DE\" \/>\n<meta property=\"og:type\" content=\"article\" \/>\n<meta property=\"og:title\" content=\"Anwandern in der Kyritz-Ruppiner-Heide - Naturpark Stechlin-Ruppiner Land\" \/>\n<meta property=\"og:description\" content=\"Landrat Ralph Reinhardt hat am 12. Mai zum traditionellen Anwandern in die Kyritz-Ruppiner Heide eingeladen.\" \/>\n<meta property=\"og:url\" content=\"https:\/\/www.naturparkmagazin.de\/stechlin\/anwandern-in-der-kyritz-ruppiner-heide-4\/\" \/>\n<meta property=\"og:site_name\" content=\"Naturpark Stechlin-Ruppiner Land\" \/>\n<meta property=\"article:published_time\" content=\"2023-05-23T13:02:05+00:00\" \/>\n<meta property=\"article:modified_time\" content=\"2023-05-25T12:03:31+00:00\" \/>\n<meta property=\"og:image\" content=\"https:\/\/www.naturparkmagazin.de\/stechlin\/wp-content\/uploads\/sites\/38\/20230512_135143_a.jpg\" \/>\n\t<meta property=\"og:image:width\" content=\"200\" \/>\n\t<meta property=\"og:image:height\" content=\"200\" \/>\n\t<meta property=\"og:image:type\" content=\"image\/jpeg\" \/>\n<meta name=\"author\" content=\"marioschrumpf\" \/>\n<meta name=\"twitter:label1\" content=\"Verfasst von\" \/>\n\t<meta name=\"twitter:data1\" content=\"marioschrumpf\" \/>\n\t<meta name=\"twitter:label2\" content=\"Gesch\u00e4tzte Lesezeit\" \/>\n\t<meta name=\"twitter:data2\" content=\"2\u00a0Minuten\" \/>\n<script type=\"application\/ld+json\" class=\"yoast-schema-graph\">{\"@context\":\"https:\/\/schema.org\",\"@graph\":[{\"@type\":\"WebPage\",\"@id\":\"https:\/\/www.naturparkmagazin.de\/stechlin\/anwandern-in-der-kyritz-ruppiner-heide-4\/\",\"url\":\"https:\/\/www.naturparkmagazin.de\/stechlin\/anwandern-in-der-kyritz-ruppiner-heide-4\/\",\"name\":\"Anwandern in der Kyritz-Ruppiner-Heide - Naturpark Stechlin-Ruppiner Land\",\"isPartOf\":{\"@id\":\"https:\/\/www.naturparkmagazin.de\/stechlin\/#website\"},\"datePublished\":\"2023-05-23T13:02:05+00:00\",\"dateModified\":\"2023-05-25T12:03:31+00:00\",\"author\":{\"@id\":\"https:\/\/www.naturparkmagazin.de\/stechlin\/#\/schema\/person\/3f0d93203df21c806dd63c76d9bb28bc\"},\"breadcrumb\":{\"@id\":\"https:\/\/www.naturparkmagazin.de\/stechlin\/anwandern-in-der-kyritz-ruppiner-heide-4\/#breadcrumb\"},\"inLanguage\":\"de\",\"potentialAction\":[{\"@type\":\"ReadAction\",\"target\":[\"https:\/\/www.naturparkmagazin.de\/stechlin\/anwandern-in-der-kyritz-ruppiner-heide-4\/\"]}]},{\"@type\":\"BreadcrumbList\",\"@id\":\"https:\/\/www.naturparkmagazin.de\/stechlin\/anwandern-in-der-kyritz-ruppiner-heide-4\/#breadcrumb\",\"itemListElement\":[{\"@type\":\"ListItem\",\"position\":1,\"name\":\"Home\",\"item\":\"https:\/\/www.naturparkmagazin.de\/stechlin\/\"},{\"@type\":\"ListItem\",\"position\":2,\"name\":\"Anwandern in der Kyritz-Ruppiner-Heide\"}]},{\"@type\":\"WebSite\",\"@id\":\"https:\/\/www.naturparkmagazin.de\/stechlin\/#website\",\"url\":\"https:\/\/www.naturparkmagazin.de\/stechlin\/\",\"name\":\"Naturpark Stechlin-Ruppiner Land\",\"description\":\"\",\"potentialAction\":[{\"@type\":\"SearchAction\",\"target\":{\"@type\":\"EntryPoint\",\"urlTemplate\":\"https:\/\/www.naturparkmagazin.de\/stechlin\/?s={search_term_string}\"},\"query-input\":\"required name=search_term_string\"}],\"inLanguage\":\"de\"},{\"@type\":\"Person\",\"@id\":\"https:\/\/www.naturparkmagazin.de\/stechlin\/#\/schema\/person\/3f0d93203df21c806dd63c76d9bb28bc\",\"name\":\"marioschrumpf\",\"url\":\"https:\/\/www.naturparkmagazin.de\/stechlin\/author\/marioschrumpf\/\"}]}<\/script>\n<!-- \/ Yoast SEO plugin. -->","yoast_head_json":{"title":"Anwandern in der Kyritz-Ruppiner-Heide - Naturpark Stechlin-Ruppiner Land","robots":{"index":"index","follow":"follow","max-snippet":"max-snippet:-1","max-image-preview":"max-image-preview:large","max-video-preview":"max-video-preview:-1"},"canonical":"https:\/\/www.naturparkmagazin.de\/stechlin\/anwandern-in-der-kyritz-ruppiner-heide-4\/","og_locale":"de_DE","og_type":"article","og_title":"Anwandern in der Kyritz-Ruppiner-Heide - Naturpark Stechlin-Ruppiner Land","og_description":"Landrat Ralph Reinhardt hat am 12. Mai zum traditionellen Anwandern in die Kyritz-Ruppiner Heide eingeladen.","og_url":"https:\/\/www.naturparkmagazin.de\/stechlin\/anwandern-in-der-kyritz-ruppiner-heide-4\/","og_site_name":"Naturpark Stechlin-Ruppiner Land","article_published_time":"2023-05-23T13:02:05+00:00","article_modified_time":"2023-05-25T12:03:31+00:00","og_image":[{"width":200,"height":200,"url":"https:\/\/www.naturparkmagazin.de\/stechlin\/wp-content\/uploads\/sites\/38\/20230512_135143_a.jpg","type":"image\/jpeg"}],"author":"marioschrumpf","twitter_misc":{"Verfasst von":"marioschrumpf","Gesch\u00e4tzte Lesezeit":"2\u00a0Minuten"},"schema":{"@context":"https:\/\/schema.org","@graph":[{"@type":"WebPage","@id":"https:\/\/www.naturparkmagazin.de\/stechlin\/anwandern-in-der-kyritz-ruppiner-heide-4\/","url":"https:\/\/www.naturparkmagazin.de\/stechlin\/anwandern-in-der-kyritz-ruppiner-heide-4\/","name":"Anwandern in der Kyritz-Ruppiner-Heide - Naturpark Stechlin-Ruppiner Land","isPartOf":{"@id":"https:\/\/www.naturparkmagazin.de\/stechlin\/#website"},"datePublished":"2023-05-23T13:02:05+00:00","dateModified":"2023-05-25T12:03:31+00:00","author":{"@id":"https:\/\/www.naturparkmagazin.de\/stechlin\/#\/schema\/person\/3f0d93203df21c806dd63c76d9bb28bc"},"breadcrumb":{"@id":"https:\/\/www.naturparkmagazin.de\/stechlin\/anwandern-in-der-kyritz-ruppiner-heide-4\/#breadcrumb"},"inLanguage":"de","potentialAction":[{"@type":"ReadAction","target":["https:\/\/www.naturparkmagazin.de\/stechlin\/anwandern-in-der-kyritz-ruppiner-heide-4\/"]}]},{"@type":"BreadcrumbList","@id":"https:\/\/www.naturparkmagazin.de\/stechlin\/anwandern-in-der-kyritz-ruppiner-heide-4\/#breadcrumb","itemListElement":[{"@type":"ListItem","position":1,"name":"Home","item":"https:\/\/www.naturparkmagazin.de\/stechlin\/"},{"@type":"ListItem","position":2,"name":"Anwandern in der Kyritz-Ruppiner-Heide"}]},{"@type":"WebSite","@id":"https:\/\/www.naturparkmagazin.de\/stechlin\/#website","url":"https:\/\/www.naturparkmagazin.de\/stechlin\/","name":"Naturpark Stechlin-Ruppiner Land","description":"","potentialAction":[{"@type":"SearchAction","target":{"@type":"EntryPoint","urlTemplate":"https:\/\/www.naturparkmagazin.de\/stechlin\/?s={search_term_string}"},"query-input":"required name=search_term_string"}],"inLanguage":"de"},{"@type":"Person","@id":"https:\/\/www.naturparkmagazin.de\/stechlin\/#\/schema\/person\/3f0d93203df21c806dd63c76d9bb28bc","name":"marioschrumpf","url":"https:\/\/www.naturparkmagazin.de\/stechlin\/author\/marioschrumpf\/"}]}},"_links":{"self":[{"href":"https:\/\/www.naturparkmagazin.de\/stechlin\/wp-json\/wp\/v2\/posts\/13558"}],"collection":[{"href":"https:\/\/www.naturparkmagazin.de\/stechlin\/wp-json\/wp\/v2\/posts"}],"about":[{"href":"https:\/\/www.naturparkmagazin.de\/stechlin\/wp-json\/wp\/v2\/types\/post"}],"author":[{"embeddable":true,"href":"https:\/\/www.naturparkmagazin.de\/stechlin\/wp-json\/wp\/v2\/users\/39"}],"replies":[{"embeddable":true,"href":"https:\/\/www.naturparkmagazin.de\/stechlin\/wp-json\/wp\/v2\/comments?post=13558"}],"version-history":[{"count":3,"href":"https:\/\/www.naturparkmagazin.de\/stechlin\/wp-json\/wp\/v2\/posts\/13558\/revisions"}],"predecessor-version":[{"id":13686,"href":"https:\/\/www.naturparkmagazin.de\/stechlin\/wp-json\/wp\/v2\/posts\/13558\/revisions\/13686"}],"wp:featuredmedia":[{"embeddable":true,"href":"https:\/\/www.naturparkmagazin.de\/stechlin\/wp-json\/wp\/v2\/media\/13602"}],"wp:attachment":[{"href":"https:\/\/www.naturparkmagazin.de\/stechlin\/wp-json\/wp\/v2\/media?parent=13558"}],"wp:term":[{"taxonomy":"category","embeddable":true,"href":"https:\/\/www.naturparkmagazin.de\/stechlin\/wp-json\/wp\/v2\/categories?post=13558"},{"taxonomy":"post_tag","embeddable":true,"href":"https:\/\/www.naturparkmagazin.de\/stechlin\/wp-json\/wp\/v2\/tags?post=13558"}],"curies":[{"name":"wp","href":"https:\/\/api.w.org\/{rel}","templated":true}]}}