{"id":13562,"date":"2023-05-23T15:04:20","date_gmt":"2023-05-23T13:04:20","guid":{"rendered":"https:\/\/www.naturparkmagazin.de\/stechlin\/?p=13562"},"modified":"2023-05-25T13:48:55","modified_gmt":"2023-05-25T11:48:55","slug":"menz-blueht-auf","status":"publish","type":"post","link":"https:\/\/www.naturparkmagazin.de\/stechlin\/menz-blueht-auf\/","title":{"rendered":"Menz bl\u00fcht auf!"},"content":{"rendered":"<p>Seit mehreren Jahren ist das Insektensterben in aller Munde! Bl\u00fchwiesen helfen, etwas dagegen zu tun.<\/p>\n<div id=\"attachment_13615\" style=\"width: 310px\" class=\"wp-caption aligncenter\"><a href=\"https:\/\/www.naturparkmagazin.de\/stechlin\/wp-content\/uploads\/sites\/38\/Traktor.jpg\"><img aria-describedby=\"caption-attachment-13615\" decoding=\"async\" loading=\"lazy\" class=\"size-thumbnail wp-image-13615\" src=\"https:\/\/www.naturparkmagazin.de\/stechlin\/wp-content\/uploads\/sites\/38\/Traktor-300x180.jpg\" alt=\"\" width=\"300\" height=\"180\" srcset=\"https:\/\/www.naturparkmagazin.de\/stechlin\/wp-content\/uploads\/sites\/38\/Traktor-300x180.jpg 300w, https:\/\/www.naturparkmagazin.de\/stechlin\/wp-content\/uploads\/sites\/38\/Traktor-200x120.jpg 200w, https:\/\/www.naturparkmagazin.de\/stechlin\/wp-content\/uploads\/sites\/38\/Traktor.jpg 500w\" sizes=\"(max-width: 300px) 100vw, 300px\" \/><\/a><p id=\"caption-attachment-13615\" class=\"wp-caption-text\">Bevor die Bl\u00fchwiese einges\u00e4t werden konnte, wurde der Boden mit Traktor und Fr\u00e4se vorbereitet.\u00a9 Susanne Bartel<\/p><\/div>\n<p>Selbst wenn die Ger\u00fcchtek\u00fcche etwas anderes sagt: rund um die Menzer Kirche werden keine Kartoffeln angebaut. In diesem Fr\u00fchjahr konnte Dank ausreichender Feuchtigkeit endlich das seit langem geplante <strong>Projekt Bl\u00fchwiese<\/strong> umgesetzt werden. Die Idee stammt \u00fcbrigens von Beate Wolff, der Frau unseres ehemaligen Pfarrers. Nach einem Vortrag \u00fcber das Insektensterben kam sie mit der Idee zu mir, rund um die Kirche anstelle des kurz geschorenen Zierrasens eine Bl\u00fchwiese f\u00fcr Biene Maja&amp;Co. anzulegen.<\/p>\n<div id=\"attachment_13614\" style=\"width: 310px\" class=\"wp-caption aligncenter\"><a href=\"https:\/\/www.naturparkmagazin.de\/stechlin\/wp-content\/uploads\/sites\/38\/M.Roesner-Aussaat.jpg\"><img aria-describedby=\"caption-attachment-13614\" decoding=\"async\" loading=\"lazy\" class=\"size-thumbnail wp-image-13614\" src=\"https:\/\/www.naturparkmagazin.de\/stechlin\/wp-content\/uploads\/sites\/38\/M.Roesner-Aussaat-300x180.jpg\" alt=\"\" width=\"300\" height=\"180\" srcset=\"https:\/\/www.naturparkmagazin.de\/stechlin\/wp-content\/uploads\/sites\/38\/M.Roesner-Aussaat-300x180.jpg 300w, https:\/\/www.naturparkmagazin.de\/stechlin\/wp-content\/uploads\/sites\/38\/M.Roesner-Aussaat-200x120.jpg 200w, https:\/\/www.naturparkmagazin.de\/stechlin\/wp-content\/uploads\/sites\/38\/M.Roesner-Aussaat.jpg 500w\" sizes=\"(max-width: 300px) 100vw, 300px\" \/><\/a><p id=\"caption-attachment-13614\" class=\"wp-caption-text\">Mathias R\u00f6sner vom LPV bei der Aussaat der Bl\u00fchmischung.\u00a9 Susanne Bartel<\/p><\/div>\n<p>Der Landschaftspflegeverband Norduckerm\u00e4rkische Seenlandschaft e.V. setzte das Vorhaben mit finanzieller Unterst\u00fctzung des Naturparks in die Tat um. Zuerst wurde die Fl\u00e4che gefr\u00e4st, danach eine regionale Bl\u00fchmischung mit insektenfreundlichen Arten einges\u00e4t.<\/p>\n<div id=\"attachment_13613\" style=\"width: 310px\" class=\"wp-caption aligncenter\"><a href=\"https:\/\/www.naturparkmagazin.de\/stechlin\/wp-content\/uploads\/sites\/38\/Bluehwiese-nach-Aussaat.jpg\"><img aria-describedby=\"caption-attachment-13613\" decoding=\"async\" loading=\"lazy\" class=\"size-thumbnail wp-image-13613\" src=\"https:\/\/www.naturparkmagazin.de\/stechlin\/wp-content\/uploads\/sites\/38\/Bluehwiese-nach-Aussaat-300x180.jpg\" alt=\"\" width=\"300\" height=\"180\" srcset=\"https:\/\/www.naturparkmagazin.de\/stechlin\/wp-content\/uploads\/sites\/38\/Bluehwiese-nach-Aussaat-300x180.jpg 300w, https:\/\/www.naturparkmagazin.de\/stechlin\/wp-content\/uploads\/sites\/38\/Bluehwiese-nach-Aussaat-200x120.jpg 200w, https:\/\/www.naturparkmagazin.de\/stechlin\/wp-content\/uploads\/sites\/38\/Bluehwiese-nach-Aussaat.jpg 500w\" sizes=\"(max-width: 300px) 100vw, 300px\" \/><\/a><p id=\"caption-attachment-13613\" class=\"wp-caption-text\">Die Bl\u00fchwiese unmittelbar nach der Aussaat.\u00a9 Susanne Bartel<\/p><\/div>\n<p>Die Saat ist sehr gut aufgegangen. Erfreuen wir uns gemeinsam mit den Insekten an der entstehenden, bunt bl\u00fchenden Wiese!<\/p>\n<div id=\"attachment_13612\" style=\"width: 310px\" class=\"wp-caption aligncenter\"><a href=\"https:\/\/www.naturparkmagazin.de\/stechlin\/wp-content\/uploads\/sites\/38\/004.jpg\"><img aria-describedby=\"caption-attachment-13612\" decoding=\"async\" loading=\"lazy\" class=\"size-thumbnail wp-image-13612\" src=\"https:\/\/www.naturparkmagazin.de\/stechlin\/wp-content\/uploads\/sites\/38\/004-300x180.jpg\" alt=\"\" width=\"300\" height=\"180\" srcset=\"https:\/\/www.naturparkmagazin.de\/stechlin\/wp-content\/uploads\/sites\/38\/004-300x180.jpg 300w, https:\/\/www.naturparkmagazin.de\/stechlin\/wp-content\/uploads\/sites\/38\/004-200x120.jpg 200w, https:\/\/www.naturparkmagazin.de\/stechlin\/wp-content\/uploads\/sites\/38\/004.jpg 500w\" sizes=\"(max-width: 300px) 100vw, 300px\" \/><\/a><p id=\"caption-attachment-13612\" class=\"wp-caption-text\">Pfarrer Jens Jacobi und Naturparkleiter Dr. Mario Schrumpf bei der Aufstellung der Infotafel\u00a9 Stefan Determann \/ Kirchenkreis Oberes Havelland<\/p><\/div>\n<p>Natur- und Artenschutzma\u00dfnahmen haben in der Kirchgemeinde Menz eine gute Tradition. So wurden bereits bei der Sanierung des Kirchturms Nistm\u00f6glichkeiten f\u00fcr Turmfalken und Schleiereulen eingebaut. Daf\u00fcr wurde die Kirchgemeinde vom Naturschutzbund Deutschlands ausgezeichnet.<\/p>\n<p>Zwei Infotafeln an den Eing\u00e4ngen zum Kirchhof informieren die Besucherinnen und Besucher \u00fcber das Projekt.<\/p>\n","protected":false},"excerpt":{"rendered":"<p>Seit mehreren Jahren ist das Insektensterben in aller Munde! Bl\u00fchwiesen helfen, etwas dagegen zu tun.<\/p>\n","protected":false},"author":39,"featured_media":13611,"comment_status":"open","ping_status":"open","sticky":false,"template":"","format":"standard","meta":[],"categories":[7],"tags":[],"yoast_head":"<!-- This site is optimized with the Yoast SEO plugin v19.10 - https:\/\/yoast.com\/wordpress\/plugins\/seo\/ -->\n<title>Menz bl\u00fcht auf! - Naturpark Stechlin-Ruppiner Land<\/title>\n<meta name=\"robots\" content=\"index, follow, max-snippet:-1, max-image-preview:large, max-video-preview:-1\" \/>\n<link rel=\"canonical\" href=\"https:\/\/www.naturparkmagazin.de\/stechlin\/menz-blueht-auf\/\" \/>\n<meta property=\"og:locale\" content=\"de_DE\" \/>\n<meta property=\"og:type\" content=\"article\" \/>\n<meta property=\"og:title\" content=\"Menz bl\u00fcht auf! - Naturpark Stechlin-Ruppiner Land\" \/>\n<meta property=\"og:description\" content=\"Seit mehreren Jahren ist das Insektensterben in aller Munde! Bl\u00fchwiesen helfen, etwas dagegen zu tun.\" \/>\n<meta property=\"og:url\" content=\"https:\/\/www.naturparkmagazin.de\/stechlin\/menz-blueht-auf\/\" \/>\n<meta property=\"og:site_name\" content=\"Naturpark Stechlin-Ruppiner Land\" \/>\n<meta property=\"article:published_time\" content=\"2023-05-23T13:04:20+00:00\" \/>\n<meta property=\"article:modified_time\" content=\"2023-05-25T11:48:55+00:00\" \/>\n<meta property=\"og:image\" content=\"https:\/\/www.naturparkmagazin.de\/stechlin\/wp-content\/uploads\/sites\/38\/000_a.jpg\" \/>\n\t<meta property=\"og:image:width\" content=\"200\" \/>\n\t<meta property=\"og:image:height\" content=\"200\" \/>\n\t<meta property=\"og:image:type\" content=\"image\/jpeg\" \/>\n<meta name=\"author\" content=\"marioschrumpf\" \/>\n<meta name=\"twitter:label1\" content=\"Verfasst von\" \/>\n\t<meta name=\"twitter:data1\" content=\"marioschrumpf\" \/>\n\t<meta name=\"twitter:label2\" content=\"Gesch\u00e4tzte Lesezeit\" \/>\n\t<meta name=\"twitter:data2\" content=\"3\u00a0Minuten\" \/>\n<script type=\"application\/ld+json\" class=\"yoast-schema-graph\">{\"@context\":\"https:\/\/schema.org\",\"@graph\":[{\"@type\":\"WebPage\",\"@id\":\"https:\/\/www.naturparkmagazin.de\/stechlin\/menz-blueht-auf\/\",\"url\":\"https:\/\/www.naturparkmagazin.de\/stechlin\/menz-blueht-auf\/\",\"name\":\"Menz bl\u00fcht auf! - Naturpark Stechlin-Ruppiner Land\",\"isPartOf\":{\"@id\":\"https:\/\/www.naturparkmagazin.de\/stechlin\/#website\"},\"datePublished\":\"2023-05-23T13:04:20+00:00\",\"dateModified\":\"2023-05-25T11:48:55+00:00\",\"author\":{\"@id\":\"https:\/\/www.naturparkmagazin.de\/stechlin\/#\/schema\/person\/3f0d93203df21c806dd63c76d9bb28bc\"},\"breadcrumb\":{\"@id\":\"https:\/\/www.naturparkmagazin.de\/stechlin\/menz-blueht-auf\/#breadcrumb\"},\"inLanguage\":\"de\",\"potentialAction\":[{\"@type\":\"ReadAction\",\"target\":[\"https:\/\/www.naturparkmagazin.de\/stechlin\/menz-blueht-auf\/\"]}]},{\"@type\":\"BreadcrumbList\",\"@id\":\"https:\/\/www.naturparkmagazin.de\/stechlin\/menz-blueht-auf\/#breadcrumb\",\"itemListElement\":[{\"@type\":\"ListItem\",\"position\":1,\"name\":\"Home\",\"item\":\"https:\/\/www.naturparkmagazin.de\/stechlin\/\"},{\"@type\":\"ListItem\",\"position\":2,\"name\":\"Menz bl\u00fcht auf!\"}]},{\"@type\":\"WebSite\",\"@id\":\"https:\/\/www.naturparkmagazin.de\/stechlin\/#website\",\"url\":\"https:\/\/www.naturparkmagazin.de\/stechlin\/\",\"name\":\"Naturpark Stechlin-Ruppiner Land\",\"description\":\"\",\"potentialAction\":[{\"@type\":\"SearchAction\",\"target\":{\"@type\":\"EntryPoint\",\"urlTemplate\":\"https:\/\/www.naturparkmagazin.de\/stechlin\/?s={search_term_string}\"},\"query-input\":\"required name=search_term_string\"}],\"inLanguage\":\"de\"},{\"@type\":\"Person\",\"@id\":\"https:\/\/www.naturparkmagazin.de\/stechlin\/#\/schema\/person\/3f0d93203df21c806dd63c76d9bb28bc\",\"name\":\"marioschrumpf\",\"url\":\"https:\/\/www.naturparkmagazin.de\/stechlin\/author\/marioschrumpf\/\"}]}<\/script>\n<!-- \/ Yoast SEO plugin. -->","yoast_head_json":{"title":"Menz bl\u00fcht auf! - Naturpark Stechlin-Ruppiner Land","robots":{"index":"index","follow":"follow","max-snippet":"max-snippet:-1","max-image-preview":"max-image-preview:large","max-video-preview":"max-video-preview:-1"},"canonical":"https:\/\/www.naturparkmagazin.de\/stechlin\/menz-blueht-auf\/","og_locale":"de_DE","og_type":"article","og_title":"Menz bl\u00fcht auf! - Naturpark Stechlin-Ruppiner Land","og_description":"Seit mehreren Jahren ist das Insektensterben in aller Munde! Bl\u00fchwiesen helfen, etwas dagegen zu tun.","og_url":"https:\/\/www.naturparkmagazin.de\/stechlin\/menz-blueht-auf\/","og_site_name":"Naturpark Stechlin-Ruppiner Land","article_published_time":"2023-05-23T13:04:20+00:00","article_modified_time":"2023-05-25T11:48:55+00:00","og_image":[{"width":200,"height":200,"url":"https:\/\/www.naturparkmagazin.de\/stechlin\/wp-content\/uploads\/sites\/38\/000_a.jpg","type":"image\/jpeg"}],"author":"marioschrumpf","twitter_misc":{"Verfasst von":"marioschrumpf","Gesch\u00e4tzte Lesezeit":"3\u00a0Minuten"},"schema":{"@context":"https:\/\/schema.org","@graph":[{"@type":"WebPage","@id":"https:\/\/www.naturparkmagazin.de\/stechlin\/menz-blueht-auf\/","url":"https:\/\/www.naturparkmagazin.de\/stechlin\/menz-blueht-auf\/","name":"Menz bl\u00fcht auf! - Naturpark Stechlin-Ruppiner Land","isPartOf":{"@id":"https:\/\/www.naturparkmagazin.de\/stechlin\/#website"},"datePublished":"2023-05-23T13:04:20+00:00","dateModified":"2023-05-25T11:48:55+00:00","author":{"@id":"https:\/\/www.naturparkmagazin.de\/stechlin\/#\/schema\/person\/3f0d93203df21c806dd63c76d9bb28bc"},"breadcrumb":{"@id":"https:\/\/www.naturparkmagazin.de\/stechlin\/menz-blueht-auf\/#breadcrumb"},"inLanguage":"de","potentialAction":[{"@type":"ReadAction","target":["https:\/\/www.naturparkmagazin.de\/stechlin\/menz-blueht-auf\/"]}]},{"@type":"BreadcrumbList","@id":"https:\/\/www.naturparkmagazin.de\/stechlin\/menz-blueht-auf\/#breadcrumb","itemListElement":[{"@type":"ListItem","position":1,"name":"Home","item":"https:\/\/www.naturparkmagazin.de\/stechlin\/"},{"@type":"ListItem","position":2,"name":"Menz bl\u00fcht auf!"}]},{"@type":"WebSite","@id":"https:\/\/www.naturparkmagazin.de\/stechlin\/#website","url":"https:\/\/www.naturparkmagazin.de\/stechlin\/","name":"Naturpark Stechlin-Ruppiner Land","description":"","potentialAction":[{"@type":"SearchAction","target":{"@type":"EntryPoint","urlTemplate":"https:\/\/www.naturparkmagazin.de\/stechlin\/?s={search_term_string}"},"query-input":"required name=search_term_string"}],"inLanguage":"de"},{"@type":"Person","@id":"https:\/\/www.naturparkmagazin.de\/stechlin\/#\/schema\/person\/3f0d93203df21c806dd63c76d9bb28bc","name":"marioschrumpf","url":"https:\/\/www.naturparkmagazin.de\/stechlin\/author\/marioschrumpf\/"}]}},"_links":{"self":[{"href":"https:\/\/www.naturparkmagazin.de\/stechlin\/wp-json\/wp\/v2\/posts\/13562"}],"collection":[{"href":"https:\/\/www.naturparkmagazin.de\/stechlin\/wp-json\/wp\/v2\/posts"}],"about":[{"href":"https:\/\/www.naturparkmagazin.de\/stechlin\/wp-json\/wp\/v2\/types\/post"}],"author":[{"embeddable":true,"href":"https:\/\/www.naturparkmagazin.de\/stechlin\/wp-json\/wp\/v2\/users\/39"}],"replies":[{"embeddable":true,"href":"https:\/\/www.naturparkmagazin.de\/stechlin\/wp-json\/wp\/v2\/comments?post=13562"}],"version-history":[{"count":6,"href":"https:\/\/www.naturparkmagazin.de\/stechlin\/wp-json\/wp\/v2\/posts\/13562\/revisions"}],"predecessor-version":[{"id":13684,"href":"https:\/\/www.naturparkmagazin.de\/stechlin\/wp-json\/wp\/v2\/posts\/13562\/revisions\/13684"}],"wp:featuredmedia":[{"embeddable":true,"href":"https:\/\/www.naturparkmagazin.de\/stechlin\/wp-json\/wp\/v2\/media\/13611"}],"wp:attachment":[{"href":"https:\/\/www.naturparkmagazin.de\/stechlin\/wp-json\/wp\/v2\/media?parent=13562"}],"wp:term":[{"taxonomy":"category","embeddable":true,"href":"https:\/\/www.naturparkmagazin.de\/stechlin\/wp-json\/wp\/v2\/categories?post=13562"},{"taxonomy":"post_tag","embeddable":true,"href":"https:\/\/www.naturparkmagazin.de\/stechlin\/wp-json\/wp\/v2\/tags?post=13562"}],"curies":[{"name":"wp","href":"https:\/\/api.w.org\/{rel}","templated":true}]}}