{"id":1358,"date":"2021-06-15T07:27:47","date_gmt":"2021-06-15T05:27:47","guid":{"rendered":"http:\/\/www.naturparkmagazin.de\/stechlin\/?p=1358"},"modified":"2025-05-28T11:17:22","modified_gmt":"2025-05-28T09:17:22","slug":"oeki-fuer-das-naturparkhaus-stechlin-gesucht","status":"publish","type":"post","link":"https:\/\/www.naturparkmagazin.de\/stechlin\/oeki-fuer-das-naturparkhaus-stechlin-gesucht\/","title":{"rendered":"Neue \u00d6kis f\u00fcr das NaturParkHaus Stechlin gesucht (2021)"},"content":{"rendered":"<div id=\"attachment_3366\" style=\"width: 310px\" class=\"wp-caption aligncenter\"><a href=\"https:\/\/www.naturparkmagazin.de\/stechlin\/wp-content\/uploads\/sites\/38\/Basteln-mit-Kinder1.jpg\"><img aria-describedby=\"caption-attachment-3366\" decoding=\"async\" loading=\"lazy\" class=\"size-thumbnail wp-image-3366\" src=\"https:\/\/www.naturparkmagazin.de\/stechlin\/wp-content\/uploads\/sites\/38\/Basteln-mit-Kinder1-300x225.jpg\" alt=\"\u00a9 Karin Schl\u00f6sser\" width=\"300\" height=\"225\" srcset=\"https:\/\/www.naturparkmagazin.de\/stechlin\/wp-content\/uploads\/sites\/38\/Basteln-mit-Kinder1-300x225.jpg 300w, https:\/\/www.naturparkmagazin.de\/stechlin\/wp-content\/uploads\/sites\/38\/Basteln-mit-Kinder1-620x465.jpg 620w, https:\/\/www.naturparkmagazin.de\/stechlin\/wp-content\/uploads\/sites\/38\/Basteln-mit-Kinder1-580x435.jpg 580w, https:\/\/www.naturparkmagazin.de\/stechlin\/wp-content\/uploads\/sites\/38\/Basteln-mit-Kinder1-420x315.jpg 420w, https:\/\/www.naturparkmagazin.de\/stechlin\/wp-content\/uploads\/sites\/38\/Basteln-mit-Kinder1-180x135.jpg 180w, https:\/\/www.naturparkmagazin.de\/stechlin\/wp-content\/uploads\/sites\/38\/Basteln-mit-Kinder1-95x71.jpg 95w, https:\/\/www.naturparkmagazin.de\/stechlin\/wp-content\/uploads\/sites\/38\/Basteln-mit-Kinder1-200x150.jpg 200w, https:\/\/www.naturparkmagazin.de\/stechlin\/wp-content\/uploads\/sites\/38\/Basteln-mit-Kinder1.jpg 640w\" sizes=\"(max-width: 300px) 100vw, 300px\" \/><\/a><p id=\"caption-attachment-3366\" class=\"wp-caption-text\">Die \u00d6kis unterst\u00fctzen bei der Organisation von Veranstaltungen, wie hier beim Basteln mit Naturmaterialien \u00a9 Karin Schl\u00f6sser<\/p><\/div>\n<p>Beim\u00a0F\u00f6rderverein Naturlandschaft Stechlin und Menzer Heide e.V.\u00a0sind ab September zwei Stellen f\u00fcr ein freiwilliges \u00f6kologisches Jahr im Besucherzentrum NaturParkHaus Stechlin in Menz frei. Zu den Aufgaben geh\u00f6ren die Betreuung der Ausstellung und des angrenzenden Sinnesgartens. Innerhalb des Jahres wird ein gemeinsam zu verabredendes Thema im Bereich Umweltbildung bearbeitet und dazu ein Abschlussbericht verfasst.<\/p>\n<p>Die Teilnehmer erhalten ein Taschengeld. Ein \u00dcbernachtungsplatz wird gestellt. Weitere Informationen unter Tel. 033082\/51210 (Ansprechpartnerin: Karin Schl\u00f6sser).<\/p>\n","protected":false},"excerpt":{"rendered":"<p>Beim F\u00f6rderverein Naturlandschaft Stechlin und Menzer Heide e.V. sind ab September zwei Stellen f\u00fcr ein freiwilliges \u00f6kologisches Jahr im Besucherzentrum NaturParkHaus Stechlin frei. <\/p>\n","protected":false},"author":39,"featured_media":1372,"comment_status":"open","ping_status":"open","sticky":false,"template":"","format":"standard","meta":[],"categories":[7],"tags":[],"yoast_head":"<!-- This site is optimized with the Yoast SEO plugin v19.10 - https:\/\/yoast.com\/wordpress\/plugins\/seo\/ -->\n<title>Neue \u00d6kis f\u00fcr das NaturParkHaus Stechlin gesucht (2021) - Naturpark Stechlin-Ruppiner Land<\/title>\n<meta name=\"robots\" content=\"index, follow, max-snippet:-1, max-image-preview:large, max-video-preview:-1\" \/>\n<link rel=\"canonical\" href=\"https:\/\/www.naturparkmagazin.de\/stechlin\/oeki-fuer-das-naturparkhaus-stechlin-gesucht\/\" \/>\n<meta property=\"og:locale\" content=\"de_DE\" \/>\n<meta property=\"og:type\" content=\"article\" \/>\n<meta property=\"og:title\" content=\"Neue \u00d6kis f\u00fcr das NaturParkHaus Stechlin gesucht (2021) - Naturpark Stechlin-Ruppiner Land\" \/>\n<meta property=\"og:description\" content=\"Beim F\u00f6rderverein Naturlandschaft Stechlin und Menzer Heide e.V. sind ab September zwei Stellen f\u00fcr ein freiwilliges \u00f6kologisches Jahr im Besucherzentrum NaturParkHaus Stechlin frei.\" \/>\n<meta property=\"og:url\" content=\"https:\/\/www.naturparkmagazin.de\/stechlin\/oeki-fuer-das-naturparkhaus-stechlin-gesucht\/\" \/>\n<meta property=\"og:site_name\" content=\"Naturpark Stechlin-Ruppiner Land\" \/>\n<meta property=\"article:published_time\" content=\"2021-06-15T05:27:47+00:00\" \/>\n<meta property=\"article:modified_time\" content=\"2025-05-28T09:17:22+00:00\" \/>\n<meta property=\"og:image\" content=\"https:\/\/www.naturparkmagazin.de\/stechlin\/wp-content\/uploads\/sites\/38\/NaturParkHaus-Stechlin1-e1517994561849.jpg\" \/>\n\t<meta property=\"og:image:width\" content=\"267\" \/>\n\t<meta property=\"og:image:height\" content=\"200\" \/>\n\t<meta property=\"og:image:type\" content=\"image\/jpeg\" \/>\n<meta name=\"author\" content=\"marioschrumpf\" \/>\n<meta name=\"twitter:label1\" content=\"Verfasst von\" \/>\n\t<meta name=\"twitter:data1\" content=\"marioschrumpf\" \/>\n\t<meta name=\"twitter:label2\" content=\"Gesch\u00e4tzte Lesezeit\" \/>\n\t<meta name=\"twitter:data2\" content=\"1\u00a0Minute\" \/>\n<script type=\"application\/ld+json\" class=\"yoast-schema-graph\">{\"@context\":\"https:\/\/schema.org\",\"@graph\":[{\"@type\":\"WebPage\",\"@id\":\"https:\/\/www.naturparkmagazin.de\/stechlin\/oeki-fuer-das-naturparkhaus-stechlin-gesucht\/\",\"url\":\"https:\/\/www.naturparkmagazin.de\/stechlin\/oeki-fuer-das-naturparkhaus-stechlin-gesucht\/\",\"name\":\"Neue \u00d6kis f\u00fcr das NaturParkHaus Stechlin gesucht (2021) - Naturpark Stechlin-Ruppiner Land\",\"isPartOf\":{\"@id\":\"https:\/\/www.naturparkmagazin.de\/stechlin\/#website\"},\"datePublished\":\"2021-06-15T05:27:47+00:00\",\"dateModified\":\"2025-05-28T09:17:22+00:00\",\"author\":{\"@id\":\"https:\/\/www.naturparkmagazin.de\/stechlin\/#\/schema\/person\/3f0d93203df21c806dd63c76d9bb28bc\"},\"breadcrumb\":{\"@id\":\"https:\/\/www.naturparkmagazin.de\/stechlin\/oeki-fuer-das-naturparkhaus-stechlin-gesucht\/#breadcrumb\"},\"inLanguage\":\"de\",\"potentialAction\":[{\"@type\":\"ReadAction\",\"target\":[\"https:\/\/www.naturparkmagazin.de\/stechlin\/oeki-fuer-das-naturparkhaus-stechlin-gesucht\/\"]}]},{\"@type\":\"BreadcrumbList\",\"@id\":\"https:\/\/www.naturparkmagazin.de\/stechlin\/oeki-fuer-das-naturparkhaus-stechlin-gesucht\/#breadcrumb\",\"itemListElement\":[{\"@type\":\"ListItem\",\"position\":1,\"name\":\"Home\",\"item\":\"https:\/\/www.naturparkmagazin.de\/stechlin\/\"},{\"@type\":\"ListItem\",\"position\":2,\"name\":\"Neue \u00d6kis f\u00fcr das NaturParkHaus Stechlin gesucht (2021)\"}]},{\"@type\":\"WebSite\",\"@id\":\"https:\/\/www.naturparkmagazin.de\/stechlin\/#website\",\"url\":\"https:\/\/www.naturparkmagazin.de\/stechlin\/\",\"name\":\"Naturpark Stechlin-Ruppiner Land\",\"description\":\"\",\"potentialAction\":[{\"@type\":\"SearchAction\",\"target\":{\"@type\":\"EntryPoint\",\"urlTemplate\":\"https:\/\/www.naturparkmagazin.de\/stechlin\/?s={search_term_string}\"},\"query-input\":\"required name=search_term_string\"}],\"inLanguage\":\"de\"},{\"@type\":\"Person\",\"@id\":\"https:\/\/www.naturparkmagazin.de\/stechlin\/#\/schema\/person\/3f0d93203df21c806dd63c76d9bb28bc\",\"name\":\"marioschrumpf\",\"url\":\"https:\/\/www.naturparkmagazin.de\/stechlin\/author\/marioschrumpf\/\"}]}<\/script>\n<!-- \/ Yoast SEO plugin. -->","yoast_head_json":{"title":"Neue \u00d6kis f\u00fcr das NaturParkHaus Stechlin gesucht (2021) - Naturpark Stechlin-Ruppiner Land","robots":{"index":"index","follow":"follow","max-snippet":"max-snippet:-1","max-image-preview":"max-image-preview:large","max-video-preview":"max-video-preview:-1"},"canonical":"https:\/\/www.naturparkmagazin.de\/stechlin\/oeki-fuer-das-naturparkhaus-stechlin-gesucht\/","og_locale":"de_DE","og_type":"article","og_title":"Neue \u00d6kis f\u00fcr das NaturParkHaus Stechlin gesucht (2021) - Naturpark Stechlin-Ruppiner Land","og_description":"Beim F\u00f6rderverein Naturlandschaft Stechlin und Menzer Heide e.V. sind ab September zwei Stellen f\u00fcr ein freiwilliges \u00f6kologisches Jahr im Besucherzentrum NaturParkHaus Stechlin frei.","og_url":"https:\/\/www.naturparkmagazin.de\/stechlin\/oeki-fuer-das-naturparkhaus-stechlin-gesucht\/","og_site_name":"Naturpark Stechlin-Ruppiner Land","article_published_time":"2021-06-15T05:27:47+00:00","article_modified_time":"2025-05-28T09:17:22+00:00","og_image":[{"width":267,"height":200,"url":"https:\/\/www.naturparkmagazin.de\/stechlin\/wp-content\/uploads\/sites\/38\/NaturParkHaus-Stechlin1-e1517994561849.jpg","type":"image\/jpeg"}],"author":"marioschrumpf","twitter_misc":{"Verfasst von":"marioschrumpf","Gesch\u00e4tzte Lesezeit":"1\u00a0Minute"},"schema":{"@context":"https:\/\/schema.org","@graph":[{"@type":"WebPage","@id":"https:\/\/www.naturparkmagazin.de\/stechlin\/oeki-fuer-das-naturparkhaus-stechlin-gesucht\/","url":"https:\/\/www.naturparkmagazin.de\/stechlin\/oeki-fuer-das-naturparkhaus-stechlin-gesucht\/","name":"Neue \u00d6kis f\u00fcr das NaturParkHaus Stechlin gesucht (2021) - Naturpark Stechlin-Ruppiner Land","isPartOf":{"@id":"https:\/\/www.naturparkmagazin.de\/stechlin\/#website"},"datePublished":"2021-06-15T05:27:47+00:00","dateModified":"2025-05-28T09:17:22+00:00","author":{"@id":"https:\/\/www.naturparkmagazin.de\/stechlin\/#\/schema\/person\/3f0d93203df21c806dd63c76d9bb28bc"},"breadcrumb":{"@id":"https:\/\/www.naturparkmagazin.de\/stechlin\/oeki-fuer-das-naturparkhaus-stechlin-gesucht\/#breadcrumb"},"inLanguage":"de","potentialAction":[{"@type":"ReadAction","target":["https:\/\/www.naturparkmagazin.de\/stechlin\/oeki-fuer-das-naturparkhaus-stechlin-gesucht\/"]}]},{"@type":"BreadcrumbList","@id":"https:\/\/www.naturparkmagazin.de\/stechlin\/oeki-fuer-das-naturparkhaus-stechlin-gesucht\/#breadcrumb","itemListElement":[{"@type":"ListItem","position":1,"name":"Home","item":"https:\/\/www.naturparkmagazin.de\/stechlin\/"},{"@type":"ListItem","position":2,"name":"Neue \u00d6kis f\u00fcr das NaturParkHaus Stechlin gesucht (2021)"}]},{"@type":"WebSite","@id":"https:\/\/www.naturparkmagazin.de\/stechlin\/#website","url":"https:\/\/www.naturparkmagazin.de\/stechlin\/","name":"Naturpark Stechlin-Ruppiner Land","description":"","potentialAction":[{"@type":"SearchAction","target":{"@type":"EntryPoint","urlTemplate":"https:\/\/www.naturparkmagazin.de\/stechlin\/?s={search_term_string}"},"query-input":"required name=search_term_string"}],"inLanguage":"de"},{"@type":"Person","@id":"https:\/\/www.naturparkmagazin.de\/stechlin\/#\/schema\/person\/3f0d93203df21c806dd63c76d9bb28bc","name":"marioschrumpf","url":"https:\/\/www.naturparkmagazin.de\/stechlin\/author\/marioschrumpf\/"}]}},"_links":{"self":[{"href":"https:\/\/www.naturparkmagazin.de\/stechlin\/wp-json\/wp\/v2\/posts\/1358"}],"collection":[{"href":"https:\/\/www.naturparkmagazin.de\/stechlin\/wp-json\/wp\/v2\/posts"}],"about":[{"href":"https:\/\/www.naturparkmagazin.de\/stechlin\/wp-json\/wp\/v2\/types\/post"}],"author":[{"embeddable":true,"href":"https:\/\/www.naturparkmagazin.de\/stechlin\/wp-json\/wp\/v2\/users\/39"}],"replies":[{"embeddable":true,"href":"https:\/\/www.naturparkmagazin.de\/stechlin\/wp-json\/wp\/v2\/comments?post=1358"}],"version-history":[{"count":12,"href":"https:\/\/www.naturparkmagazin.de\/stechlin\/wp-json\/wp\/v2\/posts\/1358\/revisions"}],"predecessor-version":[{"id":17389,"href":"https:\/\/www.naturparkmagazin.de\/stechlin\/wp-json\/wp\/v2\/posts\/1358\/revisions\/17389"}],"wp:featuredmedia":[{"embeddable":true,"href":"https:\/\/www.naturparkmagazin.de\/stechlin\/wp-json\/wp\/v2\/media\/1372"}],"wp:attachment":[{"href":"https:\/\/www.naturparkmagazin.de\/stechlin\/wp-json\/wp\/v2\/media?parent=1358"}],"wp:term":[{"taxonomy":"category","embeddable":true,"href":"https:\/\/www.naturparkmagazin.de\/stechlin\/wp-json\/wp\/v2\/categories?post=1358"},{"taxonomy":"post_tag","embeddable":true,"href":"https:\/\/www.naturparkmagazin.de\/stechlin\/wp-json\/wp\/v2\/tags?post=1358"}],"curies":[{"name":"wp","href":"https:\/\/api.w.org\/{rel}","templated":true}]}}