{"id":13580,"date":"2023-05-23T16:07:38","date_gmt":"2023-05-23T14:07:38","guid":{"rendered":"https:\/\/www.naturparkmagazin.de\/stechlin\/?p=13580"},"modified":"2023-05-25T13:16:58","modified_gmt":"2023-05-25T11:16:58","slug":"27-menzer-waldfest-vom-23-25-juni-2023","status":"publish","type":"post","link":"https:\/\/www.naturparkmagazin.de\/stechlin\/27-menzer-waldfest-vom-23-25-juni-2023\/","title":{"rendered":"27. Menzer Waldfest vom 23.-25. Juni 2023"},"content":{"rendered":"<p>Am letzten Juni-Wochenende ist es wieder soweit, BesucherInnen aus nah und fern sind eingeladen zum 27. Menzer Waldfest.<\/p>\n<p>&nbsp;<\/p>\n<p>Folgendes Programm ist geplant:<\/p>\n<p>&nbsp;<\/p>\n<p><strong>23. Juni, Freitag &#8211; Er\u00f6ffnung des Waldfestes<\/strong><\/p>\n<p>18.00 Uhr Vortrag in der Menzer Kirche: \u201e<em>Von der Naturlandschaft zur Kulturlandschaft<\/em>\u201c von Pfarrer a.D. Mathias Wolf.<\/p>\n<p>Danach Lagerfeuer, Livemusik sowie Wettrudern an der Badestelle am Roofensee.<\/p>\n<p>&nbsp;<\/p>\n<div id=\"attachment_8631\" style=\"width: 310px\" class=\"wp-caption aligncenter\"><a href=\"https:\/\/www.naturparkmagazin.de\/stechlin\/wp-content\/uploads\/sites\/38\/Waldfest-Prominent_43.jpg\"><img aria-describedby=\"caption-attachment-8631\" decoding=\"async\" loading=\"lazy\" class=\"wp-image-8631 size-thumbnail\" src=\"https:\/\/www.naturparkmagazin.de\/stechlin\/wp-content\/uploads\/sites\/38\/Waldfest-Prominent_43-300x180.jpg\" alt=\"Carla Kniestedt im Gespr\u00e4ch mit Pfarrer Mathias Wolf, Pfarrerin Beate Wolf und Journalisten-Kollegin Liane von Billerbeck\" width=\"300\" height=\"180\" srcset=\"https:\/\/www.naturparkmagazin.de\/stechlin\/wp-content\/uploads\/sites\/38\/Waldfest-Prominent_43-300x180.jpg 300w, https:\/\/www.naturparkmagazin.de\/stechlin\/wp-content\/uploads\/sites\/38\/Waldfest-Prominent_43.jpg 500w, https:\/\/www.naturparkmagazin.de\/stechlin\/wp-content\/uploads\/sites\/38\/Waldfest-Prominent_43-200x120.jpg 200w\" sizes=\"(max-width: 300px) 100vw, 300px\" \/><\/a><p id=\"caption-attachment-8631\" class=\"wp-caption-text\">Carla Kniestedt im Gespr\u00e4ch mit Pfarrer Mathias Wolf, Pfarrerin Beate Wolf und Journalisten-Kollegin Liane von Billerbeck\u00a9 Dr. Mario Schrumpf<\/p><\/div>\n<p>&nbsp;<\/p>\n<p><strong>24. Juni, Sonnabend &#8211; Gro\u00dfer Waldmarkt auf dem Friedensplatz (ab 10.00 Uhr)<\/strong><\/p>\n<p>Traditionelles Handwerk mit T\u00f6pfer, Imker, Korbmacher, Holzschnitzer, Schmied, Drechsler sowie heimischen Spezialit\u00e4ten. Wildschwein am Spie\u00df, Fisch aus unseren Gew\u00e4ssern und selbstgebackenem Kuchen.\nGro\u00dfes Kinder- und Jugendprogramm mit Wald- und Angelspiel, Basteln, Malen und Raten. Menzer Triathlon \u201e<em>Iron-Menz<\/em>\u201c, ganzt\u00e4gig Kulturprogramm<\/p>\n<p>Durch das Program f\u00fchrt die ehemalige RBB-Fernseh-Moderatorin <strong>Carla Kniestedt<\/strong>.<\/p>\n<p>&nbsp;<\/p>\n<div id=\"attachment_9897\" style=\"width: 310px\" class=\"wp-caption aligncenter\"><a href=\"https:\/\/www.naturparkmagazin.de\/stechlin\/wp-content\/uploads\/sites\/38\/moor-zauft.jpg\"><img aria-describedby=\"caption-attachment-9897\" decoding=\"async\" loading=\"lazy\" class=\"wp-image-9897 size-thumbnail\" src=\"https:\/\/www.naturparkmagazin.de\/stechlin\/wp-content\/uploads\/sites\/38\/moor-zauft-300x180.jpg\" alt=\"Michael Zauft beschreibt bei str\u00f6mendem Regen aber geduldigen Zuh\u00f6rer*innen Wiedervern\u00e4ssungsma\u00dfnahmen von Waldmooren\" width=\"300\" height=\"180\" srcset=\"https:\/\/www.naturparkmagazin.de\/stechlin\/wp-content\/uploads\/sites\/38\/moor-zauft-300x180.jpg 300w, https:\/\/www.naturparkmagazin.de\/stechlin\/wp-content\/uploads\/sites\/38\/moor-zauft.jpg 500w, https:\/\/www.naturparkmagazin.de\/stechlin\/wp-content\/uploads\/sites\/38\/moor-zauft-200x120.jpg 200w\" sizes=\"(max-width: 300px) 100vw, 300px\" \/><\/a><p id=\"caption-attachment-9897\" class=\"wp-caption-text\">Wanderung mit F\u00f6rster am Sonntag\u00a9 Heiko Strobel<\/p><\/div>\n<p><strong>25. Juni, Sonntag, Ausklang\n<\/strong><\/p>\n<p>10.00 Uhr Waldandacht auf dem Wallberg mit Pfarrer Jens Jakobi<\/p>\n<p>Anschlie\u00dfend Wanderung mit den F\u00f6rstern J\u00f6rg Spr\u00f6\u00dfig und Wolfgang L\u00fctzow ins Naturschutzgebiet Stechlin, Start am NaturParkHaus Stechlin in Menz\nund Radwanderung mit dem Dorfverein Menz<\/p>\n<p>16.00 Uhr\u00a0Abschlusskonzert mit \u201e<em>Die Blaue Stunde<\/em>\u201c in der Menzer Kirche<\/p>\n<div id=\"attachment_13619\" style=\"width: 310px\" class=\"wp-caption aligncenter\"><a href=\"https:\/\/www.naturparkmagazin.de\/stechlin\/wp-content\/uploads\/sites\/38\/Waldfest-Vereiler_Plakat.jpg\"><img aria-describedby=\"caption-attachment-13619\" decoding=\"async\" loading=\"lazy\" class=\"wp-image-13619 size-full\" src=\"https:\/\/www.naturparkmagazin.de\/stechlin\/wp-content\/uploads\/sites\/38\/Waldfest-Vereiler_Plakat.jpg\" alt=\"\" width=\"300\" height=\"425\" srcset=\"https:\/\/www.naturparkmagazin.de\/stechlin\/wp-content\/uploads\/sites\/38\/Waldfest-Vereiler_Plakat.jpg 300w, https:\/\/www.naturparkmagazin.de\/stechlin\/wp-content\/uploads\/sites\/38\/Waldfest-Vereiler_Plakat-200x283.jpg 200w\" sizes=\"(max-width: 300px) 100vw, 300px\" \/><\/a><p id=\"caption-attachment-13619\" class=\"wp-caption-text\">Waldfest-Plakat 2023\u00a9 NaturParkHaus Stechlin<\/p><\/div>\n","protected":false},"excerpt":{"rendered":"<p>Am letzten Juni-Wochenende ist es wieder soweit, BesucherInnen aus nah und fern sind eingeladen zum 27. Menzer Waldfest.<\/p>\n","protected":false},"author":39,"featured_media":4211,"comment_status":"open","ping_status":"open","sticky":false,"template":"","format":"standard","meta":[],"categories":[11],"tags":[],"yoast_head":"<!-- This site is optimized with the Yoast SEO plugin v19.10 - https:\/\/yoast.com\/wordpress\/plugins\/seo\/ -->\n<title>27. Menzer Waldfest vom 23.-25. Juni 2023 - Naturpark Stechlin-Ruppiner Land<\/title>\n<meta name=\"robots\" content=\"index, follow, max-snippet:-1, max-image-preview:large, max-video-preview:-1\" \/>\n<link rel=\"canonical\" href=\"https:\/\/www.naturparkmagazin.de\/stechlin\/27-menzer-waldfest-vom-23-25-juni-2023\/\" \/>\n<meta property=\"og:locale\" content=\"de_DE\" \/>\n<meta property=\"og:type\" content=\"article\" \/>\n<meta property=\"og:title\" content=\"27. Menzer Waldfest vom 23.-25. Juni 2023 - Naturpark Stechlin-Ruppiner Land\" \/>\n<meta property=\"og:description\" content=\"Am letzten Juni-Wochenende ist es wieder soweit, BesucherInnen aus nah und fern sind eingeladen zum 27. Menzer Waldfest.\" \/>\n<meta property=\"og:url\" content=\"https:\/\/www.naturparkmagazin.de\/stechlin\/27-menzer-waldfest-vom-23-25-juni-2023\/\" \/>\n<meta property=\"og:site_name\" content=\"Naturpark Stechlin-Ruppiner Land\" \/>\n<meta property=\"article:published_time\" content=\"2023-05-23T14:07:38+00:00\" \/>\n<meta property=\"article:modified_time\" content=\"2023-05-25T11:16:58+00:00\" \/>\n<meta property=\"og:image\" content=\"https:\/\/www.naturparkmagazin.de\/stechlin\/wp-content\/uploads\/sites\/38\/Waldfest-2016.jpg\" \/>\n\t<meta property=\"og:image:width\" content=\"200\" \/>\n\t<meta property=\"og:image:height\" content=\"200\" \/>\n\t<meta property=\"og:image:type\" content=\"image\/jpeg\" \/>\n<meta name=\"author\" content=\"marioschrumpf\" \/>\n<meta name=\"twitter:label1\" content=\"Verfasst von\" \/>\n\t<meta name=\"twitter:data1\" content=\"marioschrumpf\" \/>\n\t<meta name=\"twitter:label2\" content=\"Gesch\u00e4tzte Lesezeit\" \/>\n\t<meta name=\"twitter:data2\" content=\"2\u00a0Minuten\" \/>\n<script type=\"application\/ld+json\" class=\"yoast-schema-graph\">{\"@context\":\"https:\/\/schema.org\",\"@graph\":[{\"@type\":\"WebPage\",\"@id\":\"https:\/\/www.naturparkmagazin.de\/stechlin\/27-menzer-waldfest-vom-23-25-juni-2023\/\",\"url\":\"https:\/\/www.naturparkmagazin.de\/stechlin\/27-menzer-waldfest-vom-23-25-juni-2023\/\",\"name\":\"27. Menzer Waldfest vom 23.-25. Juni 2023 - Naturpark Stechlin-Ruppiner Land\",\"isPartOf\":{\"@id\":\"https:\/\/www.naturparkmagazin.de\/stechlin\/#website\"},\"datePublished\":\"2023-05-23T14:07:38+00:00\",\"dateModified\":\"2023-05-25T11:16:58+00:00\",\"author\":{\"@id\":\"https:\/\/www.naturparkmagazin.de\/stechlin\/#\/schema\/person\/3f0d93203df21c806dd63c76d9bb28bc\"},\"breadcrumb\":{\"@id\":\"https:\/\/www.naturparkmagazin.de\/stechlin\/27-menzer-waldfest-vom-23-25-juni-2023\/#breadcrumb\"},\"inLanguage\":\"de\",\"potentialAction\":[{\"@type\":\"ReadAction\",\"target\":[\"https:\/\/www.naturparkmagazin.de\/stechlin\/27-menzer-waldfest-vom-23-25-juni-2023\/\"]}]},{\"@type\":\"BreadcrumbList\",\"@id\":\"https:\/\/www.naturparkmagazin.de\/stechlin\/27-menzer-waldfest-vom-23-25-juni-2023\/#breadcrumb\",\"itemListElement\":[{\"@type\":\"ListItem\",\"position\":1,\"name\":\"Home\",\"item\":\"https:\/\/www.naturparkmagazin.de\/stechlin\/\"},{\"@type\":\"ListItem\",\"position\":2,\"name\":\"27. Menzer Waldfest vom 23.-25. Juni 2023\"}]},{\"@type\":\"WebSite\",\"@id\":\"https:\/\/www.naturparkmagazin.de\/stechlin\/#website\",\"url\":\"https:\/\/www.naturparkmagazin.de\/stechlin\/\",\"name\":\"Naturpark Stechlin-Ruppiner Land\",\"description\":\"\",\"potentialAction\":[{\"@type\":\"SearchAction\",\"target\":{\"@type\":\"EntryPoint\",\"urlTemplate\":\"https:\/\/www.naturparkmagazin.de\/stechlin\/?s={search_term_string}\"},\"query-input\":\"required name=search_term_string\"}],\"inLanguage\":\"de\"},{\"@type\":\"Person\",\"@id\":\"https:\/\/www.naturparkmagazin.de\/stechlin\/#\/schema\/person\/3f0d93203df21c806dd63c76d9bb28bc\",\"name\":\"marioschrumpf\",\"url\":\"https:\/\/www.naturparkmagazin.de\/stechlin\/author\/marioschrumpf\/\"}]}<\/script>\n<!-- \/ Yoast SEO plugin. -->","yoast_head_json":{"title":"27. Menzer Waldfest vom 23.-25. Juni 2023 - Naturpark Stechlin-Ruppiner Land","robots":{"index":"index","follow":"follow","max-snippet":"max-snippet:-1","max-image-preview":"max-image-preview:large","max-video-preview":"max-video-preview:-1"},"canonical":"https:\/\/www.naturparkmagazin.de\/stechlin\/27-menzer-waldfest-vom-23-25-juni-2023\/","og_locale":"de_DE","og_type":"article","og_title":"27. Menzer Waldfest vom 23.-25. Juni 2023 - Naturpark Stechlin-Ruppiner Land","og_description":"Am letzten Juni-Wochenende ist es wieder soweit, BesucherInnen aus nah und fern sind eingeladen zum 27. Menzer Waldfest.","og_url":"https:\/\/www.naturparkmagazin.de\/stechlin\/27-menzer-waldfest-vom-23-25-juni-2023\/","og_site_name":"Naturpark Stechlin-Ruppiner Land","article_published_time":"2023-05-23T14:07:38+00:00","article_modified_time":"2023-05-25T11:16:58+00:00","og_image":[{"width":200,"height":200,"url":"https:\/\/www.naturparkmagazin.de\/stechlin\/wp-content\/uploads\/sites\/38\/Waldfest-2016.jpg","type":"image\/jpeg"}],"author":"marioschrumpf","twitter_misc":{"Verfasst von":"marioschrumpf","Gesch\u00e4tzte Lesezeit":"2\u00a0Minuten"},"schema":{"@context":"https:\/\/schema.org","@graph":[{"@type":"WebPage","@id":"https:\/\/www.naturparkmagazin.de\/stechlin\/27-menzer-waldfest-vom-23-25-juni-2023\/","url":"https:\/\/www.naturparkmagazin.de\/stechlin\/27-menzer-waldfest-vom-23-25-juni-2023\/","name":"27. Menzer Waldfest vom 23.-25. Juni 2023 - Naturpark Stechlin-Ruppiner Land","isPartOf":{"@id":"https:\/\/www.naturparkmagazin.de\/stechlin\/#website"},"datePublished":"2023-05-23T14:07:38+00:00","dateModified":"2023-05-25T11:16:58+00:00","author":{"@id":"https:\/\/www.naturparkmagazin.de\/stechlin\/#\/schema\/person\/3f0d93203df21c806dd63c76d9bb28bc"},"breadcrumb":{"@id":"https:\/\/www.naturparkmagazin.de\/stechlin\/27-menzer-waldfest-vom-23-25-juni-2023\/#breadcrumb"},"inLanguage":"de","potentialAction":[{"@type":"ReadAction","target":["https:\/\/www.naturparkmagazin.de\/stechlin\/27-menzer-waldfest-vom-23-25-juni-2023\/"]}]},{"@type":"BreadcrumbList","@id":"https:\/\/www.naturparkmagazin.de\/stechlin\/27-menzer-waldfest-vom-23-25-juni-2023\/#breadcrumb","itemListElement":[{"@type":"ListItem","position":1,"name":"Home","item":"https:\/\/www.naturparkmagazin.de\/stechlin\/"},{"@type":"ListItem","position":2,"name":"27. Menzer Waldfest vom 23.-25. Juni 2023"}]},{"@type":"WebSite","@id":"https:\/\/www.naturparkmagazin.de\/stechlin\/#website","url":"https:\/\/www.naturparkmagazin.de\/stechlin\/","name":"Naturpark Stechlin-Ruppiner Land","description":"","potentialAction":[{"@type":"SearchAction","target":{"@type":"EntryPoint","urlTemplate":"https:\/\/www.naturparkmagazin.de\/stechlin\/?s={search_term_string}"},"query-input":"required name=search_term_string"}],"inLanguage":"de"},{"@type":"Person","@id":"https:\/\/www.naturparkmagazin.de\/stechlin\/#\/schema\/person\/3f0d93203df21c806dd63c76d9bb28bc","name":"marioschrumpf","url":"https:\/\/www.naturparkmagazin.de\/stechlin\/author\/marioschrumpf\/"}]}},"_links":{"self":[{"href":"https:\/\/www.naturparkmagazin.de\/stechlin\/wp-json\/wp\/v2\/posts\/13580"}],"collection":[{"href":"https:\/\/www.naturparkmagazin.de\/stechlin\/wp-json\/wp\/v2\/posts"}],"about":[{"href":"https:\/\/www.naturparkmagazin.de\/stechlin\/wp-json\/wp\/v2\/types\/post"}],"author":[{"embeddable":true,"href":"https:\/\/www.naturparkmagazin.de\/stechlin\/wp-json\/wp\/v2\/users\/39"}],"replies":[{"embeddable":true,"href":"https:\/\/www.naturparkmagazin.de\/stechlin\/wp-json\/wp\/v2\/comments?post=13580"}],"version-history":[{"count":9,"href":"https:\/\/www.naturparkmagazin.de\/stechlin\/wp-json\/wp\/v2\/posts\/13580\/revisions"}],"predecessor-version":[{"id":13672,"href":"https:\/\/www.naturparkmagazin.de\/stechlin\/wp-json\/wp\/v2\/posts\/13580\/revisions\/13672"}],"wp:featuredmedia":[{"embeddable":true,"href":"https:\/\/www.naturparkmagazin.de\/stechlin\/wp-json\/wp\/v2\/media\/4211"}],"wp:attachment":[{"href":"https:\/\/www.naturparkmagazin.de\/stechlin\/wp-json\/wp\/v2\/media?parent=13580"}],"wp:term":[{"taxonomy":"category","embeddable":true,"href":"https:\/\/www.naturparkmagazin.de\/stechlin\/wp-json\/wp\/v2\/categories?post=13580"},{"taxonomy":"post_tag","embeddable":true,"href":"https:\/\/www.naturparkmagazin.de\/stechlin\/wp-json\/wp\/v2\/tags?post=13580"}],"curies":[{"name":"wp","href":"https:\/\/api.w.org\/{rel}","templated":true}]}}