{"id":1362,"date":"2014-09-19T11:08:27","date_gmt":"2014-09-19T09:08:27","guid":{"rendered":"http:\/\/www.naturparkmagazin.de\/stechlin\/?p=1362"},"modified":"2014-09-23T15:30:25","modified_gmt":"2014-09-23T13:30:25","slug":"visionen-fuer-eine-umweltvertraegliche-mobilitaet","status":"publish","type":"post","link":"https:\/\/www.naturparkmagazin.de\/stechlin\/visionen-fuer-eine-umweltvertraegliche-mobilitaet\/","title":{"rendered":"Visionen f\u00fcr eine umweltvertr\u00e4gliche Mobilit\u00e4t"},"content":{"rendered":"<p>&nbsp;<\/p>\n<p>&nbsp;<\/p>\n<div id=\"attachment_1379\" style=\"width: 630px\" class=\"wp-caption alignnone\"><a href=\"https:\/\/www.naturparkmagazin.de\/stechlin\/wp-content\/uploads\/sites\/38\/k-DSC_00331.jpg\"><img aria-describedby=\"caption-attachment-1379\" decoding=\"async\" loading=\"lazy\" class=\"size-medium wp-image-1379\" alt=\"Uwe Thamm mit seiner Skulptur\" src=\"https:\/\/www.naturparkmagazin.de\/stechlin\/wp-content\/uploads\/sites\/38\/k-DSC_00331-620x415.jpg\" width=\"620\" height=\"415\" srcset=\"https:\/\/www.naturparkmagazin.de\/stechlin\/wp-content\/uploads\/sites\/38\/k-DSC_00331-620x415.jpg 620w, https:\/\/www.naturparkmagazin.de\/stechlin\/wp-content\/uploads\/sites\/38\/k-DSC_00331-300x201.jpg 300w, https:\/\/www.naturparkmagazin.de\/stechlin\/wp-content\/uploads\/sites\/38\/k-DSC_00331-940x629.jpg 940w, https:\/\/www.naturparkmagazin.de\/stechlin\/wp-content\/uploads\/sites\/38\/k-DSC_00331-670x449.jpg 670w, https:\/\/www.naturparkmagazin.de\/stechlin\/wp-content\/uploads\/sites\/38\/k-DSC_00331-200x134.jpg 200w, https:\/\/www.naturparkmagazin.de\/stechlin\/wp-content\/uploads\/sites\/38\/k-DSC_00331.jpg 1936w\" sizes=\"(max-width: 620px) 100vw, 620px\" \/><\/a><p id=\"caption-attachment-1379\" class=\"wp-caption-text\">Uwe Thamm mit seiner Skulptur<\/p><\/div>\n<div id=\"attachment_1382\" style=\"width: 630px\" class=\"wp-caption alignnone\"><a href=\"https:\/\/www.naturparkmagazin.de\/stechlin\/wp-content\/uploads\/sites\/38\/k-DSC_0043.jpg\"><img aria-describedby=\"caption-attachment-1382\" decoding=\"async\" loading=\"lazy\" class=\"size-medium wp-image-1382\" alt=\"Anregende Diskussion an der Holzskulptur des Chinesischen Teilnehmers.\" src=\"https:\/\/www.naturparkmagazin.de\/stechlin\/wp-content\/uploads\/sites\/38\/k-DSC_0043-620x415.jpg\" width=\"620\" height=\"415\" srcset=\"https:\/\/www.naturparkmagazin.de\/stechlin\/wp-content\/uploads\/sites\/38\/k-DSC_0043-620x415.jpg 620w, https:\/\/www.naturparkmagazin.de\/stechlin\/wp-content\/uploads\/sites\/38\/k-DSC_0043-300x201.jpg 300w, https:\/\/www.naturparkmagazin.de\/stechlin\/wp-content\/uploads\/sites\/38\/k-DSC_0043-940x629.jpg 940w, https:\/\/www.naturparkmagazin.de\/stechlin\/wp-content\/uploads\/sites\/38\/k-DSC_0043-670x449.jpg 670w, https:\/\/www.naturparkmagazin.de\/stechlin\/wp-content\/uploads\/sites\/38\/k-DSC_0043-200x134.jpg 200w, https:\/\/www.naturparkmagazin.de\/stechlin\/wp-content\/uploads\/sites\/38\/k-DSC_0043.jpg 1936w\" sizes=\"(max-width: 620px) 100vw, 620px\" \/><\/a><p id=\"caption-attachment-1382\" class=\"wp-caption-text\">Anregende Diskussion an der Holzskulptur des Chinesischen Teilnehmers.<\/p><\/div>\n<p>Im Rahmen des 14. Internationalen Kunstsymposiums des Naturparks haben sich vom 25.8.-4.9. in Linowsee\u00a09 K\u00fcnstler mit dem Thema &#8222;Visionen f\u00fcr eine umweltvertr\u00e4gliche Mobilit\u00e4t&#8220; auseinandergesetzt.<\/p>\n<p>Teilnehmer waren Li Chao, China, Grazyna Gaweda, \u00a0Polen, Jordan Atanassoff, Bulgarien\/Berlin , Annette Falk-Lund, D\u00e4nemark, Stephan J. M\u00f6ller, Deutschland , Sally Moira Busse, Kuno Lomas, Deutschland, Gudrun Lomas, Deutschland und Uwe Thamm,\u00a0 Deutschland.<\/p>\n<p>Mehr als 100 Besucher kamen zur Finnisage, um die\u00a0geschaffenen Kunstwerke zu bewundern. Neben Aquarellbildern entstanden Holz- und Metallskulpturen, die ihren Platz im Park der Schulungsst\u00e4tte fanden.<\/p>\n<p>Ein herzliches Dankesch\u00f6n an die Mitarbeiter rund um Schulungsst\u00e4ttenleiter Arnim Roth. Die Schulungsst\u00e4tte der Berufsgenossenschaften am Linowsee bei Rheinsberg hat bereits zum viertenmal das Symposium ausgerichtet! Ein gro\u00dfes Dankesch\u00f6n auch an Gudrun Lomas, Vorsitzende des Kunstvereins Zehdenick e.V. und von Beginn an k\u00fcnstlerische Leiterin der Kunstsymposien.<\/p>\n<div id=\"attachment_1383\" style=\"width: 630px\" class=\"wp-caption alignnone\"><a href=\"https:\/\/www.naturparkmagazin.de\/stechlin\/wp-content\/uploads\/sites\/38\/k-DSC_0060.jpg\"><img aria-describedby=\"caption-attachment-1383\" decoding=\"async\" loading=\"lazy\" class=\"size-medium wp-image-1383\" alt=\"Der Ironmann - Stahlskulptur von Kuno Lomas\" src=\"https:\/\/www.naturparkmagazin.de\/stechlin\/wp-content\/uploads\/sites\/38\/k-DSC_0060-620x926.jpg\" width=\"620\" height=\"926\" srcset=\"https:\/\/www.naturparkmagazin.de\/stechlin\/wp-content\/uploads\/sites\/38\/k-DSC_0060-620x926.jpg 620w, https:\/\/www.naturparkmagazin.de\/stechlin\/wp-content\/uploads\/sites\/38\/k-DSC_0060-300x448.jpg 300w, https:\/\/www.naturparkmagazin.de\/stechlin\/wp-content\/uploads\/sites\/38\/k-DSC_0060-940x1404.jpg 940w, https:\/\/www.naturparkmagazin.de\/stechlin\/wp-content\/uploads\/sites\/38\/k-DSC_0060-670x1001.jpg 670w, https:\/\/www.naturparkmagazin.de\/stechlin\/wp-content\/uploads\/sites\/38\/k-DSC_0060-200x299.jpg 200w, https:\/\/www.naturparkmagazin.de\/stechlin\/wp-content\/uploads\/sites\/38\/k-DSC_0060.jpg 1296w\" sizes=\"(max-width: 620px) 100vw, 620px\" \/><\/a><p id=\"caption-attachment-1383\" class=\"wp-caption-text\">Der Ironmann &#8211; Stahlskulptur von Kuno Lomas<\/p><\/div>\n<p>&nbsp;<\/p>\n","protected":false},"excerpt":{"rendered":"<p>Im Rahmen des 14. Internationalen Kunstsymposiums des Naturparks haben sich vom 25.8.-4.9. in Linowsee 9 K\u00fcnstler mit diesem Thema auseinandergesetzt.<\/p>\n","protected":false},"author":39,"featured_media":1378,"comment_status":"open","ping_status":"open","sticky":false,"template":"","format":"standard","meta":[],"categories":[7],"tags":[],"yoast_head":"<!-- This site is optimized with the Yoast SEO plugin v19.10 - https:\/\/yoast.com\/wordpress\/plugins\/seo\/ -->\n<title>Visionen f\u00fcr eine umweltvertr\u00e4gliche Mobilit\u00e4t - Naturpark Stechlin-Ruppiner Land<\/title>\n<meta name=\"robots\" content=\"index, follow, max-snippet:-1, max-image-preview:large, max-video-preview:-1\" \/>\n<link rel=\"canonical\" href=\"https:\/\/www.naturparkmagazin.de\/stechlin\/visionen-fuer-eine-umweltvertraegliche-mobilitaet\/\" \/>\n<meta property=\"og:locale\" content=\"de_DE\" \/>\n<meta property=\"og:type\" content=\"article\" \/>\n<meta property=\"og:title\" content=\"Visionen f\u00fcr eine umweltvertr\u00e4gliche Mobilit\u00e4t - Naturpark Stechlin-Ruppiner Land\" \/>\n<meta property=\"og:description\" content=\"Im Rahmen des 14. Internationalen Kunstsymposiums des Naturparks haben sich vom 25.8.-4.9. in Linowsee 9 K\u00fcnstler mit diesem Thema auseinandergesetzt.\" \/>\n<meta property=\"og:url\" content=\"https:\/\/www.naturparkmagazin.de\/stechlin\/visionen-fuer-eine-umweltvertraegliche-mobilitaet\/\" \/>\n<meta property=\"og:site_name\" content=\"Naturpark Stechlin-Ruppiner Land\" \/>\n<meta property=\"article:published_time\" content=\"2014-09-19T09:08:27+00:00\" \/>\n<meta property=\"article:modified_time\" content=\"2014-09-23T13:30:25+00:00\" \/>\n<meta property=\"og:image\" content=\"https:\/\/www.naturparkmagazin.de\/stechlin\/wp-content\/uploads\/sites\/38\/k-DSC_0027.jpg\" \/>\n\t<meta property=\"og:image:width\" content=\"1936\" \/>\n\t<meta property=\"og:image:height\" content=\"1296\" \/>\n\t<meta property=\"og:image:type\" content=\"image\/jpeg\" \/>\n<meta name=\"author\" content=\"marioschrumpf\" \/>\n<meta name=\"twitter:label1\" content=\"Verfasst von\" \/>\n\t<meta name=\"twitter:data1\" content=\"marioschrumpf\" \/>\n\t<meta name=\"twitter:label2\" content=\"Gesch\u00e4tzte Lesezeit\" \/>\n\t<meta name=\"twitter:data2\" content=\"1\u00a0Minute\" \/>\n<script type=\"application\/ld+json\" class=\"yoast-schema-graph\">{\"@context\":\"https:\/\/schema.org\",\"@graph\":[{\"@type\":\"WebPage\",\"@id\":\"https:\/\/www.naturparkmagazin.de\/stechlin\/visionen-fuer-eine-umweltvertraegliche-mobilitaet\/\",\"url\":\"https:\/\/www.naturparkmagazin.de\/stechlin\/visionen-fuer-eine-umweltvertraegliche-mobilitaet\/\",\"name\":\"Visionen f\u00fcr eine umweltvertr\u00e4gliche Mobilit\u00e4t - Naturpark Stechlin-Ruppiner Land\",\"isPartOf\":{\"@id\":\"https:\/\/www.naturparkmagazin.de\/stechlin\/#website\"},\"datePublished\":\"2014-09-19T09:08:27+00:00\",\"dateModified\":\"2014-09-23T13:30:25+00:00\",\"author\":{\"@id\":\"https:\/\/www.naturparkmagazin.de\/stechlin\/#\/schema\/person\/3f0d93203df21c806dd63c76d9bb28bc\"},\"breadcrumb\":{\"@id\":\"https:\/\/www.naturparkmagazin.de\/stechlin\/visionen-fuer-eine-umweltvertraegliche-mobilitaet\/#breadcrumb\"},\"inLanguage\":\"de\",\"potentialAction\":[{\"@type\":\"ReadAction\",\"target\":[\"https:\/\/www.naturparkmagazin.de\/stechlin\/visionen-fuer-eine-umweltvertraegliche-mobilitaet\/\"]}]},{\"@type\":\"BreadcrumbList\",\"@id\":\"https:\/\/www.naturparkmagazin.de\/stechlin\/visionen-fuer-eine-umweltvertraegliche-mobilitaet\/#breadcrumb\",\"itemListElement\":[{\"@type\":\"ListItem\",\"position\":1,\"name\":\"Home\",\"item\":\"https:\/\/www.naturparkmagazin.de\/stechlin\/\"},{\"@type\":\"ListItem\",\"position\":2,\"name\":\"Visionen f\u00fcr eine umweltvertr\u00e4gliche Mobilit\u00e4t\"}]},{\"@type\":\"WebSite\",\"@id\":\"https:\/\/www.naturparkmagazin.de\/stechlin\/#website\",\"url\":\"https:\/\/www.naturparkmagazin.de\/stechlin\/\",\"name\":\"Naturpark Stechlin-Ruppiner Land\",\"description\":\"\",\"potentialAction\":[{\"@type\":\"SearchAction\",\"target\":{\"@type\":\"EntryPoint\",\"urlTemplate\":\"https:\/\/www.naturparkmagazin.de\/stechlin\/?s={search_term_string}\"},\"query-input\":\"required name=search_term_string\"}],\"inLanguage\":\"de\"},{\"@type\":\"Person\",\"@id\":\"https:\/\/www.naturparkmagazin.de\/stechlin\/#\/schema\/person\/3f0d93203df21c806dd63c76d9bb28bc\",\"name\":\"marioschrumpf\",\"url\":\"https:\/\/www.naturparkmagazin.de\/stechlin\/author\/marioschrumpf\/\"}]}<\/script>\n<!-- \/ Yoast SEO plugin. -->","yoast_head_json":{"title":"Visionen f\u00fcr eine umweltvertr\u00e4gliche Mobilit\u00e4t - Naturpark Stechlin-Ruppiner Land","robots":{"index":"index","follow":"follow","max-snippet":"max-snippet:-1","max-image-preview":"max-image-preview:large","max-video-preview":"max-video-preview:-1"},"canonical":"https:\/\/www.naturparkmagazin.de\/stechlin\/visionen-fuer-eine-umweltvertraegliche-mobilitaet\/","og_locale":"de_DE","og_type":"article","og_title":"Visionen f\u00fcr eine umweltvertr\u00e4gliche Mobilit\u00e4t - Naturpark Stechlin-Ruppiner Land","og_description":"Im Rahmen des 14. Internationalen Kunstsymposiums des Naturparks haben sich vom 25.8.-4.9. in Linowsee 9 K\u00fcnstler mit diesem Thema auseinandergesetzt.","og_url":"https:\/\/www.naturparkmagazin.de\/stechlin\/visionen-fuer-eine-umweltvertraegliche-mobilitaet\/","og_site_name":"Naturpark Stechlin-Ruppiner Land","article_published_time":"2014-09-19T09:08:27+00:00","article_modified_time":"2014-09-23T13:30:25+00:00","og_image":[{"width":1936,"height":1296,"url":"https:\/\/www.naturparkmagazin.de\/stechlin\/wp-content\/uploads\/sites\/38\/k-DSC_0027.jpg","type":"image\/jpeg"}],"author":"marioschrumpf","twitter_misc":{"Verfasst von":"marioschrumpf","Gesch\u00e4tzte Lesezeit":"1\u00a0Minute"},"schema":{"@context":"https:\/\/schema.org","@graph":[{"@type":"WebPage","@id":"https:\/\/www.naturparkmagazin.de\/stechlin\/visionen-fuer-eine-umweltvertraegliche-mobilitaet\/","url":"https:\/\/www.naturparkmagazin.de\/stechlin\/visionen-fuer-eine-umweltvertraegliche-mobilitaet\/","name":"Visionen f\u00fcr eine umweltvertr\u00e4gliche Mobilit\u00e4t - Naturpark Stechlin-Ruppiner Land","isPartOf":{"@id":"https:\/\/www.naturparkmagazin.de\/stechlin\/#website"},"datePublished":"2014-09-19T09:08:27+00:00","dateModified":"2014-09-23T13:30:25+00:00","author":{"@id":"https:\/\/www.naturparkmagazin.de\/stechlin\/#\/schema\/person\/3f0d93203df21c806dd63c76d9bb28bc"},"breadcrumb":{"@id":"https:\/\/www.naturparkmagazin.de\/stechlin\/visionen-fuer-eine-umweltvertraegliche-mobilitaet\/#breadcrumb"},"inLanguage":"de","potentialAction":[{"@type":"ReadAction","target":["https:\/\/www.naturparkmagazin.de\/stechlin\/visionen-fuer-eine-umweltvertraegliche-mobilitaet\/"]}]},{"@type":"BreadcrumbList","@id":"https:\/\/www.naturparkmagazin.de\/stechlin\/visionen-fuer-eine-umweltvertraegliche-mobilitaet\/#breadcrumb","itemListElement":[{"@type":"ListItem","position":1,"name":"Home","item":"https:\/\/www.naturparkmagazin.de\/stechlin\/"},{"@type":"ListItem","position":2,"name":"Visionen f\u00fcr eine umweltvertr\u00e4gliche Mobilit\u00e4t"}]},{"@type":"WebSite","@id":"https:\/\/www.naturparkmagazin.de\/stechlin\/#website","url":"https:\/\/www.naturparkmagazin.de\/stechlin\/","name":"Naturpark Stechlin-Ruppiner Land","description":"","potentialAction":[{"@type":"SearchAction","target":{"@type":"EntryPoint","urlTemplate":"https:\/\/www.naturparkmagazin.de\/stechlin\/?s={search_term_string}"},"query-input":"required name=search_term_string"}],"inLanguage":"de"},{"@type":"Person","@id":"https:\/\/www.naturparkmagazin.de\/stechlin\/#\/schema\/person\/3f0d93203df21c806dd63c76d9bb28bc","name":"marioschrumpf","url":"https:\/\/www.naturparkmagazin.de\/stechlin\/author\/marioschrumpf\/"}]}},"_links":{"self":[{"href":"https:\/\/www.naturparkmagazin.de\/stechlin\/wp-json\/wp\/v2\/posts\/1362"}],"collection":[{"href":"https:\/\/www.naturparkmagazin.de\/stechlin\/wp-json\/wp\/v2\/posts"}],"about":[{"href":"https:\/\/www.naturparkmagazin.de\/stechlin\/wp-json\/wp\/v2\/types\/post"}],"author":[{"embeddable":true,"href":"https:\/\/www.naturparkmagazin.de\/stechlin\/wp-json\/wp\/v2\/users\/39"}],"replies":[{"embeddable":true,"href":"https:\/\/www.naturparkmagazin.de\/stechlin\/wp-json\/wp\/v2\/comments?post=1362"}],"version-history":[{"count":6,"href":"https:\/\/www.naturparkmagazin.de\/stechlin\/wp-json\/wp\/v2\/posts\/1362\/revisions"}],"predecessor-version":[{"id":1434,"href":"https:\/\/www.naturparkmagazin.de\/stechlin\/wp-json\/wp\/v2\/posts\/1362\/revisions\/1434"}],"wp:featuredmedia":[{"embeddable":true,"href":"https:\/\/www.naturparkmagazin.de\/stechlin\/wp-json\/wp\/v2\/media\/1378"}],"wp:attachment":[{"href":"https:\/\/www.naturparkmagazin.de\/stechlin\/wp-json\/wp\/v2\/media?parent=1362"}],"wp:term":[{"taxonomy":"category","embeddable":true,"href":"https:\/\/www.naturparkmagazin.de\/stechlin\/wp-json\/wp\/v2\/categories?post=1362"},{"taxonomy":"post_tag","embeddable":true,"href":"https:\/\/www.naturparkmagazin.de\/stechlin\/wp-json\/wp\/v2\/tags?post=1362"}],"curies":[{"name":"wp","href":"https:\/\/api.w.org\/{rel}","templated":true}]}}