{"id":13703,"date":"2023-06-19T15:07:00","date_gmt":"2023-06-19T13:07:00","guid":{"rendered":"https:\/\/www.naturparkmagazin.de\/stechlin\/?p=13703"},"modified":"2025-01-24T10:15:27","modified_gmt":"2025-01-24T09:15:27","slug":"27-menzer-waldfest-begeisterte-jung-und-alt","status":"publish","type":"post","link":"https:\/\/www.naturparkmagazin.de\/stechlin\/27-menzer-waldfest-begeisterte-jung-und-alt\/","title":{"rendered":"27. Menzer Waldfest begeisterte Jung und Alt (2023)"},"content":{"rendered":"<p>Petrus meinte es richtig gut mit dem 27. Menzer Waldfest &#8211; Sonne pur den ganzen Tag nach viel Regen an den Tagen zuvor!<\/p>\n<div id=\"attachment_13857\" style=\"width: 310px\" class=\"wp-caption aligncenter\"><a href=\"https:\/\/www.naturparkmagazin.de\/stechlin\/wp-content\/uploads\/sites\/38\/DSC_0103.jpg\"><img aria-describedby=\"caption-attachment-13857\" decoding=\"async\" loading=\"lazy\" class=\"size-thumbnail wp-image-13857\" src=\"https:\/\/www.naturparkmagazin.de\/stechlin\/wp-content\/uploads\/sites\/38\/DSC_0103-300x180.jpg\" alt=\"\" width=\"300\" height=\"180\" srcset=\"https:\/\/www.naturparkmagazin.de\/stechlin\/wp-content\/uploads\/sites\/38\/DSC_0103-300x180.jpg 300w, https:\/\/www.naturparkmagazin.de\/stechlin\/wp-content\/uploads\/sites\/38\/DSC_0103-200x120.jpg 200w, https:\/\/www.naturparkmagazin.de\/stechlin\/wp-content\/uploads\/sites\/38\/DSC_0103.jpg 500w\" sizes=\"(max-width: 300px) 100vw, 300px\" \/><\/a><p id=\"caption-attachment-13857\" class=\"wp-caption-text\">Die Kinder der Naturparkkita und Naturparkschule aus Menz er\u00f6ffneten das B\u00fchnenprogramm\u00a9 Dr. Mario Schrumpf<\/p><\/div>\n<p>Doch die Sonne hat der Feierlaune der Waldfestbesucher keinen Abbruch getan. Mehr als 2.000 Besucher str\u00f6mten nach Menz. Im Schatten der m\u00e4chtigen Linden auf dem Friedensplatz wandelten sie \u00fcber den traditionellen Waldmarkt.<\/p>\n<div id=\"attachment_13862\" style=\"width: 310px\" class=\"wp-caption aligncenter\"><a href=\"https:\/\/www.naturparkmagazin.de\/stechlin\/wp-content\/uploads\/sites\/38\/DSC_0122.jpg\"><img aria-describedby=\"caption-attachment-13862\" decoding=\"async\" loading=\"lazy\" class=\"size-thumbnail wp-image-13862\" src=\"https:\/\/www.naturparkmagazin.de\/stechlin\/wp-content\/uploads\/sites\/38\/DSC_0122-300x180.jpg\" alt=\"\" width=\"300\" height=\"180\" srcset=\"https:\/\/www.naturparkmagazin.de\/stechlin\/wp-content\/uploads\/sites\/38\/DSC_0122-300x180.jpg 300w, https:\/\/www.naturparkmagazin.de\/stechlin\/wp-content\/uploads\/sites\/38\/DSC_0122-200x120.jpg 200w, https:\/\/www.naturparkmagazin.de\/stechlin\/wp-content\/uploads\/sites\/38\/DSC_0122.jpg 500w\" sizes=\"(max-width: 300px) 100vw, 300px\" \/><\/a><p id=\"caption-attachment-13862\" class=\"wp-caption-text\">Traditionelles Handwerk wurde vorgef\u00fchrt, hier der L\u00f6ffelschnitzer und Puppenmacher\u00a9 Dr. Mario Schrumpf<\/p><\/div>\n<div id=\"attachment_13861\" style=\"width: 310px\" class=\"wp-caption aligncenter\"><a href=\"https:\/\/www.naturparkmagazin.de\/stechlin\/wp-content\/uploads\/sites\/38\/DSC_0187.jpg\"><img aria-describedby=\"caption-attachment-13861\" decoding=\"async\" loading=\"lazy\" class=\"size-full wp-image-13861\" src=\"https:\/\/www.naturparkmagazin.de\/stechlin\/wp-content\/uploads\/sites\/38\/DSC_0187.jpg\" alt=\"\" width=\"300\" height=\"500\" srcset=\"https:\/\/www.naturparkmagazin.de\/stechlin\/wp-content\/uploads\/sites\/38\/DSC_0187.jpg 300w, https:\/\/www.naturparkmagazin.de\/stechlin\/wp-content\/uploads\/sites\/38\/DSC_0187-200x333.jpg 200w\" sizes=\"(max-width: 300px) 100vw, 300px\" \/><\/a><p id=\"caption-attachment-13861\" class=\"wp-caption-text\">Carla Kniestedt f\u00fchrte souver\u00e4n durch das Programm \u00a9 Dr. Mario Schrumpf<\/p><\/div>\n<p>Der gro\u00dfe Renner war in diesem Jahr wieder die von Ex-RBB-Moderatorin Carla Kniestedt moderierte B\u00fchnenshow. Die Zuschauerb\u00e4nke waren den ganzen Tag prall gef\u00fcllt. Wer sich sportlich bet\u00e4tigen wollte, war beim <em>Iron Menz<\/em> an der richtigen Stelle. Die Teilnehmer:innen mussten daf\u00fcr schwimmen, Rad fahren und laufen.<\/p>\n<div id=\"attachment_13860\" style=\"width: 310px\" class=\"wp-caption aligncenter\"><a href=\"https:\/\/www.naturparkmagazin.de\/stechlin\/wp-content\/uploads\/sites\/38\/DSC_0167.jpg\"><img aria-describedby=\"caption-attachment-13860\" decoding=\"async\" loading=\"lazy\" class=\"size-full wp-image-13860\" src=\"https:\/\/www.naturparkmagazin.de\/stechlin\/wp-content\/uploads\/sites\/38\/DSC_0167.jpg\" alt=\"\" width=\"300\" height=\"500\" srcset=\"https:\/\/www.naturparkmagazin.de\/stechlin\/wp-content\/uploads\/sites\/38\/DSC_0167.jpg 300w, https:\/\/www.naturparkmagazin.de\/stechlin\/wp-content\/uploads\/sites\/38\/DSC_0167-200x333.jpg 200w\" sizes=\"(max-width: 300px) 100vw, 300px\" \/><\/a><p id=\"caption-attachment-13860\" class=\"wp-caption-text\">Das B\u00fchnenprogramm fand gro\u00dfes Interesse bei jung und alt, hier die Vorstellung der unterschiedlichen Jagdhunderassen\u00a9 Dr. Mario Schrumpf<\/p><\/div>\n<p>Bereits am Freitag-Abend war die Menzer Dorfkirche gut gef\u00fcllt. Pfarrer a.D. Mathias Wolf referierte \u00fcber das Thema \u201e<em>Von der Naturlandschaft zur Kulturlandschaft<\/em>\u201c. Danach ging es zu Lagerfeuer, Livemusik sowie Wettrudern an die Badestelle am Roofensee.<\/p>\n<div id=\"attachment_13859\" style=\"width: 310px\" class=\"wp-caption aligncenter\"><a href=\"https:\/\/www.naturparkmagazin.de\/stechlin\/wp-content\/uploads\/sites\/38\/DSC_0136.jpg\"><img aria-describedby=\"caption-attachment-13859\" decoding=\"async\" loading=\"lazy\" class=\"size-thumbnail wp-image-13859\" src=\"https:\/\/www.naturparkmagazin.de\/stechlin\/wp-content\/uploads\/sites\/38\/DSC_0136-300x180.jpg\" alt=\"\" width=\"300\" height=\"180\" srcset=\"https:\/\/www.naturparkmagazin.de\/stechlin\/wp-content\/uploads\/sites\/38\/DSC_0136-300x180.jpg 300w, https:\/\/www.naturparkmagazin.de\/stechlin\/wp-content\/uploads\/sites\/38\/DSC_0136-200x120.jpg 200w, https:\/\/www.naturparkmagazin.de\/stechlin\/wp-content\/uploads\/sites\/38\/DSC_0136.jpg 500w\" sizes=\"(max-width: 300px) 100vw, 300px\" \/><\/a><p id=\"caption-attachment-13859\" class=\"wp-caption-text\">Die Menzer Jugendfeuerwehr beim L\u00f6schangriff\u00a9 Dr. Mario Schrumpf<\/p><\/div>\n<p>Nach der Waldandacht auf dem Wallberg mit Pfarrer Jens Jacobi ging es am Sonntag Morgen auf die traditionelle Radwanderung mit Joachim Zillmann vom Dorfverein und zur Wanderung durch das Naturschutzgebiet Stechlin mit Revierf\u00f6rster a.D. J\u00f6rg Spr\u00f6\u00dfig und Revierf\u00f6rster Wolfgang L\u00fctzow. J\u00f6rg Spr\u00f6\u00dfig fehlte in den zur\u00fcck liegenden 26 Jahren nur ganze 2x beim Waldfest! Seine Wanderungen haben mittlerweile Kult-Status erreicht!<\/p>\n<p>Das Waldfest klang am Sonntag Nachmittag mit einem Konzert von <em>&#8222;Die blaue Stunde&#8220;<\/em> in der Menzer Dorfkirche aus.<\/p>\n","protected":false},"excerpt":{"rendered":"<p>Petrus meinte es richtig gut mit dem 27. Menzer Waldfest &#8211; Sonne pur den ganzen Tag nach viel Regen an den Tagen zuvor!<\/p>\n","protected":false},"author":39,"featured_media":8598,"comment_status":"open","ping_status":"open","sticky":false,"template":"","format":"standard","meta":[],"categories":[7],"tags":[],"yoast_head":"<!-- This site is optimized with the Yoast SEO plugin v19.10 - https:\/\/yoast.com\/wordpress\/plugins\/seo\/ -->\n<title>27. Menzer Waldfest begeisterte Jung und Alt (2023) - Naturpark Stechlin-Ruppiner Land<\/title>\n<meta name=\"robots\" content=\"index, follow, max-snippet:-1, max-image-preview:large, max-video-preview:-1\" \/>\n<link rel=\"canonical\" href=\"https:\/\/www.naturparkmagazin.de\/stechlin\/27-menzer-waldfest-begeisterte-jung-und-alt\/\" \/>\n<meta property=\"og:locale\" content=\"de_DE\" \/>\n<meta property=\"og:type\" content=\"article\" \/>\n<meta property=\"og:title\" content=\"27. Menzer Waldfest begeisterte Jung und Alt (2023) - Naturpark Stechlin-Ruppiner Land\" \/>\n<meta property=\"og:description\" content=\"Petrus meinte es richtig gut mit dem 27. Menzer Waldfest - Sonne pur den ganzen Tag nach viel Regen an den Tagen zuvor!\" \/>\n<meta property=\"og:url\" content=\"https:\/\/www.naturparkmagazin.de\/stechlin\/27-menzer-waldfest-begeisterte-jung-und-alt\/\" \/>\n<meta property=\"og:site_name\" content=\"Naturpark Stechlin-Ruppiner Land\" \/>\n<meta property=\"article:published_time\" content=\"2023-06-19T13:07:00+00:00\" \/>\n<meta property=\"article:modified_time\" content=\"2025-01-24T09:15:27+00:00\" \/>\n<meta property=\"og:image\" content=\"https:\/\/www.naturparkmagazin.de\/stechlin\/wp-content\/uploads\/sites\/38\/Waldfest_82.jpg\" \/>\n\t<meta property=\"og:image:width\" content=\"200\" \/>\n\t<meta property=\"og:image:height\" content=\"200\" \/>\n\t<meta property=\"og:image:type\" content=\"image\/jpeg\" \/>\n<meta name=\"author\" content=\"marioschrumpf\" \/>\n<meta name=\"twitter:label1\" content=\"Verfasst von\" \/>\n\t<meta name=\"twitter:data1\" content=\"marioschrumpf\" \/>\n\t<meta name=\"twitter:label2\" content=\"Gesch\u00e4tzte Lesezeit\" \/>\n\t<meta name=\"twitter:data2\" content=\"3\u00a0Minuten\" \/>\n<script type=\"application\/ld+json\" class=\"yoast-schema-graph\">{\"@context\":\"https:\/\/schema.org\",\"@graph\":[{\"@type\":\"WebPage\",\"@id\":\"https:\/\/www.naturparkmagazin.de\/stechlin\/27-menzer-waldfest-begeisterte-jung-und-alt\/\",\"url\":\"https:\/\/www.naturparkmagazin.de\/stechlin\/27-menzer-waldfest-begeisterte-jung-und-alt\/\",\"name\":\"27. Menzer Waldfest begeisterte Jung und Alt (2023) - Naturpark Stechlin-Ruppiner Land\",\"isPartOf\":{\"@id\":\"https:\/\/www.naturparkmagazin.de\/stechlin\/#website\"},\"datePublished\":\"2023-06-19T13:07:00+00:00\",\"dateModified\":\"2025-01-24T09:15:27+00:00\",\"author\":{\"@id\":\"https:\/\/www.naturparkmagazin.de\/stechlin\/#\/schema\/person\/3f0d93203df21c806dd63c76d9bb28bc\"},\"breadcrumb\":{\"@id\":\"https:\/\/www.naturparkmagazin.de\/stechlin\/27-menzer-waldfest-begeisterte-jung-und-alt\/#breadcrumb\"},\"inLanguage\":\"de\",\"potentialAction\":[{\"@type\":\"ReadAction\",\"target\":[\"https:\/\/www.naturparkmagazin.de\/stechlin\/27-menzer-waldfest-begeisterte-jung-und-alt\/\"]}]},{\"@type\":\"BreadcrumbList\",\"@id\":\"https:\/\/www.naturparkmagazin.de\/stechlin\/27-menzer-waldfest-begeisterte-jung-und-alt\/#breadcrumb\",\"itemListElement\":[{\"@type\":\"ListItem\",\"position\":1,\"name\":\"Home\",\"item\":\"https:\/\/www.naturparkmagazin.de\/stechlin\/\"},{\"@type\":\"ListItem\",\"position\":2,\"name\":\"27. Menzer Waldfest begeisterte Jung und Alt (2023)\"}]},{\"@type\":\"WebSite\",\"@id\":\"https:\/\/www.naturparkmagazin.de\/stechlin\/#website\",\"url\":\"https:\/\/www.naturparkmagazin.de\/stechlin\/\",\"name\":\"Naturpark Stechlin-Ruppiner Land\",\"description\":\"\",\"potentialAction\":[{\"@type\":\"SearchAction\",\"target\":{\"@type\":\"EntryPoint\",\"urlTemplate\":\"https:\/\/www.naturparkmagazin.de\/stechlin\/?s={search_term_string}\"},\"query-input\":\"required name=search_term_string\"}],\"inLanguage\":\"de\"},{\"@type\":\"Person\",\"@id\":\"https:\/\/www.naturparkmagazin.de\/stechlin\/#\/schema\/person\/3f0d93203df21c806dd63c76d9bb28bc\",\"name\":\"marioschrumpf\",\"url\":\"https:\/\/www.naturparkmagazin.de\/stechlin\/author\/marioschrumpf\/\"}]}<\/script>\n<!-- \/ Yoast SEO plugin. -->","yoast_head_json":{"title":"27. Menzer Waldfest begeisterte Jung und Alt (2023) - Naturpark Stechlin-Ruppiner Land","robots":{"index":"index","follow":"follow","max-snippet":"max-snippet:-1","max-image-preview":"max-image-preview:large","max-video-preview":"max-video-preview:-1"},"canonical":"https:\/\/www.naturparkmagazin.de\/stechlin\/27-menzer-waldfest-begeisterte-jung-und-alt\/","og_locale":"de_DE","og_type":"article","og_title":"27. Menzer Waldfest begeisterte Jung und Alt (2023) - Naturpark Stechlin-Ruppiner Land","og_description":"Petrus meinte es richtig gut mit dem 27. Menzer Waldfest - Sonne pur den ganzen Tag nach viel Regen an den Tagen zuvor!","og_url":"https:\/\/www.naturparkmagazin.de\/stechlin\/27-menzer-waldfest-begeisterte-jung-und-alt\/","og_site_name":"Naturpark Stechlin-Ruppiner Land","article_published_time":"2023-06-19T13:07:00+00:00","article_modified_time":"2025-01-24T09:15:27+00:00","og_image":[{"width":200,"height":200,"url":"https:\/\/www.naturparkmagazin.de\/stechlin\/wp-content\/uploads\/sites\/38\/Waldfest_82.jpg","type":"image\/jpeg"}],"author":"marioschrumpf","twitter_misc":{"Verfasst von":"marioschrumpf","Gesch\u00e4tzte Lesezeit":"3\u00a0Minuten"},"schema":{"@context":"https:\/\/schema.org","@graph":[{"@type":"WebPage","@id":"https:\/\/www.naturparkmagazin.de\/stechlin\/27-menzer-waldfest-begeisterte-jung-und-alt\/","url":"https:\/\/www.naturparkmagazin.de\/stechlin\/27-menzer-waldfest-begeisterte-jung-und-alt\/","name":"27. Menzer Waldfest begeisterte Jung und Alt (2023) - Naturpark Stechlin-Ruppiner Land","isPartOf":{"@id":"https:\/\/www.naturparkmagazin.de\/stechlin\/#website"},"datePublished":"2023-06-19T13:07:00+00:00","dateModified":"2025-01-24T09:15:27+00:00","author":{"@id":"https:\/\/www.naturparkmagazin.de\/stechlin\/#\/schema\/person\/3f0d93203df21c806dd63c76d9bb28bc"},"breadcrumb":{"@id":"https:\/\/www.naturparkmagazin.de\/stechlin\/27-menzer-waldfest-begeisterte-jung-und-alt\/#breadcrumb"},"inLanguage":"de","potentialAction":[{"@type":"ReadAction","target":["https:\/\/www.naturparkmagazin.de\/stechlin\/27-menzer-waldfest-begeisterte-jung-und-alt\/"]}]},{"@type":"BreadcrumbList","@id":"https:\/\/www.naturparkmagazin.de\/stechlin\/27-menzer-waldfest-begeisterte-jung-und-alt\/#breadcrumb","itemListElement":[{"@type":"ListItem","position":1,"name":"Home","item":"https:\/\/www.naturparkmagazin.de\/stechlin\/"},{"@type":"ListItem","position":2,"name":"27. Menzer Waldfest begeisterte Jung und Alt (2023)"}]},{"@type":"WebSite","@id":"https:\/\/www.naturparkmagazin.de\/stechlin\/#website","url":"https:\/\/www.naturparkmagazin.de\/stechlin\/","name":"Naturpark Stechlin-Ruppiner Land","description":"","potentialAction":[{"@type":"SearchAction","target":{"@type":"EntryPoint","urlTemplate":"https:\/\/www.naturparkmagazin.de\/stechlin\/?s={search_term_string}"},"query-input":"required name=search_term_string"}],"inLanguage":"de"},{"@type":"Person","@id":"https:\/\/www.naturparkmagazin.de\/stechlin\/#\/schema\/person\/3f0d93203df21c806dd63c76d9bb28bc","name":"marioschrumpf","url":"https:\/\/www.naturparkmagazin.de\/stechlin\/author\/marioschrumpf\/"}]}},"_links":{"self":[{"href":"https:\/\/www.naturparkmagazin.de\/stechlin\/wp-json\/wp\/v2\/posts\/13703"}],"collection":[{"href":"https:\/\/www.naturparkmagazin.de\/stechlin\/wp-json\/wp\/v2\/posts"}],"about":[{"href":"https:\/\/www.naturparkmagazin.de\/stechlin\/wp-json\/wp\/v2\/types\/post"}],"author":[{"embeddable":true,"href":"https:\/\/www.naturparkmagazin.de\/stechlin\/wp-json\/wp\/v2\/users\/39"}],"replies":[{"embeddable":true,"href":"https:\/\/www.naturparkmagazin.de\/stechlin\/wp-json\/wp\/v2\/comments?post=13703"}],"version-history":[{"count":13,"href":"https:\/\/www.naturparkmagazin.de\/stechlin\/wp-json\/wp\/v2\/posts\/13703\/revisions"}],"predecessor-version":[{"id":16598,"href":"https:\/\/www.naturparkmagazin.de\/stechlin\/wp-json\/wp\/v2\/posts\/13703\/revisions\/16598"}],"wp:featuredmedia":[{"embeddable":true,"href":"https:\/\/www.naturparkmagazin.de\/stechlin\/wp-json\/wp\/v2\/media\/8598"}],"wp:attachment":[{"href":"https:\/\/www.naturparkmagazin.de\/stechlin\/wp-json\/wp\/v2\/media?parent=13703"}],"wp:term":[{"taxonomy":"category","embeddable":true,"href":"https:\/\/www.naturparkmagazin.de\/stechlin\/wp-json\/wp\/v2\/categories?post=13703"},{"taxonomy":"post_tag","embeddable":true,"href":"https:\/\/www.naturparkmagazin.de\/stechlin\/wp-json\/wp\/v2\/tags?post=13703"}],"curies":[{"name":"wp","href":"https:\/\/api.w.org\/{rel}","templated":true}]}}