{"id":13707,"date":"2023-06-19T16:02:07","date_gmt":"2023-06-19T14:02:07","guid":{"rendered":"https:\/\/www.naturparkmagazin.de\/stechlin\/?p=13707"},"modified":"2025-06-19T13:37:59","modified_gmt":"2025-06-19T11:37:59","slug":"moorausstellung-in-der-rheinsberger-remise","status":"publish","type":"post","link":"https:\/\/www.naturparkmagazin.de\/stechlin\/moorausstellung-in-der-rheinsberger-remise\/","title":{"rendered":"Moorausstellung in der Rheinsberger Remise (2023)"},"content":{"rendered":"<p>Am 15. Juni wurde in Rheinsberg die <strong>Ausstellung\u00a0 &#8222;<em>Moore, Klimaschutz und Paludikultur&#8220;<\/em><\/strong> des Greifswalder Moorzentrums er\u00f6ffnet.<\/p>\n<p>Im Anschluss stellte <strong>Franziska Tanneberger<\/strong> ihr Buch &#8222;<em>Das Moor &#8211; \u00dcber eine faszinierende Welt zwischen Wasser und Land &#8211; und warum sie f\u00fcr unser Klima so wichtig ist<\/em>&#8220; vor.<\/p>\n<div id=\"attachment_13778\" style=\"width: 310px\" class=\"wp-caption aligncenter\"><a href=\"https:\/\/www.naturparkmagazin.de\/stechlin\/wp-content\/uploads\/sites\/38\/Moorbuchcover.jpg\"><img aria-describedby=\"caption-attachment-13778\" decoding=\"async\" loading=\"lazy\" class=\"size-full wp-image-13778\" src=\"https:\/\/www.naturparkmagazin.de\/stechlin\/wp-content\/uploads\/sites\/38\/Moorbuchcover.jpg\" alt=\"\" width=\"300\" height=\"500\" srcset=\"https:\/\/www.naturparkmagazin.de\/stechlin\/wp-content\/uploads\/sites\/38\/Moorbuchcover.jpg 300w, https:\/\/www.naturparkmagazin.de\/stechlin\/wp-content\/uploads\/sites\/38\/Moorbuchcover-200x333.jpg 200w\" sizes=\"(max-width: 300px) 100vw, 300px\" \/><\/a><p id=\"caption-attachment-13778\" class=\"wp-caption-text\">Moorbuchcover\u00a9 Dr. Mario Schrumpf<\/p><\/div>\n<p>Die Leiterin des Greifwalder Moorzentrums hat das populil\u00e4rwissenschaftliche Buch gemeinsam mit der Journalistin Vera Schroeder geschrieben.<\/p>\n<div id=\"attachment_13776\" style=\"width: 310px\" class=\"wp-caption aligncenter\"><a href=\"https:\/\/www.naturparkmagazin.de\/stechlin\/wp-content\/uploads\/sites\/38\/Franziska-Tanneberger-eroeffnet-die-Moorausstellung.jpg\"><img aria-describedby=\"caption-attachment-13776\" decoding=\"async\" loading=\"lazy\" class=\"size-thumbnail wp-image-13776\" src=\"https:\/\/www.naturparkmagazin.de\/stechlin\/wp-content\/uploads\/sites\/38\/Franziska-Tanneberger-eroeffnet-die-Moorausstellung-300x180.jpg\" alt=\"\" width=\"300\" height=\"180\" srcset=\"https:\/\/www.naturparkmagazin.de\/stechlin\/wp-content\/uploads\/sites\/38\/Franziska-Tanneberger-eroeffnet-die-Moorausstellung-300x180.jpg 300w, https:\/\/www.naturparkmagazin.de\/stechlin\/wp-content\/uploads\/sites\/38\/Franziska-Tanneberger-eroeffnet-die-Moorausstellung-200x120.jpg 200w, https:\/\/www.naturparkmagazin.de\/stechlin\/wp-content\/uploads\/sites\/38\/Franziska-Tanneberger-eroeffnet-die-Moorausstellung.jpg 500w\" sizes=\"(max-width: 300px) 100vw, 300px\" \/><\/a><p id=\"caption-attachment-13776\" class=\"wp-caption-text\">Franziska Tanneberger er\u00f6ffnet die Moorausstellung\u00a9 Dr. Mario Schrumpf<\/p><\/div>\n<p>Das Moor: schmatzende, nasse Sumpflandschaften, wo V\u00f6gel nisten, Schilfpflanzen, Torfmoose und Gr\u00e4ser wachsen. Ein Lebensraum, der eine ganz besondere Artenvielfalt in sich birgt. Franziska Tanneberger, eine der bekanntesten Moorforscherinnen Deutschlands, nimmt ihre Leser mit zu den Mooren auf der ganzen Welt.<\/p>\n<div id=\"attachment_13777\" style=\"width: 310px\" class=\"wp-caption aligncenter\"><a href=\"https:\/\/www.naturparkmagazin.de\/stechlin\/wp-content\/uploads\/sites\/38\/Logo-Greifwalder-Moorzentrum.jpg\"><img aria-describedby=\"caption-attachment-13777\" decoding=\"async\" loading=\"lazy\" class=\"size-thumbnail wp-image-13777\" src=\"https:\/\/www.naturparkmagazin.de\/stechlin\/wp-content\/uploads\/sites\/38\/Logo-Greifwalder-Moorzentrum-300x180.jpg\" alt=\"\" width=\"300\" height=\"180\" srcset=\"https:\/\/www.naturparkmagazin.de\/stechlin\/wp-content\/uploads\/sites\/38\/Logo-Greifwalder-Moorzentrum-300x180.jpg 300w, https:\/\/www.naturparkmagazin.de\/stechlin\/wp-content\/uploads\/sites\/38\/Logo-Greifwalder-Moorzentrum-200x120.jpg 200w, https:\/\/www.naturparkmagazin.de\/stechlin\/wp-content\/uploads\/sites\/38\/Logo-Greifwalder-Moorzentrum.jpg 500w\" sizes=\"(max-width: 300px) 100vw, 300px\" \/><\/a><p id=\"caption-attachment-13777\" class=\"wp-caption-text\">Logo Greifwalder Moorzentrum\u00a9 Dr. Mario Schrumpf<\/p><\/div>\n<p>Eine ber\u00fchrende Auskunft \u00fcber die Liebe zur Natur und eine Moorexpertin, die zur Klimasch\u00fctzerin wurde.<\/p>\n<div id=\"attachment_13779\" style=\"width: 310px\" class=\"wp-caption aligncenter\"><a href=\"https:\/\/www.naturparkmagazin.de\/stechlin\/wp-content\/uploads\/sites\/38\/Schottischer-Whisky-mit-Werbung-zum-Erhalt-der-Moore.jpg\"><img aria-describedby=\"caption-attachment-13779\" decoding=\"async\" loading=\"lazy\" class=\"size-full wp-image-13779\" src=\"https:\/\/www.naturparkmagazin.de\/stechlin\/wp-content\/uploads\/sites\/38\/Schottischer-Whisky-mit-Werbung-zum-Erhalt-der-Moore.jpg\" alt=\"\" width=\"300\" height=\"500\" srcset=\"https:\/\/www.naturparkmagazin.de\/stechlin\/wp-content\/uploads\/sites\/38\/Schottischer-Whisky-mit-Werbung-zum-Erhalt-der-Moore.jpg 300w, https:\/\/www.naturparkmagazin.de\/stechlin\/wp-content\/uploads\/sites\/38\/Schottischer-Whisky-mit-Werbung-zum-Erhalt-der-Moore-200x333.jpg 200w\" sizes=\"(max-width: 300px) 100vw, 300px\" \/><\/a><p id=\"caption-attachment-13779\" class=\"wp-caption-text\">Schottischer Whisky mit Werbung zum Erhalt der Moore\u00a9 Dr. Mario Schrumpf<\/p><\/div>\n<p>Die Ausstellung ist <strong>noch bis zum 15. August<\/strong> in der Remise am Rheinsberger Schloss zu sehen.<\/p>\n","protected":false},"excerpt":{"rendered":"<p>Am 15. Juni wurde in Rheinsberg die Ausstellung &#8222;Moore, Klimaschutz und Paludikultur&#8220; des Greifswalder Moorzentrums er\u00f6ffnet.<\/p>\n","protected":false},"author":39,"featured_media":13775,"comment_status":"open","ping_status":"open","sticky":false,"template":"","format":"standard","meta":[],"categories":[11],"tags":[],"yoast_head":"<!-- This site is optimized with the Yoast SEO plugin v19.10 - https:\/\/yoast.com\/wordpress\/plugins\/seo\/ -->\n<title>Moorausstellung in der Rheinsberger Remise (2023) - Naturpark Stechlin-Ruppiner Land<\/title>\n<meta name=\"robots\" content=\"index, follow, max-snippet:-1, max-image-preview:large, max-video-preview:-1\" \/>\n<link rel=\"canonical\" href=\"https:\/\/www.naturparkmagazin.de\/stechlin\/moorausstellung-in-der-rheinsberger-remise\/\" \/>\n<meta property=\"og:locale\" content=\"de_DE\" \/>\n<meta property=\"og:type\" content=\"article\" \/>\n<meta property=\"og:title\" content=\"Moorausstellung in der Rheinsberger Remise (2023) - Naturpark Stechlin-Ruppiner Land\" \/>\n<meta property=\"og:description\" content=\"Am 15. Juni wurde in Rheinsberg die Ausstellung &quot;Moore, Klimaschutz und Paludikultur&quot; des Greifswalder Moorzentrums er\u00f6ffnet.\" \/>\n<meta property=\"og:url\" content=\"https:\/\/www.naturparkmagazin.de\/stechlin\/moorausstellung-in-der-rheinsberger-remise\/\" \/>\n<meta property=\"og:site_name\" content=\"Naturpark Stechlin-Ruppiner Land\" \/>\n<meta property=\"article:published_time\" content=\"2023-06-19T14:02:07+00:00\" \/>\n<meta property=\"article:modified_time\" content=\"2025-06-19T11:37:59+00:00\" \/>\n<meta property=\"og:image\" content=\"https:\/\/www.naturparkmagazin.de\/stechlin\/wp-content\/uploads\/sites\/38\/Aufmacher-links.jpg\" \/>\n\t<meta property=\"og:image:width\" content=\"200\" \/>\n\t<meta property=\"og:image:height\" content=\"200\" \/>\n\t<meta property=\"og:image:type\" content=\"image\/jpeg\" \/>\n<meta name=\"author\" content=\"marioschrumpf\" \/>\n<meta name=\"twitter:label1\" content=\"Verfasst von\" \/>\n\t<meta name=\"twitter:data1\" content=\"marioschrumpf\" \/>\n\t<meta name=\"twitter:label2\" content=\"Gesch\u00e4tzte Lesezeit\" \/>\n\t<meta name=\"twitter:data2\" content=\"2\u00a0Minuten\" \/>\n<script type=\"application\/ld+json\" class=\"yoast-schema-graph\">{\"@context\":\"https:\/\/schema.org\",\"@graph\":[{\"@type\":\"WebPage\",\"@id\":\"https:\/\/www.naturparkmagazin.de\/stechlin\/moorausstellung-in-der-rheinsberger-remise\/\",\"url\":\"https:\/\/www.naturparkmagazin.de\/stechlin\/moorausstellung-in-der-rheinsberger-remise\/\",\"name\":\"Moorausstellung in der Rheinsberger Remise (2023) - Naturpark Stechlin-Ruppiner Land\",\"isPartOf\":{\"@id\":\"https:\/\/www.naturparkmagazin.de\/stechlin\/#website\"},\"datePublished\":\"2023-06-19T14:02:07+00:00\",\"dateModified\":\"2025-06-19T11:37:59+00:00\",\"author\":{\"@id\":\"https:\/\/www.naturparkmagazin.de\/stechlin\/#\/schema\/person\/3f0d93203df21c806dd63c76d9bb28bc\"},\"breadcrumb\":{\"@id\":\"https:\/\/www.naturparkmagazin.de\/stechlin\/moorausstellung-in-der-rheinsberger-remise\/#breadcrumb\"},\"inLanguage\":\"de\",\"potentialAction\":[{\"@type\":\"ReadAction\",\"target\":[\"https:\/\/www.naturparkmagazin.de\/stechlin\/moorausstellung-in-der-rheinsberger-remise\/\"]}]},{\"@type\":\"BreadcrumbList\",\"@id\":\"https:\/\/www.naturparkmagazin.de\/stechlin\/moorausstellung-in-der-rheinsberger-remise\/#breadcrumb\",\"itemListElement\":[{\"@type\":\"ListItem\",\"position\":1,\"name\":\"Home\",\"item\":\"https:\/\/www.naturparkmagazin.de\/stechlin\/\"},{\"@type\":\"ListItem\",\"position\":2,\"name\":\"Moorausstellung in der Rheinsberger Remise (2023)\"}]},{\"@type\":\"WebSite\",\"@id\":\"https:\/\/www.naturparkmagazin.de\/stechlin\/#website\",\"url\":\"https:\/\/www.naturparkmagazin.de\/stechlin\/\",\"name\":\"Naturpark Stechlin-Ruppiner Land\",\"description\":\"\",\"potentialAction\":[{\"@type\":\"SearchAction\",\"target\":{\"@type\":\"EntryPoint\",\"urlTemplate\":\"https:\/\/www.naturparkmagazin.de\/stechlin\/?s={search_term_string}\"},\"query-input\":\"required name=search_term_string\"}],\"inLanguage\":\"de\"},{\"@type\":\"Person\",\"@id\":\"https:\/\/www.naturparkmagazin.de\/stechlin\/#\/schema\/person\/3f0d93203df21c806dd63c76d9bb28bc\",\"name\":\"marioschrumpf\",\"url\":\"https:\/\/www.naturparkmagazin.de\/stechlin\/author\/marioschrumpf\/\"}]}<\/script>\n<!-- \/ Yoast SEO plugin. -->","yoast_head_json":{"title":"Moorausstellung in der Rheinsberger Remise (2023) - Naturpark Stechlin-Ruppiner Land","robots":{"index":"index","follow":"follow","max-snippet":"max-snippet:-1","max-image-preview":"max-image-preview:large","max-video-preview":"max-video-preview:-1"},"canonical":"https:\/\/www.naturparkmagazin.de\/stechlin\/moorausstellung-in-der-rheinsberger-remise\/","og_locale":"de_DE","og_type":"article","og_title":"Moorausstellung in der Rheinsberger Remise (2023) - Naturpark Stechlin-Ruppiner Land","og_description":"Am 15. Juni wurde in Rheinsberg die Ausstellung \"Moore, Klimaschutz und Paludikultur\" des Greifswalder Moorzentrums er\u00f6ffnet.","og_url":"https:\/\/www.naturparkmagazin.de\/stechlin\/moorausstellung-in-der-rheinsberger-remise\/","og_site_name":"Naturpark Stechlin-Ruppiner Land","article_published_time":"2023-06-19T14:02:07+00:00","article_modified_time":"2025-06-19T11:37:59+00:00","og_image":[{"width":200,"height":200,"url":"https:\/\/www.naturparkmagazin.de\/stechlin\/wp-content\/uploads\/sites\/38\/Aufmacher-links.jpg","type":"image\/jpeg"}],"author":"marioschrumpf","twitter_misc":{"Verfasst von":"marioschrumpf","Gesch\u00e4tzte Lesezeit":"2\u00a0Minuten"},"schema":{"@context":"https:\/\/schema.org","@graph":[{"@type":"WebPage","@id":"https:\/\/www.naturparkmagazin.de\/stechlin\/moorausstellung-in-der-rheinsberger-remise\/","url":"https:\/\/www.naturparkmagazin.de\/stechlin\/moorausstellung-in-der-rheinsberger-remise\/","name":"Moorausstellung in der Rheinsberger Remise (2023) - Naturpark Stechlin-Ruppiner Land","isPartOf":{"@id":"https:\/\/www.naturparkmagazin.de\/stechlin\/#website"},"datePublished":"2023-06-19T14:02:07+00:00","dateModified":"2025-06-19T11:37:59+00:00","author":{"@id":"https:\/\/www.naturparkmagazin.de\/stechlin\/#\/schema\/person\/3f0d93203df21c806dd63c76d9bb28bc"},"breadcrumb":{"@id":"https:\/\/www.naturparkmagazin.de\/stechlin\/moorausstellung-in-der-rheinsberger-remise\/#breadcrumb"},"inLanguage":"de","potentialAction":[{"@type":"ReadAction","target":["https:\/\/www.naturparkmagazin.de\/stechlin\/moorausstellung-in-der-rheinsberger-remise\/"]}]},{"@type":"BreadcrumbList","@id":"https:\/\/www.naturparkmagazin.de\/stechlin\/moorausstellung-in-der-rheinsberger-remise\/#breadcrumb","itemListElement":[{"@type":"ListItem","position":1,"name":"Home","item":"https:\/\/www.naturparkmagazin.de\/stechlin\/"},{"@type":"ListItem","position":2,"name":"Moorausstellung in der Rheinsberger Remise (2023)"}]},{"@type":"WebSite","@id":"https:\/\/www.naturparkmagazin.de\/stechlin\/#website","url":"https:\/\/www.naturparkmagazin.de\/stechlin\/","name":"Naturpark Stechlin-Ruppiner Land","description":"","potentialAction":[{"@type":"SearchAction","target":{"@type":"EntryPoint","urlTemplate":"https:\/\/www.naturparkmagazin.de\/stechlin\/?s={search_term_string}"},"query-input":"required name=search_term_string"}],"inLanguage":"de"},{"@type":"Person","@id":"https:\/\/www.naturparkmagazin.de\/stechlin\/#\/schema\/person\/3f0d93203df21c806dd63c76d9bb28bc","name":"marioschrumpf","url":"https:\/\/www.naturparkmagazin.de\/stechlin\/author\/marioschrumpf\/"}]}},"_links":{"self":[{"href":"https:\/\/www.naturparkmagazin.de\/stechlin\/wp-json\/wp\/v2\/posts\/13707"}],"collection":[{"href":"https:\/\/www.naturparkmagazin.de\/stechlin\/wp-json\/wp\/v2\/posts"}],"about":[{"href":"https:\/\/www.naturparkmagazin.de\/stechlin\/wp-json\/wp\/v2\/types\/post"}],"author":[{"embeddable":true,"href":"https:\/\/www.naturparkmagazin.de\/stechlin\/wp-json\/wp\/v2\/users\/39"}],"replies":[{"embeddable":true,"href":"https:\/\/www.naturparkmagazin.de\/stechlin\/wp-json\/wp\/v2\/comments?post=13707"}],"version-history":[{"count":8,"href":"https:\/\/www.naturparkmagazin.de\/stechlin\/wp-json\/wp\/v2\/posts\/13707\/revisions"}],"predecessor-version":[{"id":17502,"href":"https:\/\/www.naturparkmagazin.de\/stechlin\/wp-json\/wp\/v2\/posts\/13707\/revisions\/17502"}],"wp:featuredmedia":[{"embeddable":true,"href":"https:\/\/www.naturparkmagazin.de\/stechlin\/wp-json\/wp\/v2\/media\/13775"}],"wp:attachment":[{"href":"https:\/\/www.naturparkmagazin.de\/stechlin\/wp-json\/wp\/v2\/media?parent=13707"}],"wp:term":[{"taxonomy":"category","embeddable":true,"href":"https:\/\/www.naturparkmagazin.de\/stechlin\/wp-json\/wp\/v2\/categories?post=13707"},{"taxonomy":"post_tag","embeddable":true,"href":"https:\/\/www.naturparkmagazin.de\/stechlin\/wp-json\/wp\/v2\/tags?post=13707"}],"curies":[{"name":"wp","href":"https:\/\/api.w.org\/{rel}","templated":true}]}}