{"id":13713,"date":"2023-06-19T16:05:52","date_gmt":"2023-06-19T14:05:52","guid":{"rendered":"https:\/\/www.naturparkmagazin.de\/stechlin\/?p=13713"},"modified":"2023-06-27T15:01:36","modified_gmt":"2023-06-27T13:01:36","slug":"allgemeinverfuegung-fuer-die-befahrung-des-rheinsberger-rhins-wurde-geaendert","status":"publish","type":"post","link":"https:\/\/www.naturparkmagazin.de\/stechlin\/allgemeinverfuegung-fuer-die-befahrung-des-rheinsberger-rhins-wurde-geaendert\/","title":{"rendered":"Allgemeinverf\u00fcgung f\u00fcr die Befahrung des Rheinsberger Rhins wurde ge\u00e4ndert!"},"content":{"rendered":"<p>Der Landkreis Ostprignitz-Ruppin hat zum schonenden Umgang mit der Naturlandschaft des Rheinsberger Rhins eine <a href=\"https:\/\/www.ostprignitz-ruppin.de\/Verwaltung\/Dezernate\/Dezernat-Bauen-Ordnung-und-Umwelt\/Bau-und-Umweltamt\/Sachgebiet-Natur-und-Stra%C3%9Fen\/Buchungsportal-Rheinsberger-Rhin\/\">neue Allgemeinverf\u00fcgung<\/a> in Erg\u00e4nzung der <a href=\"https:\/\/bravors.brandenburg.de\/verordnungen\/nsgrhinhellberge_2015\">Schutzgebietsverordnung<\/a> erlassen.<\/p>\n<p>Der Rheinsberger Rhin geh\u00f6rt zu den wertvollsten Naturlandschaften im Naturpark. Vor allem bei vielen Wasserwander:innen ist das naturnahe Flie\u00dfgew\u00e4sser im Naturschutzgebiet und Fauna-Flora-Habitat \u201eRheinsberger Rhin und Hellberge\u201c sehr beliebt, insbesondere an den Wochenenden.<\/p>\n<div id=\"attachment_12236\" style=\"width: 310px\" class=\"wp-caption aligncenter\"><a href=\"https:\/\/www.naturparkmagazin.de\/stechlin\/wp-content\/uploads\/sites\/38\/csm_Rheinsberger_Rhin-8668_web_89cf35e404.jpg\"><img aria-describedby=\"caption-attachment-12236\" decoding=\"async\" loading=\"lazy\" class=\"size-thumbnail wp-image-12236\" src=\"https:\/\/www.naturparkmagazin.de\/stechlin\/wp-content\/uploads\/sites\/38\/csm_Rheinsberger_Rhin-8668_web_89cf35e404-300x499.jpg\" alt=\"\" width=\"300\" height=\"499\" srcset=\"https:\/\/www.naturparkmagazin.de\/stechlin\/wp-content\/uploads\/sites\/38\/csm_Rheinsberger_Rhin-8668_web_89cf35e404.jpg 300w, https:\/\/www.naturparkmagazin.de\/stechlin\/wp-content\/uploads\/sites\/38\/csm_Rheinsberger_Rhin-8668_web_89cf35e404-200x333.jpg 200w\" sizes=\"(max-width: 300px) 100vw, 300px\" \/><\/a><p id=\"caption-attachment-12236\" class=\"wp-caption-text\">Um die Pflanzen- und Tierwelt zu sch\u00fctzen, d\u00fcrfen in der Saison t\u00e4glich nur 150 Boote auf dem Rheinsberger Rhin paddeln.\u00a9 NaturSchutzFonds Brandenburg<\/p><\/div>\n<p>Zusammen mit den Boootsverleihbetrieben wurden daher, zus\u00e4tzlich zu den bestehenden Bestimmungen lt. NSG-Verordnung, unter anderem <strong>Tageskontingente<\/strong> und <strong>Kennzeichnungspflicht<\/strong> f\u00fcr die Boote festgesetzt.<\/p>\n<p>Die neue Allgemeinverf\u00fcgung sieht vor, dass Nutzer:innen sich vor dem Befahren des Rheinsberger Rhins eigenst\u00e4ndig einen <strong>Befahrungsschein<\/strong> (pro Boot und Fahrt) buchen m\u00fcssen. Die Buchung der Befahrungsscheine ist auf der Seite <a href=\"https:\/\/corona-test-opr.appointmind.net\/?cap=OTk3\">Buchungsportal Rheinsberger Rhin<\/a> m\u00f6glich.<\/p>\n<p><strong>Mitarbeitende der Bootsverleihbetriebe<\/strong> haben die Funktion von <strong>ehrenamtlichen Naturschutzhelfer:innen<\/strong> \u00fcbernommen, da diese das Wasserrevier und seine Besonderheiten bestens kennen, aber auch mit ihrer regelm\u00e4\u00dfigen Anwesenheit im Bereich des Rheinsberger Rhins und dem direkten Kontakt mit Wasserwander*innen Kontroll- und Aufkl\u00e4rungsaufgaben im Sinne des Naturschutzes optimal wahrnehmen k\u00f6nnen.<\/p>\n<p>Die neue <a href=\"https:\/\/www.ostprignitz-ruppin.de\/media\/custom\/3039_2879_1.PDF?1685527955\">Allgemeinverf\u00fcgung zur Regelung des Gemeingebrauchs auf dem Rheinsberger Rhin<\/a> gilt ab Juni 2023.<\/p>\n<p><strong>F\u00fcr alle Fahrten auf dem Rheinsberger Rhin wird ein tagesaktueller Befahrungsschein ben\u00f6tigt, der auf Verlangen vorzuzeigen ist!<\/strong><\/p>\n<p>Das Pegeltelefon gibt Auskunft \u00fcber den aktuellen Wasserstand und die Befahrkeit.<\/p>\n<p><a href=\"https:\/\/www.stechlin-ruppiner-land-naturpark.de\/service\/pegeltelefon\/\">Pegeltelefon<\/a>: +49(0)33082 40716<\/p>\n","protected":false},"excerpt":{"rendered":"<p>Der Rheinsberger Rhin geh\u00f6rt zu den wertvollsten Naturlandschaften im Naturpark. Vor allem bei vielen Wasserwander:innen ist das naturnahe Flie\u00dfgew\u00e4sser beliebt.<\/p>\n","protected":false},"author":39,"featured_media":12241,"comment_status":"open","ping_status":"open","sticky":false,"template":"","format":"standard","meta":[],"categories":[11],"tags":[],"yoast_head":"<!-- This site is optimized with the Yoast SEO plugin v19.10 - https:\/\/yoast.com\/wordpress\/plugins\/seo\/ -->\n<title>Allgemeinverf\u00fcgung f\u00fcr die Befahrung des Rheinsberger Rhins wurde ge\u00e4ndert! - Naturpark Stechlin-Ruppiner Land<\/title>\n<meta name=\"robots\" content=\"index, follow, max-snippet:-1, max-image-preview:large, max-video-preview:-1\" \/>\n<link rel=\"canonical\" href=\"https:\/\/www.naturparkmagazin.de\/stechlin\/allgemeinverfuegung-fuer-die-befahrung-des-rheinsberger-rhins-wurde-geaendert\/\" \/>\n<meta property=\"og:locale\" content=\"de_DE\" \/>\n<meta property=\"og:type\" content=\"article\" \/>\n<meta property=\"og:title\" content=\"Allgemeinverf\u00fcgung f\u00fcr die Befahrung des Rheinsberger Rhins wurde ge\u00e4ndert! - Naturpark Stechlin-Ruppiner Land\" \/>\n<meta property=\"og:description\" content=\"Der Rheinsberger Rhin geh\u00f6rt zu den wertvollsten Naturlandschaften im Naturpark. Vor allem bei vielen Wasserwander:innen ist das naturnahe Flie\u00dfgew\u00e4sser beliebt.\" \/>\n<meta property=\"og:url\" content=\"https:\/\/www.naturparkmagazin.de\/stechlin\/allgemeinverfuegung-fuer-die-befahrung-des-rheinsberger-rhins-wurde-geaendert\/\" \/>\n<meta property=\"og:site_name\" content=\"Naturpark Stechlin-Ruppiner Land\" \/>\n<meta property=\"article:published_time\" content=\"2023-06-19T14:05:52+00:00\" \/>\n<meta property=\"article:modified_time\" content=\"2023-06-27T13:01:36+00:00\" \/>\n<meta property=\"og:image\" content=\"https:\/\/www.naturparkmagazin.de\/stechlin\/wp-content\/uploads\/sites\/38\/Rhin_7-v.-Hilmar-Schmidt.jpg\" \/>\n\t<meta property=\"og:image:width\" content=\"200\" \/>\n\t<meta property=\"og:image:height\" content=\"200\" \/>\n\t<meta property=\"og:image:type\" content=\"image\/jpeg\" \/>\n<meta name=\"author\" content=\"marioschrumpf\" \/>\n<meta name=\"twitter:label1\" content=\"Verfasst von\" \/>\n\t<meta name=\"twitter:data1\" content=\"marioschrumpf\" \/>\n\t<meta name=\"twitter:label2\" content=\"Gesch\u00e4tzte Lesezeit\" \/>\n\t<meta name=\"twitter:data2\" content=\"2\u00a0Minuten\" \/>\n<script type=\"application\/ld+json\" class=\"yoast-schema-graph\">{\"@context\":\"https:\/\/schema.org\",\"@graph\":[{\"@type\":\"WebPage\",\"@id\":\"https:\/\/www.naturparkmagazin.de\/stechlin\/allgemeinverfuegung-fuer-die-befahrung-des-rheinsberger-rhins-wurde-geaendert\/\",\"url\":\"https:\/\/www.naturparkmagazin.de\/stechlin\/allgemeinverfuegung-fuer-die-befahrung-des-rheinsberger-rhins-wurde-geaendert\/\",\"name\":\"Allgemeinverf\u00fcgung f\u00fcr die Befahrung des Rheinsberger Rhins wurde ge\u00e4ndert! - Naturpark Stechlin-Ruppiner Land\",\"isPartOf\":{\"@id\":\"https:\/\/www.naturparkmagazin.de\/stechlin\/#website\"},\"datePublished\":\"2023-06-19T14:05:52+00:00\",\"dateModified\":\"2023-06-27T13:01:36+00:00\",\"author\":{\"@id\":\"https:\/\/www.naturparkmagazin.de\/stechlin\/#\/schema\/person\/3f0d93203df21c806dd63c76d9bb28bc\"},\"breadcrumb\":{\"@id\":\"https:\/\/www.naturparkmagazin.de\/stechlin\/allgemeinverfuegung-fuer-die-befahrung-des-rheinsberger-rhins-wurde-geaendert\/#breadcrumb\"},\"inLanguage\":\"de\",\"potentialAction\":[{\"@type\":\"ReadAction\",\"target\":[\"https:\/\/www.naturparkmagazin.de\/stechlin\/allgemeinverfuegung-fuer-die-befahrung-des-rheinsberger-rhins-wurde-geaendert\/\"]}]},{\"@type\":\"BreadcrumbList\",\"@id\":\"https:\/\/www.naturparkmagazin.de\/stechlin\/allgemeinverfuegung-fuer-die-befahrung-des-rheinsberger-rhins-wurde-geaendert\/#breadcrumb\",\"itemListElement\":[{\"@type\":\"ListItem\",\"position\":1,\"name\":\"Home\",\"item\":\"https:\/\/www.naturparkmagazin.de\/stechlin\/\"},{\"@type\":\"ListItem\",\"position\":2,\"name\":\"Allgemeinverf\u00fcgung f\u00fcr die Befahrung des Rheinsberger Rhins wurde ge\u00e4ndert!\"}]},{\"@type\":\"WebSite\",\"@id\":\"https:\/\/www.naturparkmagazin.de\/stechlin\/#website\",\"url\":\"https:\/\/www.naturparkmagazin.de\/stechlin\/\",\"name\":\"Naturpark Stechlin-Ruppiner Land\",\"description\":\"\",\"potentialAction\":[{\"@type\":\"SearchAction\",\"target\":{\"@type\":\"EntryPoint\",\"urlTemplate\":\"https:\/\/www.naturparkmagazin.de\/stechlin\/?s={search_term_string}\"},\"query-input\":\"required name=search_term_string\"}],\"inLanguage\":\"de\"},{\"@type\":\"Person\",\"@id\":\"https:\/\/www.naturparkmagazin.de\/stechlin\/#\/schema\/person\/3f0d93203df21c806dd63c76d9bb28bc\",\"name\":\"marioschrumpf\",\"url\":\"https:\/\/www.naturparkmagazin.de\/stechlin\/author\/marioschrumpf\/\"}]}<\/script>\n<!-- \/ Yoast SEO plugin. -->","yoast_head_json":{"title":"Allgemeinverf\u00fcgung f\u00fcr die Befahrung des Rheinsberger Rhins wurde ge\u00e4ndert! - Naturpark Stechlin-Ruppiner Land","robots":{"index":"index","follow":"follow","max-snippet":"max-snippet:-1","max-image-preview":"max-image-preview:large","max-video-preview":"max-video-preview:-1"},"canonical":"https:\/\/www.naturparkmagazin.de\/stechlin\/allgemeinverfuegung-fuer-die-befahrung-des-rheinsberger-rhins-wurde-geaendert\/","og_locale":"de_DE","og_type":"article","og_title":"Allgemeinverf\u00fcgung f\u00fcr die Befahrung des Rheinsberger Rhins wurde ge\u00e4ndert! - Naturpark Stechlin-Ruppiner Land","og_description":"Der Rheinsberger Rhin geh\u00f6rt zu den wertvollsten Naturlandschaften im Naturpark. Vor allem bei vielen Wasserwander:innen ist das naturnahe Flie\u00dfgew\u00e4sser beliebt.","og_url":"https:\/\/www.naturparkmagazin.de\/stechlin\/allgemeinverfuegung-fuer-die-befahrung-des-rheinsberger-rhins-wurde-geaendert\/","og_site_name":"Naturpark Stechlin-Ruppiner Land","article_published_time":"2023-06-19T14:05:52+00:00","article_modified_time":"2023-06-27T13:01:36+00:00","og_image":[{"width":200,"height":200,"url":"https:\/\/www.naturparkmagazin.de\/stechlin\/wp-content\/uploads\/sites\/38\/Rhin_7-v.-Hilmar-Schmidt.jpg","type":"image\/jpeg"}],"author":"marioschrumpf","twitter_misc":{"Verfasst von":"marioschrumpf","Gesch\u00e4tzte Lesezeit":"2\u00a0Minuten"},"schema":{"@context":"https:\/\/schema.org","@graph":[{"@type":"WebPage","@id":"https:\/\/www.naturparkmagazin.de\/stechlin\/allgemeinverfuegung-fuer-die-befahrung-des-rheinsberger-rhins-wurde-geaendert\/","url":"https:\/\/www.naturparkmagazin.de\/stechlin\/allgemeinverfuegung-fuer-die-befahrung-des-rheinsberger-rhins-wurde-geaendert\/","name":"Allgemeinverf\u00fcgung f\u00fcr die Befahrung des Rheinsberger Rhins wurde ge\u00e4ndert! - Naturpark Stechlin-Ruppiner Land","isPartOf":{"@id":"https:\/\/www.naturparkmagazin.de\/stechlin\/#website"},"datePublished":"2023-06-19T14:05:52+00:00","dateModified":"2023-06-27T13:01:36+00:00","author":{"@id":"https:\/\/www.naturparkmagazin.de\/stechlin\/#\/schema\/person\/3f0d93203df21c806dd63c76d9bb28bc"},"breadcrumb":{"@id":"https:\/\/www.naturparkmagazin.de\/stechlin\/allgemeinverfuegung-fuer-die-befahrung-des-rheinsberger-rhins-wurde-geaendert\/#breadcrumb"},"inLanguage":"de","potentialAction":[{"@type":"ReadAction","target":["https:\/\/www.naturparkmagazin.de\/stechlin\/allgemeinverfuegung-fuer-die-befahrung-des-rheinsberger-rhins-wurde-geaendert\/"]}]},{"@type":"BreadcrumbList","@id":"https:\/\/www.naturparkmagazin.de\/stechlin\/allgemeinverfuegung-fuer-die-befahrung-des-rheinsberger-rhins-wurde-geaendert\/#breadcrumb","itemListElement":[{"@type":"ListItem","position":1,"name":"Home","item":"https:\/\/www.naturparkmagazin.de\/stechlin\/"},{"@type":"ListItem","position":2,"name":"Allgemeinverf\u00fcgung f\u00fcr die Befahrung des Rheinsberger Rhins wurde ge\u00e4ndert!"}]},{"@type":"WebSite","@id":"https:\/\/www.naturparkmagazin.de\/stechlin\/#website","url":"https:\/\/www.naturparkmagazin.de\/stechlin\/","name":"Naturpark Stechlin-Ruppiner Land","description":"","potentialAction":[{"@type":"SearchAction","target":{"@type":"EntryPoint","urlTemplate":"https:\/\/www.naturparkmagazin.de\/stechlin\/?s={search_term_string}"},"query-input":"required name=search_term_string"}],"inLanguage":"de"},{"@type":"Person","@id":"https:\/\/www.naturparkmagazin.de\/stechlin\/#\/schema\/person\/3f0d93203df21c806dd63c76d9bb28bc","name":"marioschrumpf","url":"https:\/\/www.naturparkmagazin.de\/stechlin\/author\/marioschrumpf\/"}]}},"_links":{"self":[{"href":"https:\/\/www.naturparkmagazin.de\/stechlin\/wp-json\/wp\/v2\/posts\/13713"}],"collection":[{"href":"https:\/\/www.naturparkmagazin.de\/stechlin\/wp-json\/wp\/v2\/posts"}],"about":[{"href":"https:\/\/www.naturparkmagazin.de\/stechlin\/wp-json\/wp\/v2\/types\/post"}],"author":[{"embeddable":true,"href":"https:\/\/www.naturparkmagazin.de\/stechlin\/wp-json\/wp\/v2\/users\/39"}],"replies":[{"embeddable":true,"href":"https:\/\/www.naturparkmagazin.de\/stechlin\/wp-json\/wp\/v2\/comments?post=13713"}],"version-history":[{"count":12,"href":"https:\/\/www.naturparkmagazin.de\/stechlin\/wp-json\/wp\/v2\/posts\/13713\/revisions"}],"predecessor-version":[{"id":13874,"href":"https:\/\/www.naturparkmagazin.de\/stechlin\/wp-json\/wp\/v2\/posts\/13713\/revisions\/13874"}],"wp:featuredmedia":[{"embeddable":true,"href":"https:\/\/www.naturparkmagazin.de\/stechlin\/wp-json\/wp\/v2\/media\/12241"}],"wp:attachment":[{"href":"https:\/\/www.naturparkmagazin.de\/stechlin\/wp-json\/wp\/v2\/media?parent=13713"}],"wp:term":[{"taxonomy":"category","embeddable":true,"href":"https:\/\/www.naturparkmagazin.de\/stechlin\/wp-json\/wp\/v2\/categories?post=13713"},{"taxonomy":"post_tag","embeddable":true,"href":"https:\/\/www.naturparkmagazin.de\/stechlin\/wp-json\/wp\/v2\/tags?post=13713"}],"curies":[{"name":"wp","href":"https:\/\/api.w.org\/{rel}","templated":true}]}}