{"id":13898,"date":"2023-07-18T16:02:21","date_gmt":"2023-07-18T14:02:21","guid":{"rendered":"https:\/\/www.naturparkmagazin.de\/stechlin\/?p=13898"},"modified":"2025-04-25T08:43:34","modified_gmt":"2025-04-25T06:43:34","slug":"rangertour-am-18-august-fifty-shades-of-green-oder-alles-im-gruenen-bereich","status":"publish","type":"post","link":"https:\/\/www.naturparkmagazin.de\/stechlin\/rangertour-am-18-august-fifty-shades-of-green-oder-alles-im-gruenen-bereich\/","title":{"rendered":"RangerTour am 18. August: Fifty shades of green oder alles im gr\u00fcnen Bereich (2023)"},"content":{"rendered":"<p>Lange Naturwacht-Nacht. Lassen Sie uns wandeln in den Gr\u00fcnt\u00f6nen der Natur.<\/p>\n<div id=\"attachment_8649\" style=\"width: 310px\" class=\"wp-caption aligncenter\"><a href=\"https:\/\/www.naturparkmagazin.de\/stechlin\/wp-content\/uploads\/sites\/38\/Waldbaden.jpg\"><img aria-describedby=\"caption-attachment-8649\" decoding=\"async\" loading=\"lazy\" class=\"wp-image-8649 size-thumbnail\" src=\"https:\/\/www.naturparkmagazin.de\/stechlin\/wp-content\/uploads\/sites\/38\/Waldbaden-300x180.jpg\" alt=\"\" width=\"300\" height=\"180\" srcset=\"https:\/\/www.naturparkmagazin.de\/stechlin\/wp-content\/uploads\/sites\/38\/Waldbaden-300x180.jpg 300w, https:\/\/www.naturparkmagazin.de\/stechlin\/wp-content\/uploads\/sites\/38\/Waldbaden.jpg 500w, https:\/\/www.naturparkmagazin.de\/stechlin\/wp-content\/uploads\/sites\/38\/Waldbaden-200x120.jpg 200w\" sizes=\"(max-width: 300px) 100vw, 300px\" \/><\/a><p id=\"caption-attachment-8649\" class=\"wp-caption-text\">Viele Gr\u00fcnt\u00f6ne\u00a9 Naturwacht SRL<\/p><\/div>\n<p>Wir wandern unter einem gr\u00fcnen Laubdach, entlang des Kapellensee, betrachten die Gr\u00fcnt\u00f6ne mit viel und mit wenig Licht und erfahren einiges \u00fcber die industriehistorische Bedeutung des Ortes Gr\u00fcne H\u00fctte.<\/p>\n<p><strong>Termin:<\/strong> 18. August &#8211; 17:00 &#8211; 20:00 Uhr<\/p>\n<p><strong>Hinweise:<\/strong> der Witterung angepasste Kleidung und festes Schuhwerk. Selbstversorgung.<\/p>\n<p><strong>Anmeldung:<\/strong> erforderlich bis 16.08. Bei Anmeldung per AB oder E-Mail hinterlassen Sie bitte eine R\u00fcckrufnummer.<\/p>\n<p><strong>Strecke:<\/strong> ca. 2,5 km<\/p>\n<p><strong>Preis:<\/strong> Die F\u00fchrung der Naturwacht ist kostenfrei. Halten Sie bitte 5 \u20ac und 2,50 \u20ac f\u00fcr Kinder f\u00fcr den Eintritt ins Waldglasmuseum Zechlin bereit.<\/p>\n<p>Diese F\u00fchrung ist ein Angebot der &#8222;Ranger- und Erlebnistouren&#8220;.<\/p>\n<p><strong>Veranstaltungsort:<\/strong> Rheinsberg, Gr\u00fcne H\u00fctte; Parkplatz Gr\u00fcne H\u00fctte; 16837 Luhme\/OT Heimland<\/p>\n<p><a href=\"https:\/\/www.stechlin-ruppiner-land-naturpark.de\/veranstaltungen\/rangertour-fifty-shades-of-green-oder-alles-im-gruenen-bereich-17750\/\">Weitere Informationen<\/a><\/p>\n","protected":false},"excerpt":{"rendered":"<p>Lange Naturwacht-Nacht. Lassen Sie uns wandeln in den Gr\u00fcnt\u00f6nen der Natur.<\/p>\n","protected":false},"author":39,"featured_media":7958,"comment_status":"open","ping_status":"open","sticky":false,"template":"","format":"standard","meta":[],"categories":[11],"tags":[],"yoast_head":"<!-- This site is optimized with the Yoast SEO plugin v19.10 - https:\/\/yoast.com\/wordpress\/plugins\/seo\/ -->\n<title>RangerTour am 18. August: Fifty shades of green oder alles im gr\u00fcnen Bereich (2023) - Naturpark Stechlin-Ruppiner Land<\/title>\n<meta name=\"robots\" content=\"index, follow, max-snippet:-1, max-image-preview:large, max-video-preview:-1\" \/>\n<link rel=\"canonical\" href=\"https:\/\/www.naturparkmagazin.de\/stechlin\/rangertour-am-18-august-fifty-shades-of-green-oder-alles-im-gruenen-bereich\/\" \/>\n<meta property=\"og:locale\" content=\"de_DE\" \/>\n<meta property=\"og:type\" content=\"article\" \/>\n<meta property=\"og:title\" content=\"RangerTour am 18. August: Fifty shades of green oder alles im gr\u00fcnen Bereich (2023) - Naturpark Stechlin-Ruppiner Land\" \/>\n<meta property=\"og:description\" content=\"Lange Naturwacht-Nacht. Lassen Sie uns wandeln in den Gr\u00fcnt\u00f6nen der Natur.\" \/>\n<meta property=\"og:url\" content=\"https:\/\/www.naturparkmagazin.de\/stechlin\/rangertour-am-18-august-fifty-shades-of-green-oder-alles-im-gruenen-bereich\/\" \/>\n<meta property=\"og:site_name\" content=\"Naturpark Stechlin-Ruppiner Land\" \/>\n<meta property=\"article:published_time\" content=\"2023-07-18T14:02:21+00:00\" \/>\n<meta property=\"article:modified_time\" content=\"2025-04-25T06:43:34+00:00\" \/>\n<meta property=\"og:image\" content=\"https:\/\/www.naturparkmagazin.de\/stechlin\/wp-content\/uploads\/sites\/38\/Ranger-Erlebnistour2.jpg\" \/>\n\t<meta property=\"og:image:width\" content=\"200\" \/>\n\t<meta property=\"og:image:height\" content=\"200\" \/>\n\t<meta property=\"og:image:type\" content=\"image\/jpeg\" \/>\n<meta name=\"author\" content=\"marioschrumpf\" \/>\n<meta name=\"twitter:label1\" content=\"Verfasst von\" \/>\n\t<meta name=\"twitter:data1\" content=\"marioschrumpf\" \/>\n\t<meta name=\"twitter:label2\" content=\"Gesch\u00e4tzte Lesezeit\" \/>\n\t<meta name=\"twitter:data2\" content=\"1\u00a0Minute\" \/>\n<script type=\"application\/ld+json\" class=\"yoast-schema-graph\">{\"@context\":\"https:\/\/schema.org\",\"@graph\":[{\"@type\":\"WebPage\",\"@id\":\"https:\/\/www.naturparkmagazin.de\/stechlin\/rangertour-am-18-august-fifty-shades-of-green-oder-alles-im-gruenen-bereich\/\",\"url\":\"https:\/\/www.naturparkmagazin.de\/stechlin\/rangertour-am-18-august-fifty-shades-of-green-oder-alles-im-gruenen-bereich\/\",\"name\":\"RangerTour am 18. August: Fifty shades of green oder alles im gr\u00fcnen Bereich (2023) - Naturpark Stechlin-Ruppiner Land\",\"isPartOf\":{\"@id\":\"https:\/\/www.naturparkmagazin.de\/stechlin\/#website\"},\"datePublished\":\"2023-07-18T14:02:21+00:00\",\"dateModified\":\"2025-04-25T06:43:34+00:00\",\"author\":{\"@id\":\"https:\/\/www.naturparkmagazin.de\/stechlin\/#\/schema\/person\/3f0d93203df21c806dd63c76d9bb28bc\"},\"breadcrumb\":{\"@id\":\"https:\/\/www.naturparkmagazin.de\/stechlin\/rangertour-am-18-august-fifty-shades-of-green-oder-alles-im-gruenen-bereich\/#breadcrumb\"},\"inLanguage\":\"de\",\"potentialAction\":[{\"@type\":\"ReadAction\",\"target\":[\"https:\/\/www.naturparkmagazin.de\/stechlin\/rangertour-am-18-august-fifty-shades-of-green-oder-alles-im-gruenen-bereich\/\"]}]},{\"@type\":\"BreadcrumbList\",\"@id\":\"https:\/\/www.naturparkmagazin.de\/stechlin\/rangertour-am-18-august-fifty-shades-of-green-oder-alles-im-gruenen-bereich\/#breadcrumb\",\"itemListElement\":[{\"@type\":\"ListItem\",\"position\":1,\"name\":\"Home\",\"item\":\"https:\/\/www.naturparkmagazin.de\/stechlin\/\"},{\"@type\":\"ListItem\",\"position\":2,\"name\":\"RangerTour am 18. August: Fifty shades of green oder alles im gr\u00fcnen Bereich (2023)\"}]},{\"@type\":\"WebSite\",\"@id\":\"https:\/\/www.naturparkmagazin.de\/stechlin\/#website\",\"url\":\"https:\/\/www.naturparkmagazin.de\/stechlin\/\",\"name\":\"Naturpark Stechlin-Ruppiner Land\",\"description\":\"\",\"potentialAction\":[{\"@type\":\"SearchAction\",\"target\":{\"@type\":\"EntryPoint\",\"urlTemplate\":\"https:\/\/www.naturparkmagazin.de\/stechlin\/?s={search_term_string}\"},\"query-input\":\"required name=search_term_string\"}],\"inLanguage\":\"de\"},{\"@type\":\"Person\",\"@id\":\"https:\/\/www.naturparkmagazin.de\/stechlin\/#\/schema\/person\/3f0d93203df21c806dd63c76d9bb28bc\",\"name\":\"marioschrumpf\",\"url\":\"https:\/\/www.naturparkmagazin.de\/stechlin\/author\/marioschrumpf\/\"}]}<\/script>\n<!-- \/ Yoast SEO plugin. -->","yoast_head_json":{"title":"RangerTour am 18. August: Fifty shades of green oder alles im gr\u00fcnen Bereich (2023) - Naturpark Stechlin-Ruppiner Land","robots":{"index":"index","follow":"follow","max-snippet":"max-snippet:-1","max-image-preview":"max-image-preview:large","max-video-preview":"max-video-preview:-1"},"canonical":"https:\/\/www.naturparkmagazin.de\/stechlin\/rangertour-am-18-august-fifty-shades-of-green-oder-alles-im-gruenen-bereich\/","og_locale":"de_DE","og_type":"article","og_title":"RangerTour am 18. August: Fifty shades of green oder alles im gr\u00fcnen Bereich (2023) - Naturpark Stechlin-Ruppiner Land","og_description":"Lange Naturwacht-Nacht. Lassen Sie uns wandeln in den Gr\u00fcnt\u00f6nen der Natur.","og_url":"https:\/\/www.naturparkmagazin.de\/stechlin\/rangertour-am-18-august-fifty-shades-of-green-oder-alles-im-gruenen-bereich\/","og_site_name":"Naturpark Stechlin-Ruppiner Land","article_published_time":"2023-07-18T14:02:21+00:00","article_modified_time":"2025-04-25T06:43:34+00:00","og_image":[{"width":200,"height":200,"url":"https:\/\/www.naturparkmagazin.de\/stechlin\/wp-content\/uploads\/sites\/38\/Ranger-Erlebnistour2.jpg","type":"image\/jpeg"}],"author":"marioschrumpf","twitter_misc":{"Verfasst von":"marioschrumpf","Gesch\u00e4tzte Lesezeit":"1\u00a0Minute"},"schema":{"@context":"https:\/\/schema.org","@graph":[{"@type":"WebPage","@id":"https:\/\/www.naturparkmagazin.de\/stechlin\/rangertour-am-18-august-fifty-shades-of-green-oder-alles-im-gruenen-bereich\/","url":"https:\/\/www.naturparkmagazin.de\/stechlin\/rangertour-am-18-august-fifty-shades-of-green-oder-alles-im-gruenen-bereich\/","name":"RangerTour am 18. August: Fifty shades of green oder alles im gr\u00fcnen Bereich (2023) - Naturpark Stechlin-Ruppiner Land","isPartOf":{"@id":"https:\/\/www.naturparkmagazin.de\/stechlin\/#website"},"datePublished":"2023-07-18T14:02:21+00:00","dateModified":"2025-04-25T06:43:34+00:00","author":{"@id":"https:\/\/www.naturparkmagazin.de\/stechlin\/#\/schema\/person\/3f0d93203df21c806dd63c76d9bb28bc"},"breadcrumb":{"@id":"https:\/\/www.naturparkmagazin.de\/stechlin\/rangertour-am-18-august-fifty-shades-of-green-oder-alles-im-gruenen-bereich\/#breadcrumb"},"inLanguage":"de","potentialAction":[{"@type":"ReadAction","target":["https:\/\/www.naturparkmagazin.de\/stechlin\/rangertour-am-18-august-fifty-shades-of-green-oder-alles-im-gruenen-bereich\/"]}]},{"@type":"BreadcrumbList","@id":"https:\/\/www.naturparkmagazin.de\/stechlin\/rangertour-am-18-august-fifty-shades-of-green-oder-alles-im-gruenen-bereich\/#breadcrumb","itemListElement":[{"@type":"ListItem","position":1,"name":"Home","item":"https:\/\/www.naturparkmagazin.de\/stechlin\/"},{"@type":"ListItem","position":2,"name":"RangerTour am 18. August: Fifty shades of green oder alles im gr\u00fcnen Bereich (2023)"}]},{"@type":"WebSite","@id":"https:\/\/www.naturparkmagazin.de\/stechlin\/#website","url":"https:\/\/www.naturparkmagazin.de\/stechlin\/","name":"Naturpark Stechlin-Ruppiner Land","description":"","potentialAction":[{"@type":"SearchAction","target":{"@type":"EntryPoint","urlTemplate":"https:\/\/www.naturparkmagazin.de\/stechlin\/?s={search_term_string}"},"query-input":"required name=search_term_string"}],"inLanguage":"de"},{"@type":"Person","@id":"https:\/\/www.naturparkmagazin.de\/stechlin\/#\/schema\/person\/3f0d93203df21c806dd63c76d9bb28bc","name":"marioschrumpf","url":"https:\/\/www.naturparkmagazin.de\/stechlin\/author\/marioschrumpf\/"}]}},"_links":{"self":[{"href":"https:\/\/www.naturparkmagazin.de\/stechlin\/wp-json\/wp\/v2\/posts\/13898"}],"collection":[{"href":"https:\/\/www.naturparkmagazin.de\/stechlin\/wp-json\/wp\/v2\/posts"}],"about":[{"href":"https:\/\/www.naturparkmagazin.de\/stechlin\/wp-json\/wp\/v2\/types\/post"}],"author":[{"embeddable":true,"href":"https:\/\/www.naturparkmagazin.de\/stechlin\/wp-json\/wp\/v2\/users\/39"}],"replies":[{"embeddable":true,"href":"https:\/\/www.naturparkmagazin.de\/stechlin\/wp-json\/wp\/v2\/comments?post=13898"}],"version-history":[{"count":3,"href":"https:\/\/www.naturparkmagazin.de\/stechlin\/wp-json\/wp\/v2\/posts\/13898\/revisions"}],"predecessor-version":[{"id":17160,"href":"https:\/\/www.naturparkmagazin.de\/stechlin\/wp-json\/wp\/v2\/posts\/13898\/revisions\/17160"}],"wp:featuredmedia":[{"embeddable":true,"href":"https:\/\/www.naturparkmagazin.de\/stechlin\/wp-json\/wp\/v2\/media\/7958"}],"wp:attachment":[{"href":"https:\/\/www.naturparkmagazin.de\/stechlin\/wp-json\/wp\/v2\/media?parent=13898"}],"wp:term":[{"taxonomy":"category","embeddable":true,"href":"https:\/\/www.naturparkmagazin.de\/stechlin\/wp-json\/wp\/v2\/categories?post=13898"},{"taxonomy":"post_tag","embeddable":true,"href":"https:\/\/www.naturparkmagazin.de\/stechlin\/wp-json\/wp\/v2\/tags?post=13898"}],"curies":[{"name":"wp","href":"https:\/\/api.w.org\/{rel}","templated":true}]}}