{"id":13900,"date":"2023-08-18T16:08:52","date_gmt":"2023-08-18T14:08:52","guid":{"rendered":"https:\/\/www.naturparkmagazin.de\/stechlin\/?p=13900"},"modified":"2023-08-29T12:05:59","modified_gmt":"2023-08-29T10:05:59","slug":"save-the-date-18-menzer-apfeltag-am-14-10-2023","status":"publish","type":"post","link":"https:\/\/www.naturparkmagazin.de\/stechlin\/save-the-date-18-menzer-apfeltag-am-14-10-2023\/","title":{"rendered":"Save the date &#8211; 18. Menzer Apfeltag am 14.10.2023"},"content":{"rendered":"<p>Freunde der paradisieschen Frucht sollten sich den Termin <strong>14.10.<\/strong> unbedingt notieren! Wie in jedem Jahr findet in diesem Herbst wieder der <strong>Menzer Apfeltag<\/strong> statt.<\/p>\n<div id=\"attachment_10454\" style=\"width: 310px\" class=\"wp-caption aligncenter\"><img aria-describedby=\"caption-attachment-10454\" decoding=\"async\" loading=\"lazy\" class=\"wp-image-10454 size-thumbnail\" src=\"https:\/\/www.naturparkmagazin.de\/stechlin\/wp-content\/uploads\/sites\/38\/P9010836-300x180.jpg\" alt=\"\u00a9Dr. Mario Schrumpf\" width=\"300\" height=\"180\" srcset=\"https:\/\/www.naturparkmagazin.de\/stechlin\/wp-content\/uploads\/sites\/38\/P9010836-300x180.jpg 300w, https:\/\/www.naturparkmagazin.de\/stechlin\/wp-content\/uploads\/sites\/38\/P9010836.jpg 500w, https:\/\/www.naturparkmagazin.de\/stechlin\/wp-content\/uploads\/sites\/38\/P9010836-200x120.jpg 200w\" sizes=\"(max-width: 300px) 100vw, 300px\" \/><p id=\"caption-attachment-10454\" class=\"wp-caption-text\">Auch die Streuobstwiese in Menz kann zum Apfeltag besichtigt werden.\u00a9 Dr. Mario Schrumpf<\/p><\/div>\n<p>Die Vorbereitungen laufen bereits auf Hochtouren. Neben der traditionellen <strong>Apfelausstellung mit Sortenbestimmung<\/strong> und einem <strong>Vortrag \u00fcber Imkerei<\/strong>, wird es auch wieder den beliebten <strong>Apfelkuchenwettbewerb<\/strong> geben.<\/p>\n<div id=\"attachment_9131\" style=\"width: 310px\" class=\"wp-caption aligncenter\"><a href=\"https:\/\/www.naturparkmagazin.de\/stechlin\/wp-content\/uploads\/sites\/38\/Vivian-B\u00f6llersen_25.jpg\"><img aria-describedby=\"caption-attachment-9131\" decoding=\"async\" loading=\"lazy\" class=\"wp-image-9131 size-thumbnail\" src=\"https:\/\/www.naturparkmagazin.de\/stechlin\/wp-content\/uploads\/sites\/38\/Vivian-B\u00f6llersen_25-300x180.jpg\" alt=\"NP SRL\/Heiko Strobel\" width=\"300\" height=\"180\" srcset=\"https:\/\/www.naturparkmagazin.de\/stechlin\/wp-content\/uploads\/sites\/38\/Vivian-B\u00f6llersen_25-300x180.jpg 300w, https:\/\/www.naturparkmagazin.de\/stechlin\/wp-content\/uploads\/sites\/38\/Vivian-B\u00f6llersen_25.jpg 500w, https:\/\/www.naturparkmagazin.de\/stechlin\/wp-content\/uploads\/sites\/38\/Vivian-B\u00f6llersen_25-200x120.jpg 200w\" sizes=\"(max-width: 300px) 100vw, 300px\" \/><\/a><p id=\"caption-attachment-9131\" class=\"wp-caption-text\">Vivian B\u00f6llersen von der Walnussmeisterei Herzberg wird wieder Fr\u00fcchte und Verarbeitetes anbieten.\u00a9 Dr. Mario Schrumpf<\/p><\/div>\n<p>Auch in diesem Jahr wird die <strong>Biesenthaler Baumschule<\/strong> wieder vor Ort sein. Wer spezielle W\u00fcnsche hat, kann gern bei Herrn Pachali unter Tel. 03337-430300 rechtzeitig vorbestellen.<\/p>\n<p><strong>Daisy von Arnim<\/strong>, die <strong>Apfelgr\u00e4fin aus der Uckermark<\/strong> hat ihr Kommen zugesagt. Wer aus seinen \u00c4pfeln Saft pressen lassen will, sollte sich bei ihr einen Termin sichern (Tel. 039889-8250).<\/p>\n<p>In diesem Jahr soll der Apfeltag noch st\u00e4rker zum <strong>Regionalmarkt<\/strong> ausgebaut werden. So wird sich die Anzahl der St\u00e4nde mit regionalen, heimischen Produkten erh\u00f6hen. Auch f\u00fcr Essen und Trinken ist gesorgt, neben <strong>Lychener Bier<\/strong>, wird es u.a. auch den <strong>Kuchenbasar<\/strong> der Naturparkschule Theodor Fontane Menz wieder geben, nebst weiteren regionalen Spezialit\u00e4ten aus der Naturparkregion.<\/p>\n<div id=\"attachment_11138\" style=\"width: 310px\" class=\"wp-caption aligncenter\"><a href=\"https:\/\/www.naturparkmagazin.de\/stechlin\/wp-content\/uploads\/sites\/38\/most.jpg\"><img aria-describedby=\"caption-attachment-11138\" decoding=\"async\" loading=\"lazy\" class=\"size-thumbnail wp-image-11138\" src=\"https:\/\/www.naturparkmagazin.de\/stechlin\/wp-content\/uploads\/sites\/38\/most-300x180.jpg\" alt=\"Das fertige Produkt - Apfelsaft vom eigenen Baum. \u00a9 Foto: Heiko Strobel\" width=\"300\" height=\"180\" srcset=\"https:\/\/www.naturparkmagazin.de\/stechlin\/wp-content\/uploads\/sites\/38\/most-300x180.jpg 300w, https:\/\/www.naturparkmagazin.de\/stechlin\/wp-content\/uploads\/sites\/38\/most.jpg 500w, https:\/\/www.naturparkmagazin.de\/stechlin\/wp-content\/uploads\/sites\/38\/most-200x120.jpg 200w\" sizes=\"(max-width: 300px) 100vw, 300px\" \/><\/a><p id=\"caption-attachment-11138\" class=\"wp-caption-text\">Apfelsaft vom eigenen Baum kann bei Daisy von Arnim gepresst werden &#8211; bitte Termin tel. reservieren!\u00a9 Foto: Heiko Strobel<\/p><\/div>\n","protected":false},"excerpt":{"rendered":"<p>Freunde der paradisieschen Frucht sollten sich den Termin 14.10. unbedingt notieren! Wie in jedem Jahr findet in diesem Herbst wieder der Menzer Apfeltag statt.<\/p>\n","protected":false},"author":39,"featured_media":8858,"comment_status":"open","ping_status":"open","sticky":false,"template":"","format":"standard","meta":[],"categories":[11],"tags":[],"yoast_head":"<!-- This site is optimized with the Yoast SEO plugin v19.10 - https:\/\/yoast.com\/wordpress\/plugins\/seo\/ -->\n<title>Save the date - 18. Menzer Apfeltag am 14.10.2023 - Naturpark Stechlin-Ruppiner Land<\/title>\n<meta name=\"robots\" content=\"index, follow, max-snippet:-1, max-image-preview:large, max-video-preview:-1\" \/>\n<link rel=\"canonical\" href=\"https:\/\/www.naturparkmagazin.de\/stechlin\/save-the-date-18-menzer-apfeltag-am-14-10-2023\/\" \/>\n<meta property=\"og:locale\" content=\"de_DE\" \/>\n<meta property=\"og:type\" content=\"article\" \/>\n<meta property=\"og:title\" content=\"Save the date - 18. Menzer Apfeltag am 14.10.2023 - Naturpark Stechlin-Ruppiner Land\" \/>\n<meta property=\"og:description\" content=\"Freunde der paradisieschen Frucht sollten sich den Termin 14.10. unbedingt notieren! Wie in jedem Jahr findet in diesem Herbst wieder der Menzer Apfeltag statt.\" \/>\n<meta property=\"og:url\" content=\"https:\/\/www.naturparkmagazin.de\/stechlin\/save-the-date-18-menzer-apfeltag-am-14-10-2023\/\" \/>\n<meta property=\"og:site_name\" content=\"Naturpark Stechlin-Ruppiner Land\" \/>\n<meta property=\"article:published_time\" content=\"2023-08-18T14:08:52+00:00\" \/>\n<meta property=\"article:modified_time\" content=\"2023-08-29T10:05:59+00:00\" \/>\n<meta property=\"og:image\" content=\"https:\/\/www.naturparkmagazin.de\/stechlin\/wp-content\/uploads\/sites\/38\/Apfeltag-2019.jpg\" \/>\n\t<meta property=\"og:image:width\" content=\"200\" \/>\n\t<meta property=\"og:image:height\" content=\"200\" \/>\n\t<meta property=\"og:image:type\" content=\"image\/jpeg\" \/>\n<meta name=\"author\" content=\"marioschrumpf\" \/>\n<meta name=\"twitter:label1\" content=\"Verfasst von\" \/>\n\t<meta name=\"twitter:data1\" content=\"marioschrumpf\" \/>\n\t<meta name=\"twitter:label2\" content=\"Gesch\u00e4tzte Lesezeit\" \/>\n\t<meta name=\"twitter:data2\" content=\"2\u00a0Minuten\" \/>\n<script type=\"application\/ld+json\" class=\"yoast-schema-graph\">{\"@context\":\"https:\/\/schema.org\",\"@graph\":[{\"@type\":\"WebPage\",\"@id\":\"https:\/\/www.naturparkmagazin.de\/stechlin\/save-the-date-18-menzer-apfeltag-am-14-10-2023\/\",\"url\":\"https:\/\/www.naturparkmagazin.de\/stechlin\/save-the-date-18-menzer-apfeltag-am-14-10-2023\/\",\"name\":\"Save the date - 18. Menzer Apfeltag am 14.10.2023 - Naturpark Stechlin-Ruppiner Land\",\"isPartOf\":{\"@id\":\"https:\/\/www.naturparkmagazin.de\/stechlin\/#website\"},\"datePublished\":\"2023-08-18T14:08:52+00:00\",\"dateModified\":\"2023-08-29T10:05:59+00:00\",\"author\":{\"@id\":\"https:\/\/www.naturparkmagazin.de\/stechlin\/#\/schema\/person\/3f0d93203df21c806dd63c76d9bb28bc\"},\"breadcrumb\":{\"@id\":\"https:\/\/www.naturparkmagazin.de\/stechlin\/save-the-date-18-menzer-apfeltag-am-14-10-2023\/#breadcrumb\"},\"inLanguage\":\"de\",\"potentialAction\":[{\"@type\":\"ReadAction\",\"target\":[\"https:\/\/www.naturparkmagazin.de\/stechlin\/save-the-date-18-menzer-apfeltag-am-14-10-2023\/\"]}]},{\"@type\":\"BreadcrumbList\",\"@id\":\"https:\/\/www.naturparkmagazin.de\/stechlin\/save-the-date-18-menzer-apfeltag-am-14-10-2023\/#breadcrumb\",\"itemListElement\":[{\"@type\":\"ListItem\",\"position\":1,\"name\":\"Home\",\"item\":\"https:\/\/www.naturparkmagazin.de\/stechlin\/\"},{\"@type\":\"ListItem\",\"position\":2,\"name\":\"Save the date &#8211; 18. Menzer Apfeltag am 14.10.2023\"}]},{\"@type\":\"WebSite\",\"@id\":\"https:\/\/www.naturparkmagazin.de\/stechlin\/#website\",\"url\":\"https:\/\/www.naturparkmagazin.de\/stechlin\/\",\"name\":\"Naturpark Stechlin-Ruppiner Land\",\"description\":\"\",\"potentialAction\":[{\"@type\":\"SearchAction\",\"target\":{\"@type\":\"EntryPoint\",\"urlTemplate\":\"https:\/\/www.naturparkmagazin.de\/stechlin\/?s={search_term_string}\"},\"query-input\":\"required name=search_term_string\"}],\"inLanguage\":\"de\"},{\"@type\":\"Person\",\"@id\":\"https:\/\/www.naturparkmagazin.de\/stechlin\/#\/schema\/person\/3f0d93203df21c806dd63c76d9bb28bc\",\"name\":\"marioschrumpf\",\"url\":\"https:\/\/www.naturparkmagazin.de\/stechlin\/author\/marioschrumpf\/\"}]}<\/script>\n<!-- \/ Yoast SEO plugin. -->","yoast_head_json":{"title":"Save the date - 18. Menzer Apfeltag am 14.10.2023 - Naturpark Stechlin-Ruppiner Land","robots":{"index":"index","follow":"follow","max-snippet":"max-snippet:-1","max-image-preview":"max-image-preview:large","max-video-preview":"max-video-preview:-1"},"canonical":"https:\/\/www.naturparkmagazin.de\/stechlin\/save-the-date-18-menzer-apfeltag-am-14-10-2023\/","og_locale":"de_DE","og_type":"article","og_title":"Save the date - 18. Menzer Apfeltag am 14.10.2023 - Naturpark Stechlin-Ruppiner Land","og_description":"Freunde der paradisieschen Frucht sollten sich den Termin 14.10. unbedingt notieren! Wie in jedem Jahr findet in diesem Herbst wieder der Menzer Apfeltag statt.","og_url":"https:\/\/www.naturparkmagazin.de\/stechlin\/save-the-date-18-menzer-apfeltag-am-14-10-2023\/","og_site_name":"Naturpark Stechlin-Ruppiner Land","article_published_time":"2023-08-18T14:08:52+00:00","article_modified_time":"2023-08-29T10:05:59+00:00","og_image":[{"width":200,"height":200,"url":"https:\/\/www.naturparkmagazin.de\/stechlin\/wp-content\/uploads\/sites\/38\/Apfeltag-2019.jpg","type":"image\/jpeg"}],"author":"marioschrumpf","twitter_misc":{"Verfasst von":"marioschrumpf","Gesch\u00e4tzte Lesezeit":"2\u00a0Minuten"},"schema":{"@context":"https:\/\/schema.org","@graph":[{"@type":"WebPage","@id":"https:\/\/www.naturparkmagazin.de\/stechlin\/save-the-date-18-menzer-apfeltag-am-14-10-2023\/","url":"https:\/\/www.naturparkmagazin.de\/stechlin\/save-the-date-18-menzer-apfeltag-am-14-10-2023\/","name":"Save the date - 18. Menzer Apfeltag am 14.10.2023 - Naturpark Stechlin-Ruppiner Land","isPartOf":{"@id":"https:\/\/www.naturparkmagazin.de\/stechlin\/#website"},"datePublished":"2023-08-18T14:08:52+00:00","dateModified":"2023-08-29T10:05:59+00:00","author":{"@id":"https:\/\/www.naturparkmagazin.de\/stechlin\/#\/schema\/person\/3f0d93203df21c806dd63c76d9bb28bc"},"breadcrumb":{"@id":"https:\/\/www.naturparkmagazin.de\/stechlin\/save-the-date-18-menzer-apfeltag-am-14-10-2023\/#breadcrumb"},"inLanguage":"de","potentialAction":[{"@type":"ReadAction","target":["https:\/\/www.naturparkmagazin.de\/stechlin\/save-the-date-18-menzer-apfeltag-am-14-10-2023\/"]}]},{"@type":"BreadcrumbList","@id":"https:\/\/www.naturparkmagazin.de\/stechlin\/save-the-date-18-menzer-apfeltag-am-14-10-2023\/#breadcrumb","itemListElement":[{"@type":"ListItem","position":1,"name":"Home","item":"https:\/\/www.naturparkmagazin.de\/stechlin\/"},{"@type":"ListItem","position":2,"name":"Save the date &#8211; 18. Menzer Apfeltag am 14.10.2023"}]},{"@type":"WebSite","@id":"https:\/\/www.naturparkmagazin.de\/stechlin\/#website","url":"https:\/\/www.naturparkmagazin.de\/stechlin\/","name":"Naturpark Stechlin-Ruppiner Land","description":"","potentialAction":[{"@type":"SearchAction","target":{"@type":"EntryPoint","urlTemplate":"https:\/\/www.naturparkmagazin.de\/stechlin\/?s={search_term_string}"},"query-input":"required name=search_term_string"}],"inLanguage":"de"},{"@type":"Person","@id":"https:\/\/www.naturparkmagazin.de\/stechlin\/#\/schema\/person\/3f0d93203df21c806dd63c76d9bb28bc","name":"marioschrumpf","url":"https:\/\/www.naturparkmagazin.de\/stechlin\/author\/marioschrumpf\/"}]}},"_links":{"self":[{"href":"https:\/\/www.naturparkmagazin.de\/stechlin\/wp-json\/wp\/v2\/posts\/13900"}],"collection":[{"href":"https:\/\/www.naturparkmagazin.de\/stechlin\/wp-json\/wp\/v2\/posts"}],"about":[{"href":"https:\/\/www.naturparkmagazin.de\/stechlin\/wp-json\/wp\/v2\/types\/post"}],"author":[{"embeddable":true,"href":"https:\/\/www.naturparkmagazin.de\/stechlin\/wp-json\/wp\/v2\/users\/39"}],"replies":[{"embeddable":true,"href":"https:\/\/www.naturparkmagazin.de\/stechlin\/wp-json\/wp\/v2\/comments?post=13900"}],"version-history":[{"count":4,"href":"https:\/\/www.naturparkmagazin.de\/stechlin\/wp-json\/wp\/v2\/posts\/13900\/revisions"}],"predecessor-version":[{"id":14339,"href":"https:\/\/www.naturparkmagazin.de\/stechlin\/wp-json\/wp\/v2\/posts\/13900\/revisions\/14339"}],"wp:featuredmedia":[{"embeddable":true,"href":"https:\/\/www.naturparkmagazin.de\/stechlin\/wp-json\/wp\/v2\/media\/8858"}],"wp:attachment":[{"href":"https:\/\/www.naturparkmagazin.de\/stechlin\/wp-json\/wp\/v2\/media?parent=13900"}],"wp:term":[{"taxonomy":"category","embeddable":true,"href":"https:\/\/www.naturparkmagazin.de\/stechlin\/wp-json\/wp\/v2\/categories?post=13900"},{"taxonomy":"post_tag","embeddable":true,"href":"https:\/\/www.naturparkmagazin.de\/stechlin\/wp-json\/wp\/v2\/tags?post=13900"}],"curies":[{"name":"wp","href":"https:\/\/api.w.org\/{rel}","templated":true}]}}