{"id":13902,"date":"2023-07-18T16:04:47","date_gmt":"2023-07-18T14:04:47","guid":{"rendered":"https:\/\/www.naturparkmagazin.de\/stechlin\/?p=13902"},"modified":"2023-07-24T10:56:41","modified_gmt":"2023-07-24T08:56:41","slug":"bombige-bluete-wanderung-durch-die-bluehende-kyritz-ruppiner-heide","status":"publish","type":"post","link":"https:\/\/www.naturparkmagazin.de\/stechlin\/bombige-bluete-wanderung-durch-die-bluehende-kyritz-ruppiner-heide\/","title":{"rendered":"\u201eBombige Bl\u00fcte\u201c &#8211; Wanderung durch die bl\u00fchende Kyritz-Ruppiner Heide"},"content":{"rendered":"<p>Am 19. August l\u00e4dt der Wanderverein Rotation Berlin e.V. zu einer Wanderung in die Kyritz-Ruppiner Heide ein.<\/p>\n<div id=\"attachment_6912\" style=\"width: 190px\" class=\"wp-caption aligncenter\"><a href=\"https:\/\/www.naturparkmagazin.de\/stechlin\/wp-content\/uploads\/sites\/38\/Anwandern_002.jpg\"><img aria-describedby=\"caption-attachment-6912\" decoding=\"async\" loading=\"lazy\" class=\"wp-image-6912 size-full\" src=\"https:\/\/www.naturparkmagazin.de\/stechlin\/wp-content\/uploads\/sites\/38\/Anwandern_002.jpg\" alt=\"\" width=\"180\" height=\"250\" \/><\/a><p id=\"caption-attachment-6912\" class=\"wp-caption-text\">Der Heidewanderweg ist Dank einer Initiative des Amtes Temnitz gut ausgeschildert.\u00a9 Dr. MarioSchrumpf<\/p><\/div>\n<p>Start f\u00fcr die 26 km lange Wanderung ist an der Bushaltestelle Kunsterspring. Durch das Kunstertal geht es vorbei an der Kochquelle \u00fcber den Rauhen Berg zur Kyritz-Ruppiner Heide. Vom Heideerlebnisturm auf dem Sielmann-H\u00fcgel kann die Weite der bl\u00fchenden Heidelandschaft bewundert werden. \u00dcber R\u00e4gelin und Katerbow geht es weiter zum Ziel am Bahnhof Netzeband.<\/p>\n<div id=\"attachment_7789\" style=\"width: 310px\" class=\"wp-caption aligncenter\"><a href=\"https:\/\/www.naturparkmagazin.de\/stechlin\/wp-content\/uploads\/sites\/38\/Wanderer_198.jpg\"><img aria-describedby=\"caption-attachment-7789\" decoding=\"async\" loading=\"lazy\" class=\"wp-image-7789 size-thumbnail\" src=\"https:\/\/www.naturparkmagazin.de\/stechlin\/wp-content\/uploads\/sites\/38\/Wanderer_198-300x180.jpg\" alt=\"\" width=\"300\" height=\"180\" srcset=\"https:\/\/www.naturparkmagazin.de\/stechlin\/wp-content\/uploads\/sites\/38\/Wanderer_198-300x180.jpg 300w, https:\/\/www.naturparkmagazin.de\/stechlin\/wp-content\/uploads\/sites\/38\/Wanderer_198.jpg 500w, https:\/\/www.naturparkmagazin.de\/stechlin\/wp-content\/uploads\/sites\/38\/Wanderer_198-200x120.jpg 200w\" sizes=\"(max-width: 300px) 100vw, 300px\" \/><\/a><p id=\"caption-attachment-7789\" class=\"wp-caption-text\">Der Pr\u00e4sident des Berliner Wanderverbandes, Dr. Wolfgang Pagel (Mitte) wird die Wanderung f\u00fchren.\u00a9 Dr. MarioSchrumpf<\/p><\/div>\n<p>Bitte beim Wanderleiter Dr. Wolfgang Pagel (Tel. 0172\/9673116) <strong>bis 18. August anmelden<\/strong>!<\/p>\n<div id=\"attachment_5711\" style=\"width: 310px\" class=\"wp-caption aligncenter\"><a href=\"https:\/\/www.naturparkmagazin.de\/stechlin\/wp-content\/uploads\/sites\/38\/Pagel194.jpg\"><img aria-describedby=\"caption-attachment-5711\" decoding=\"async\" loading=\"lazy\" class=\"wp-image-5711 size-thumbnail\" src=\"https:\/\/www.naturparkmagazin.de\/stechlin\/wp-content\/uploads\/sites\/38\/Pagel194-300x180.jpg\" alt=\"\" width=\"300\" height=\"180\" srcset=\"https:\/\/www.naturparkmagazin.de\/stechlin\/wp-content\/uploads\/sites\/38\/Pagel194-300x180.jpg 300w, https:\/\/www.naturparkmagazin.de\/stechlin\/wp-content\/uploads\/sites\/38\/Pagel194.jpg 500w, https:\/\/www.naturparkmagazin.de\/stechlin\/wp-content\/uploads\/sites\/38\/Pagel194-200x120.jpg 200w\" sizes=\"(max-width: 300px) 100vw, 300px\" \/><\/a><p id=\"caption-attachment-5711\" class=\"wp-caption-text\">\u00a9 Dr. MarioSchrumpf<\/p><\/div>\n<p>Die An- und Abreise erfolgt mit \u00f6ffentlichen Verkehrsmitteln:<\/p>\n<p><strong>RE 6<\/strong><\/p>\n<p>Berlin-Charlottenburg, ab 7.12 Uhr<\/p>\n<p>Neuruppin, Rheinsberger Tor, an 8.24 Uhr<\/p>\n<p><strong>Bus 794<\/strong><\/p>\n<p>Neuruppin, Rheinsberger Tor, ab 8.43 Uhr<\/p>\n<p>Kunsterspring, an 8.56 Uhr<\/p>\n<p>&nbsp;<\/p>\n<p><strong>RE 6<\/strong><\/p>\n<p>Netzeband, ab 16.12 Uhr<\/p>\n<p>Berlin-Charlottenburg, an 17.45 Uhr<\/p>\n","protected":false},"excerpt":{"rendered":"<p>Am 19. August l\u00e4dt der Wanderverein Rotation Berlin e.V. zu einer Wanderung in die Kyritz-Ruppiner Heide ein.<\/p>\n","protected":false},"author":39,"featured_media":5753,"comment_status":"open","ping_status":"open","sticky":false,"template":"","format":"standard","meta":[],"categories":[11],"tags":[],"yoast_head":"<!-- This site is optimized with the Yoast SEO plugin v19.10 - https:\/\/yoast.com\/wordpress\/plugins\/seo\/ -->\n<title>\u201eBombige Bl\u00fcte\u201c - Wanderung durch die bl\u00fchende Kyritz-Ruppiner Heide - Naturpark Stechlin-Ruppiner Land<\/title>\n<meta name=\"robots\" content=\"index, follow, max-snippet:-1, max-image-preview:large, max-video-preview:-1\" \/>\n<link rel=\"canonical\" href=\"https:\/\/www.naturparkmagazin.de\/stechlin\/bombige-bluete-wanderung-durch-die-bluehende-kyritz-ruppiner-heide\/\" \/>\n<meta property=\"og:locale\" content=\"de_DE\" \/>\n<meta property=\"og:type\" content=\"article\" \/>\n<meta property=\"og:title\" content=\"\u201eBombige Bl\u00fcte\u201c - Wanderung durch die bl\u00fchende Kyritz-Ruppiner Heide - Naturpark Stechlin-Ruppiner Land\" \/>\n<meta property=\"og:description\" content=\"Am 19. August l\u00e4dt der Wanderverein Rotation Berlin e.V. zu einer Wanderung in die Kyritz-Ruppiner Heide ein.\" \/>\n<meta property=\"og:url\" content=\"https:\/\/www.naturparkmagazin.de\/stechlin\/bombige-bluete-wanderung-durch-die-bluehende-kyritz-ruppiner-heide\/\" \/>\n<meta property=\"og:site_name\" content=\"Naturpark Stechlin-Ruppiner Land\" \/>\n<meta property=\"article:published_time\" content=\"2023-07-18T14:04:47+00:00\" \/>\n<meta property=\"article:modified_time\" content=\"2023-07-24T08:56:41+00:00\" \/>\n<meta property=\"og:image\" content=\"https:\/\/www.naturparkmagazin.de\/stechlin\/wp-content\/uploads\/sites\/38\/anwandern.jpg\" \/>\n\t<meta property=\"og:image:width\" content=\"200\" \/>\n\t<meta property=\"og:image:height\" content=\"200\" \/>\n\t<meta property=\"og:image:type\" content=\"image\/jpeg\" \/>\n<meta name=\"author\" content=\"marioschrumpf\" \/>\n<meta name=\"twitter:label1\" content=\"Verfasst von\" \/>\n\t<meta name=\"twitter:data1\" content=\"marioschrumpf\" \/>\n\t<meta name=\"twitter:label2\" content=\"Gesch\u00e4tzte Lesezeit\" \/>\n\t<meta name=\"twitter:data2\" content=\"2\u00a0Minuten\" \/>\n<script type=\"application\/ld+json\" class=\"yoast-schema-graph\">{\"@context\":\"https:\/\/schema.org\",\"@graph\":[{\"@type\":\"WebPage\",\"@id\":\"https:\/\/www.naturparkmagazin.de\/stechlin\/bombige-bluete-wanderung-durch-die-bluehende-kyritz-ruppiner-heide\/\",\"url\":\"https:\/\/www.naturparkmagazin.de\/stechlin\/bombige-bluete-wanderung-durch-die-bluehende-kyritz-ruppiner-heide\/\",\"name\":\"\u201eBombige Bl\u00fcte\u201c - Wanderung durch die bl\u00fchende Kyritz-Ruppiner Heide - Naturpark Stechlin-Ruppiner Land\",\"isPartOf\":{\"@id\":\"https:\/\/www.naturparkmagazin.de\/stechlin\/#website\"},\"datePublished\":\"2023-07-18T14:04:47+00:00\",\"dateModified\":\"2023-07-24T08:56:41+00:00\",\"author\":{\"@id\":\"https:\/\/www.naturparkmagazin.de\/stechlin\/#\/schema\/person\/3f0d93203df21c806dd63c76d9bb28bc\"},\"breadcrumb\":{\"@id\":\"https:\/\/www.naturparkmagazin.de\/stechlin\/bombige-bluete-wanderung-durch-die-bluehende-kyritz-ruppiner-heide\/#breadcrumb\"},\"inLanguage\":\"de\",\"potentialAction\":[{\"@type\":\"ReadAction\",\"target\":[\"https:\/\/www.naturparkmagazin.de\/stechlin\/bombige-bluete-wanderung-durch-die-bluehende-kyritz-ruppiner-heide\/\"]}]},{\"@type\":\"BreadcrumbList\",\"@id\":\"https:\/\/www.naturparkmagazin.de\/stechlin\/bombige-bluete-wanderung-durch-die-bluehende-kyritz-ruppiner-heide\/#breadcrumb\",\"itemListElement\":[{\"@type\":\"ListItem\",\"position\":1,\"name\":\"Home\",\"item\":\"https:\/\/www.naturparkmagazin.de\/stechlin\/\"},{\"@type\":\"ListItem\",\"position\":2,\"name\":\"\u201eBombige Bl\u00fcte\u201c &#8211; Wanderung durch die bl\u00fchende Kyritz-Ruppiner Heide\"}]},{\"@type\":\"WebSite\",\"@id\":\"https:\/\/www.naturparkmagazin.de\/stechlin\/#website\",\"url\":\"https:\/\/www.naturparkmagazin.de\/stechlin\/\",\"name\":\"Naturpark Stechlin-Ruppiner Land\",\"description\":\"\",\"potentialAction\":[{\"@type\":\"SearchAction\",\"target\":{\"@type\":\"EntryPoint\",\"urlTemplate\":\"https:\/\/www.naturparkmagazin.de\/stechlin\/?s={search_term_string}\"},\"query-input\":\"required name=search_term_string\"}],\"inLanguage\":\"de\"},{\"@type\":\"Person\",\"@id\":\"https:\/\/www.naturparkmagazin.de\/stechlin\/#\/schema\/person\/3f0d93203df21c806dd63c76d9bb28bc\",\"name\":\"marioschrumpf\",\"url\":\"https:\/\/www.naturparkmagazin.de\/stechlin\/author\/marioschrumpf\/\"}]}<\/script>\n<!-- \/ Yoast SEO plugin. -->","yoast_head_json":{"title":"\u201eBombige Bl\u00fcte\u201c - Wanderung durch die bl\u00fchende Kyritz-Ruppiner Heide - Naturpark Stechlin-Ruppiner Land","robots":{"index":"index","follow":"follow","max-snippet":"max-snippet:-1","max-image-preview":"max-image-preview:large","max-video-preview":"max-video-preview:-1"},"canonical":"https:\/\/www.naturparkmagazin.de\/stechlin\/bombige-bluete-wanderung-durch-die-bluehende-kyritz-ruppiner-heide\/","og_locale":"de_DE","og_type":"article","og_title":"\u201eBombige Bl\u00fcte\u201c - Wanderung durch die bl\u00fchende Kyritz-Ruppiner Heide - Naturpark Stechlin-Ruppiner Land","og_description":"Am 19. August l\u00e4dt der Wanderverein Rotation Berlin e.V. zu einer Wanderung in die Kyritz-Ruppiner Heide ein.","og_url":"https:\/\/www.naturparkmagazin.de\/stechlin\/bombige-bluete-wanderung-durch-die-bluehende-kyritz-ruppiner-heide\/","og_site_name":"Naturpark Stechlin-Ruppiner Land","article_published_time":"2023-07-18T14:04:47+00:00","article_modified_time":"2023-07-24T08:56:41+00:00","og_image":[{"width":200,"height":200,"url":"https:\/\/www.naturparkmagazin.de\/stechlin\/wp-content\/uploads\/sites\/38\/anwandern.jpg","type":"image\/jpeg"}],"author":"marioschrumpf","twitter_misc":{"Verfasst von":"marioschrumpf","Gesch\u00e4tzte Lesezeit":"2\u00a0Minuten"},"schema":{"@context":"https:\/\/schema.org","@graph":[{"@type":"WebPage","@id":"https:\/\/www.naturparkmagazin.de\/stechlin\/bombige-bluete-wanderung-durch-die-bluehende-kyritz-ruppiner-heide\/","url":"https:\/\/www.naturparkmagazin.de\/stechlin\/bombige-bluete-wanderung-durch-die-bluehende-kyritz-ruppiner-heide\/","name":"\u201eBombige Bl\u00fcte\u201c - Wanderung durch die bl\u00fchende Kyritz-Ruppiner Heide - Naturpark Stechlin-Ruppiner Land","isPartOf":{"@id":"https:\/\/www.naturparkmagazin.de\/stechlin\/#website"},"datePublished":"2023-07-18T14:04:47+00:00","dateModified":"2023-07-24T08:56:41+00:00","author":{"@id":"https:\/\/www.naturparkmagazin.de\/stechlin\/#\/schema\/person\/3f0d93203df21c806dd63c76d9bb28bc"},"breadcrumb":{"@id":"https:\/\/www.naturparkmagazin.de\/stechlin\/bombige-bluete-wanderung-durch-die-bluehende-kyritz-ruppiner-heide\/#breadcrumb"},"inLanguage":"de","potentialAction":[{"@type":"ReadAction","target":["https:\/\/www.naturparkmagazin.de\/stechlin\/bombige-bluete-wanderung-durch-die-bluehende-kyritz-ruppiner-heide\/"]}]},{"@type":"BreadcrumbList","@id":"https:\/\/www.naturparkmagazin.de\/stechlin\/bombige-bluete-wanderung-durch-die-bluehende-kyritz-ruppiner-heide\/#breadcrumb","itemListElement":[{"@type":"ListItem","position":1,"name":"Home","item":"https:\/\/www.naturparkmagazin.de\/stechlin\/"},{"@type":"ListItem","position":2,"name":"\u201eBombige Bl\u00fcte\u201c &#8211; Wanderung durch die bl\u00fchende Kyritz-Ruppiner Heide"}]},{"@type":"WebSite","@id":"https:\/\/www.naturparkmagazin.de\/stechlin\/#website","url":"https:\/\/www.naturparkmagazin.de\/stechlin\/","name":"Naturpark Stechlin-Ruppiner Land","description":"","potentialAction":[{"@type":"SearchAction","target":{"@type":"EntryPoint","urlTemplate":"https:\/\/www.naturparkmagazin.de\/stechlin\/?s={search_term_string}"},"query-input":"required name=search_term_string"}],"inLanguage":"de"},{"@type":"Person","@id":"https:\/\/www.naturparkmagazin.de\/stechlin\/#\/schema\/person\/3f0d93203df21c806dd63c76d9bb28bc","name":"marioschrumpf","url":"https:\/\/www.naturparkmagazin.de\/stechlin\/author\/marioschrumpf\/"}]}},"_links":{"self":[{"href":"https:\/\/www.naturparkmagazin.de\/stechlin\/wp-json\/wp\/v2\/posts\/13902"}],"collection":[{"href":"https:\/\/www.naturparkmagazin.de\/stechlin\/wp-json\/wp\/v2\/posts"}],"about":[{"href":"https:\/\/www.naturparkmagazin.de\/stechlin\/wp-json\/wp\/v2\/types\/post"}],"author":[{"embeddable":true,"href":"https:\/\/www.naturparkmagazin.de\/stechlin\/wp-json\/wp\/v2\/users\/39"}],"replies":[{"embeddable":true,"href":"https:\/\/www.naturparkmagazin.de\/stechlin\/wp-json\/wp\/v2\/comments?post=13902"}],"version-history":[{"count":8,"href":"https:\/\/www.naturparkmagazin.de\/stechlin\/wp-json\/wp\/v2\/posts\/13902\/revisions"}],"predecessor-version":[{"id":14022,"href":"https:\/\/www.naturparkmagazin.de\/stechlin\/wp-json\/wp\/v2\/posts\/13902\/revisions\/14022"}],"wp:featuredmedia":[{"embeddable":true,"href":"https:\/\/www.naturparkmagazin.de\/stechlin\/wp-json\/wp\/v2\/media\/5753"}],"wp:attachment":[{"href":"https:\/\/www.naturparkmagazin.de\/stechlin\/wp-json\/wp\/v2\/media?parent=13902"}],"wp:term":[{"taxonomy":"category","embeddable":true,"href":"https:\/\/www.naturparkmagazin.de\/stechlin\/wp-json\/wp\/v2\/categories?post=13902"},{"taxonomy":"post_tag","embeddable":true,"href":"https:\/\/www.naturparkmagazin.de\/stechlin\/wp-json\/wp\/v2\/tags?post=13902"}],"curies":[{"name":"wp","href":"https:\/\/api.w.org\/{rel}","templated":true}]}}