{"id":13904,"date":"2023-07-18T16:05:08","date_gmt":"2023-07-18T14:05:08","guid":{"rendered":"https:\/\/www.naturparkmagazin.de\/stechlin\/?p=13904"},"modified":"2025-06-19T13:37:41","modified_gmt":"2025-06-19T11:37:41","slug":"fotoausstellung-von-michael-feierabend-in-der-rheinsberger-remise","status":"publish","type":"post","link":"https:\/\/www.naturparkmagazin.de\/stechlin\/fotoausstellung-von-michael-feierabend-in-der-rheinsberger-remise\/","title":{"rendered":"Fotoausstellung von Michael Feierabend in der Rheinsberger Remise (2023)"},"content":{"rendered":"<p>\u201e<em>Rheinsberg\u2013F\u00fcrstenberger Endmor\u00e4nenlandschaft &#8211; Hommage an eine wildromantische Landschaft<\/em>&#8220; ist der Titel einer Fotoausstellung von Michael Feierabend mit \u00dcber- und Unterwasserfotografien, Halb und Halb-Aufnahmen, horizontalen- und vertikalen Panoramen sowie Experimenten.<\/p>\n<p>&nbsp;<\/p>\n<div id=\"attachment_13959\" style=\"width: 310px\" class=\"wp-caption aligncenter\"><a href=\"https:\/\/www.naturparkmagazin.de\/stechlin\/wp-content\/uploads\/sites\/38\/Weitausladende-Buche.jpg\"><img aria-describedby=\"caption-attachment-13959\" decoding=\"async\" loading=\"lazy\" class=\"size-thumbnail wp-image-13959\" src=\"https:\/\/www.naturparkmagazin.de\/stechlin\/wp-content\/uploads\/sites\/38\/Weitausladende-Buche-300x180.jpg\" alt=\"\" width=\"300\" height=\"180\" srcset=\"https:\/\/www.naturparkmagazin.de\/stechlin\/wp-content\/uploads\/sites\/38\/Weitausladende-Buche-300x180.jpg 300w, https:\/\/www.naturparkmagazin.de\/stechlin\/wp-content\/uploads\/sites\/38\/Weitausladende-Buche-200x120.jpg 200w, https:\/\/www.naturparkmagazin.de\/stechlin\/wp-content\/uploads\/sites\/38\/Weitausladende-Buche.jpg 500w\" sizes=\"(max-width: 300px) 100vw, 300px\" \/><\/a><p id=\"caption-attachment-13959\" class=\"wp-caption-text\">Weitausladende Buche\u00a9 Michael Feierabend<\/p><\/div>\n<p>&nbsp;<\/p>\n<div id=\"attachment_13955\" style=\"width: 310px\" class=\"wp-caption aligncenter\"><a href=\"https:\/\/www.naturparkmagazin.de\/stechlin\/wp-content\/uploads\/sites\/38\/Binenbach.jpg\"><img aria-describedby=\"caption-attachment-13955\" decoding=\"async\" loading=\"lazy\" class=\"size-thumbnail wp-image-13955\" src=\"https:\/\/www.naturparkmagazin.de\/stechlin\/wp-content\/uploads\/sites\/38\/Binenbach-300x180.jpg\" alt=\"\" width=\"300\" height=\"180\" srcset=\"https:\/\/www.naturparkmagazin.de\/stechlin\/wp-content\/uploads\/sites\/38\/Binenbach-300x180.jpg 300w, https:\/\/www.naturparkmagazin.de\/stechlin\/wp-content\/uploads\/sites\/38\/Binenbach-200x120.jpg 200w, https:\/\/www.naturparkmagazin.de\/stechlin\/wp-content\/uploads\/sites\/38\/Binenbach.jpg 500w\" sizes=\"(max-width: 300px) 100vw, 300px\" \/><\/a><p id=\"caption-attachment-13955\" class=\"wp-caption-text\">Der Binenbach im NSG Ruppiner Schweiz.\u00a9 Michael Feierabend<\/p><\/div>\n<p>&nbsp;<\/p>\n<div id=\"attachment_13956\" style=\"width: 310px\" class=\"wp-caption aligncenter\"><a href=\"https:\/\/www.naturparkmagazin.de\/stechlin\/wp-content\/uploads\/sites\/38\/Hochmoor-Himmelreichsee.jpg\"><img aria-describedby=\"caption-attachment-13956\" decoding=\"async\" loading=\"lazy\" class=\"size-thumbnail wp-image-13956\" src=\"https:\/\/www.naturparkmagazin.de\/stechlin\/wp-content\/uploads\/sites\/38\/Hochmoor-Himmelreichsee-300x180.jpg\" alt=\"\" width=\"300\" height=\"180\" srcset=\"https:\/\/www.naturparkmagazin.de\/stechlin\/wp-content\/uploads\/sites\/38\/Hochmoor-Himmelreichsee-300x180.jpg 300w, https:\/\/www.naturparkmagazin.de\/stechlin\/wp-content\/uploads\/sites\/38\/Hochmoor-Himmelreichsee-200x120.jpg 200w, https:\/\/www.naturparkmagazin.de\/stechlin\/wp-content\/uploads\/sites\/38\/Hochmoor-Himmelreichsee.jpg 500w\" sizes=\"(max-width: 300px) 100vw, 300px\" \/><\/a><p id=\"caption-attachment-13956\" class=\"wp-caption-text\">Das Hochmoor im NSG Himmelreichsee.\u00a9 Michael Feierabend<\/p><\/div>\n<p><strong>Fotoausstellung<\/strong> in der Remise, M\u00fchlenstra\u00dfe 15, 16831 Rheinsberg\nvom 17. August bis 5. November 2023; Fotograf: Michael Feierabend<\/p>\n<p><strong>Er\u00f6ffnung 17.8.2023 um 17.00 Uhr<\/strong>\nDer Rheinsberger Drehorgelspieler, Norbert Gast, wird f\u00fcr musikalische Kl\u00e4nge sorgen.<\/p>\n<p>Die vor \u00fcber 10.000 Jahren zur\u00fcckweichenden Eisberge haben im Norden Brandenburgs eine einzigartig, malerisch, h\u00fcglige Landschaft geformt, die mit ihren ausgedehnten W\u00e4ldern und den unz\u00e4hligen Seen immer wieder magnetisch auf uns Menschen wirkt. Vielerorts zeugen die gewaltigen Findlinge von den Kr\u00e4ften der vergangenen Eiszeit. Oft verborgen in den W\u00e4ldern befinden sich die lebenswichtigen Hochmoore.<\/p>\n<p>In der Fotoausstellung wird diese landschaftliche Sch\u00f6nheit gezeigt. Besonders die Panoramafotografien versuchen einige der typischen Merkmale wiederzugeben. Mit Weitwinkel- und Detailfotografien wird ein Einblick in die Unterwasserwelt der Klarwasserseen gegeben.<\/p>\n<div id=\"attachment_13957\" style=\"width: 310px\" class=\"wp-caption aligncenter\"><a href=\"https:\/\/www.naturparkmagazin.de\/stechlin\/wp-content\/uploads\/sites\/38\/Plakat-A3-Ausstellung.jpg\"><img aria-describedby=\"caption-attachment-13957\" decoding=\"async\" loading=\"lazy\" class=\"size-full wp-image-13957\" src=\"https:\/\/www.naturparkmagazin.de\/stechlin\/wp-content\/uploads\/sites\/38\/Plakat-A3-Ausstellung.jpg\" alt=\"\" width=\"300\" height=\"434\" srcset=\"https:\/\/www.naturparkmagazin.de\/stechlin\/wp-content\/uploads\/sites\/38\/Plakat-A3-Ausstellung.jpg 300w, https:\/\/www.naturparkmagazin.de\/stechlin\/wp-content\/uploads\/sites\/38\/Plakat-A3-Ausstellung-200x289.jpg 200w\" sizes=\"(max-width: 300px) 100vw, 300px\" \/><\/a><p id=\"caption-attachment-13957\" class=\"wp-caption-text\">Plakat zur Ausstellung\u00a9 Michael Feierabend<\/p><\/div>\n","protected":false},"excerpt":{"rendered":"<p>\u201eRheinsberg\u2013F\u00fcrstenberger Endmor\u00e4nenlandschaft &#8211; Hommage an eine wildromantische Landschaft&#8220; ist der Titel einer Fotoausstellung von Michael Feierabend, die am 17. August in Rheinsberg er\u00f6ffnet wird.<\/p>\n","protected":false},"author":39,"featured_media":13958,"comment_status":"open","ping_status":"open","sticky":false,"template":"","format":"standard","meta":[],"categories":[11],"tags":[],"yoast_head":"<!-- This site is optimized with the Yoast SEO plugin v19.10 - https:\/\/yoast.com\/wordpress\/plugins\/seo\/ -->\n<title>Fotoausstellung von Michael Feierabend in der Rheinsberger Remise (2023) - Naturpark Stechlin-Ruppiner Land<\/title>\n<meta name=\"robots\" content=\"index, follow, max-snippet:-1, max-image-preview:large, max-video-preview:-1\" \/>\n<link rel=\"canonical\" href=\"https:\/\/www.naturparkmagazin.de\/stechlin\/fotoausstellung-von-michael-feierabend-in-der-rheinsberger-remise\/\" \/>\n<meta property=\"og:locale\" content=\"de_DE\" \/>\n<meta property=\"og:type\" content=\"article\" \/>\n<meta property=\"og:title\" content=\"Fotoausstellung von Michael Feierabend in der Rheinsberger Remise (2023) - Naturpark Stechlin-Ruppiner Land\" \/>\n<meta property=\"og:description\" content=\"\u201eRheinsberg\u2013F\u00fcrstenberger Endmor\u00e4nenlandschaft - Hommage an eine wildromantische Landschaft&quot; ist der Titel einer Fotoausstellung von Michael Feierabend, die am 17. August in Rheinsberg er\u00f6ffnet wird.\" \/>\n<meta property=\"og:url\" content=\"https:\/\/www.naturparkmagazin.de\/stechlin\/fotoausstellung-von-michael-feierabend-in-der-rheinsberger-remise\/\" \/>\n<meta property=\"og:site_name\" content=\"Naturpark Stechlin-Ruppiner Land\" \/>\n<meta property=\"article:published_time\" content=\"2023-07-18T14:05:08+00:00\" \/>\n<meta property=\"article:modified_time\" content=\"2025-06-19T11:37:41+00:00\" \/>\n<meta property=\"og:image\" content=\"https:\/\/www.naturparkmagazin.de\/stechlin\/wp-content\/uploads\/sites\/38\/Plakat-A3-Ausstellung_a.jpg\" \/>\n\t<meta property=\"og:image:width\" content=\"200\" \/>\n\t<meta property=\"og:image:height\" content=\"200\" \/>\n\t<meta property=\"og:image:type\" content=\"image\/jpeg\" \/>\n<meta name=\"author\" content=\"marioschrumpf\" \/>\n<meta name=\"twitter:label1\" content=\"Verfasst von\" \/>\n\t<meta name=\"twitter:data1\" content=\"marioschrumpf\" \/>\n\t<meta name=\"twitter:label2\" content=\"Gesch\u00e4tzte Lesezeit\" \/>\n\t<meta name=\"twitter:data2\" content=\"2\u00a0Minuten\" \/>\n<script type=\"application\/ld+json\" class=\"yoast-schema-graph\">{\"@context\":\"https:\/\/schema.org\",\"@graph\":[{\"@type\":\"WebPage\",\"@id\":\"https:\/\/www.naturparkmagazin.de\/stechlin\/fotoausstellung-von-michael-feierabend-in-der-rheinsberger-remise\/\",\"url\":\"https:\/\/www.naturparkmagazin.de\/stechlin\/fotoausstellung-von-michael-feierabend-in-der-rheinsberger-remise\/\",\"name\":\"Fotoausstellung von Michael Feierabend in der Rheinsberger Remise (2023) - Naturpark Stechlin-Ruppiner Land\",\"isPartOf\":{\"@id\":\"https:\/\/www.naturparkmagazin.de\/stechlin\/#website\"},\"datePublished\":\"2023-07-18T14:05:08+00:00\",\"dateModified\":\"2025-06-19T11:37:41+00:00\",\"author\":{\"@id\":\"https:\/\/www.naturparkmagazin.de\/stechlin\/#\/schema\/person\/3f0d93203df21c806dd63c76d9bb28bc\"},\"breadcrumb\":{\"@id\":\"https:\/\/www.naturparkmagazin.de\/stechlin\/fotoausstellung-von-michael-feierabend-in-der-rheinsberger-remise\/#breadcrumb\"},\"inLanguage\":\"de\",\"potentialAction\":[{\"@type\":\"ReadAction\",\"target\":[\"https:\/\/www.naturparkmagazin.de\/stechlin\/fotoausstellung-von-michael-feierabend-in-der-rheinsberger-remise\/\"]}]},{\"@type\":\"BreadcrumbList\",\"@id\":\"https:\/\/www.naturparkmagazin.de\/stechlin\/fotoausstellung-von-michael-feierabend-in-der-rheinsberger-remise\/#breadcrumb\",\"itemListElement\":[{\"@type\":\"ListItem\",\"position\":1,\"name\":\"Home\",\"item\":\"https:\/\/www.naturparkmagazin.de\/stechlin\/\"},{\"@type\":\"ListItem\",\"position\":2,\"name\":\"Fotoausstellung von Michael Feierabend in der Rheinsberger Remise (2023)\"}]},{\"@type\":\"WebSite\",\"@id\":\"https:\/\/www.naturparkmagazin.de\/stechlin\/#website\",\"url\":\"https:\/\/www.naturparkmagazin.de\/stechlin\/\",\"name\":\"Naturpark Stechlin-Ruppiner Land\",\"description\":\"\",\"potentialAction\":[{\"@type\":\"SearchAction\",\"target\":{\"@type\":\"EntryPoint\",\"urlTemplate\":\"https:\/\/www.naturparkmagazin.de\/stechlin\/?s={search_term_string}\"},\"query-input\":\"required name=search_term_string\"}],\"inLanguage\":\"de\"},{\"@type\":\"Person\",\"@id\":\"https:\/\/www.naturparkmagazin.de\/stechlin\/#\/schema\/person\/3f0d93203df21c806dd63c76d9bb28bc\",\"name\":\"marioschrumpf\",\"url\":\"https:\/\/www.naturparkmagazin.de\/stechlin\/author\/marioschrumpf\/\"}]}<\/script>\n<!-- \/ Yoast SEO plugin. -->","yoast_head_json":{"title":"Fotoausstellung von Michael Feierabend in der Rheinsberger Remise (2023) - Naturpark Stechlin-Ruppiner Land","robots":{"index":"index","follow":"follow","max-snippet":"max-snippet:-1","max-image-preview":"max-image-preview:large","max-video-preview":"max-video-preview:-1"},"canonical":"https:\/\/www.naturparkmagazin.de\/stechlin\/fotoausstellung-von-michael-feierabend-in-der-rheinsberger-remise\/","og_locale":"de_DE","og_type":"article","og_title":"Fotoausstellung von Michael Feierabend in der Rheinsberger Remise (2023) - Naturpark Stechlin-Ruppiner Land","og_description":"\u201eRheinsberg\u2013F\u00fcrstenberger Endmor\u00e4nenlandschaft - Hommage an eine wildromantische Landschaft\" ist der Titel einer Fotoausstellung von Michael Feierabend, die am 17. August in Rheinsberg er\u00f6ffnet wird.","og_url":"https:\/\/www.naturparkmagazin.de\/stechlin\/fotoausstellung-von-michael-feierabend-in-der-rheinsberger-remise\/","og_site_name":"Naturpark Stechlin-Ruppiner Land","article_published_time":"2023-07-18T14:05:08+00:00","article_modified_time":"2025-06-19T11:37:41+00:00","og_image":[{"width":200,"height":200,"url":"https:\/\/www.naturparkmagazin.de\/stechlin\/wp-content\/uploads\/sites\/38\/Plakat-A3-Ausstellung_a.jpg","type":"image\/jpeg"}],"author":"marioschrumpf","twitter_misc":{"Verfasst von":"marioschrumpf","Gesch\u00e4tzte Lesezeit":"2\u00a0Minuten"},"schema":{"@context":"https:\/\/schema.org","@graph":[{"@type":"WebPage","@id":"https:\/\/www.naturparkmagazin.de\/stechlin\/fotoausstellung-von-michael-feierabend-in-der-rheinsberger-remise\/","url":"https:\/\/www.naturparkmagazin.de\/stechlin\/fotoausstellung-von-michael-feierabend-in-der-rheinsberger-remise\/","name":"Fotoausstellung von Michael Feierabend in der Rheinsberger Remise (2023) - Naturpark Stechlin-Ruppiner Land","isPartOf":{"@id":"https:\/\/www.naturparkmagazin.de\/stechlin\/#website"},"datePublished":"2023-07-18T14:05:08+00:00","dateModified":"2025-06-19T11:37:41+00:00","author":{"@id":"https:\/\/www.naturparkmagazin.de\/stechlin\/#\/schema\/person\/3f0d93203df21c806dd63c76d9bb28bc"},"breadcrumb":{"@id":"https:\/\/www.naturparkmagazin.de\/stechlin\/fotoausstellung-von-michael-feierabend-in-der-rheinsberger-remise\/#breadcrumb"},"inLanguage":"de","potentialAction":[{"@type":"ReadAction","target":["https:\/\/www.naturparkmagazin.de\/stechlin\/fotoausstellung-von-michael-feierabend-in-der-rheinsberger-remise\/"]}]},{"@type":"BreadcrumbList","@id":"https:\/\/www.naturparkmagazin.de\/stechlin\/fotoausstellung-von-michael-feierabend-in-der-rheinsberger-remise\/#breadcrumb","itemListElement":[{"@type":"ListItem","position":1,"name":"Home","item":"https:\/\/www.naturparkmagazin.de\/stechlin\/"},{"@type":"ListItem","position":2,"name":"Fotoausstellung von Michael Feierabend in der Rheinsberger Remise (2023)"}]},{"@type":"WebSite","@id":"https:\/\/www.naturparkmagazin.de\/stechlin\/#website","url":"https:\/\/www.naturparkmagazin.de\/stechlin\/","name":"Naturpark Stechlin-Ruppiner Land","description":"","potentialAction":[{"@type":"SearchAction","target":{"@type":"EntryPoint","urlTemplate":"https:\/\/www.naturparkmagazin.de\/stechlin\/?s={search_term_string}"},"query-input":"required name=search_term_string"}],"inLanguage":"de"},{"@type":"Person","@id":"https:\/\/www.naturparkmagazin.de\/stechlin\/#\/schema\/person\/3f0d93203df21c806dd63c76d9bb28bc","name":"marioschrumpf","url":"https:\/\/www.naturparkmagazin.de\/stechlin\/author\/marioschrumpf\/"}]}},"_links":{"self":[{"href":"https:\/\/www.naturparkmagazin.de\/stechlin\/wp-json\/wp\/v2\/posts\/13904"}],"collection":[{"href":"https:\/\/www.naturparkmagazin.de\/stechlin\/wp-json\/wp\/v2\/posts"}],"about":[{"href":"https:\/\/www.naturparkmagazin.de\/stechlin\/wp-json\/wp\/v2\/types\/post"}],"author":[{"embeddable":true,"href":"https:\/\/www.naturparkmagazin.de\/stechlin\/wp-json\/wp\/v2\/users\/39"}],"replies":[{"embeddable":true,"href":"https:\/\/www.naturparkmagazin.de\/stechlin\/wp-json\/wp\/v2\/comments?post=13904"}],"version-history":[{"count":8,"href":"https:\/\/www.naturparkmagazin.de\/stechlin\/wp-json\/wp\/v2\/posts\/13904\/revisions"}],"predecessor-version":[{"id":17501,"href":"https:\/\/www.naturparkmagazin.de\/stechlin\/wp-json\/wp\/v2\/posts\/13904\/revisions\/17501"}],"wp:featuredmedia":[{"embeddable":true,"href":"https:\/\/www.naturparkmagazin.de\/stechlin\/wp-json\/wp\/v2\/media\/13958"}],"wp:attachment":[{"href":"https:\/\/www.naturparkmagazin.de\/stechlin\/wp-json\/wp\/v2\/media?parent=13904"}],"wp:term":[{"taxonomy":"category","embeddable":true,"href":"https:\/\/www.naturparkmagazin.de\/stechlin\/wp-json\/wp\/v2\/categories?post=13904"},{"taxonomy":"post_tag","embeddable":true,"href":"https:\/\/www.naturparkmagazin.de\/stechlin\/wp-json\/wp\/v2\/tags?post=13904"}],"curies":[{"name":"wp","href":"https:\/\/api.w.org\/{rel}","templated":true}]}}