{"id":13906,"date":"2023-07-18T16:06:01","date_gmt":"2023-07-18T14:06:01","guid":{"rendered":"https:\/\/www.naturparkmagazin.de\/stechlin\/?p=13906"},"modified":"2023-08-07T10:26:17","modified_gmt":"2023-08-07T08:26:17","slug":"sommer-obstbaum-schnittkurs-in-der-regionalwerkstatt-stechlin-in-menz-am-12-august-2023","status":"publish","type":"post","link":"https:\/\/www.naturparkmagazin.de\/stechlin\/sommer-obstbaum-schnittkurs-in-der-regionalwerkstatt-stechlin-in-menz-am-12-august-2023\/","title":{"rendered":"Sommer-Obstbaum-Schnittkurs in der Regionalwerkstatt Stechlin in Menz am 12. August 2023"},"content":{"rendered":"<p>Auf Initiative der Naturparkverwaltung wurde im letzten Winter erstmals ein Schnittlehrgang f\u00fcr Obstb\u00e4ume in Menz angeboten. Kursleiter war Marc Marquardt, ausgebildeter Obstbaumwart aus Heinrichsdorf. Sein Angebot wird jetzt erweitert um einen Sommerschnittkurs in der Regionalwerkstatt Stechlin in Menz.<\/p>\n<p>Dieser findet am <strong>12. August von 10:00 &#8211; 15:00 Uhr<\/strong> statt.<\/p>\n<div id=\"attachment_13357\" style=\"width: 310px\" class=\"wp-caption aligncenter\"><a href=\"https:\/\/www.naturparkmagazin.de\/stechlin\/wp-content\/uploads\/sites\/38\/DSC_0048.jpg\"><img aria-describedby=\"caption-attachment-13357\" decoding=\"async\" loading=\"lazy\" class=\"wp-image-13357 size-thumbnail\" src=\"https:\/\/www.naturparkmagazin.de\/stechlin\/wp-content\/uploads\/sites\/38\/DSC_0048-300x180.jpg\" alt=\"\" width=\"300\" height=\"180\" srcset=\"https:\/\/www.naturparkmagazin.de\/stechlin\/wp-content\/uploads\/sites\/38\/DSC_0048-300x180.jpg 300w, https:\/\/www.naturparkmagazin.de\/stechlin\/wp-content\/uploads\/sites\/38\/DSC_0048-200x120.jpg 200w, https:\/\/www.naturparkmagazin.de\/stechlin\/wp-content\/uploads\/sites\/38\/DSC_0048.jpg 500w\" sizes=\"(max-width: 300px) 100vw, 300px\" \/><\/a><p id=\"caption-attachment-13357\" class=\"wp-caption-text\">Bei der Pflege der Obsthochst\u00e4mme geht es hoch hinaus\u00a9 Thomas Hahn<\/p><\/div>\n<p>Der Sommerschnitt stellt eine wichtige Ma\u00dfnahme zum Erhalt vitaler Obstb\u00e4ume dar. In diesem Kurs werden die Vorteile bestimmter Pflegema\u00dfnahmen in den Sommermonaten bis August aufgezeigt in Erg\u00e4nzung zum traditionellen Erziehungsschnitt in den Monaten der Winterruhe. Der Kursleiter beantwortet die Frage: Warum gilt der Sommer vor allem f\u00fcr S\u00fc\u00dfkirschen als idealer Schnittzeitpunkt?<\/p>\n<p>Langanhaltende D\u00fcrre und m\u00e4\u00dfige Bodenverh\u00e4ltnisse stellen f\u00fcr den Anbau von Obst in unserer Region eine stets gr\u00f6\u00dfer werdende Herausforderung dar. Im Kurs werden Ma\u00dfnahmen aus der Praxis aufgezeigt, wie Obstb\u00e4ume unbeschadet der D\u00fcrre trotzen und uns weiterhin mit frischen und giftfreien Fr\u00fcchten versorgen k\u00f6nnen.<\/p>\n<p>Ohne Mahd keine Streuobstwiese! Das anfallende Heu kann vielf\u00e4ltig genutzt werden. Als Bonus wird der Aufbau und die Nutzung eines so genannten Heureuters Schritt f\u00fcr Schritt aufgezeigt und bei Interesse direkt auf der Streuobstwiese in Menz in die Praxis umgesetzt.<\/p>\n<p><strong>Zielgruppe:<\/strong> Kleing\u00e4rtner: innen, Streuobstwiesenbesitzer: innen, Interessierte am Obstbau<\/p>\n<p><strong>Erforderliche Ausr\u00fcstung:<\/strong> Wetterfeste Kleidung, Arbeitshandschuhe, Werkzeug (falls vorhanden)<\/p>\n<p><span style=\"color: #ff0000\"><strong>Kontakt \u2013 Anmeldung bitte bis 4.8.2023 (max. Teilnehmerzahl 15)<\/strong><\/span><\/p>\n<p>Heiko Strobel; Telefon: 033082 40714; E-Mail: heiko.strobel@lfu.brandenburg.de<\/p>\n<p><strong>Ort der Veranstaltung:<\/strong><\/p>\n<p>Regionalwerkstatt Stechlin, Friedensplatz 9, 16775 Stechlin OT Menz sowie auf der Menzer Streuobstwiese<\/p>\n","protected":false},"excerpt":{"rendered":"<p>Das Angebot f\u00fcr Obstbaum-Schnittlehrg\u00e4nge im Naturpark wird um einen Sommerschnittkurs erweitert.<\/p>\n","protected":false},"author":39,"featured_media":11767,"comment_status":"open","ping_status":"open","sticky":false,"template":"","format":"standard","meta":[],"categories":[11],"tags":[],"yoast_head":"<!-- This site is optimized with the Yoast SEO plugin v19.10 - https:\/\/yoast.com\/wordpress\/plugins\/seo\/ -->\n<title>Sommer-Obstbaum-Schnittkurs in der Regionalwerkstatt Stechlin in Menz am 12. August 2023 - Naturpark Stechlin-Ruppiner Land<\/title>\n<meta name=\"robots\" content=\"index, follow, max-snippet:-1, max-image-preview:large, max-video-preview:-1\" \/>\n<link rel=\"canonical\" href=\"https:\/\/www.naturparkmagazin.de\/stechlin\/sommer-obstbaum-schnittkurs-in-der-regionalwerkstatt-stechlin-in-menz-am-12-august-2023\/\" \/>\n<meta property=\"og:locale\" content=\"de_DE\" \/>\n<meta property=\"og:type\" content=\"article\" \/>\n<meta property=\"og:title\" content=\"Sommer-Obstbaum-Schnittkurs in der Regionalwerkstatt Stechlin in Menz am 12. August 2023 - Naturpark Stechlin-Ruppiner Land\" \/>\n<meta property=\"og:description\" content=\"Das Angebot f\u00fcr Obstbaum-Schnittlehrg\u00e4nge im Naturpark wird um einen Sommerschnittkurs erweitert.\" \/>\n<meta property=\"og:url\" content=\"https:\/\/www.naturparkmagazin.de\/stechlin\/sommer-obstbaum-schnittkurs-in-der-regionalwerkstatt-stechlin-in-menz-am-12-august-2023\/\" \/>\n<meta property=\"og:site_name\" content=\"Naturpark Stechlin-Ruppiner Land\" \/>\n<meta property=\"article:published_time\" content=\"2023-07-18T14:06:01+00:00\" \/>\n<meta property=\"article:modified_time\" content=\"2023-08-07T08:26:17+00:00\" \/>\n<meta property=\"og:image\" content=\"https:\/\/www.naturparkmagazin.de\/stechlin\/wp-content\/uploads\/sites\/38\/2_a.jpg\" \/>\n\t<meta property=\"og:image:width\" content=\"200\" \/>\n\t<meta property=\"og:image:height\" content=\"200\" \/>\n\t<meta property=\"og:image:type\" content=\"image\/jpeg\" \/>\n<meta name=\"author\" content=\"marioschrumpf\" \/>\n<meta name=\"twitter:label1\" content=\"Verfasst von\" \/>\n\t<meta name=\"twitter:data1\" content=\"marioschrumpf\" \/>\n\t<meta name=\"twitter:label2\" content=\"Gesch\u00e4tzte Lesezeit\" \/>\n\t<meta name=\"twitter:data2\" content=\"2\u00a0Minuten\" \/>\n<script type=\"application\/ld+json\" class=\"yoast-schema-graph\">{\"@context\":\"https:\/\/schema.org\",\"@graph\":[{\"@type\":\"WebPage\",\"@id\":\"https:\/\/www.naturparkmagazin.de\/stechlin\/sommer-obstbaum-schnittkurs-in-der-regionalwerkstatt-stechlin-in-menz-am-12-august-2023\/\",\"url\":\"https:\/\/www.naturparkmagazin.de\/stechlin\/sommer-obstbaum-schnittkurs-in-der-regionalwerkstatt-stechlin-in-menz-am-12-august-2023\/\",\"name\":\"Sommer-Obstbaum-Schnittkurs in der Regionalwerkstatt Stechlin in Menz am 12. August 2023 - Naturpark Stechlin-Ruppiner Land\",\"isPartOf\":{\"@id\":\"https:\/\/www.naturparkmagazin.de\/stechlin\/#website\"},\"datePublished\":\"2023-07-18T14:06:01+00:00\",\"dateModified\":\"2023-08-07T08:26:17+00:00\",\"author\":{\"@id\":\"https:\/\/www.naturparkmagazin.de\/stechlin\/#\/schema\/person\/3f0d93203df21c806dd63c76d9bb28bc\"},\"breadcrumb\":{\"@id\":\"https:\/\/www.naturparkmagazin.de\/stechlin\/sommer-obstbaum-schnittkurs-in-der-regionalwerkstatt-stechlin-in-menz-am-12-august-2023\/#breadcrumb\"},\"inLanguage\":\"de\",\"potentialAction\":[{\"@type\":\"ReadAction\",\"target\":[\"https:\/\/www.naturparkmagazin.de\/stechlin\/sommer-obstbaum-schnittkurs-in-der-regionalwerkstatt-stechlin-in-menz-am-12-august-2023\/\"]}]},{\"@type\":\"BreadcrumbList\",\"@id\":\"https:\/\/www.naturparkmagazin.de\/stechlin\/sommer-obstbaum-schnittkurs-in-der-regionalwerkstatt-stechlin-in-menz-am-12-august-2023\/#breadcrumb\",\"itemListElement\":[{\"@type\":\"ListItem\",\"position\":1,\"name\":\"Home\",\"item\":\"https:\/\/www.naturparkmagazin.de\/stechlin\/\"},{\"@type\":\"ListItem\",\"position\":2,\"name\":\"Sommer-Obstbaum-Schnittkurs in der Regionalwerkstatt Stechlin in Menz am 12. August 2023\"}]},{\"@type\":\"WebSite\",\"@id\":\"https:\/\/www.naturparkmagazin.de\/stechlin\/#website\",\"url\":\"https:\/\/www.naturparkmagazin.de\/stechlin\/\",\"name\":\"Naturpark Stechlin-Ruppiner Land\",\"description\":\"\",\"potentialAction\":[{\"@type\":\"SearchAction\",\"target\":{\"@type\":\"EntryPoint\",\"urlTemplate\":\"https:\/\/www.naturparkmagazin.de\/stechlin\/?s={search_term_string}\"},\"query-input\":\"required name=search_term_string\"}],\"inLanguage\":\"de\"},{\"@type\":\"Person\",\"@id\":\"https:\/\/www.naturparkmagazin.de\/stechlin\/#\/schema\/person\/3f0d93203df21c806dd63c76d9bb28bc\",\"name\":\"marioschrumpf\",\"url\":\"https:\/\/www.naturparkmagazin.de\/stechlin\/author\/marioschrumpf\/\"}]}<\/script>\n<!-- \/ Yoast SEO plugin. -->","yoast_head_json":{"title":"Sommer-Obstbaum-Schnittkurs in der Regionalwerkstatt Stechlin in Menz am 12. August 2023 - Naturpark Stechlin-Ruppiner Land","robots":{"index":"index","follow":"follow","max-snippet":"max-snippet:-1","max-image-preview":"max-image-preview:large","max-video-preview":"max-video-preview:-1"},"canonical":"https:\/\/www.naturparkmagazin.de\/stechlin\/sommer-obstbaum-schnittkurs-in-der-regionalwerkstatt-stechlin-in-menz-am-12-august-2023\/","og_locale":"de_DE","og_type":"article","og_title":"Sommer-Obstbaum-Schnittkurs in der Regionalwerkstatt Stechlin in Menz am 12. August 2023 - Naturpark Stechlin-Ruppiner Land","og_description":"Das Angebot f\u00fcr Obstbaum-Schnittlehrg\u00e4nge im Naturpark wird um einen Sommerschnittkurs erweitert.","og_url":"https:\/\/www.naturparkmagazin.de\/stechlin\/sommer-obstbaum-schnittkurs-in-der-regionalwerkstatt-stechlin-in-menz-am-12-august-2023\/","og_site_name":"Naturpark Stechlin-Ruppiner Land","article_published_time":"2023-07-18T14:06:01+00:00","article_modified_time":"2023-08-07T08:26:17+00:00","og_image":[{"width":200,"height":200,"url":"https:\/\/www.naturparkmagazin.de\/stechlin\/wp-content\/uploads\/sites\/38\/2_a.jpg","type":"image\/jpeg"}],"author":"marioschrumpf","twitter_misc":{"Verfasst von":"marioschrumpf","Gesch\u00e4tzte Lesezeit":"2\u00a0Minuten"},"schema":{"@context":"https:\/\/schema.org","@graph":[{"@type":"WebPage","@id":"https:\/\/www.naturparkmagazin.de\/stechlin\/sommer-obstbaum-schnittkurs-in-der-regionalwerkstatt-stechlin-in-menz-am-12-august-2023\/","url":"https:\/\/www.naturparkmagazin.de\/stechlin\/sommer-obstbaum-schnittkurs-in-der-regionalwerkstatt-stechlin-in-menz-am-12-august-2023\/","name":"Sommer-Obstbaum-Schnittkurs in der Regionalwerkstatt Stechlin in Menz am 12. August 2023 - Naturpark Stechlin-Ruppiner Land","isPartOf":{"@id":"https:\/\/www.naturparkmagazin.de\/stechlin\/#website"},"datePublished":"2023-07-18T14:06:01+00:00","dateModified":"2023-08-07T08:26:17+00:00","author":{"@id":"https:\/\/www.naturparkmagazin.de\/stechlin\/#\/schema\/person\/3f0d93203df21c806dd63c76d9bb28bc"},"breadcrumb":{"@id":"https:\/\/www.naturparkmagazin.de\/stechlin\/sommer-obstbaum-schnittkurs-in-der-regionalwerkstatt-stechlin-in-menz-am-12-august-2023\/#breadcrumb"},"inLanguage":"de","potentialAction":[{"@type":"ReadAction","target":["https:\/\/www.naturparkmagazin.de\/stechlin\/sommer-obstbaum-schnittkurs-in-der-regionalwerkstatt-stechlin-in-menz-am-12-august-2023\/"]}]},{"@type":"BreadcrumbList","@id":"https:\/\/www.naturparkmagazin.de\/stechlin\/sommer-obstbaum-schnittkurs-in-der-regionalwerkstatt-stechlin-in-menz-am-12-august-2023\/#breadcrumb","itemListElement":[{"@type":"ListItem","position":1,"name":"Home","item":"https:\/\/www.naturparkmagazin.de\/stechlin\/"},{"@type":"ListItem","position":2,"name":"Sommer-Obstbaum-Schnittkurs in der Regionalwerkstatt Stechlin in Menz am 12. August 2023"}]},{"@type":"WebSite","@id":"https:\/\/www.naturparkmagazin.de\/stechlin\/#website","url":"https:\/\/www.naturparkmagazin.de\/stechlin\/","name":"Naturpark Stechlin-Ruppiner Land","description":"","potentialAction":[{"@type":"SearchAction","target":{"@type":"EntryPoint","urlTemplate":"https:\/\/www.naturparkmagazin.de\/stechlin\/?s={search_term_string}"},"query-input":"required name=search_term_string"}],"inLanguage":"de"},{"@type":"Person","@id":"https:\/\/www.naturparkmagazin.de\/stechlin\/#\/schema\/person\/3f0d93203df21c806dd63c76d9bb28bc","name":"marioschrumpf","url":"https:\/\/www.naturparkmagazin.de\/stechlin\/author\/marioschrumpf\/"}]}},"_links":{"self":[{"href":"https:\/\/www.naturparkmagazin.de\/stechlin\/wp-json\/wp\/v2\/posts\/13906"}],"collection":[{"href":"https:\/\/www.naturparkmagazin.de\/stechlin\/wp-json\/wp\/v2\/posts"}],"about":[{"href":"https:\/\/www.naturparkmagazin.de\/stechlin\/wp-json\/wp\/v2\/types\/post"}],"author":[{"embeddable":true,"href":"https:\/\/www.naturparkmagazin.de\/stechlin\/wp-json\/wp\/v2\/users\/39"}],"replies":[{"embeddable":true,"href":"https:\/\/www.naturparkmagazin.de\/stechlin\/wp-json\/wp\/v2\/comments?post=13906"}],"version-history":[{"count":6,"href":"https:\/\/www.naturparkmagazin.de\/stechlin\/wp-json\/wp\/v2\/posts\/13906\/revisions"}],"predecessor-version":[{"id":14032,"href":"https:\/\/www.naturparkmagazin.de\/stechlin\/wp-json\/wp\/v2\/posts\/13906\/revisions\/14032"}],"wp:featuredmedia":[{"embeddable":true,"href":"https:\/\/www.naturparkmagazin.de\/stechlin\/wp-json\/wp\/v2\/media\/11767"}],"wp:attachment":[{"href":"https:\/\/www.naturparkmagazin.de\/stechlin\/wp-json\/wp\/v2\/media?parent=13906"}],"wp:term":[{"taxonomy":"category","embeddable":true,"href":"https:\/\/www.naturparkmagazin.de\/stechlin\/wp-json\/wp\/v2\/categories?post=13906"},{"taxonomy":"post_tag","embeddable":true,"href":"https:\/\/www.naturparkmagazin.de\/stechlin\/wp-json\/wp\/v2\/tags?post=13906"}],"curies":[{"name":"wp","href":"https:\/\/api.w.org\/{rel}","templated":true}]}}