{"id":14049,"date":"2023-08-18T16:01:01","date_gmt":"2023-08-18T14:01:01","guid":{"rendered":"https:\/\/www.naturparkmagazin.de\/stechlin\/?p=14049"},"modified":"2025-04-25T08:43:06","modified_gmt":"2025-04-25T06:43:06","slug":"rangertour-der-wolf-ist-da-was-nun-2","status":"publish","type":"post","link":"https:\/\/www.naturparkmagazin.de\/stechlin\/rangertour-der-wolf-ist-da-was-nun-2\/","title":{"rendered":"RangerTour: Der Wolf ist da \u2013 was nun? (2023)"},"content":{"rendered":"<p>Mitte des 19. Jahrhunderts galt der Wolf in Deutschland als ausgerottet. Nun, seit gut 15 Jahren, ist er wieder heimisch in Brandenburg.<\/p>\n<p>Wie steht es um die Ausbreitung des Wolfes? Wie funktioniert das Monitoring? Welche Spuren hinterl\u00e4sst er?<\/p>\n<div id=\"attachment_10950\" style=\"width: 310px\" class=\"wp-caption aligncenter\"><a href=\"https:\/\/www.naturparkmagazin.de\/stechlin\/wp-content\/uploads\/sites\/38\/Wolf_robert-franck.jpg\"><img aria-describedby=\"caption-attachment-10950\" decoding=\"async\" loading=\"lazy\" class=\"size-thumbnail wp-image-10950\" src=\"https:\/\/www.naturparkmagazin.de\/stechlin\/wp-content\/uploads\/sites\/38\/Wolf_robert-franck-300x180.jpg\" alt=\"\" width=\"300\" height=\"180\" srcset=\"https:\/\/www.naturparkmagazin.de\/stechlin\/wp-content\/uploads\/sites\/38\/Wolf_robert-franck-300x180.jpg 300w, https:\/\/www.naturparkmagazin.de\/stechlin\/wp-content\/uploads\/sites\/38\/Wolf_robert-franck.jpg 500w, https:\/\/www.naturparkmagazin.de\/stechlin\/wp-content\/uploads\/sites\/38\/Wolf_robert-franck-200x120.jpg 200w\" sizes=\"(max-width: 300px) 100vw, 300px\" \/><\/a><p id=\"caption-attachment-10950\" class=\"wp-caption-text\">Wolf im Naturpark \u00a9 Robert Franck<\/p><\/div>\n<p>Aber auch: Welche Probleme bringt seine Ausbreitung mit sich? Wie reagieren Tierhalter:innen auf seine Anwesenheit? Diesen Fragen wollen wir auf einer Radtour mit verschiedenen Stationen im Naturpark Stechlin-Ruppiner Land nachgehen. Wir treffen Schafhalter:innen ebenso wie einen Wolfsbeauftragten.<\/p>\n<p><strong>Termin<\/strong>: 16.09.2023 von 10.00 bis 15.00 Uhr<\/p>\n<p><strong>Anmeldeschuss<\/strong>: 13.09.2023<\/p>\n<p><strong>Start<\/strong>: Bahnhof Rheinsberg<\/p>\n<p><strong>Ende<\/strong>: Zippelsf\u00f6rde<\/p>\n<p><strong>Strecke<\/strong>: 12,5 km<\/p>\n<p><strong>Dauer<\/strong>: ca. 5 Stunden<\/p>\n<p><strong>Preis<\/strong>: 12 \u20ac pro Person f\u00fcr die Natur- und Landschaftsf\u00fchrer Robert Franck, Reinhard Brehe und Angela Zimmermann.<\/p>\n<p><strong>Hinweis<\/strong>: Bitte bringen Sie Ihr Fahrrad mit oder wenden Sie sich an uns, wir vermitteln gerne den Kontakt zu einem Verleih. Bitte denken Sie auch an Proviant f\u00fcr ein kleines Picknick. In Zippelsf\u00f6rde wird es die M\u00f6glichkeit eines kleinen Imbisses beim Fischer geben.<\/p>\n<div id=\"attachment_7909\" style=\"width: 310px\" class=\"wp-caption aligncenter\"><a href=\"https:\/\/www.naturparkmagazin.de\/stechlin\/wp-content\/uploads\/sites\/38\/W\u00f6lfe_Kneifel_Franck_06.jpg\"><img aria-describedby=\"caption-attachment-7909\" decoding=\"async\" loading=\"lazy\" class=\"size-thumbnail wp-image-7909\" src=\"https:\/\/www.naturparkmagazin.de\/stechlin\/wp-content\/uploads\/sites\/38\/W\u00f6lfe_Kneifel_Franck_06-300x180.jpg\" alt=\"\" width=\"300\" height=\"180\" srcset=\"https:\/\/www.naturparkmagazin.de\/stechlin\/wp-content\/uploads\/sites\/38\/W\u00f6lfe_Kneifel_Franck_06-300x180.jpg 300w, https:\/\/www.naturparkmagazin.de\/stechlin\/wp-content\/uploads\/sites\/38\/W\u00f6lfe_Kneifel_Franck_06.jpg 500w, https:\/\/www.naturparkmagazin.de\/stechlin\/wp-content\/uploads\/sites\/38\/W\u00f6lfe_Kneifel_Franck_06-200x120.jpg 200w\" sizes=\"(max-width: 300px) 100vw, 300px\" \/><\/a><p id=\"caption-attachment-7909\" class=\"wp-caption-text\">Jungw\u00f6lfe (Foto: Anke Kneifel\/Robert Franck)<\/p><\/div>\n<p>Diese F\u00fchrung ist ein Angebot der \u201eRanger- und Erlebnistouren\u201c.<\/p>\n<p><strong>Veranstalter<\/strong>:<\/p>\n<p>Naturwacht im Naturpark Stechlin-Ruppiner Land\nKaren Steinberg\nBanzendorfer Stra\u00dfe 53\n16835 Banzendorf<\/p>\n<dl class=\"contact\">\n<dt class=\"phone\"><span class=\"accessibility\"><strong>Telefon<\/strong>: <\/span>+49 (0)175-7213053 oder +49 (0)33933-879521<\/dt>\n<dt class=\"www\"><span class=\"accessibility\"><strong>Internet<\/strong>: <\/span><a href=\"http:\/\/www.naturwacht.de\" target=\"_blank\" rel=\"noopener noreferrer\">http:\/\/www.naturwacht.de<\/a><\/dt>\n<\/dl>\n","protected":false},"excerpt":{"rendered":"<p>Mitte des 19. Jahrhunderts galt der Wolf in Deutschland als ausgerottet. Nun, seit gut 15 Jahren, ist er wieder heimisch in Brandenburg.<\/p>\n","protected":false},"author":39,"featured_media":4606,"comment_status":"open","ping_status":"open","sticky":false,"template":"","format":"standard","meta":[],"categories":[11],"tags":[],"yoast_head":"<!-- This site is optimized with the Yoast SEO plugin v19.10 - https:\/\/yoast.com\/wordpress\/plugins\/seo\/ -->\n<title>RangerTour: Der Wolf ist da \u2013 was nun? (2023) - Naturpark Stechlin-Ruppiner Land<\/title>\n<meta name=\"robots\" content=\"index, follow, max-snippet:-1, max-image-preview:large, max-video-preview:-1\" \/>\n<link rel=\"canonical\" href=\"https:\/\/www.naturparkmagazin.de\/stechlin\/rangertour-der-wolf-ist-da-was-nun-2\/\" \/>\n<meta property=\"og:locale\" content=\"de_DE\" \/>\n<meta property=\"og:type\" content=\"article\" \/>\n<meta property=\"og:title\" content=\"RangerTour: Der Wolf ist da \u2013 was nun? (2023) - Naturpark Stechlin-Ruppiner Land\" \/>\n<meta property=\"og:description\" content=\"Mitte des 19. Jahrhunderts galt der Wolf in Deutschland als ausgerottet. Nun, seit gut 15 Jahren, ist er wieder heimisch in Brandenburg.\" \/>\n<meta property=\"og:url\" content=\"https:\/\/www.naturparkmagazin.de\/stechlin\/rangertour-der-wolf-ist-da-was-nun-2\/\" \/>\n<meta property=\"og:site_name\" content=\"Naturpark Stechlin-Ruppiner Land\" \/>\n<meta property=\"article:published_time\" content=\"2023-08-18T14:01:01+00:00\" \/>\n<meta property=\"article:modified_time\" content=\"2025-04-25T06:43:06+00:00\" \/>\n<meta property=\"og:image\" content=\"https:\/\/www.naturparkmagazin.de\/stechlin\/wp-content\/uploads\/sites\/38\/Wolf.jpg\" \/>\n\t<meta property=\"og:image:width\" content=\"200\" \/>\n\t<meta property=\"og:image:height\" content=\"200\" \/>\n\t<meta property=\"og:image:type\" content=\"image\/jpeg\" \/>\n<meta name=\"author\" content=\"marioschrumpf\" \/>\n<meta name=\"twitter:label1\" content=\"Verfasst von\" \/>\n\t<meta name=\"twitter:data1\" content=\"marioschrumpf\" \/>\n\t<meta name=\"twitter:label2\" content=\"Gesch\u00e4tzte Lesezeit\" \/>\n\t<meta name=\"twitter:data2\" content=\"2\u00a0Minuten\" \/>\n<script type=\"application\/ld+json\" class=\"yoast-schema-graph\">{\"@context\":\"https:\/\/schema.org\",\"@graph\":[{\"@type\":\"WebPage\",\"@id\":\"https:\/\/www.naturparkmagazin.de\/stechlin\/rangertour-der-wolf-ist-da-was-nun-2\/\",\"url\":\"https:\/\/www.naturparkmagazin.de\/stechlin\/rangertour-der-wolf-ist-da-was-nun-2\/\",\"name\":\"RangerTour: Der Wolf ist da \u2013 was nun? (2023) - Naturpark Stechlin-Ruppiner Land\",\"isPartOf\":{\"@id\":\"https:\/\/www.naturparkmagazin.de\/stechlin\/#website\"},\"datePublished\":\"2023-08-18T14:01:01+00:00\",\"dateModified\":\"2025-04-25T06:43:06+00:00\",\"author\":{\"@id\":\"https:\/\/www.naturparkmagazin.de\/stechlin\/#\/schema\/person\/3f0d93203df21c806dd63c76d9bb28bc\"},\"breadcrumb\":{\"@id\":\"https:\/\/www.naturparkmagazin.de\/stechlin\/rangertour-der-wolf-ist-da-was-nun-2\/#breadcrumb\"},\"inLanguage\":\"de\",\"potentialAction\":[{\"@type\":\"ReadAction\",\"target\":[\"https:\/\/www.naturparkmagazin.de\/stechlin\/rangertour-der-wolf-ist-da-was-nun-2\/\"]}]},{\"@type\":\"BreadcrumbList\",\"@id\":\"https:\/\/www.naturparkmagazin.de\/stechlin\/rangertour-der-wolf-ist-da-was-nun-2\/#breadcrumb\",\"itemListElement\":[{\"@type\":\"ListItem\",\"position\":1,\"name\":\"Home\",\"item\":\"https:\/\/www.naturparkmagazin.de\/stechlin\/\"},{\"@type\":\"ListItem\",\"position\":2,\"name\":\"RangerTour: Der Wolf ist da \u2013 was nun? (2023)\"}]},{\"@type\":\"WebSite\",\"@id\":\"https:\/\/www.naturparkmagazin.de\/stechlin\/#website\",\"url\":\"https:\/\/www.naturparkmagazin.de\/stechlin\/\",\"name\":\"Naturpark Stechlin-Ruppiner Land\",\"description\":\"\",\"potentialAction\":[{\"@type\":\"SearchAction\",\"target\":{\"@type\":\"EntryPoint\",\"urlTemplate\":\"https:\/\/www.naturparkmagazin.de\/stechlin\/?s={search_term_string}\"},\"query-input\":\"required name=search_term_string\"}],\"inLanguage\":\"de\"},{\"@type\":\"Person\",\"@id\":\"https:\/\/www.naturparkmagazin.de\/stechlin\/#\/schema\/person\/3f0d93203df21c806dd63c76d9bb28bc\",\"name\":\"marioschrumpf\",\"url\":\"https:\/\/www.naturparkmagazin.de\/stechlin\/author\/marioschrumpf\/\"}]}<\/script>\n<!-- \/ Yoast SEO plugin. -->","yoast_head_json":{"title":"RangerTour: Der Wolf ist da \u2013 was nun? (2023) - Naturpark Stechlin-Ruppiner Land","robots":{"index":"index","follow":"follow","max-snippet":"max-snippet:-1","max-image-preview":"max-image-preview:large","max-video-preview":"max-video-preview:-1"},"canonical":"https:\/\/www.naturparkmagazin.de\/stechlin\/rangertour-der-wolf-ist-da-was-nun-2\/","og_locale":"de_DE","og_type":"article","og_title":"RangerTour: Der Wolf ist da \u2013 was nun? (2023) - Naturpark Stechlin-Ruppiner Land","og_description":"Mitte des 19. Jahrhunderts galt der Wolf in Deutschland als ausgerottet. Nun, seit gut 15 Jahren, ist er wieder heimisch in Brandenburg.","og_url":"https:\/\/www.naturparkmagazin.de\/stechlin\/rangertour-der-wolf-ist-da-was-nun-2\/","og_site_name":"Naturpark Stechlin-Ruppiner Land","article_published_time":"2023-08-18T14:01:01+00:00","article_modified_time":"2025-04-25T06:43:06+00:00","og_image":[{"width":200,"height":200,"url":"https:\/\/www.naturparkmagazin.de\/stechlin\/wp-content\/uploads\/sites\/38\/Wolf.jpg","type":"image\/jpeg"}],"author":"marioschrumpf","twitter_misc":{"Verfasst von":"marioschrumpf","Gesch\u00e4tzte Lesezeit":"2\u00a0Minuten"},"schema":{"@context":"https:\/\/schema.org","@graph":[{"@type":"WebPage","@id":"https:\/\/www.naturparkmagazin.de\/stechlin\/rangertour-der-wolf-ist-da-was-nun-2\/","url":"https:\/\/www.naturparkmagazin.de\/stechlin\/rangertour-der-wolf-ist-da-was-nun-2\/","name":"RangerTour: Der Wolf ist da \u2013 was nun? (2023) - Naturpark Stechlin-Ruppiner Land","isPartOf":{"@id":"https:\/\/www.naturparkmagazin.de\/stechlin\/#website"},"datePublished":"2023-08-18T14:01:01+00:00","dateModified":"2025-04-25T06:43:06+00:00","author":{"@id":"https:\/\/www.naturparkmagazin.de\/stechlin\/#\/schema\/person\/3f0d93203df21c806dd63c76d9bb28bc"},"breadcrumb":{"@id":"https:\/\/www.naturparkmagazin.de\/stechlin\/rangertour-der-wolf-ist-da-was-nun-2\/#breadcrumb"},"inLanguage":"de","potentialAction":[{"@type":"ReadAction","target":["https:\/\/www.naturparkmagazin.de\/stechlin\/rangertour-der-wolf-ist-da-was-nun-2\/"]}]},{"@type":"BreadcrumbList","@id":"https:\/\/www.naturparkmagazin.de\/stechlin\/rangertour-der-wolf-ist-da-was-nun-2\/#breadcrumb","itemListElement":[{"@type":"ListItem","position":1,"name":"Home","item":"https:\/\/www.naturparkmagazin.de\/stechlin\/"},{"@type":"ListItem","position":2,"name":"RangerTour: Der Wolf ist da \u2013 was nun? (2023)"}]},{"@type":"WebSite","@id":"https:\/\/www.naturparkmagazin.de\/stechlin\/#website","url":"https:\/\/www.naturparkmagazin.de\/stechlin\/","name":"Naturpark Stechlin-Ruppiner Land","description":"","potentialAction":[{"@type":"SearchAction","target":{"@type":"EntryPoint","urlTemplate":"https:\/\/www.naturparkmagazin.de\/stechlin\/?s={search_term_string}"},"query-input":"required name=search_term_string"}],"inLanguage":"de"},{"@type":"Person","@id":"https:\/\/www.naturparkmagazin.de\/stechlin\/#\/schema\/person\/3f0d93203df21c806dd63c76d9bb28bc","name":"marioschrumpf","url":"https:\/\/www.naturparkmagazin.de\/stechlin\/author\/marioschrumpf\/"}]}},"_links":{"self":[{"href":"https:\/\/www.naturparkmagazin.de\/stechlin\/wp-json\/wp\/v2\/posts\/14049"}],"collection":[{"href":"https:\/\/www.naturparkmagazin.de\/stechlin\/wp-json\/wp\/v2\/posts"}],"about":[{"href":"https:\/\/www.naturparkmagazin.de\/stechlin\/wp-json\/wp\/v2\/types\/post"}],"author":[{"embeddable":true,"href":"https:\/\/www.naturparkmagazin.de\/stechlin\/wp-json\/wp\/v2\/users\/39"}],"replies":[{"embeddable":true,"href":"https:\/\/www.naturparkmagazin.de\/stechlin\/wp-json\/wp\/v2\/comments?post=14049"}],"version-history":[{"count":8,"href":"https:\/\/www.naturparkmagazin.de\/stechlin\/wp-json\/wp\/v2\/posts\/14049\/revisions"}],"predecessor-version":[{"id":17159,"href":"https:\/\/www.naturparkmagazin.de\/stechlin\/wp-json\/wp\/v2\/posts\/14049\/revisions\/17159"}],"wp:featuredmedia":[{"embeddable":true,"href":"https:\/\/www.naturparkmagazin.de\/stechlin\/wp-json\/wp\/v2\/media\/4606"}],"wp:attachment":[{"href":"https:\/\/www.naturparkmagazin.de\/stechlin\/wp-json\/wp\/v2\/media?parent=14049"}],"wp:term":[{"taxonomy":"category","embeddable":true,"href":"https:\/\/www.naturparkmagazin.de\/stechlin\/wp-json\/wp\/v2\/categories?post=14049"},{"taxonomy":"post_tag","embeddable":true,"href":"https:\/\/www.naturparkmagazin.de\/stechlin\/wp-json\/wp\/v2\/tags?post=14049"}],"curies":[{"name":"wp","href":"https:\/\/api.w.org\/{rel}","templated":true}]}}