{"id":14051,"date":"2023-08-18T16:02:38","date_gmt":"2023-08-18T14:02:38","guid":{"rendered":"https:\/\/www.naturparkmagazin.de\/stechlin\/?p=14051"},"modified":"2025-04-25T08:46:25","modified_gmt":"2025-04-25T06:46:25","slug":"am-blauen-faden-einmal-um-die-welt","status":"publish","type":"post","link":"https:\/\/www.naturparkmagazin.de\/stechlin\/am-blauen-faden-einmal-um-die-welt\/","title":{"rendered":"Am blauen Faden einmal um die Welt (2023)"},"content":{"rendered":"<p>Lassen Sie sich von zwei Rangerinnen entf\u00fchren, das kalte Nass rund um Zechow zu erkunden.<\/p>\n<div id=\"attachment_9730\" style=\"width: 310px\" class=\"wp-caption aligncenter\"><a href=\"https:\/\/www.naturparkmagazin.de\/stechlin\/wp-content\/uploads\/sites\/38\/RR.jpg\"><img aria-describedby=\"caption-attachment-9730\" decoding=\"async\" loading=\"lazy\" class=\"size-thumbnail wp-image-9730\" src=\"https:\/\/www.naturparkmagazin.de\/stechlin\/wp-content\/uploads\/sites\/38\/RR-300x201.jpg\" alt=\"\" width=\"300\" height=\"201\" srcset=\"https:\/\/www.naturparkmagazin.de\/stechlin\/wp-content\/uploads\/sites\/38\/RR-300x201.jpg 300w, https:\/\/www.naturparkmagazin.de\/stechlin\/wp-content\/uploads\/sites\/38\/RR-200x134.jpg 200w, https:\/\/www.naturparkmagazin.de\/stechlin\/wp-content\/uploads\/sites\/38\/RR.jpg 320w\" sizes=\"(max-width: 300px) 100vw, 300px\" \/><\/a><p id=\"caption-attachment-9730\" class=\"wp-caption-text\">Der Rheinsberger Rhin bei Zechow \u00a9 Sarah Bude<\/p><\/div>\n<p>Tauchen Sie ein in die Welt der Flie\u00dfgew\u00e4sser, Moore und&#8230; was hat die Heidelandschaft damit zu tun? Gewinnen Sie Eindr\u00fccke \u00fcber den Beruf der Ranger:innen in Brandenburg. Lassen Sie uns hier und da ein wenig experimentieren und forschen, wer hat Angst vor schmutzigen H\u00e4nden?<\/p>\n<div id=\"attachment_12236\" style=\"width: 310px\" class=\"wp-caption aligncenter\"><a href=\"https:\/\/www.naturparkmagazin.de\/stechlin\/wp-content\/uploads\/sites\/38\/csm_Rheinsberger_Rhin-8668_web_89cf35e404.jpg\"><img aria-describedby=\"caption-attachment-12236\" decoding=\"async\" loading=\"lazy\" class=\"size-thumbnail wp-image-12236\" src=\"https:\/\/www.naturparkmagazin.de\/stechlin\/wp-content\/uploads\/sites\/38\/csm_Rheinsberger_Rhin-8668_web_89cf35e404-300x499.jpg\" alt=\"\" width=\"300\" height=\"499\" srcset=\"https:\/\/www.naturparkmagazin.de\/stechlin\/wp-content\/uploads\/sites\/38\/csm_Rheinsberger_Rhin-8668_web_89cf35e404.jpg 300w, https:\/\/www.naturparkmagazin.de\/stechlin\/wp-content\/uploads\/sites\/38\/csm_Rheinsberger_Rhin-8668_web_89cf35e404-200x333.jpg 200w\" sizes=\"(max-width: 300px) 100vw, 300px\" \/><\/a><p id=\"caption-attachment-12236\" class=\"wp-caption-text\">Idylle am Rheinsberger Rhin \u00a9 NaturSchutzFonds Brandenburg<\/p><\/div>\n<p>Ausklingen wird die Tour mit der Verkostung von heimischem Wasser bei einem kleinen Geschichtsexkurs.<\/p>\n<p><strong>Termin<\/strong>: 23.09.2023 &#8211; 13.00 bis 17.00 Uhr<\/p>\n<p><strong>Dauer<\/strong>: ca. 4 Stunden, ca. 4 km Fu\u00dfmarsch<\/p>\n<p><strong>Teilnehmerzahl<\/strong>: 7 bis 15 Personen<\/p>\n<p><strong>Anmeldeschluss<\/strong>: 21.09.2023<\/p>\n<p>Hinweise: die Strecke erfordert Trittfestigkeit. Wir empfehlen festes Schuhwerk, der Witterung angepasste Kleidung. Fernglas, Trinken und eine Kleinigkeit zu essen sind eine gute Option.<\/p>\n<p>Diese F\u00fchrung ist ein Angebot der \u201e<em>Ranger- und Erlebnistouren<\/em>\u201c.<\/p>\n<p><strong>Veranstalter<\/strong>:<\/p>\n<p>Naturwacht im Naturpark Stechlin-Ruppiner Land\nMarlene Hardt\nBanzendorfer Stra\u00dfe 53\n16835 Banzendorf<\/p>\n<dl class=\"contact\">\n<dt class=\"phone\"><span class=\"accessibility\"><strong>Telefon<\/strong>: <\/span>+49 (0)33933-879521<\/dt>\n<dt><\/dt>\n<dt class=\"www\"><span class=\"accessibility\"><strong>Internet<\/strong>: <\/span><a href=\"http:\/\/www.naturwacht.de\" target=\"_blank\" rel=\"noopener noreferrer\">http:\/\/www.naturwacht.de<\/a><\/dt>\n<\/dl>\n","protected":false},"excerpt":{"rendered":"<p>Lassen Sie sich von zwei Rangerinnen entf\u00fchren, das kalte Nass rund um Zechow zu erkunden.<\/p>\n","protected":false},"author":39,"featured_media":9525,"comment_status":"open","ping_status":"open","sticky":false,"template":"","format":"standard","meta":[],"categories":[11],"tags":[],"yoast_head":"<!-- This site is optimized with the Yoast SEO plugin v19.10 - https:\/\/yoast.com\/wordpress\/plugins\/seo\/ -->\n<title>Am blauen Faden einmal um die Welt (2023) - Naturpark Stechlin-Ruppiner Land<\/title>\n<meta name=\"robots\" content=\"index, follow, max-snippet:-1, max-image-preview:large, max-video-preview:-1\" \/>\n<link rel=\"canonical\" href=\"https:\/\/www.naturparkmagazin.de\/stechlin\/am-blauen-faden-einmal-um-die-welt\/\" \/>\n<meta property=\"og:locale\" content=\"de_DE\" \/>\n<meta property=\"og:type\" content=\"article\" \/>\n<meta property=\"og:title\" content=\"Am blauen Faden einmal um die Welt (2023) - Naturpark Stechlin-Ruppiner Land\" \/>\n<meta property=\"og:description\" content=\"Lassen Sie sich von zwei Rangerinnen entf\u00fchren, das kalte Nass rund um Zechow zu erkunden.\" \/>\n<meta property=\"og:url\" content=\"https:\/\/www.naturparkmagazin.de\/stechlin\/am-blauen-faden-einmal-um-die-welt\/\" \/>\n<meta property=\"og:site_name\" content=\"Naturpark Stechlin-Ruppiner Land\" \/>\n<meta property=\"article:published_time\" content=\"2023-08-18T14:02:38+00:00\" \/>\n<meta property=\"article:modified_time\" content=\"2025-04-25T06:46:25+00:00\" \/>\n<meta property=\"og:image\" content=\"https:\/\/www.naturparkmagazin.de\/stechlin\/wp-content\/uploads\/sites\/38\/Hinweistafel-Rhin.jpg\" \/>\n\t<meta property=\"og:image:width\" content=\"200\" \/>\n\t<meta property=\"og:image:height\" content=\"200\" \/>\n\t<meta property=\"og:image:type\" content=\"image\/jpeg\" \/>\n<meta name=\"author\" content=\"marioschrumpf\" \/>\n<meta name=\"twitter:label1\" content=\"Verfasst von\" \/>\n\t<meta name=\"twitter:data1\" content=\"marioschrumpf\" \/>\n\t<meta name=\"twitter:label2\" content=\"Gesch\u00e4tzte Lesezeit\" \/>\n\t<meta name=\"twitter:data2\" content=\"2\u00a0Minuten\" \/>\n<script type=\"application\/ld+json\" class=\"yoast-schema-graph\">{\"@context\":\"https:\/\/schema.org\",\"@graph\":[{\"@type\":\"WebPage\",\"@id\":\"https:\/\/www.naturparkmagazin.de\/stechlin\/am-blauen-faden-einmal-um-die-welt\/\",\"url\":\"https:\/\/www.naturparkmagazin.de\/stechlin\/am-blauen-faden-einmal-um-die-welt\/\",\"name\":\"Am blauen Faden einmal um die Welt (2023) - Naturpark Stechlin-Ruppiner Land\",\"isPartOf\":{\"@id\":\"https:\/\/www.naturparkmagazin.de\/stechlin\/#website\"},\"datePublished\":\"2023-08-18T14:02:38+00:00\",\"dateModified\":\"2025-04-25T06:46:25+00:00\",\"author\":{\"@id\":\"https:\/\/www.naturparkmagazin.de\/stechlin\/#\/schema\/person\/3f0d93203df21c806dd63c76d9bb28bc\"},\"breadcrumb\":{\"@id\":\"https:\/\/www.naturparkmagazin.de\/stechlin\/am-blauen-faden-einmal-um-die-welt\/#breadcrumb\"},\"inLanguage\":\"de\",\"potentialAction\":[{\"@type\":\"ReadAction\",\"target\":[\"https:\/\/www.naturparkmagazin.de\/stechlin\/am-blauen-faden-einmal-um-die-welt\/\"]}]},{\"@type\":\"BreadcrumbList\",\"@id\":\"https:\/\/www.naturparkmagazin.de\/stechlin\/am-blauen-faden-einmal-um-die-welt\/#breadcrumb\",\"itemListElement\":[{\"@type\":\"ListItem\",\"position\":1,\"name\":\"Home\",\"item\":\"https:\/\/www.naturparkmagazin.de\/stechlin\/\"},{\"@type\":\"ListItem\",\"position\":2,\"name\":\"Am blauen Faden einmal um die Welt (2023)\"}]},{\"@type\":\"WebSite\",\"@id\":\"https:\/\/www.naturparkmagazin.de\/stechlin\/#website\",\"url\":\"https:\/\/www.naturparkmagazin.de\/stechlin\/\",\"name\":\"Naturpark Stechlin-Ruppiner Land\",\"description\":\"\",\"potentialAction\":[{\"@type\":\"SearchAction\",\"target\":{\"@type\":\"EntryPoint\",\"urlTemplate\":\"https:\/\/www.naturparkmagazin.de\/stechlin\/?s={search_term_string}\"},\"query-input\":\"required name=search_term_string\"}],\"inLanguage\":\"de\"},{\"@type\":\"Person\",\"@id\":\"https:\/\/www.naturparkmagazin.de\/stechlin\/#\/schema\/person\/3f0d93203df21c806dd63c76d9bb28bc\",\"name\":\"marioschrumpf\",\"url\":\"https:\/\/www.naturparkmagazin.de\/stechlin\/author\/marioschrumpf\/\"}]}<\/script>\n<!-- \/ Yoast SEO plugin. -->","yoast_head_json":{"title":"Am blauen Faden einmal um die Welt (2023) - Naturpark Stechlin-Ruppiner Land","robots":{"index":"index","follow":"follow","max-snippet":"max-snippet:-1","max-image-preview":"max-image-preview:large","max-video-preview":"max-video-preview:-1"},"canonical":"https:\/\/www.naturparkmagazin.de\/stechlin\/am-blauen-faden-einmal-um-die-welt\/","og_locale":"de_DE","og_type":"article","og_title":"Am blauen Faden einmal um die Welt (2023) - Naturpark Stechlin-Ruppiner Land","og_description":"Lassen Sie sich von zwei Rangerinnen entf\u00fchren, das kalte Nass rund um Zechow zu erkunden.","og_url":"https:\/\/www.naturparkmagazin.de\/stechlin\/am-blauen-faden-einmal-um-die-welt\/","og_site_name":"Naturpark Stechlin-Ruppiner Land","article_published_time":"2023-08-18T14:02:38+00:00","article_modified_time":"2025-04-25T06:46:25+00:00","og_image":[{"width":200,"height":200,"url":"https:\/\/www.naturparkmagazin.de\/stechlin\/wp-content\/uploads\/sites\/38\/Hinweistafel-Rhin.jpg","type":"image\/jpeg"}],"author":"marioschrumpf","twitter_misc":{"Verfasst von":"marioschrumpf","Gesch\u00e4tzte Lesezeit":"2\u00a0Minuten"},"schema":{"@context":"https:\/\/schema.org","@graph":[{"@type":"WebPage","@id":"https:\/\/www.naturparkmagazin.de\/stechlin\/am-blauen-faden-einmal-um-die-welt\/","url":"https:\/\/www.naturparkmagazin.de\/stechlin\/am-blauen-faden-einmal-um-die-welt\/","name":"Am blauen Faden einmal um die Welt (2023) - Naturpark Stechlin-Ruppiner Land","isPartOf":{"@id":"https:\/\/www.naturparkmagazin.de\/stechlin\/#website"},"datePublished":"2023-08-18T14:02:38+00:00","dateModified":"2025-04-25T06:46:25+00:00","author":{"@id":"https:\/\/www.naturparkmagazin.de\/stechlin\/#\/schema\/person\/3f0d93203df21c806dd63c76d9bb28bc"},"breadcrumb":{"@id":"https:\/\/www.naturparkmagazin.de\/stechlin\/am-blauen-faden-einmal-um-die-welt\/#breadcrumb"},"inLanguage":"de","potentialAction":[{"@type":"ReadAction","target":["https:\/\/www.naturparkmagazin.de\/stechlin\/am-blauen-faden-einmal-um-die-welt\/"]}]},{"@type":"BreadcrumbList","@id":"https:\/\/www.naturparkmagazin.de\/stechlin\/am-blauen-faden-einmal-um-die-welt\/#breadcrumb","itemListElement":[{"@type":"ListItem","position":1,"name":"Home","item":"https:\/\/www.naturparkmagazin.de\/stechlin\/"},{"@type":"ListItem","position":2,"name":"Am blauen Faden einmal um die Welt (2023)"}]},{"@type":"WebSite","@id":"https:\/\/www.naturparkmagazin.de\/stechlin\/#website","url":"https:\/\/www.naturparkmagazin.de\/stechlin\/","name":"Naturpark Stechlin-Ruppiner Land","description":"","potentialAction":[{"@type":"SearchAction","target":{"@type":"EntryPoint","urlTemplate":"https:\/\/www.naturparkmagazin.de\/stechlin\/?s={search_term_string}"},"query-input":"required name=search_term_string"}],"inLanguage":"de"},{"@type":"Person","@id":"https:\/\/www.naturparkmagazin.de\/stechlin\/#\/schema\/person\/3f0d93203df21c806dd63c76d9bb28bc","name":"marioschrumpf","url":"https:\/\/www.naturparkmagazin.de\/stechlin\/author\/marioschrumpf\/"}]}},"_links":{"self":[{"href":"https:\/\/www.naturparkmagazin.de\/stechlin\/wp-json\/wp\/v2\/posts\/14051"}],"collection":[{"href":"https:\/\/www.naturparkmagazin.de\/stechlin\/wp-json\/wp\/v2\/posts"}],"about":[{"href":"https:\/\/www.naturparkmagazin.de\/stechlin\/wp-json\/wp\/v2\/types\/post"}],"author":[{"embeddable":true,"href":"https:\/\/www.naturparkmagazin.de\/stechlin\/wp-json\/wp\/v2\/users\/39"}],"replies":[{"embeddable":true,"href":"https:\/\/www.naturparkmagazin.de\/stechlin\/wp-json\/wp\/v2\/comments?post=14051"}],"version-history":[{"count":5,"href":"https:\/\/www.naturparkmagazin.de\/stechlin\/wp-json\/wp\/v2\/posts\/14051\/revisions"}],"predecessor-version":[{"id":17170,"href":"https:\/\/www.naturparkmagazin.de\/stechlin\/wp-json\/wp\/v2\/posts\/14051\/revisions\/17170"}],"wp:featuredmedia":[{"embeddable":true,"href":"https:\/\/www.naturparkmagazin.de\/stechlin\/wp-json\/wp\/v2\/media\/9525"}],"wp:attachment":[{"href":"https:\/\/www.naturparkmagazin.de\/stechlin\/wp-json\/wp\/v2\/media?parent=14051"}],"wp:term":[{"taxonomy":"category","embeddable":true,"href":"https:\/\/www.naturparkmagazin.de\/stechlin\/wp-json\/wp\/v2\/categories?post=14051"},{"taxonomy":"post_tag","embeddable":true,"href":"https:\/\/www.naturparkmagazin.de\/stechlin\/wp-json\/wp\/v2\/tags?post=14051"}],"curies":[{"name":"wp","href":"https:\/\/api.w.org\/{rel}","templated":true}]}}