{"id":14057,"date":"2023-08-18T16:05:49","date_gmt":"2023-08-18T14:05:49","guid":{"rendered":"https:\/\/www.naturparkmagazin.de\/stechlin\/?p=14057"},"modified":"2023-08-25T14:46:43","modified_gmt":"2023-08-25T12:46:43","slug":"sommerlicher-ab-hof-verkauf-von-walnuessen","status":"publish","type":"post","link":"https:\/\/www.naturparkmagazin.de\/stechlin\/sommerlicher-ab-hof-verkauf-von-walnuessen\/","title":{"rendered":"Sommerlicher Ab-Hof-Verkauf von Waln\u00fcssen am 29.\/30. September"},"content":{"rendered":"<p>Neben Waln\u00fcssen verschiedener Sorten gibt es bei der Walnussmeisterei eine gro\u00dfe Auswahl an Produkten aus und mit der Walnuss. Von Nuss\u00f6l \u00fcber Senf, Lik\u00f6r oder gar Shampoo \u2013 der kleine Hofladen in Herzberg hat einiges zu bieten.<\/p>\n<div id=\"attachment_9145\" style=\"width: 310px\" class=\"wp-caption aligncenter\"><a href=\"https:\/\/www.naturparkmagazin.de\/stechlin\/wp-content\/uploads\/sites\/38\/Walnussmeisterei_0010.jpg\"><img aria-describedby=\"caption-attachment-9145\" decoding=\"async\" loading=\"lazy\" class=\"wp-image-9145 size-thumbnail\" src=\"https:\/\/www.naturparkmagazin.de\/stechlin\/wp-content\/uploads\/sites\/38\/Walnussmeisterei_0010-300x180.jpg\" alt=\"\" width=\"300\" height=\"180\" srcset=\"https:\/\/www.naturparkmagazin.de\/stechlin\/wp-content\/uploads\/sites\/38\/Walnussmeisterei_0010-300x180.jpg 300w, https:\/\/www.naturparkmagazin.de\/stechlin\/wp-content\/uploads\/sites\/38\/Walnussmeisterei_0010.jpg 500w, https:\/\/www.naturparkmagazin.de\/stechlin\/wp-content\/uploads\/sites\/38\/Walnussmeisterei_0010-200x120.jpg 200w\" sizes=\"(max-width: 300px) 100vw, 300px\" \/><\/a><p id=\"caption-attachment-9145\" class=\"wp-caption-text\">Der &#8222;Rohstoff&#8220; Walnuss.\u00a9 Dr. Mario Schrumpf<\/p><\/div>\n<p>Dazu gibt es noch eine kr\u00e4ftige Prise Wissenswertes \u00fcber Waln\u00fcsse und ihren Anbau in Brandenburg. Auf Anfrage sind auch gern Gruppenf\u00fchrungen m\u00f6glich.<\/p>\n<p>Sonder\u00f6ffnungszeiten am <strong>29.\/30. September <\/strong>(Freitag 14-18 Uhr, Samstag 10-14 Uhr).<\/p>\n<p>Weitere Informationen finden Sie auf der <a href=\"https:\/\/www.walnussmeisterei.de\/\">Webseite der Walnussmeisterei<\/a>.<\/p>\n","protected":false},"excerpt":{"rendered":"<p>Neben Waln\u00fcssen verschiedener Sorten gibt es bei der Walnussmeisterei eine gro\u00dfe Auswahl an Produkten aus und mit der Walnuss.<\/p>\n","protected":false},"author":39,"featured_media":13293,"comment_status":"open","ping_status":"open","sticky":false,"template":"","format":"standard","meta":[],"categories":[11],"tags":[],"yoast_head":"<!-- This site is optimized with the Yoast SEO plugin v19.10 - https:\/\/yoast.com\/wordpress\/plugins\/seo\/ -->\n<title>Sommerlicher Ab-Hof-Verkauf von Waln\u00fcssen am 29.\/30. September - Naturpark Stechlin-Ruppiner Land<\/title>\n<meta name=\"robots\" content=\"index, follow, max-snippet:-1, max-image-preview:large, max-video-preview:-1\" \/>\n<link rel=\"canonical\" href=\"https:\/\/www.naturparkmagazin.de\/stechlin\/sommerlicher-ab-hof-verkauf-von-walnuessen\/\" \/>\n<meta property=\"og:locale\" content=\"de_DE\" \/>\n<meta property=\"og:type\" content=\"article\" \/>\n<meta property=\"og:title\" content=\"Sommerlicher Ab-Hof-Verkauf von Waln\u00fcssen am 29.\/30. September - Naturpark Stechlin-Ruppiner Land\" \/>\n<meta property=\"og:description\" content=\"Neben Waln\u00fcssen verschiedener Sorten gibt es bei der Walnussmeisterei eine gro\u00dfe Auswahl an Produkten aus und mit der Walnuss.\" \/>\n<meta property=\"og:url\" content=\"https:\/\/www.naturparkmagazin.de\/stechlin\/sommerlicher-ab-hof-verkauf-von-walnuessen\/\" \/>\n<meta property=\"og:site_name\" content=\"Naturpark Stechlin-Ruppiner Land\" \/>\n<meta property=\"article:published_time\" content=\"2023-08-18T14:05:49+00:00\" \/>\n<meta property=\"article:modified_time\" content=\"2023-08-25T12:46:43+00:00\" \/>\n<meta property=\"og:image\" content=\"https:\/\/www.naturparkmagazin.de\/stechlin\/wp-content\/uploads\/sites\/38\/terminkalender_2023_online_a.jpg\" \/>\n\t<meta property=\"og:image:width\" content=\"200\" \/>\n\t<meta property=\"og:image:height\" content=\"200\" \/>\n\t<meta property=\"og:image:type\" content=\"image\/jpeg\" \/>\n<meta name=\"author\" content=\"marioschrumpf\" \/>\n<meta name=\"twitter:label1\" content=\"Verfasst von\" \/>\n\t<meta name=\"twitter:data1\" content=\"marioschrumpf\" \/>\n\t<meta name=\"twitter:label2\" content=\"Gesch\u00e4tzte Lesezeit\" \/>\n\t<meta name=\"twitter:data2\" content=\"1\u00a0Minute\" \/>\n<script type=\"application\/ld+json\" class=\"yoast-schema-graph\">{\"@context\":\"https:\/\/schema.org\",\"@graph\":[{\"@type\":\"WebPage\",\"@id\":\"https:\/\/www.naturparkmagazin.de\/stechlin\/sommerlicher-ab-hof-verkauf-von-walnuessen\/\",\"url\":\"https:\/\/www.naturparkmagazin.de\/stechlin\/sommerlicher-ab-hof-verkauf-von-walnuessen\/\",\"name\":\"Sommerlicher Ab-Hof-Verkauf von Waln\u00fcssen am 29.\/30. September - Naturpark Stechlin-Ruppiner Land\",\"isPartOf\":{\"@id\":\"https:\/\/www.naturparkmagazin.de\/stechlin\/#website\"},\"datePublished\":\"2023-08-18T14:05:49+00:00\",\"dateModified\":\"2023-08-25T12:46:43+00:00\",\"author\":{\"@id\":\"https:\/\/www.naturparkmagazin.de\/stechlin\/#\/schema\/person\/3f0d93203df21c806dd63c76d9bb28bc\"},\"breadcrumb\":{\"@id\":\"https:\/\/www.naturparkmagazin.de\/stechlin\/sommerlicher-ab-hof-verkauf-von-walnuessen\/#breadcrumb\"},\"inLanguage\":\"de\",\"potentialAction\":[{\"@type\":\"ReadAction\",\"target\":[\"https:\/\/www.naturparkmagazin.de\/stechlin\/sommerlicher-ab-hof-verkauf-von-walnuessen\/\"]}]},{\"@type\":\"BreadcrumbList\",\"@id\":\"https:\/\/www.naturparkmagazin.de\/stechlin\/sommerlicher-ab-hof-verkauf-von-walnuessen\/#breadcrumb\",\"itemListElement\":[{\"@type\":\"ListItem\",\"position\":1,\"name\":\"Home\",\"item\":\"https:\/\/www.naturparkmagazin.de\/stechlin\/\"},{\"@type\":\"ListItem\",\"position\":2,\"name\":\"Sommerlicher Ab-Hof-Verkauf von Waln\u00fcssen am 29.\/30. September\"}]},{\"@type\":\"WebSite\",\"@id\":\"https:\/\/www.naturparkmagazin.de\/stechlin\/#website\",\"url\":\"https:\/\/www.naturparkmagazin.de\/stechlin\/\",\"name\":\"Naturpark Stechlin-Ruppiner Land\",\"description\":\"\",\"potentialAction\":[{\"@type\":\"SearchAction\",\"target\":{\"@type\":\"EntryPoint\",\"urlTemplate\":\"https:\/\/www.naturparkmagazin.de\/stechlin\/?s={search_term_string}\"},\"query-input\":\"required name=search_term_string\"}],\"inLanguage\":\"de\"},{\"@type\":\"Person\",\"@id\":\"https:\/\/www.naturparkmagazin.de\/stechlin\/#\/schema\/person\/3f0d93203df21c806dd63c76d9bb28bc\",\"name\":\"marioschrumpf\",\"url\":\"https:\/\/www.naturparkmagazin.de\/stechlin\/author\/marioschrumpf\/\"}]}<\/script>\n<!-- \/ Yoast SEO plugin. -->","yoast_head_json":{"title":"Sommerlicher Ab-Hof-Verkauf von Waln\u00fcssen am 29.\/30. September - Naturpark Stechlin-Ruppiner Land","robots":{"index":"index","follow":"follow","max-snippet":"max-snippet:-1","max-image-preview":"max-image-preview:large","max-video-preview":"max-video-preview:-1"},"canonical":"https:\/\/www.naturparkmagazin.de\/stechlin\/sommerlicher-ab-hof-verkauf-von-walnuessen\/","og_locale":"de_DE","og_type":"article","og_title":"Sommerlicher Ab-Hof-Verkauf von Waln\u00fcssen am 29.\/30. September - Naturpark Stechlin-Ruppiner Land","og_description":"Neben Waln\u00fcssen verschiedener Sorten gibt es bei der Walnussmeisterei eine gro\u00dfe Auswahl an Produkten aus und mit der Walnuss.","og_url":"https:\/\/www.naturparkmagazin.de\/stechlin\/sommerlicher-ab-hof-verkauf-von-walnuessen\/","og_site_name":"Naturpark Stechlin-Ruppiner Land","article_published_time":"2023-08-18T14:05:49+00:00","article_modified_time":"2023-08-25T12:46:43+00:00","og_image":[{"width":200,"height":200,"url":"https:\/\/www.naturparkmagazin.de\/stechlin\/wp-content\/uploads\/sites\/38\/terminkalender_2023_online_a.jpg","type":"image\/jpeg"}],"author":"marioschrumpf","twitter_misc":{"Verfasst von":"marioschrumpf","Gesch\u00e4tzte Lesezeit":"1\u00a0Minute"},"schema":{"@context":"https:\/\/schema.org","@graph":[{"@type":"WebPage","@id":"https:\/\/www.naturparkmagazin.de\/stechlin\/sommerlicher-ab-hof-verkauf-von-walnuessen\/","url":"https:\/\/www.naturparkmagazin.de\/stechlin\/sommerlicher-ab-hof-verkauf-von-walnuessen\/","name":"Sommerlicher Ab-Hof-Verkauf von Waln\u00fcssen am 29.\/30. September - Naturpark Stechlin-Ruppiner Land","isPartOf":{"@id":"https:\/\/www.naturparkmagazin.de\/stechlin\/#website"},"datePublished":"2023-08-18T14:05:49+00:00","dateModified":"2023-08-25T12:46:43+00:00","author":{"@id":"https:\/\/www.naturparkmagazin.de\/stechlin\/#\/schema\/person\/3f0d93203df21c806dd63c76d9bb28bc"},"breadcrumb":{"@id":"https:\/\/www.naturparkmagazin.de\/stechlin\/sommerlicher-ab-hof-verkauf-von-walnuessen\/#breadcrumb"},"inLanguage":"de","potentialAction":[{"@type":"ReadAction","target":["https:\/\/www.naturparkmagazin.de\/stechlin\/sommerlicher-ab-hof-verkauf-von-walnuessen\/"]}]},{"@type":"BreadcrumbList","@id":"https:\/\/www.naturparkmagazin.de\/stechlin\/sommerlicher-ab-hof-verkauf-von-walnuessen\/#breadcrumb","itemListElement":[{"@type":"ListItem","position":1,"name":"Home","item":"https:\/\/www.naturparkmagazin.de\/stechlin\/"},{"@type":"ListItem","position":2,"name":"Sommerlicher Ab-Hof-Verkauf von Waln\u00fcssen am 29.\/30. September"}]},{"@type":"WebSite","@id":"https:\/\/www.naturparkmagazin.de\/stechlin\/#website","url":"https:\/\/www.naturparkmagazin.de\/stechlin\/","name":"Naturpark Stechlin-Ruppiner Land","description":"","potentialAction":[{"@type":"SearchAction","target":{"@type":"EntryPoint","urlTemplate":"https:\/\/www.naturparkmagazin.de\/stechlin\/?s={search_term_string}"},"query-input":"required name=search_term_string"}],"inLanguage":"de"},{"@type":"Person","@id":"https:\/\/www.naturparkmagazin.de\/stechlin\/#\/schema\/person\/3f0d93203df21c806dd63c76d9bb28bc","name":"marioschrumpf","url":"https:\/\/www.naturparkmagazin.de\/stechlin\/author\/marioschrumpf\/"}]}},"_links":{"self":[{"href":"https:\/\/www.naturparkmagazin.de\/stechlin\/wp-json\/wp\/v2\/posts\/14057"}],"collection":[{"href":"https:\/\/www.naturparkmagazin.de\/stechlin\/wp-json\/wp\/v2\/posts"}],"about":[{"href":"https:\/\/www.naturparkmagazin.de\/stechlin\/wp-json\/wp\/v2\/types\/post"}],"author":[{"embeddable":true,"href":"https:\/\/www.naturparkmagazin.de\/stechlin\/wp-json\/wp\/v2\/users\/39"}],"replies":[{"embeddable":true,"href":"https:\/\/www.naturparkmagazin.de\/stechlin\/wp-json\/wp\/v2\/comments?post=14057"}],"version-history":[{"count":4,"href":"https:\/\/www.naturparkmagazin.de\/stechlin\/wp-json\/wp\/v2\/posts\/14057\/revisions"}],"predecessor-version":[{"id":14212,"href":"https:\/\/www.naturparkmagazin.de\/stechlin\/wp-json\/wp\/v2\/posts\/14057\/revisions\/14212"}],"wp:featuredmedia":[{"embeddable":true,"href":"https:\/\/www.naturparkmagazin.de\/stechlin\/wp-json\/wp\/v2\/media\/13293"}],"wp:attachment":[{"href":"https:\/\/www.naturparkmagazin.de\/stechlin\/wp-json\/wp\/v2\/media?parent=14057"}],"wp:term":[{"taxonomy":"category","embeddable":true,"href":"https:\/\/www.naturparkmagazin.de\/stechlin\/wp-json\/wp\/v2\/categories?post=14057"},{"taxonomy":"post_tag","embeddable":true,"href":"https:\/\/www.naturparkmagazin.de\/stechlin\/wp-json\/wp\/v2\/tags?post=14057"}],"curies":[{"name":"wp","href":"https:\/\/api.w.org\/{rel}","templated":true}]}}