{"id":1408,"date":"2014-09-19T13:25:17","date_gmt":"2014-09-19T11:25:17","guid":{"rendered":"http:\/\/www.naturparkmagazin.de\/stechlin\/?p=1408"},"modified":"2014-09-29T10:34:00","modified_gmt":"2014-09-29T08:34:00","slug":"liebe-leserin-lieber-leser-5","status":"publish","type":"post","link":"https:\/\/www.naturparkmagazin.de\/stechlin\/liebe-leserin-lieber-leser-5\/","title":{"rendered":"Liebe Leserin, lieber Leser,"},"content":{"rendered":"<p>zum Deutschen Naturparktag im Naturpark Spessart Ende September habe ich mich zur Wahl f\u00fcr den Vorstand unseres bundesweiten Dachverbandes gestellt. Der Verband Deutscher Naturparke (VDN) vertritt die Interessen aller 104 Naturparke auf 28% der Bundesfl\u00e4che. Ich habe dieses Amt bereits kommisarisch f\u00fcr meinen leider viel zu fr\u00fch verstorbenen Kollegen Karl Decruppe vom Naturpark Hoher Fl\u00e4ming \u00fcbernommen.<\/p>\n<p>Mir ist wichtig, dass unsere 11 Brandenburger Naturparke\u00a0bundesweit angemessen vertreten werden und unsere Ideen in die deutsche Naturparkbewegung einflie\u00dfen.<\/p>\n<p>Ich w\u00fcnsche Ihnen einen sch\u00f6nen Herbst! Viel Spa\u00df beim lesen!<\/p>\n<p>&nbsp;<\/p>\n<p>Dr. Mario Schrumpf<\/p>\n<p>Teamleiter im Naturpark Stechlin-Ruppiner Land<\/p>\n","protected":false},"excerpt":{"rendered":"<p>zum Deutschen Naturparktag im Naturpark Spessart Ende September habe ich mich zur Wahl f\u00fcr den Vorstand unseres bundesweiten Dachverbandes gestellt. Der Verband Deutscher Naturparke (VDN) vertritt die Interessen aller 104 Naturparke auf 28% der Bundesfl\u00e4che. Ich habe dieses Amt bereits kommisarisch f\u00fcr meinen leider viel zu fr\u00fch verstorbenen Kollegen Karl Decruppe vom Naturpark Hoher Fl\u00e4ming<\/p>\n","protected":false},"author":39,"featured_media":0,"comment_status":"open","ping_status":"open","sticky":false,"template":"","format":"standard","meta":[],"categories":[52],"tags":[],"yoast_head":"<!-- This site is optimized with the Yoast SEO plugin v19.10 - https:\/\/yoast.com\/wordpress\/plugins\/seo\/ -->\n<title>Liebe Leserin, lieber Leser, - Naturpark Stechlin-Ruppiner Land<\/title>\n<meta name=\"robots\" content=\"index, follow, max-snippet:-1, max-image-preview:large, max-video-preview:-1\" \/>\n<link rel=\"canonical\" href=\"https:\/\/www.naturparkmagazin.de\/stechlin\/liebe-leserin-lieber-leser-5\/\" \/>\n<meta property=\"og:locale\" content=\"de_DE\" \/>\n<meta property=\"og:type\" content=\"article\" \/>\n<meta property=\"og:title\" content=\"Liebe Leserin, lieber Leser, - Naturpark Stechlin-Ruppiner Land\" \/>\n<meta property=\"og:description\" content=\"zum Deutschen Naturparktag im Naturpark Spessart Ende September habe ich mich zur Wahl f\u00fcr den Vorstand unseres bundesweiten Dachverbandes gestellt. Der Verband Deutscher Naturparke (VDN) vertritt die Interessen aller 104 Naturparke auf 28% der Bundesfl\u00e4che. Ich habe dieses Amt bereits kommisarisch f\u00fcr meinen leider viel zu fr\u00fch verstorbenen Kollegen Karl Decruppe vom Naturpark Hoher Fl\u00e4ming\" \/>\n<meta property=\"og:url\" content=\"https:\/\/www.naturparkmagazin.de\/stechlin\/liebe-leserin-lieber-leser-5\/\" \/>\n<meta property=\"og:site_name\" content=\"Naturpark Stechlin-Ruppiner Land\" \/>\n<meta property=\"article:published_time\" content=\"2014-09-19T11:25:17+00:00\" \/>\n<meta property=\"article:modified_time\" content=\"2014-09-29T08:34:00+00:00\" \/>\n<meta name=\"author\" content=\"marioschrumpf\" \/>\n<meta name=\"twitter:label1\" content=\"Verfasst von\" \/>\n\t<meta name=\"twitter:data1\" content=\"marioschrumpf\" \/>\n\t<meta name=\"twitter:label2\" content=\"Gesch\u00e4tzte Lesezeit\" \/>\n\t<meta name=\"twitter:data2\" content=\"1\u00a0Minute\" \/>\n<script type=\"application\/ld+json\" class=\"yoast-schema-graph\">{\"@context\":\"https:\/\/schema.org\",\"@graph\":[{\"@type\":\"WebPage\",\"@id\":\"https:\/\/www.naturparkmagazin.de\/stechlin\/liebe-leserin-lieber-leser-5\/\",\"url\":\"https:\/\/www.naturparkmagazin.de\/stechlin\/liebe-leserin-lieber-leser-5\/\",\"name\":\"Liebe Leserin, lieber Leser, - Naturpark Stechlin-Ruppiner Land\",\"isPartOf\":{\"@id\":\"https:\/\/www.naturparkmagazin.de\/stechlin\/#website\"},\"datePublished\":\"2014-09-19T11:25:17+00:00\",\"dateModified\":\"2014-09-29T08:34:00+00:00\",\"author\":{\"@id\":\"https:\/\/www.naturparkmagazin.de\/stechlin\/#\/schema\/person\/3f0d93203df21c806dd63c76d9bb28bc\"},\"breadcrumb\":{\"@id\":\"https:\/\/www.naturparkmagazin.de\/stechlin\/liebe-leserin-lieber-leser-5\/#breadcrumb\"},\"inLanguage\":\"de\",\"potentialAction\":[{\"@type\":\"ReadAction\",\"target\":[\"https:\/\/www.naturparkmagazin.de\/stechlin\/liebe-leserin-lieber-leser-5\/\"]}]},{\"@type\":\"BreadcrumbList\",\"@id\":\"https:\/\/www.naturparkmagazin.de\/stechlin\/liebe-leserin-lieber-leser-5\/#breadcrumb\",\"itemListElement\":[{\"@type\":\"ListItem\",\"position\":1,\"name\":\"Home\",\"item\":\"https:\/\/www.naturparkmagazin.de\/stechlin\/\"},{\"@type\":\"ListItem\",\"position\":2,\"name\":\"Liebe Leserin, lieber Leser,\"}]},{\"@type\":\"WebSite\",\"@id\":\"https:\/\/www.naturparkmagazin.de\/stechlin\/#website\",\"url\":\"https:\/\/www.naturparkmagazin.de\/stechlin\/\",\"name\":\"Naturpark Stechlin-Ruppiner Land\",\"description\":\"\",\"potentialAction\":[{\"@type\":\"SearchAction\",\"target\":{\"@type\":\"EntryPoint\",\"urlTemplate\":\"https:\/\/www.naturparkmagazin.de\/stechlin\/?s={search_term_string}\"},\"query-input\":\"required name=search_term_string\"}],\"inLanguage\":\"de\"},{\"@type\":\"Person\",\"@id\":\"https:\/\/www.naturparkmagazin.de\/stechlin\/#\/schema\/person\/3f0d93203df21c806dd63c76d9bb28bc\",\"name\":\"marioschrumpf\",\"url\":\"https:\/\/www.naturparkmagazin.de\/stechlin\/author\/marioschrumpf\/\"}]}<\/script>\n<!-- \/ Yoast SEO plugin. -->","yoast_head_json":{"title":"Liebe Leserin, lieber Leser, - Naturpark Stechlin-Ruppiner Land","robots":{"index":"index","follow":"follow","max-snippet":"max-snippet:-1","max-image-preview":"max-image-preview:large","max-video-preview":"max-video-preview:-1"},"canonical":"https:\/\/www.naturparkmagazin.de\/stechlin\/liebe-leserin-lieber-leser-5\/","og_locale":"de_DE","og_type":"article","og_title":"Liebe Leserin, lieber Leser, - Naturpark Stechlin-Ruppiner Land","og_description":"zum Deutschen Naturparktag im Naturpark Spessart Ende September habe ich mich zur Wahl f\u00fcr den Vorstand unseres bundesweiten Dachverbandes gestellt. Der Verband Deutscher Naturparke (VDN) vertritt die Interessen aller 104 Naturparke auf 28% der Bundesfl\u00e4che. Ich habe dieses Amt bereits kommisarisch f\u00fcr meinen leider viel zu fr\u00fch verstorbenen Kollegen Karl Decruppe vom Naturpark Hoher Fl\u00e4ming","og_url":"https:\/\/www.naturparkmagazin.de\/stechlin\/liebe-leserin-lieber-leser-5\/","og_site_name":"Naturpark Stechlin-Ruppiner Land","article_published_time":"2014-09-19T11:25:17+00:00","article_modified_time":"2014-09-29T08:34:00+00:00","author":"marioschrumpf","twitter_misc":{"Verfasst von":"marioschrumpf","Gesch\u00e4tzte Lesezeit":"1\u00a0Minute"},"schema":{"@context":"https:\/\/schema.org","@graph":[{"@type":"WebPage","@id":"https:\/\/www.naturparkmagazin.de\/stechlin\/liebe-leserin-lieber-leser-5\/","url":"https:\/\/www.naturparkmagazin.de\/stechlin\/liebe-leserin-lieber-leser-5\/","name":"Liebe Leserin, lieber Leser, - Naturpark Stechlin-Ruppiner Land","isPartOf":{"@id":"https:\/\/www.naturparkmagazin.de\/stechlin\/#website"},"datePublished":"2014-09-19T11:25:17+00:00","dateModified":"2014-09-29T08:34:00+00:00","author":{"@id":"https:\/\/www.naturparkmagazin.de\/stechlin\/#\/schema\/person\/3f0d93203df21c806dd63c76d9bb28bc"},"breadcrumb":{"@id":"https:\/\/www.naturparkmagazin.de\/stechlin\/liebe-leserin-lieber-leser-5\/#breadcrumb"},"inLanguage":"de","potentialAction":[{"@type":"ReadAction","target":["https:\/\/www.naturparkmagazin.de\/stechlin\/liebe-leserin-lieber-leser-5\/"]}]},{"@type":"BreadcrumbList","@id":"https:\/\/www.naturparkmagazin.de\/stechlin\/liebe-leserin-lieber-leser-5\/#breadcrumb","itemListElement":[{"@type":"ListItem","position":1,"name":"Home","item":"https:\/\/www.naturparkmagazin.de\/stechlin\/"},{"@type":"ListItem","position":2,"name":"Liebe Leserin, lieber Leser,"}]},{"@type":"WebSite","@id":"https:\/\/www.naturparkmagazin.de\/stechlin\/#website","url":"https:\/\/www.naturparkmagazin.de\/stechlin\/","name":"Naturpark Stechlin-Ruppiner Land","description":"","potentialAction":[{"@type":"SearchAction","target":{"@type":"EntryPoint","urlTemplate":"https:\/\/www.naturparkmagazin.de\/stechlin\/?s={search_term_string}"},"query-input":"required name=search_term_string"}],"inLanguage":"de"},{"@type":"Person","@id":"https:\/\/www.naturparkmagazin.de\/stechlin\/#\/schema\/person\/3f0d93203df21c806dd63c76d9bb28bc","name":"marioschrumpf","url":"https:\/\/www.naturparkmagazin.de\/stechlin\/author\/marioschrumpf\/"}]}},"_links":{"self":[{"href":"https:\/\/www.naturparkmagazin.de\/stechlin\/wp-json\/wp\/v2\/posts\/1408"}],"collection":[{"href":"https:\/\/www.naturparkmagazin.de\/stechlin\/wp-json\/wp\/v2\/posts"}],"about":[{"href":"https:\/\/www.naturparkmagazin.de\/stechlin\/wp-json\/wp\/v2\/types\/post"}],"author":[{"embeddable":true,"href":"https:\/\/www.naturparkmagazin.de\/stechlin\/wp-json\/wp\/v2\/users\/39"}],"replies":[{"embeddable":true,"href":"https:\/\/www.naturparkmagazin.de\/stechlin\/wp-json\/wp\/v2\/comments?post=1408"}],"version-history":[{"count":2,"href":"https:\/\/www.naturparkmagazin.de\/stechlin\/wp-json\/wp\/v2\/posts\/1408\/revisions"}],"predecessor-version":[{"id":1439,"href":"https:\/\/www.naturparkmagazin.de\/stechlin\/wp-json\/wp\/v2\/posts\/1408\/revisions\/1439"}],"wp:attachment":[{"href":"https:\/\/www.naturparkmagazin.de\/stechlin\/wp-json\/wp\/v2\/media?parent=1408"}],"wp:term":[{"taxonomy":"category","embeddable":true,"href":"https:\/\/www.naturparkmagazin.de\/stechlin\/wp-json\/wp\/v2\/categories?post=1408"},{"taxonomy":"post_tag","embeddable":true,"href":"https:\/\/www.naturparkmagazin.de\/stechlin\/wp-json\/wp\/v2\/tags?post=1408"}],"curies":[{"name":"wp","href":"https:\/\/api.w.org\/{rel}","templated":true}]}}