{"id":14145,"date":"2023-08-18T16:06:18","date_gmt":"2023-08-18T14:06:18","guid":{"rendered":"https:\/\/www.naturparkmagazin.de\/stechlin\/?p=14145"},"modified":"2023-08-16T12:59:37","modified_gmt":"2023-08-16T10:59:37","slug":"hanf-bus-tour-am-6-september","status":"publish","type":"post","link":"https:\/\/www.naturparkmagazin.de\/stechlin\/hanf-bus-tour-am-6-september\/","title":{"rendered":"Hanf-Bus-Tour am 6. September"},"content":{"rendered":"<p>In den vergangenen Jahren hat der Landschaftspflegeverband Prignitz-Ruppiner Land e.V. (LPV) j\u00e4hrlich einen Hanf-Feldtag organisiert, der auf einem Agrarbetrieb mit Hanfanbau stattfand und regelm\u00e4\u00dfig auf ein gro\u00dfes Interesse stie\u00df. Um Unterschiede von Anbauverfahren f\u00fcr Hanf besser beurteilen zu k\u00f6nnen, bietet der LPV in diesem Jahr statt eines station\u00e4r orientierten Feldtages eine Busexkursion an, in der verschiedene Fl\u00e4chen im Landkreis Ostprignitz-Ruppin angefahren werden, um die Hanfbest\u00e4nde und die dahinterstehenden Anbauverfahren zu besichtigen.<\/p>\n<div id=\"attachment_14150\" style=\"width: 310px\" class=\"wp-caption aligncenter\"><a href=\"https:\/\/www.naturparkmagazin.de\/stechlin\/wp-content\/uploads\/sites\/38\/200623_feldtag1.jpg\"><img aria-describedby=\"caption-attachment-14150\" decoding=\"async\" loading=\"lazy\" class=\"size-thumbnail wp-image-14150\" src=\"https:\/\/www.naturparkmagazin.de\/stechlin\/wp-content\/uploads\/sites\/38\/200623_feldtag1-300x180.jpg\" alt=\"\" width=\"300\" height=\"180\" srcset=\"https:\/\/www.naturparkmagazin.de\/stechlin\/wp-content\/uploads\/sites\/38\/200623_feldtag1-300x180.jpg 300w, https:\/\/www.naturparkmagazin.de\/stechlin\/wp-content\/uploads\/sites\/38\/200623_feldtag1-200x120.jpg 200w, https:\/\/www.naturparkmagazin.de\/stechlin\/wp-content\/uploads\/sites\/38\/200623_feldtag1.jpg 500w\" sizes=\"(max-width: 300px) 100vw, 300px\" \/><\/a><p id=\"caption-attachment-14150\" class=\"wp-caption-text\">Hanf-Feldtag im Juni 2022 auf der Bio Ranch Zempow\u00a9 Dr. Wilhelm Sch\u00e4kel<\/p><\/div>\n<p><strong>Datum<\/strong>: Mittwoch, 06. September, Abfahrt 10.00 Uhr bis ca. 16.00 Uhr\n<strong>Ort<\/strong>: Bahnhof Wittstock, Parkplatz<\/p>\n<p><strong>Ablauf\/Stationen:<\/strong>\n\u2022 Fahrt Wittstock-Blumenthal, Best\u00e4nde der Blumenthaler Agrar-GmbH und des Betriebs Gr\u00fcnhagen\n\u2022 Gottberg, Fl\u00e4chen des Betriebs R\u00fcdiger P\u00f6hl, Mittagsimbiss mit Hanf-Cr\u00e9pes\n\u2022 Werder, Gewerbegebiet Temnitztal, Besuch der Firma Felde Fibres GmbH\n\u2022 Braunsberg Fl\u00e4chen Agrargenossenschaft Braunsberg\n\u2022 R\u00fcckfahrt nach Wittstock\/Bahnhof<\/p>\n<p>Um die Planung zu erleichtern, bitten wir um eine <strong>Anmeldung bis zum 31. August<\/strong> per Email an j.paki@lpv-prignitz-ruppin.de oder telefonisch unter 0157 8867 2952.<\/p>\n","protected":false},"excerpt":{"rendered":"<p>Um Unterschiede von Anbauverfahren f\u00fcr Hanf besser beurteilen zu k\u00f6nnen, bietet der Landschaftspflegeverband Prignitz-Ruppiner Land e.V. in diesem Jahr statt eines station\u00e4r orientierten Feldtages eine Busexkursion an, in der verschiedene Fl\u00e4chen im Landkreis Ostprignitz-Ruppin angefahren werden.<\/p>\n","protected":false},"author":39,"featured_media":10703,"comment_status":"open","ping_status":"open","sticky":false,"template":"","format":"standard","meta":[],"categories":[11],"tags":[],"yoast_head":"<!-- This site is optimized with the Yoast SEO plugin v19.10 - https:\/\/yoast.com\/wordpress\/plugins\/seo\/ -->\n<title>Hanf-Bus-Tour am 6. September - Naturpark Stechlin-Ruppiner Land<\/title>\n<meta name=\"robots\" content=\"index, follow, max-snippet:-1, max-image-preview:large, max-video-preview:-1\" \/>\n<link rel=\"canonical\" href=\"https:\/\/www.naturparkmagazin.de\/stechlin\/?p=14145\" \/>\n<meta property=\"og:locale\" content=\"de_DE\" \/>\n<meta property=\"og:type\" content=\"article\" \/>\n<meta property=\"og:title\" content=\"Hanf-Bus-Tour am 6. September - Naturpark Stechlin-Ruppiner Land\" \/>\n<meta property=\"og:description\" content=\"Um Unterschiede von Anbauverfahren f\u00fcr Hanf besser beurteilen zu k\u00f6nnen, bietet der Landschaftspflegeverband Prignitz-Ruppiner Land e.V. in diesem Jahr statt eines station\u00e4r orientierten Feldtages eine Busexkursion an, in der verschiedene Fl\u00e4chen im Landkreis Ostprignitz-Ruppin angefahren werden.\" \/>\n<meta property=\"og:url\" content=\"https:\/\/www.naturparkmagazin.de\/stechlin\/?p=14145\" \/>\n<meta property=\"og:site_name\" content=\"Naturpark Stechlin-Ruppiner Land\" \/>\n<meta property=\"article:published_time\" content=\"2023-08-18T14:06:18+00:00\" \/>\n<meta property=\"article:modified_time\" content=\"2023-08-16T10:59:37+00:00\" \/>\n<meta property=\"og:image\" content=\"https:\/\/www.naturparkmagazin.de\/stechlin\/wp-content\/uploads\/sites\/38\/hanf_1.jpg\" \/>\n\t<meta property=\"og:image:width\" content=\"200\" \/>\n\t<meta property=\"og:image:height\" content=\"200\" \/>\n\t<meta property=\"og:image:type\" content=\"image\/jpeg\" \/>\n<meta name=\"author\" content=\"marioschrumpf\" \/>\n<meta name=\"twitter:label1\" content=\"Verfasst von\" \/>\n\t<meta name=\"twitter:data1\" content=\"marioschrumpf\" \/>\n\t<meta name=\"twitter:label2\" content=\"Gesch\u00e4tzte Lesezeit\" \/>\n\t<meta name=\"twitter:data2\" content=\"2\u00a0Minuten\" \/>\n<script type=\"application\/ld+json\" class=\"yoast-schema-graph\">{\"@context\":\"https:\/\/schema.org\",\"@graph\":[{\"@type\":\"WebPage\",\"@id\":\"https:\/\/www.naturparkmagazin.de\/stechlin\/?p=14145\",\"url\":\"https:\/\/www.naturparkmagazin.de\/stechlin\/?p=14145\",\"name\":\"Hanf-Bus-Tour am 6. September - Naturpark Stechlin-Ruppiner Land\",\"isPartOf\":{\"@id\":\"https:\/\/www.naturparkmagazin.de\/stechlin\/#website\"},\"datePublished\":\"2023-08-18T14:06:18+00:00\",\"dateModified\":\"2023-08-16T10:59:37+00:00\",\"author\":{\"@id\":\"https:\/\/www.naturparkmagazin.de\/stechlin\/#\/schema\/person\/3f0d93203df21c806dd63c76d9bb28bc\"},\"breadcrumb\":{\"@id\":\"https:\/\/www.naturparkmagazin.de\/stechlin\/?p=14145#breadcrumb\"},\"inLanguage\":\"de\",\"potentialAction\":[{\"@type\":\"ReadAction\",\"target\":[\"https:\/\/www.naturparkmagazin.de\/stechlin\/?p=14145\"]}]},{\"@type\":\"BreadcrumbList\",\"@id\":\"https:\/\/www.naturparkmagazin.de\/stechlin\/?p=14145#breadcrumb\",\"itemListElement\":[{\"@type\":\"ListItem\",\"position\":1,\"name\":\"Home\",\"item\":\"https:\/\/www.naturparkmagazin.de\/stechlin\/\"},{\"@type\":\"ListItem\",\"position\":2,\"name\":\"Hanf-Bus-Tour am 6. September\"}]},{\"@type\":\"WebSite\",\"@id\":\"https:\/\/www.naturparkmagazin.de\/stechlin\/#website\",\"url\":\"https:\/\/www.naturparkmagazin.de\/stechlin\/\",\"name\":\"Naturpark Stechlin-Ruppiner Land\",\"description\":\"\",\"potentialAction\":[{\"@type\":\"SearchAction\",\"target\":{\"@type\":\"EntryPoint\",\"urlTemplate\":\"https:\/\/www.naturparkmagazin.de\/stechlin\/?s={search_term_string}\"},\"query-input\":\"required name=search_term_string\"}],\"inLanguage\":\"de\"},{\"@type\":\"Person\",\"@id\":\"https:\/\/www.naturparkmagazin.de\/stechlin\/#\/schema\/person\/3f0d93203df21c806dd63c76d9bb28bc\",\"name\":\"marioschrumpf\",\"url\":\"https:\/\/www.naturparkmagazin.de\/stechlin\/author\/marioschrumpf\/\"}]}<\/script>\n<!-- \/ Yoast SEO plugin. -->","yoast_head_json":{"title":"Hanf-Bus-Tour am 6. September - Naturpark Stechlin-Ruppiner Land","robots":{"index":"index","follow":"follow","max-snippet":"max-snippet:-1","max-image-preview":"max-image-preview:large","max-video-preview":"max-video-preview:-1"},"canonical":"https:\/\/www.naturparkmagazin.de\/stechlin\/?p=14145","og_locale":"de_DE","og_type":"article","og_title":"Hanf-Bus-Tour am 6. September - Naturpark Stechlin-Ruppiner Land","og_description":"Um Unterschiede von Anbauverfahren f\u00fcr Hanf besser beurteilen zu k\u00f6nnen, bietet der Landschaftspflegeverband Prignitz-Ruppiner Land e.V. in diesem Jahr statt eines station\u00e4r orientierten Feldtages eine Busexkursion an, in der verschiedene Fl\u00e4chen im Landkreis Ostprignitz-Ruppin angefahren werden.","og_url":"https:\/\/www.naturparkmagazin.de\/stechlin\/?p=14145","og_site_name":"Naturpark Stechlin-Ruppiner Land","article_published_time":"2023-08-18T14:06:18+00:00","article_modified_time":"2023-08-16T10:59:37+00:00","og_image":[{"width":200,"height":200,"url":"https:\/\/www.naturparkmagazin.de\/stechlin\/wp-content\/uploads\/sites\/38\/hanf_1.jpg","type":"image\/jpeg"}],"author":"marioschrumpf","twitter_misc":{"Verfasst von":"marioschrumpf","Gesch\u00e4tzte Lesezeit":"2\u00a0Minuten"},"schema":{"@context":"https:\/\/schema.org","@graph":[{"@type":"WebPage","@id":"https:\/\/www.naturparkmagazin.de\/stechlin\/?p=14145","url":"https:\/\/www.naturparkmagazin.de\/stechlin\/?p=14145","name":"Hanf-Bus-Tour am 6. September - Naturpark Stechlin-Ruppiner Land","isPartOf":{"@id":"https:\/\/www.naturparkmagazin.de\/stechlin\/#website"},"datePublished":"2023-08-18T14:06:18+00:00","dateModified":"2023-08-16T10:59:37+00:00","author":{"@id":"https:\/\/www.naturparkmagazin.de\/stechlin\/#\/schema\/person\/3f0d93203df21c806dd63c76d9bb28bc"},"breadcrumb":{"@id":"https:\/\/www.naturparkmagazin.de\/stechlin\/?p=14145#breadcrumb"},"inLanguage":"de","potentialAction":[{"@type":"ReadAction","target":["https:\/\/www.naturparkmagazin.de\/stechlin\/?p=14145"]}]},{"@type":"BreadcrumbList","@id":"https:\/\/www.naturparkmagazin.de\/stechlin\/?p=14145#breadcrumb","itemListElement":[{"@type":"ListItem","position":1,"name":"Home","item":"https:\/\/www.naturparkmagazin.de\/stechlin\/"},{"@type":"ListItem","position":2,"name":"Hanf-Bus-Tour am 6. September"}]},{"@type":"WebSite","@id":"https:\/\/www.naturparkmagazin.de\/stechlin\/#website","url":"https:\/\/www.naturparkmagazin.de\/stechlin\/","name":"Naturpark Stechlin-Ruppiner Land","description":"","potentialAction":[{"@type":"SearchAction","target":{"@type":"EntryPoint","urlTemplate":"https:\/\/www.naturparkmagazin.de\/stechlin\/?s={search_term_string}"},"query-input":"required name=search_term_string"}],"inLanguage":"de"},{"@type":"Person","@id":"https:\/\/www.naturparkmagazin.de\/stechlin\/#\/schema\/person\/3f0d93203df21c806dd63c76d9bb28bc","name":"marioschrumpf","url":"https:\/\/www.naturparkmagazin.de\/stechlin\/author\/marioschrumpf\/"}]}},"_links":{"self":[{"href":"https:\/\/www.naturparkmagazin.de\/stechlin\/wp-json\/wp\/v2\/posts\/14145"}],"collection":[{"href":"https:\/\/www.naturparkmagazin.de\/stechlin\/wp-json\/wp\/v2\/posts"}],"about":[{"href":"https:\/\/www.naturparkmagazin.de\/stechlin\/wp-json\/wp\/v2\/types\/post"}],"author":[{"embeddable":true,"href":"https:\/\/www.naturparkmagazin.de\/stechlin\/wp-json\/wp\/v2\/users\/39"}],"replies":[{"embeddable":true,"href":"https:\/\/www.naturparkmagazin.de\/stechlin\/wp-json\/wp\/v2\/comments?post=14145"}],"version-history":[{"count":7,"href":"https:\/\/www.naturparkmagazin.de\/stechlin\/wp-json\/wp\/v2\/posts\/14145\/revisions"}],"predecessor-version":[{"id":14209,"href":"https:\/\/www.naturparkmagazin.de\/stechlin\/wp-json\/wp\/v2\/posts\/14145\/revisions\/14209"}],"wp:featuredmedia":[{"embeddable":true,"href":"https:\/\/www.naturparkmagazin.de\/stechlin\/wp-json\/wp\/v2\/media\/10703"}],"wp:attachment":[{"href":"https:\/\/www.naturparkmagazin.de\/stechlin\/wp-json\/wp\/v2\/media?parent=14145"}],"wp:term":[{"taxonomy":"category","embeddable":true,"href":"https:\/\/www.naturparkmagazin.de\/stechlin\/wp-json\/wp\/v2\/categories?post=14145"},{"taxonomy":"post_tag","embeddable":true,"href":"https:\/\/www.naturparkmagazin.de\/stechlin\/wp-json\/wp\/v2\/tags?post=14145"}],"curies":[{"name":"wp","href":"https:\/\/api.w.org\/{rel}","templated":true}]}}