{"id":1420,"date":"2014-09-19T13:49:51","date_gmt":"2014-09-19T11:49:51","guid":{"rendered":"http:\/\/www.naturparkmagazin.de\/stechlin\/?p=1420"},"modified":"2014-09-19T14:13:50","modified_gmt":"2014-09-19T12:13:50","slug":"die-ziegen-die-esel-und-der-balken","status":"publish","type":"post","link":"https:\/\/www.naturparkmagazin.de\/stechlin\/die-ziegen-die-esel-und-der-balken\/","title":{"rendered":"Die Ziegen, die Esel und der Balken!"},"content":{"rendered":"<p><a href=\"https:\/\/www.naturparkmagazin.de\/stechlin\/wp-content\/uploads\/sites\/38\/Esel.jpg\"><img decoding=\"async\" loading=\"lazy\" class=\"size-full wp-image-1421\" alt=\"Esel als Landschaftspfleger am Zechower Berg\" src=\"https:\/\/www.naturparkmagazin.de\/stechlin\/wp-content\/uploads\/sites\/38\/Esel.jpg\" width=\"500\" height=\"375\" srcset=\"https:\/\/www.naturparkmagazin.de\/stechlin\/wp-content\/uploads\/sites\/38\/Esel.jpg 500w, https:\/\/www.naturparkmagazin.de\/stechlin\/wp-content\/uploads\/sites\/38\/Esel-300x225.jpg 300w, https:\/\/www.naturparkmagazin.de\/stechlin\/wp-content\/uploads\/sites\/38\/Esel-420x315.jpg 420w, https:\/\/www.naturparkmagazin.de\/stechlin\/wp-content\/uploads\/sites\/38\/Esel-180x135.jpg 180w, https:\/\/www.naturparkmagazin.de\/stechlin\/wp-content\/uploads\/sites\/38\/Esel-95x71.jpg 95w, https:\/\/www.naturparkmagazin.de\/stechlin\/wp-content\/uploads\/sites\/38\/Esel-200x150.jpg 200w\" sizes=\"(max-width: 500px) 100vw, 500px\" \/><\/a><\/p>\n<dl class=\"wp-caption alignnone\" id=\"attachment_1421\" style=\"width: 510px\">\n<dt class=\"wp-caption-dt\">Esel als Landschaftspfleger am Zechower Berg<\/dt>\n<\/dl>\n<p>Vertragsnaturschutz ist eine gute Sache! Dreizehn Ziegen beweiden im Naturpark spezielle Lebensr\u00e4ume wie Trocken- und Halbtrockenrasen, die sonst mit Geh\u00f6lzen schnell zuwachsen w\u00fcrden. Der G\u00fcldenhofer Z\u00fcchter Reinhard Brehe hatte im August eine ehemalige Kiesgrube bei Rheinsberg durch seine buntgemischte Truppe pflegen lassen. Nun stehen die vierbeinigen Landschaftspfleger auf dem Wallberg in Menz.Nicht nur Ziegen werden im Naturpark f\u00fcr die Landschaftspflege verwendet. Auch Esel, Schafe und Maschinen kommen zum Einsatz. Jede Tierart greift aufgrund unterschiedlicher Vorlieben und e<\/p>\n<p>ines anderen Stoffwechsels auch anders in die Biotope ein. So lassen sich ungewollte Geh\u00f6lzaustriebe durch die Ziegenbeweidung sehr gut zur\u00fcckdr\u00e4ngen.<\/p>\n<p>Am Zechower Berg soll beispielsweise die stark verfilzte Grasnarbe eines Halbtrockenrasens f\u00fcr bestimmte Arten, u.a. das Federgras, ge\u00f6ffnet werden. Hier sollen 4 Esel des Kultur- und Landschaftsf\u00fchrers des Naturparks Steffen Schindel zum Einsatz kommen. Sonst sind diese Tiere als Helfer, Tr\u00e4ger und Kontaktpersonen beim \u201eanimal trekking\u201c unterwegs, jetzt erhalten sie die Kulturlandschaft.<\/p>\n<p>Technik wird dort eingesetzt, wo es f\u00fcr die Tiere zu nass oder zu gro\u00dffl\u00e4chig wird. So kommen noch in diesem Jahr einige Hektar Feuchtwiese unter den Balkenm\u00e4her. Diese artenreichen und hochsensiblen Lebensr\u00e4ume werden durch den Landschaftspflegeverein \u201eNorduckerm\u00e4rkische Seenlandschaft\u201c e.V. gem\u00e4ht. Dabei steht wie auch bei den tierischen Landschaftspflegern in den anderen Lebensr\u00e4umen h\u00e4ufig die Entnahme von N\u00e4hrstoffen in Form von Schnittgut im Vordergrund.<\/p>\n<div id=\"attachment_1422\" style=\"width: 510px\" class=\"wp-caption alignnone\"><a href=\"https:\/\/www.naturparkmagazin.de\/stechlin\/wp-content\/uploads\/sites\/38\/Ziegen1.jpg\"><img aria-describedby=\"caption-attachment-1422\" decoding=\"async\" loading=\"lazy\" class=\"size-full wp-image-1422\" alt=\"Ziegen in der ehemaligen Kiesgrube\" src=\"https:\/\/www.naturparkmagazin.de\/stechlin\/wp-content\/uploads\/sites\/38\/Ziegen1.jpg\" width=\"500\" height=\"375\" srcset=\"https:\/\/www.naturparkmagazin.de\/stechlin\/wp-content\/uploads\/sites\/38\/Ziegen1.jpg 500w, https:\/\/www.naturparkmagazin.de\/stechlin\/wp-content\/uploads\/sites\/38\/Ziegen1-300x225.jpg 300w, https:\/\/www.naturparkmagazin.de\/stechlin\/wp-content\/uploads\/sites\/38\/Ziegen1-420x315.jpg 420w, https:\/\/www.naturparkmagazin.de\/stechlin\/wp-content\/uploads\/sites\/38\/Ziegen1-180x135.jpg 180w, https:\/\/www.naturparkmagazin.de\/stechlin\/wp-content\/uploads\/sites\/38\/Ziegen1-95x71.jpg 95w, https:\/\/www.naturparkmagazin.de\/stechlin\/wp-content\/uploads\/sites\/38\/Ziegen1-200x150.jpg 200w\" sizes=\"(max-width: 500px) 100vw, 500px\" \/><\/a><p id=\"caption-attachment-1422\" class=\"wp-caption-text\">Ziegen in der ehemaligen Kiesgrube<\/p><\/div>\n","protected":false},"excerpt":{"rendered":"<p>Vertragsnaturschutz ist eine gute Sache! Dreizehn Ziegen beweiden im Naturpark spezielle Lebensr\u00e4ume wie Trocken- und Halbtrockenrasen, die sonst mit Geh\u00f6lzen schnell zuwachsen w\u00fcrden.<\/p>\n","protected":false},"author":39,"featured_media":1423,"comment_status":"open","ping_status":"open","sticky":false,"template":"","format":"standard","meta":[],"categories":[7],"tags":[],"yoast_head":"<!-- This site is optimized with the Yoast SEO plugin v19.10 - https:\/\/yoast.com\/wordpress\/plugins\/seo\/ -->\n<title>Die Ziegen, die Esel und der Balken! - Naturpark Stechlin-Ruppiner Land<\/title>\n<meta name=\"robots\" content=\"index, follow, max-snippet:-1, max-image-preview:large, max-video-preview:-1\" \/>\n<link rel=\"canonical\" href=\"https:\/\/www.naturparkmagazin.de\/stechlin\/die-ziegen-die-esel-und-der-balken\/\" \/>\n<meta property=\"og:locale\" content=\"de_DE\" \/>\n<meta property=\"og:type\" content=\"article\" \/>\n<meta property=\"og:title\" content=\"Die Ziegen, die Esel und der Balken! - Naturpark Stechlin-Ruppiner Land\" \/>\n<meta property=\"og:description\" content=\"Vertragsnaturschutz ist eine gute Sache! Dreizehn Ziegen beweiden im Naturpark spezielle Lebensr\u00e4ume wie Trocken- und Halbtrockenrasen, die sonst mit Geh\u00f6lzen schnell zuwachsen w\u00fcrden.\" \/>\n<meta property=\"og:url\" content=\"https:\/\/www.naturparkmagazin.de\/stechlin\/die-ziegen-die-esel-und-der-balken\/\" \/>\n<meta property=\"og:site_name\" content=\"Naturpark Stechlin-Ruppiner Land\" \/>\n<meta property=\"article:published_time\" content=\"2014-09-19T11:49:51+00:00\" \/>\n<meta property=\"article:modified_time\" content=\"2014-09-19T12:13:50+00:00\" \/>\n<meta property=\"og:image\" content=\"https:\/\/www.naturparkmagazin.de\/stechlin\/wp-content\/uploads\/sites\/38\/ziegen-nah_aufh\u00e4nger_klein.jpg\" \/>\n\t<meta property=\"og:image:width\" content=\"500\" \/>\n\t<meta property=\"og:image:height\" content=\"290\" \/>\n\t<meta property=\"og:image:type\" content=\"image\/jpeg\" \/>\n<meta name=\"author\" content=\"marioschrumpf\" \/>\n<meta name=\"twitter:label1\" content=\"Verfasst von\" \/>\n\t<meta name=\"twitter:data1\" content=\"marioschrumpf\" \/>\n\t<meta name=\"twitter:label2\" content=\"Gesch\u00e4tzte Lesezeit\" \/>\n\t<meta name=\"twitter:data2\" content=\"1\u00a0Minute\" \/>\n<script type=\"application\/ld+json\" class=\"yoast-schema-graph\">{\"@context\":\"https:\/\/schema.org\",\"@graph\":[{\"@type\":\"WebPage\",\"@id\":\"https:\/\/www.naturparkmagazin.de\/stechlin\/die-ziegen-die-esel-und-der-balken\/\",\"url\":\"https:\/\/www.naturparkmagazin.de\/stechlin\/die-ziegen-die-esel-und-der-balken\/\",\"name\":\"Die Ziegen, die Esel und der Balken! - Naturpark Stechlin-Ruppiner Land\",\"isPartOf\":{\"@id\":\"https:\/\/www.naturparkmagazin.de\/stechlin\/#website\"},\"datePublished\":\"2014-09-19T11:49:51+00:00\",\"dateModified\":\"2014-09-19T12:13:50+00:00\",\"author\":{\"@id\":\"https:\/\/www.naturparkmagazin.de\/stechlin\/#\/schema\/person\/3f0d93203df21c806dd63c76d9bb28bc\"},\"breadcrumb\":{\"@id\":\"https:\/\/www.naturparkmagazin.de\/stechlin\/die-ziegen-die-esel-und-der-balken\/#breadcrumb\"},\"inLanguage\":\"de\",\"potentialAction\":[{\"@type\":\"ReadAction\",\"target\":[\"https:\/\/www.naturparkmagazin.de\/stechlin\/die-ziegen-die-esel-und-der-balken\/\"]}]},{\"@type\":\"BreadcrumbList\",\"@id\":\"https:\/\/www.naturparkmagazin.de\/stechlin\/die-ziegen-die-esel-und-der-balken\/#breadcrumb\",\"itemListElement\":[{\"@type\":\"ListItem\",\"position\":1,\"name\":\"Home\",\"item\":\"https:\/\/www.naturparkmagazin.de\/stechlin\/\"},{\"@type\":\"ListItem\",\"position\":2,\"name\":\"Die Ziegen, die Esel und der Balken!\"}]},{\"@type\":\"WebSite\",\"@id\":\"https:\/\/www.naturparkmagazin.de\/stechlin\/#website\",\"url\":\"https:\/\/www.naturparkmagazin.de\/stechlin\/\",\"name\":\"Naturpark Stechlin-Ruppiner Land\",\"description\":\"\",\"potentialAction\":[{\"@type\":\"SearchAction\",\"target\":{\"@type\":\"EntryPoint\",\"urlTemplate\":\"https:\/\/www.naturparkmagazin.de\/stechlin\/?s={search_term_string}\"},\"query-input\":\"required name=search_term_string\"}],\"inLanguage\":\"de\"},{\"@type\":\"Person\",\"@id\":\"https:\/\/www.naturparkmagazin.de\/stechlin\/#\/schema\/person\/3f0d93203df21c806dd63c76d9bb28bc\",\"name\":\"marioschrumpf\",\"url\":\"https:\/\/www.naturparkmagazin.de\/stechlin\/author\/marioschrumpf\/\"}]}<\/script>\n<!-- \/ Yoast SEO plugin. -->","yoast_head_json":{"title":"Die Ziegen, die Esel und der Balken! - Naturpark Stechlin-Ruppiner Land","robots":{"index":"index","follow":"follow","max-snippet":"max-snippet:-1","max-image-preview":"max-image-preview:large","max-video-preview":"max-video-preview:-1"},"canonical":"https:\/\/www.naturparkmagazin.de\/stechlin\/die-ziegen-die-esel-und-der-balken\/","og_locale":"de_DE","og_type":"article","og_title":"Die Ziegen, die Esel und der Balken! - Naturpark Stechlin-Ruppiner Land","og_description":"Vertragsnaturschutz ist eine gute Sache! Dreizehn Ziegen beweiden im Naturpark spezielle Lebensr\u00e4ume wie Trocken- und Halbtrockenrasen, die sonst mit Geh\u00f6lzen schnell zuwachsen w\u00fcrden.","og_url":"https:\/\/www.naturparkmagazin.de\/stechlin\/die-ziegen-die-esel-und-der-balken\/","og_site_name":"Naturpark Stechlin-Ruppiner Land","article_published_time":"2014-09-19T11:49:51+00:00","article_modified_time":"2014-09-19T12:13:50+00:00","og_image":[{"width":500,"height":290,"url":"https:\/\/www.naturparkmagazin.de\/stechlin\/wp-content\/uploads\/sites\/38\/ziegen-nah_aufh\u00e4nger_klein.jpg","type":"image\/jpeg"}],"author":"marioschrumpf","twitter_misc":{"Verfasst von":"marioschrumpf","Gesch\u00e4tzte Lesezeit":"1\u00a0Minute"},"schema":{"@context":"https:\/\/schema.org","@graph":[{"@type":"WebPage","@id":"https:\/\/www.naturparkmagazin.de\/stechlin\/die-ziegen-die-esel-und-der-balken\/","url":"https:\/\/www.naturparkmagazin.de\/stechlin\/die-ziegen-die-esel-und-der-balken\/","name":"Die Ziegen, die Esel und der Balken! - Naturpark Stechlin-Ruppiner Land","isPartOf":{"@id":"https:\/\/www.naturparkmagazin.de\/stechlin\/#website"},"datePublished":"2014-09-19T11:49:51+00:00","dateModified":"2014-09-19T12:13:50+00:00","author":{"@id":"https:\/\/www.naturparkmagazin.de\/stechlin\/#\/schema\/person\/3f0d93203df21c806dd63c76d9bb28bc"},"breadcrumb":{"@id":"https:\/\/www.naturparkmagazin.de\/stechlin\/die-ziegen-die-esel-und-der-balken\/#breadcrumb"},"inLanguage":"de","potentialAction":[{"@type":"ReadAction","target":["https:\/\/www.naturparkmagazin.de\/stechlin\/die-ziegen-die-esel-und-der-balken\/"]}]},{"@type":"BreadcrumbList","@id":"https:\/\/www.naturparkmagazin.de\/stechlin\/die-ziegen-die-esel-und-der-balken\/#breadcrumb","itemListElement":[{"@type":"ListItem","position":1,"name":"Home","item":"https:\/\/www.naturparkmagazin.de\/stechlin\/"},{"@type":"ListItem","position":2,"name":"Die Ziegen, die Esel und der Balken!"}]},{"@type":"WebSite","@id":"https:\/\/www.naturparkmagazin.de\/stechlin\/#website","url":"https:\/\/www.naturparkmagazin.de\/stechlin\/","name":"Naturpark Stechlin-Ruppiner Land","description":"","potentialAction":[{"@type":"SearchAction","target":{"@type":"EntryPoint","urlTemplate":"https:\/\/www.naturparkmagazin.de\/stechlin\/?s={search_term_string}"},"query-input":"required name=search_term_string"}],"inLanguage":"de"},{"@type":"Person","@id":"https:\/\/www.naturparkmagazin.de\/stechlin\/#\/schema\/person\/3f0d93203df21c806dd63c76d9bb28bc","name":"marioschrumpf","url":"https:\/\/www.naturparkmagazin.de\/stechlin\/author\/marioschrumpf\/"}]}},"_links":{"self":[{"href":"https:\/\/www.naturparkmagazin.de\/stechlin\/wp-json\/wp\/v2\/posts\/1420"}],"collection":[{"href":"https:\/\/www.naturparkmagazin.de\/stechlin\/wp-json\/wp\/v2\/posts"}],"about":[{"href":"https:\/\/www.naturparkmagazin.de\/stechlin\/wp-json\/wp\/v2\/types\/post"}],"author":[{"embeddable":true,"href":"https:\/\/www.naturparkmagazin.de\/stechlin\/wp-json\/wp\/v2\/users\/39"}],"replies":[{"embeddable":true,"href":"https:\/\/www.naturparkmagazin.de\/stechlin\/wp-json\/wp\/v2\/comments?post=1420"}],"version-history":[{"count":4,"href":"https:\/\/www.naturparkmagazin.de\/stechlin\/wp-json\/wp\/v2\/posts\/1420\/revisions"}],"predecessor-version":[{"id":1430,"href":"https:\/\/www.naturparkmagazin.de\/stechlin\/wp-json\/wp\/v2\/posts\/1420\/revisions\/1430"}],"wp:featuredmedia":[{"embeddable":true,"href":"https:\/\/www.naturparkmagazin.de\/stechlin\/wp-json\/wp\/v2\/media\/1423"}],"wp:attachment":[{"href":"https:\/\/www.naturparkmagazin.de\/stechlin\/wp-json\/wp\/v2\/media?parent=1420"}],"wp:term":[{"taxonomy":"category","embeddable":true,"href":"https:\/\/www.naturparkmagazin.de\/stechlin\/wp-json\/wp\/v2\/categories?post=1420"},{"taxonomy":"post_tag","embeddable":true,"href":"https:\/\/www.naturparkmagazin.de\/stechlin\/wp-json\/wp\/v2\/tags?post=1420"}],"curies":[{"name":"wp","href":"https:\/\/api.w.org\/{rel}","templated":true}]}}