{"id":14217,"date":"2023-08-18T16:07:50","date_gmt":"2023-08-18T14:07:50","guid":{"rendered":"https:\/\/www.naturparkmagazin.de\/stechlin\/?p=14217"},"modified":"2023-08-25T15:13:12","modified_gmt":"2023-08-25T13:13:12","slug":"lesung-unter-apfelbaeumen-ein-nachmittag-mit-winnie-boewe-fallada-was-nun","status":"publish","type":"post","link":"https:\/\/www.naturparkmagazin.de\/stechlin\/lesung-unter-apfelbaeumen-ein-nachmittag-mit-winnie-boewe-fallada-was-nun\/","title":{"rendered":"Lesung unter Apfelb\u00e4umen &#8211; Ein Nachmittag mit Winnie B\u00f6we: \u201eFALLADA- was nun?&#8220;"},"content":{"rendered":"<p>Die einzige Lesung unter Apfelb\u00e4umen in diesem Jahr steht vor der T\u00fcr.<\/p>\n<div id=\"attachment_14222\" style=\"width: 310px\" class=\"wp-caption aligncenter\"><a href=\"https:\/\/www.naturparkmagazin.de\/stechlin\/wp-content\/uploads\/sites\/38\/Winnie-Boewe.jpg\"><img aria-describedby=\"caption-attachment-14222\" decoding=\"async\" loading=\"lazy\" class=\"size-full wp-image-14222\" src=\"https:\/\/www.naturparkmagazin.de\/stechlin\/wp-content\/uploads\/sites\/38\/Winnie-Boewe.jpg\" alt=\"\" width=\"300\" height=\"401\" srcset=\"https:\/\/www.naturparkmagazin.de\/stechlin\/wp-content\/uploads\/sites\/38\/Winnie-Boewe.jpg 300w, https:\/\/www.naturparkmagazin.de\/stechlin\/wp-content\/uploads\/sites\/38\/Winnie-Boewe-135x180.jpg 135w, https:\/\/www.naturparkmagazin.de\/stechlin\/wp-content\/uploads\/sites\/38\/Winnie-Boewe-53x71.jpg 53w, https:\/\/www.naturparkmagazin.de\/stechlin\/wp-content\/uploads\/sites\/38\/Winnie-Boewe-200x267.jpg 200w\" sizes=\"(max-width: 300px) 100vw, 300px\" \/><\/a><p id=\"caption-attachment-14222\" class=\"wp-caption-text\">Winnie B\u00f6we\u00a9 Dorfverein Menz e.V.<\/p><\/div>\n<p>Wir begr\u00fc\u00dfen erstmals nicht einen Autor bzw. eine Autorin, welcher bzw. welche aus seinem\/ihrem Buch liest, sondern freuen uns sehr \u00fcber die Schauspielerin<\/p>\n<p><strong>Winnie B\u00f6we<\/strong><\/p>\n<p>mit ihrem Programm<\/p>\n<p><strong>FALLADA- was nun? Bekanntes und Neues von Hans Fallada<\/strong><\/p>\n<div id=\"attachment_14221\" style=\"width: 310px\" class=\"wp-caption aligncenter\"><a href=\"https:\/\/www.naturparkmagazin.de\/stechlin\/wp-content\/uploads\/sites\/38\/fallada.jpg\"><img aria-describedby=\"caption-attachment-14221\" decoding=\"async\" loading=\"lazy\" class=\"size-full wp-image-14221\" src=\"https:\/\/www.naturparkmagazin.de\/stechlin\/wp-content\/uploads\/sites\/38\/fallada.jpg\" alt=\"\" width=\"300\" height=\"410\" srcset=\"https:\/\/www.naturparkmagazin.de\/stechlin\/wp-content\/uploads\/sites\/38\/fallada.jpg 300w, https:\/\/www.naturparkmagazin.de\/stechlin\/wp-content\/uploads\/sites\/38\/fallada-53x71.jpg 53w, https:\/\/www.naturparkmagazin.de\/stechlin\/wp-content\/uploads\/sites\/38\/fallada-200x273.jpg 200w\" sizes=\"(max-width: 300px) 100vw, 300px\" \/><\/a><p id=\"caption-attachment-14221\" class=\"wp-caption-text\">Hans Fallada\u00a9 Dorfverein Menz e.V.<\/p><\/div>\n<p><strong>Sonntag<\/strong>, den <strong>3. September<\/strong> um <strong>15 Uhr<\/strong> auf der <strong>Menzer Streuobstwiese<\/strong><\/p>\n<p>In ihrer Lesung l\u00e4sst uns Winnie Bo\u0308we Neues von Rudolf Wilhelm Friedrich Ditzen, besser unter seinem Pseudonym Hans Fallada bekannt, entdecken: Berichte und Erz\u00e4hlungen, die von der Mitte der 1920er Jahre bis zu seinem Tod 1947 reichen, die zum Teil wenig bekannt und erst vor Kurzem ver\u00f6ffentlicht worden sind. Sie offenbaren ein einzigartiges Gesp\u00fcr f\u00fcr soziale Problemlagen und geben zum Teil \u00fcber sein von Extremerfahrungen (Sucht, Armut, Gef\u00e4ngnis) gepr\u00e4gtes Leben Auskunft.\nDoch auch eines seiner beliebten (und etwas schaurigen) M\u00e4rchen und ein Ausschnitt aus seinem ber\u00fchmtesten Werk \u201eKleiner Mann \u2013 was nun?\u201c wird in dieser Lesung nicht fehlen und wer wei\u00df \u2013 vielleicht erklingt auch mal inmitten der Geschichten ein Lied&#8230;?<\/p>\n<p>Wir freuen uns sehr auf diesen Nachmittag unter Menzer Apfelb\u00e4umen und hoffen auf ruhiges, trockenes und windstilles Wetter.<\/p>\n<p>Und wo au\u00dfer in Menz k\u00f6nnen Sie ein solch tolles Programm einfach so erleben? Denn wie immer gilt auch diesmal:\nEintritt frei!<\/p>\n<p>Die Streuobstwiese ist auch dieses Mal in Menz ausgeschildert, Kaffee und Kuchen stehen bereit. Ob die bereitgestellten Sitzpl\u00e4tze ausreichend sind, h\u00e4ngt von ihrem Kommen ab.\nBitte Parken Sie nicht an der Feuerwehr \u2013 diese Parkpl\u00e4tze werden im Notfall von den Kameradinnen und Kameraden der FFw Menz ben\u00f6tigt. Und versuche Sie bitte nicht, so dicht wie m\u00f6glich an die Streuobstwiese heran zu fahren. Sie finden sicher einen Parkplatz im Dorf und ein kleiner Spaziergang ist gesund!<\/p>\n<p>Bei schlechtem Wetter ziehen wir die Regenvariante und treffen uns im Saal der Regionalwerkstatt im Dorfzentrum am Friedensplatz!<\/p>\n<div id=\"attachment_14223\" style=\"width: 310px\" class=\"wp-caption aligncenter\"><a href=\"https:\/\/www.naturparkmagazin.de\/stechlin\/wp-content\/uploads\/sites\/38\/Winnie-Boewe_Plakat1.jpg\"><img aria-describedby=\"caption-attachment-14223\" decoding=\"async\" loading=\"lazy\" class=\"size-full wp-image-14223\" src=\"https:\/\/www.naturparkmagazin.de\/stechlin\/wp-content\/uploads\/sites\/38\/Winnie-Boewe_Plakat1.jpg\" alt=\"\" width=\"300\" height=\"424\" srcset=\"https:\/\/www.naturparkmagazin.de\/stechlin\/wp-content\/uploads\/sites\/38\/Winnie-Boewe_Plakat1.jpg 300w, https:\/\/www.naturparkmagazin.de\/stechlin\/wp-content\/uploads\/sites\/38\/Winnie-Boewe_Plakat1-200x283.jpg 200w\" sizes=\"(max-width: 300px) 100vw, 300px\" \/><\/a><p id=\"caption-attachment-14223\" class=\"wp-caption-text\">\u00a9 Dorfverein Menz e.V.<\/p><\/div>\n","protected":false},"excerpt":{"rendered":"<p>Wir begr\u00fc\u00dfen erstmals nicht einen Autor bzw. eine Autorin, welcher bzw. welche aus seinem\/ihrem Buch liest, sondern freuen uns sehr \u00fcber die Schauspielerin Winnie B\u00f6we.<\/p>\n","protected":false},"author":39,"featured_media":11669,"comment_status":"open","ping_status":"open","sticky":false,"template":"","format":"standard","meta":[],"categories":[11],"tags":[],"yoast_head":"<!-- This site is optimized with the Yoast SEO plugin v19.10 - https:\/\/yoast.com\/wordpress\/plugins\/seo\/ -->\n<title>Lesung unter Apfelb\u00e4umen - Ein Nachmittag mit Winnie B\u00f6we: \u201eFALLADA- was nun?&quot; - Naturpark Stechlin-Ruppiner Land<\/title>\n<meta name=\"robots\" content=\"index, follow, max-snippet:-1, max-image-preview:large, max-video-preview:-1\" \/>\n<link rel=\"canonical\" href=\"https:\/\/www.naturparkmagazin.de\/stechlin\/lesung-unter-apfelbaeumen-ein-nachmittag-mit-winnie-boewe-fallada-was-nun\/\" \/>\n<meta property=\"og:locale\" content=\"de_DE\" \/>\n<meta property=\"og:type\" content=\"article\" \/>\n<meta property=\"og:title\" content=\"Lesung unter Apfelb\u00e4umen - Ein Nachmittag mit Winnie B\u00f6we: \u201eFALLADA- was nun?&quot; - Naturpark Stechlin-Ruppiner Land\" \/>\n<meta property=\"og:description\" content=\"Wir begr\u00fc\u00dfen erstmals nicht einen Autor bzw. eine Autorin, welcher bzw. welche aus seinem\/ihrem Buch liest, sondern freuen uns sehr \u00fcber die Schauspielerin Winnie B\u00f6we.\" \/>\n<meta property=\"og:url\" content=\"https:\/\/www.naturparkmagazin.de\/stechlin\/lesung-unter-apfelbaeumen-ein-nachmittag-mit-winnie-boewe-fallada-was-nun\/\" \/>\n<meta property=\"og:site_name\" content=\"Naturpark Stechlin-Ruppiner Land\" \/>\n<meta property=\"article:published_time\" content=\"2023-08-18T14:07:50+00:00\" \/>\n<meta property=\"article:modified_time\" content=\"2023-08-25T13:13:12+00:00\" \/>\n<meta property=\"og:image\" content=\"https:\/\/www.naturparkmagazin.de\/stechlin\/wp-content\/uploads\/sites\/38\/3636_13_Christhard_LaI\u02c6pple_Portraits_30.04.13_Mike-Minehan_k-2048x1011_a.jpg\" \/>\n\t<meta property=\"og:image:width\" content=\"200\" \/>\n\t<meta property=\"og:image:height\" content=\"200\" \/>\n\t<meta property=\"og:image:type\" content=\"image\/jpeg\" \/>\n<meta name=\"author\" content=\"marioschrumpf\" \/>\n<meta name=\"twitter:label1\" content=\"Verfasst von\" \/>\n\t<meta name=\"twitter:data1\" content=\"marioschrumpf\" \/>\n\t<meta name=\"twitter:label2\" content=\"Gesch\u00e4tzte Lesezeit\" \/>\n\t<meta name=\"twitter:data2\" content=\"3\u00a0Minuten\" \/>\n<script type=\"application\/ld+json\" class=\"yoast-schema-graph\">{\"@context\":\"https:\/\/schema.org\",\"@graph\":[{\"@type\":\"WebPage\",\"@id\":\"https:\/\/www.naturparkmagazin.de\/stechlin\/lesung-unter-apfelbaeumen-ein-nachmittag-mit-winnie-boewe-fallada-was-nun\/\",\"url\":\"https:\/\/www.naturparkmagazin.de\/stechlin\/lesung-unter-apfelbaeumen-ein-nachmittag-mit-winnie-boewe-fallada-was-nun\/\",\"name\":\"Lesung unter Apfelb\u00e4umen - Ein Nachmittag mit Winnie B\u00f6we: \u201eFALLADA- was nun?\\\" - Naturpark Stechlin-Ruppiner Land\",\"isPartOf\":{\"@id\":\"https:\/\/www.naturparkmagazin.de\/stechlin\/#website\"},\"datePublished\":\"2023-08-18T14:07:50+00:00\",\"dateModified\":\"2023-08-25T13:13:12+00:00\",\"author\":{\"@id\":\"https:\/\/www.naturparkmagazin.de\/stechlin\/#\/schema\/person\/3f0d93203df21c806dd63c76d9bb28bc\"},\"breadcrumb\":{\"@id\":\"https:\/\/www.naturparkmagazin.de\/stechlin\/lesung-unter-apfelbaeumen-ein-nachmittag-mit-winnie-boewe-fallada-was-nun\/#breadcrumb\"},\"inLanguage\":\"de\",\"potentialAction\":[{\"@type\":\"ReadAction\",\"target\":[\"https:\/\/www.naturparkmagazin.de\/stechlin\/lesung-unter-apfelbaeumen-ein-nachmittag-mit-winnie-boewe-fallada-was-nun\/\"]}]},{\"@type\":\"BreadcrumbList\",\"@id\":\"https:\/\/www.naturparkmagazin.de\/stechlin\/lesung-unter-apfelbaeumen-ein-nachmittag-mit-winnie-boewe-fallada-was-nun\/#breadcrumb\",\"itemListElement\":[{\"@type\":\"ListItem\",\"position\":1,\"name\":\"Home\",\"item\":\"https:\/\/www.naturparkmagazin.de\/stechlin\/\"},{\"@type\":\"ListItem\",\"position\":2,\"name\":\"Lesung unter Apfelb\u00e4umen &#8211; Ein Nachmittag mit Winnie B\u00f6we: \u201eFALLADA- was nun?&#8220;\"}]},{\"@type\":\"WebSite\",\"@id\":\"https:\/\/www.naturparkmagazin.de\/stechlin\/#website\",\"url\":\"https:\/\/www.naturparkmagazin.de\/stechlin\/\",\"name\":\"Naturpark Stechlin-Ruppiner Land\",\"description\":\"\",\"potentialAction\":[{\"@type\":\"SearchAction\",\"target\":{\"@type\":\"EntryPoint\",\"urlTemplate\":\"https:\/\/www.naturparkmagazin.de\/stechlin\/?s={search_term_string}\"},\"query-input\":\"required name=search_term_string\"}],\"inLanguage\":\"de\"},{\"@type\":\"Person\",\"@id\":\"https:\/\/www.naturparkmagazin.de\/stechlin\/#\/schema\/person\/3f0d93203df21c806dd63c76d9bb28bc\",\"name\":\"marioschrumpf\",\"url\":\"https:\/\/www.naturparkmagazin.de\/stechlin\/author\/marioschrumpf\/\"}]}<\/script>\n<!-- \/ Yoast SEO plugin. -->","yoast_head_json":{"title":"Lesung unter Apfelb\u00e4umen - Ein Nachmittag mit Winnie B\u00f6we: \u201eFALLADA- was nun?\" - Naturpark Stechlin-Ruppiner Land","robots":{"index":"index","follow":"follow","max-snippet":"max-snippet:-1","max-image-preview":"max-image-preview:large","max-video-preview":"max-video-preview:-1"},"canonical":"https:\/\/www.naturparkmagazin.de\/stechlin\/lesung-unter-apfelbaeumen-ein-nachmittag-mit-winnie-boewe-fallada-was-nun\/","og_locale":"de_DE","og_type":"article","og_title":"Lesung unter Apfelb\u00e4umen - Ein Nachmittag mit Winnie B\u00f6we: \u201eFALLADA- was nun?\" - Naturpark Stechlin-Ruppiner Land","og_description":"Wir begr\u00fc\u00dfen erstmals nicht einen Autor bzw. eine Autorin, welcher bzw. welche aus seinem\/ihrem Buch liest, sondern freuen uns sehr \u00fcber die Schauspielerin Winnie B\u00f6we.","og_url":"https:\/\/www.naturparkmagazin.de\/stechlin\/lesung-unter-apfelbaeumen-ein-nachmittag-mit-winnie-boewe-fallada-was-nun\/","og_site_name":"Naturpark Stechlin-Ruppiner Land","article_published_time":"2023-08-18T14:07:50+00:00","article_modified_time":"2023-08-25T13:13:12+00:00","og_image":[{"width":200,"height":200,"url":"https:\/\/www.naturparkmagazin.de\/stechlin\/wp-content\/uploads\/sites\/38\/3636_13_Christhard_LaI\u02c6pple_Portraits_30.04.13_Mike-Minehan_k-2048x1011_a.jpg","type":"image\/jpeg"}],"author":"marioschrumpf","twitter_misc":{"Verfasst von":"marioschrumpf","Gesch\u00e4tzte Lesezeit":"3\u00a0Minuten"},"schema":{"@context":"https:\/\/schema.org","@graph":[{"@type":"WebPage","@id":"https:\/\/www.naturparkmagazin.de\/stechlin\/lesung-unter-apfelbaeumen-ein-nachmittag-mit-winnie-boewe-fallada-was-nun\/","url":"https:\/\/www.naturparkmagazin.de\/stechlin\/lesung-unter-apfelbaeumen-ein-nachmittag-mit-winnie-boewe-fallada-was-nun\/","name":"Lesung unter Apfelb\u00e4umen - Ein Nachmittag mit Winnie B\u00f6we: \u201eFALLADA- was nun?\" - Naturpark Stechlin-Ruppiner Land","isPartOf":{"@id":"https:\/\/www.naturparkmagazin.de\/stechlin\/#website"},"datePublished":"2023-08-18T14:07:50+00:00","dateModified":"2023-08-25T13:13:12+00:00","author":{"@id":"https:\/\/www.naturparkmagazin.de\/stechlin\/#\/schema\/person\/3f0d93203df21c806dd63c76d9bb28bc"},"breadcrumb":{"@id":"https:\/\/www.naturparkmagazin.de\/stechlin\/lesung-unter-apfelbaeumen-ein-nachmittag-mit-winnie-boewe-fallada-was-nun\/#breadcrumb"},"inLanguage":"de","potentialAction":[{"@type":"ReadAction","target":["https:\/\/www.naturparkmagazin.de\/stechlin\/lesung-unter-apfelbaeumen-ein-nachmittag-mit-winnie-boewe-fallada-was-nun\/"]}]},{"@type":"BreadcrumbList","@id":"https:\/\/www.naturparkmagazin.de\/stechlin\/lesung-unter-apfelbaeumen-ein-nachmittag-mit-winnie-boewe-fallada-was-nun\/#breadcrumb","itemListElement":[{"@type":"ListItem","position":1,"name":"Home","item":"https:\/\/www.naturparkmagazin.de\/stechlin\/"},{"@type":"ListItem","position":2,"name":"Lesung unter Apfelb\u00e4umen &#8211; Ein Nachmittag mit Winnie B\u00f6we: \u201eFALLADA- was nun?&#8220;"}]},{"@type":"WebSite","@id":"https:\/\/www.naturparkmagazin.de\/stechlin\/#website","url":"https:\/\/www.naturparkmagazin.de\/stechlin\/","name":"Naturpark Stechlin-Ruppiner Land","description":"","potentialAction":[{"@type":"SearchAction","target":{"@type":"EntryPoint","urlTemplate":"https:\/\/www.naturparkmagazin.de\/stechlin\/?s={search_term_string}"},"query-input":"required name=search_term_string"}],"inLanguage":"de"},{"@type":"Person","@id":"https:\/\/www.naturparkmagazin.de\/stechlin\/#\/schema\/person\/3f0d93203df21c806dd63c76d9bb28bc","name":"marioschrumpf","url":"https:\/\/www.naturparkmagazin.de\/stechlin\/author\/marioschrumpf\/"}]}},"_links":{"self":[{"href":"https:\/\/www.naturparkmagazin.de\/stechlin\/wp-json\/wp\/v2\/posts\/14217"}],"collection":[{"href":"https:\/\/www.naturparkmagazin.de\/stechlin\/wp-json\/wp\/v2\/posts"}],"about":[{"href":"https:\/\/www.naturparkmagazin.de\/stechlin\/wp-json\/wp\/v2\/types\/post"}],"author":[{"embeddable":true,"href":"https:\/\/www.naturparkmagazin.de\/stechlin\/wp-json\/wp\/v2\/users\/39"}],"replies":[{"embeddable":true,"href":"https:\/\/www.naturparkmagazin.de\/stechlin\/wp-json\/wp\/v2\/comments?post=14217"}],"version-history":[{"count":3,"href":"https:\/\/www.naturparkmagazin.de\/stechlin\/wp-json\/wp\/v2\/posts\/14217\/revisions"}],"predecessor-version":[{"id":14226,"href":"https:\/\/www.naturparkmagazin.de\/stechlin\/wp-json\/wp\/v2\/posts\/14217\/revisions\/14226"}],"wp:featuredmedia":[{"embeddable":true,"href":"https:\/\/www.naturparkmagazin.de\/stechlin\/wp-json\/wp\/v2\/media\/11669"}],"wp:attachment":[{"href":"https:\/\/www.naturparkmagazin.de\/stechlin\/wp-json\/wp\/v2\/media?parent=14217"}],"wp:term":[{"taxonomy":"category","embeddable":true,"href":"https:\/\/www.naturparkmagazin.de\/stechlin\/wp-json\/wp\/v2\/categories?post=14217"},{"taxonomy":"post_tag","embeddable":true,"href":"https:\/\/www.naturparkmagazin.de\/stechlin\/wp-json\/wp\/v2\/tags?post=14217"}],"curies":[{"name":"wp","href":"https:\/\/api.w.org\/{rel}","templated":true}]}}