{"id":14247,"date":"2023-09-19T15:02:19","date_gmt":"2023-09-19T13:02:19","guid":{"rendered":"https:\/\/www.naturparkmagazin.de\/stechlin\/?p=14247"},"modified":"2023-10-04T15:45:58","modified_gmt":"2023-10-04T13:45:58","slug":"umweltminister-axel-vogel-besucht-beispielhaftes-leader-projekt-in-vielitz","status":"publish","type":"post","link":"https:\/\/www.naturparkmagazin.de\/stechlin\/umweltminister-axel-vogel-besucht-beispielhaftes-leader-projekt-in-vielitz\/","title":{"rendered":"Umweltminister Axel Vogel besucht beispielhaftes LEADER-Projekt in Vielitz"},"content":{"rendered":"<p>In Vielitz, einem Ortsteil der Gemeinde Vielitzsee im Amt Lindow (Mark), besuchte Agrarminister Axel Vogel das zusammen mit Studierenden der School of Design Thinking des Hasso-Plattner-Instituts entwickelte Projekt \u201eThe Vield\u201c.<\/p>\n<div id=\"attachment_14334\" style=\"width: 310px\" class=\"wp-caption aligncenter\"><a href=\"https:\/\/www.naturparkmagazin.de\/stechlin\/wp-content\/uploads\/sites\/38\/20230824_124152.jpg\"><img aria-describedby=\"caption-attachment-14334\" decoding=\"async\" loading=\"lazy\" class=\"size-thumbnail wp-image-14334\" src=\"https:\/\/www.naturparkmagazin.de\/stechlin\/wp-content\/uploads\/sites\/38\/20230824_124152-300x180.jpg\" alt=\"\" width=\"300\" height=\"180\" srcset=\"https:\/\/www.naturparkmagazin.de\/stechlin\/wp-content\/uploads\/sites\/38\/20230824_124152-300x180.jpg 300w, https:\/\/www.naturparkmagazin.de\/stechlin\/wp-content\/uploads\/sites\/38\/20230824_124152-200x120.jpg 200w, https:\/\/www.naturparkmagazin.de\/stechlin\/wp-content\/uploads\/sites\/38\/20230824_124152.jpg 500w\" sizes=\"(max-width: 300px) 100vw, 300px\" \/><\/a><p id=\"caption-attachment-14334\" class=\"wp-caption-text\">Vertreter:innen der LAG OPR im Gespr\u00e4ch mit Minister Axel Vogel.\u00a9 Dr. Mario Schrumpf<\/p><\/div>\n<p>Eine ehemalige Viehscheune wurde behutsam und nachhaltig zu einem modernen \u201eSeminarhaus\u201c umgebaut. Gleichzeitig blieb das Geb\u00e4ude als klassischer Bestandteil des Dorfkerns erhalten und wurde so neu in Szene gesetzt.<\/p>\n<div id=\"attachment_14336\" style=\"width: 310px\" class=\"wp-caption aligncenter\"><a href=\"https:\/\/www.naturparkmagazin.de\/stechlin\/wp-content\/uploads\/sites\/38\/20230824_130701.jpg\"><img aria-describedby=\"caption-attachment-14336\" decoding=\"async\" loading=\"lazy\" class=\"size-thumbnail wp-image-14336\" src=\"https:\/\/www.naturparkmagazin.de\/stechlin\/wp-content\/uploads\/sites\/38\/20230824_130701-300x180.jpg\" alt=\"\" width=\"300\" height=\"180\" srcset=\"https:\/\/www.naturparkmagazin.de\/stechlin\/wp-content\/uploads\/sites\/38\/20230824_130701-300x180.jpg 300w, https:\/\/www.naturparkmagazin.de\/stechlin\/wp-content\/uploads\/sites\/38\/20230824_130701-200x120.jpg 200w, https:\/\/www.naturparkmagazin.de\/stechlin\/wp-content\/uploads\/sites\/38\/20230824_130701.jpg 500w\" sizes=\"(max-width: 300px) 100vw, 300px\" \/><\/a><p id=\"caption-attachment-14336\" class=\"wp-caption-text\">Der Dachboden des ehemaligen Stalls wurde zum \u00dcbernachtungsort f\u00fcr die Seminarteilnehmer umgebaut.\u00a9 Dr. Mario Schrumpf<\/p><\/div>\n<p>Entstanden ist ein innovativer Arbeitsort abseits klassischer B\u00fcrowelten, der von Unternehmen und Teams angemietet werden kann. Das Erdgeschoss dient dem innovativen, kooperativen Arbeiten mit offener K\u00fcche. Das Obergeschoss bietet Raum f\u00fcr Kommunikation, R\u00fcckzug und 20 Schlafpl\u00e4tze.<\/p>\n<div id=\"attachment_14337\" style=\"width: 310px\" class=\"wp-caption aligncenter\"><a href=\"https:\/\/www.naturparkmagazin.de\/stechlin\/wp-content\/uploads\/sites\/38\/20230824_132521.jpg\"><img aria-describedby=\"caption-attachment-14337\" decoding=\"async\" loading=\"lazy\" class=\"size-thumbnail wp-image-14337\" src=\"https:\/\/www.naturparkmagazin.de\/stechlin\/wp-content\/uploads\/sites\/38\/20230824_132521-300x180.jpg\" alt=\"\" width=\"300\" height=\"180\" srcset=\"https:\/\/www.naturparkmagazin.de\/stechlin\/wp-content\/uploads\/sites\/38\/20230824_132521-300x180.jpg 300w, https:\/\/www.naturparkmagazin.de\/stechlin\/wp-content\/uploads\/sites\/38\/20230824_132521-200x120.jpg 200w, https:\/\/www.naturparkmagazin.de\/stechlin\/wp-content\/uploads\/sites\/38\/20230824_132521.jpg 500w\" sizes=\"(max-width: 300px) 100vw, 300px\" \/><\/a><p id=\"caption-attachment-14337\" class=\"wp-caption-text\">Gemeinsam mit der Familie des Bauherrn pflanzte Minister Axel Vogel einen Birnbaum.\u00a9 Dr. Mario Schrumpf<\/p><\/div>\n<p>Die Gesamtkosten betragen rund 490.000 Euro. Gef\u00f6rdert wird das Projekt mit rund 118.000 Euro LEADER-Mitteln durch das Land und die Europ\u00e4ische Union.<\/p>\n","protected":false},"excerpt":{"rendered":"<p>In Vielitz besuchte Umweltminister Axel Vogel das zusammen mit Studierenden der School of Design Thinking des Hasso-Plattner-Instituts entwickelte Projekt \u201eThe Vield\u201c.<\/p>\n","protected":false},"author":39,"featured_media":14335,"comment_status":"open","ping_status":"open","sticky":false,"template":"","format":"standard","meta":[],"categories":[7],"tags":[],"yoast_head":"<!-- This site is optimized with the Yoast SEO plugin v19.10 - https:\/\/yoast.com\/wordpress\/plugins\/seo\/ -->\n<title>Umweltminister Axel Vogel besucht beispielhaftes LEADER-Projekt in Vielitz - Naturpark Stechlin-Ruppiner Land<\/title>\n<meta name=\"robots\" content=\"index, follow, max-snippet:-1, max-image-preview:large, max-video-preview:-1\" \/>\n<link rel=\"canonical\" href=\"https:\/\/www.naturparkmagazin.de\/stechlin\/umweltminister-axel-vogel-besucht-beispielhaftes-leader-projekt-in-vielitz\/\" \/>\n<meta property=\"og:locale\" content=\"de_DE\" \/>\n<meta property=\"og:type\" content=\"article\" \/>\n<meta property=\"og:title\" content=\"Umweltminister Axel Vogel besucht beispielhaftes LEADER-Projekt in Vielitz - Naturpark Stechlin-Ruppiner Land\" \/>\n<meta property=\"og:description\" content=\"In Vielitz besuchte Umweltminister Axel Vogel das zusammen mit Studierenden der School of Design Thinking des Hasso-Plattner-Instituts entwickelte Projekt \u201eThe Vield\u201c.\" \/>\n<meta property=\"og:url\" content=\"https:\/\/www.naturparkmagazin.de\/stechlin\/umweltminister-axel-vogel-besucht-beispielhaftes-leader-projekt-in-vielitz\/\" \/>\n<meta property=\"og:site_name\" content=\"Naturpark Stechlin-Ruppiner Land\" \/>\n<meta property=\"article:published_time\" content=\"2023-09-19T13:02:19+00:00\" \/>\n<meta property=\"article:modified_time\" content=\"2023-10-04T13:45:58+00:00\" \/>\n<meta property=\"og:image\" content=\"https:\/\/www.naturparkmagazin.de\/stechlin\/wp-content\/uploads\/sites\/38\/20230824_124851.jpg\" \/>\n\t<meta property=\"og:image:width\" content=\"200\" \/>\n\t<meta property=\"og:image:height\" content=\"200\" \/>\n\t<meta property=\"og:image:type\" content=\"image\/jpeg\" \/>\n<meta name=\"author\" content=\"marioschrumpf\" \/>\n<meta name=\"twitter:label1\" content=\"Verfasst von\" \/>\n\t<meta name=\"twitter:data1\" content=\"marioschrumpf\" \/>\n\t<meta name=\"twitter:label2\" content=\"Gesch\u00e4tzte Lesezeit\" \/>\n\t<meta name=\"twitter:data2\" content=\"2\u00a0Minuten\" \/>\n<script type=\"application\/ld+json\" class=\"yoast-schema-graph\">{\"@context\":\"https:\/\/schema.org\",\"@graph\":[{\"@type\":\"WebPage\",\"@id\":\"https:\/\/www.naturparkmagazin.de\/stechlin\/umweltminister-axel-vogel-besucht-beispielhaftes-leader-projekt-in-vielitz\/\",\"url\":\"https:\/\/www.naturparkmagazin.de\/stechlin\/umweltminister-axel-vogel-besucht-beispielhaftes-leader-projekt-in-vielitz\/\",\"name\":\"Umweltminister Axel Vogel besucht beispielhaftes LEADER-Projekt in Vielitz - Naturpark Stechlin-Ruppiner Land\",\"isPartOf\":{\"@id\":\"https:\/\/www.naturparkmagazin.de\/stechlin\/#website\"},\"datePublished\":\"2023-09-19T13:02:19+00:00\",\"dateModified\":\"2023-10-04T13:45:58+00:00\",\"author\":{\"@id\":\"https:\/\/www.naturparkmagazin.de\/stechlin\/#\/schema\/person\/3f0d93203df21c806dd63c76d9bb28bc\"},\"breadcrumb\":{\"@id\":\"https:\/\/www.naturparkmagazin.de\/stechlin\/umweltminister-axel-vogel-besucht-beispielhaftes-leader-projekt-in-vielitz\/#breadcrumb\"},\"inLanguage\":\"de\",\"potentialAction\":[{\"@type\":\"ReadAction\",\"target\":[\"https:\/\/www.naturparkmagazin.de\/stechlin\/umweltminister-axel-vogel-besucht-beispielhaftes-leader-projekt-in-vielitz\/\"]}]},{\"@type\":\"BreadcrumbList\",\"@id\":\"https:\/\/www.naturparkmagazin.de\/stechlin\/umweltminister-axel-vogel-besucht-beispielhaftes-leader-projekt-in-vielitz\/#breadcrumb\",\"itemListElement\":[{\"@type\":\"ListItem\",\"position\":1,\"name\":\"Home\",\"item\":\"https:\/\/www.naturparkmagazin.de\/stechlin\/\"},{\"@type\":\"ListItem\",\"position\":2,\"name\":\"Umweltminister Axel Vogel besucht beispielhaftes LEADER-Projekt in Vielitz\"}]},{\"@type\":\"WebSite\",\"@id\":\"https:\/\/www.naturparkmagazin.de\/stechlin\/#website\",\"url\":\"https:\/\/www.naturparkmagazin.de\/stechlin\/\",\"name\":\"Naturpark Stechlin-Ruppiner Land\",\"description\":\"\",\"potentialAction\":[{\"@type\":\"SearchAction\",\"target\":{\"@type\":\"EntryPoint\",\"urlTemplate\":\"https:\/\/www.naturparkmagazin.de\/stechlin\/?s={search_term_string}\"},\"query-input\":\"required name=search_term_string\"}],\"inLanguage\":\"de\"},{\"@type\":\"Person\",\"@id\":\"https:\/\/www.naturparkmagazin.de\/stechlin\/#\/schema\/person\/3f0d93203df21c806dd63c76d9bb28bc\",\"name\":\"marioschrumpf\",\"url\":\"https:\/\/www.naturparkmagazin.de\/stechlin\/author\/marioschrumpf\/\"}]}<\/script>\n<!-- \/ Yoast SEO plugin. -->","yoast_head_json":{"title":"Umweltminister Axel Vogel besucht beispielhaftes LEADER-Projekt in Vielitz - Naturpark Stechlin-Ruppiner Land","robots":{"index":"index","follow":"follow","max-snippet":"max-snippet:-1","max-image-preview":"max-image-preview:large","max-video-preview":"max-video-preview:-1"},"canonical":"https:\/\/www.naturparkmagazin.de\/stechlin\/umweltminister-axel-vogel-besucht-beispielhaftes-leader-projekt-in-vielitz\/","og_locale":"de_DE","og_type":"article","og_title":"Umweltminister Axel Vogel besucht beispielhaftes LEADER-Projekt in Vielitz - Naturpark Stechlin-Ruppiner Land","og_description":"In Vielitz besuchte Umweltminister Axel Vogel das zusammen mit Studierenden der School of Design Thinking des Hasso-Plattner-Instituts entwickelte Projekt \u201eThe Vield\u201c.","og_url":"https:\/\/www.naturparkmagazin.de\/stechlin\/umweltminister-axel-vogel-besucht-beispielhaftes-leader-projekt-in-vielitz\/","og_site_name":"Naturpark Stechlin-Ruppiner Land","article_published_time":"2023-09-19T13:02:19+00:00","article_modified_time":"2023-10-04T13:45:58+00:00","og_image":[{"width":200,"height":200,"url":"https:\/\/www.naturparkmagazin.de\/stechlin\/wp-content\/uploads\/sites\/38\/20230824_124851.jpg","type":"image\/jpeg"}],"author":"marioschrumpf","twitter_misc":{"Verfasst von":"marioschrumpf","Gesch\u00e4tzte Lesezeit":"2\u00a0Minuten"},"schema":{"@context":"https:\/\/schema.org","@graph":[{"@type":"WebPage","@id":"https:\/\/www.naturparkmagazin.de\/stechlin\/umweltminister-axel-vogel-besucht-beispielhaftes-leader-projekt-in-vielitz\/","url":"https:\/\/www.naturparkmagazin.de\/stechlin\/umweltminister-axel-vogel-besucht-beispielhaftes-leader-projekt-in-vielitz\/","name":"Umweltminister Axel Vogel besucht beispielhaftes LEADER-Projekt in Vielitz - Naturpark Stechlin-Ruppiner Land","isPartOf":{"@id":"https:\/\/www.naturparkmagazin.de\/stechlin\/#website"},"datePublished":"2023-09-19T13:02:19+00:00","dateModified":"2023-10-04T13:45:58+00:00","author":{"@id":"https:\/\/www.naturparkmagazin.de\/stechlin\/#\/schema\/person\/3f0d93203df21c806dd63c76d9bb28bc"},"breadcrumb":{"@id":"https:\/\/www.naturparkmagazin.de\/stechlin\/umweltminister-axel-vogel-besucht-beispielhaftes-leader-projekt-in-vielitz\/#breadcrumb"},"inLanguage":"de","potentialAction":[{"@type":"ReadAction","target":["https:\/\/www.naturparkmagazin.de\/stechlin\/umweltminister-axel-vogel-besucht-beispielhaftes-leader-projekt-in-vielitz\/"]}]},{"@type":"BreadcrumbList","@id":"https:\/\/www.naturparkmagazin.de\/stechlin\/umweltminister-axel-vogel-besucht-beispielhaftes-leader-projekt-in-vielitz\/#breadcrumb","itemListElement":[{"@type":"ListItem","position":1,"name":"Home","item":"https:\/\/www.naturparkmagazin.de\/stechlin\/"},{"@type":"ListItem","position":2,"name":"Umweltminister Axel Vogel besucht beispielhaftes LEADER-Projekt in Vielitz"}]},{"@type":"WebSite","@id":"https:\/\/www.naturparkmagazin.de\/stechlin\/#website","url":"https:\/\/www.naturparkmagazin.de\/stechlin\/","name":"Naturpark Stechlin-Ruppiner Land","description":"","potentialAction":[{"@type":"SearchAction","target":{"@type":"EntryPoint","urlTemplate":"https:\/\/www.naturparkmagazin.de\/stechlin\/?s={search_term_string}"},"query-input":"required name=search_term_string"}],"inLanguage":"de"},{"@type":"Person","@id":"https:\/\/www.naturparkmagazin.de\/stechlin\/#\/schema\/person\/3f0d93203df21c806dd63c76d9bb28bc","name":"marioschrumpf","url":"https:\/\/www.naturparkmagazin.de\/stechlin\/author\/marioschrumpf\/"}]}},"_links":{"self":[{"href":"https:\/\/www.naturparkmagazin.de\/stechlin\/wp-json\/wp\/v2\/posts\/14247"}],"collection":[{"href":"https:\/\/www.naturparkmagazin.de\/stechlin\/wp-json\/wp\/v2\/posts"}],"about":[{"href":"https:\/\/www.naturparkmagazin.de\/stechlin\/wp-json\/wp\/v2\/types\/post"}],"author":[{"embeddable":true,"href":"https:\/\/www.naturparkmagazin.de\/stechlin\/wp-json\/wp\/v2\/users\/39"}],"replies":[{"embeddable":true,"href":"https:\/\/www.naturparkmagazin.de\/stechlin\/wp-json\/wp\/v2\/comments?post=14247"}],"version-history":[{"count":4,"href":"https:\/\/www.naturparkmagazin.de\/stechlin\/wp-json\/wp\/v2\/posts\/14247\/revisions"}],"predecessor-version":[{"id":14397,"href":"https:\/\/www.naturparkmagazin.de\/stechlin\/wp-json\/wp\/v2\/posts\/14247\/revisions\/14397"}],"wp:featuredmedia":[{"embeddable":true,"href":"https:\/\/www.naturparkmagazin.de\/stechlin\/wp-json\/wp\/v2\/media\/14335"}],"wp:attachment":[{"href":"https:\/\/www.naturparkmagazin.de\/stechlin\/wp-json\/wp\/v2\/media?parent=14247"}],"wp:term":[{"taxonomy":"category","embeddable":true,"href":"https:\/\/www.naturparkmagazin.de\/stechlin\/wp-json\/wp\/v2\/categories?post=14247"},{"taxonomy":"post_tag","embeddable":true,"href":"https:\/\/www.naturparkmagazin.de\/stechlin\/wp-json\/wp\/v2\/tags?post=14247"}],"curies":[{"name":"wp","href":"https:\/\/api.w.org\/{rel}","templated":true}]}}