{"id":14249,"date":"2023-09-19T15:03:04","date_gmt":"2023-09-19T13:03:04","guid":{"rendered":"https:\/\/www.naturparkmagazin.de\/stechlin\/?p=14249"},"modified":"2025-04-25T08:46:13","modified_gmt":"2025-04-25T06:46:13","slug":"weiterbildung-fuer-lehrerinnen-in-der-menzer-naturparkschule","status":"publish","type":"post","link":"https:\/\/www.naturparkmagazin.de\/stechlin\/weiterbildung-fuer-lehrerinnen-in-der-menzer-naturparkschule\/","title":{"rendered":"Weiterbildung f\u00fcr Lehrer:innen in der Menzer Naturparkschule (2023)"},"content":{"rendered":"<p>Im Rahmen der Vorbereitungswoche auf das Schuljahr 2023\/24 fand am 24. August eine ganzt\u00e4gige Weiterbildung f\u00fcr das Lehrer:innen-Kollegium der Theodor-Fontane-Schule statt.<\/p>\n<div id=\"attachment_14302\" style=\"width: 310px\" class=\"wp-caption aligncenter\"><a href=\"https:\/\/www.naturparkmagazin.de\/stechlin\/wp-content\/uploads\/sites\/38\/kollegium.jpg\"><img aria-describedby=\"caption-attachment-14302\" decoding=\"async\" loading=\"lazy\" class=\"size-thumbnail wp-image-14302\" src=\"https:\/\/www.naturparkmagazin.de\/stechlin\/wp-content\/uploads\/sites\/38\/kollegium-300x180.jpg\" alt=\"\" width=\"300\" height=\"180\" srcset=\"https:\/\/www.naturparkmagazin.de\/stechlin\/wp-content\/uploads\/sites\/38\/kollegium-300x180.jpg 300w, https:\/\/www.naturparkmagazin.de\/stechlin\/wp-content\/uploads\/sites\/38\/kollegium-200x120.jpg 200w, https:\/\/www.naturparkmagazin.de\/stechlin\/wp-content\/uploads\/sites\/38\/kollegium.jpg 500w\" sizes=\"(max-width: 300px) 100vw, 300px\" \/><\/a><p id=\"caption-attachment-14302\" class=\"wp-caption-text\">Naturparkleiter Dr. Mario Schrumpf im Austausch mit dem Lehrer:innen-Kollegium\u00a9 Thomas Hahn<\/p><\/div>\n<p>Zu Beginn informierte Naturparkleiter Dr. Mario Schrumpf \u00fcber aktuelle Entwicklungen im Naturpark. Er referierte u.a. \u00fcber die Naturparkerweiterung in 2021, die erfolgreiche Kooperation mit dem Landkreis Ostprignitz-Ruppin und die erneute Auszeichnung des Naturparks als Qualit\u00e4ts-Naturpark.<\/p>\n<div id=\"attachment_14300\" style=\"width: 310px\" class=\"wp-caption aligncenter\"><a href=\"https:\/\/www.naturparkmagazin.de\/stechlin\/wp-content\/uploads\/sites\/38\/fahrrad.jpg\"><img aria-describedby=\"caption-attachment-14300\" decoding=\"async\" loading=\"lazy\" class=\"size-thumbnail wp-image-14300\" src=\"https:\/\/www.naturparkmagazin.de\/stechlin\/wp-content\/uploads\/sites\/38\/fahrrad-300x180.jpg\" alt=\"\" width=\"300\" height=\"180\" srcset=\"https:\/\/www.naturparkmagazin.de\/stechlin\/wp-content\/uploads\/sites\/38\/fahrrad-300x180.jpg 300w, https:\/\/www.naturparkmagazin.de\/stechlin\/wp-content\/uploads\/sites\/38\/fahrrad-200x120.jpg 200w, https:\/\/www.naturparkmagazin.de\/stechlin\/wp-content\/uploads\/sites\/38\/fahrrad.jpg 500w\" sizes=\"(max-width: 300px) 100vw, 300px\" \/><\/a><p id=\"caption-attachment-14300\" class=\"wp-caption-text\">Die Lehrer:innen sind umweltfreundlich mit dem Fahrrad unterwegs.\u00a9 Dr. Mario Schrumpf<\/p><\/div>\n<p>Gemeinsam wurde \u00fcberlegt, wie die aktuell anstehende Rezertifizierung als Naturparkschule in Angriff genommen werden kann. Im Anschluss ging es auf Radtour durch den Naturpark. Ranger Thomas Hahn zeigte verschiedene Orte im Umfeld der Naturparkschule, die zuk\u00fcnftig im Rahmen der Bildung f\u00fcr Nachhaltige Entwicklung (BNE) in den Unterricht der Grundschule einbezogen werden k\u00f6nnen.<\/p>\n<div id=\"attachment_14301\" style=\"width: 310px\" class=\"wp-caption aligncenter\"><a href=\"https:\/\/www.naturparkmagazin.de\/stechlin\/wp-content\/uploads\/sites\/38\/infotafel.jpg\"><img aria-describedby=\"caption-attachment-14301\" decoding=\"async\" loading=\"lazy\" class=\"size-thumbnail wp-image-14301\" src=\"https:\/\/www.naturparkmagazin.de\/stechlin\/wp-content\/uploads\/sites\/38\/infotafel-300x180.jpg\" alt=\"\" width=\"300\" height=\"180\" srcset=\"https:\/\/www.naturparkmagazin.de\/stechlin\/wp-content\/uploads\/sites\/38\/infotafel-300x180.jpg 300w, https:\/\/www.naturparkmagazin.de\/stechlin\/wp-content\/uploads\/sites\/38\/infotafel-200x120.jpg 200w, https:\/\/www.naturparkmagazin.de\/stechlin\/wp-content\/uploads\/sites\/38\/infotafel.jpg 500w\" sizes=\"(max-width: 300px) 100vw, 300px\" \/><\/a><p id=\"caption-attachment-14301\" class=\"wp-caption-text\">Ranger Thomas Hahn erl\u00e4utert die Infotafel in Altglobsow.\u00a9 Dr. Mario Schrumpf<\/p><\/div>\n<p>So wurde u.a. die station\u00e4re Amphibien-Schutzanlage in Altglobsow besucht. Hier zeigte der Leiter der AG Junge Naturforscher, wie er im Fr\u00fchjahr mit den Kids der AG den Weg der Amphibien durch den Tunnel unter der Stra\u00dfe nachverfolgt. Dar\u00fcber hinaus wurden gemeinsam verschiedene Walderlebnisse, wie z.B. das Umarmen m\u00e4chtiger Eichen, erprobt.<\/p>\n<div id=\"attachment_14303\" style=\"width: 310px\" class=\"wp-caption aligncenter\"><a href=\"https:\/\/www.naturparkmagazin.de\/stechlin\/wp-content\/uploads\/sites\/38\/thomas-hahn-tunnel.jpg\"><img aria-describedby=\"caption-attachment-14303\" decoding=\"async\" loading=\"lazy\" class=\"size-thumbnail wp-image-14303\" src=\"https:\/\/www.naturparkmagazin.de\/stechlin\/wp-content\/uploads\/sites\/38\/thomas-hahn-tunnel-300x180.jpg\" alt=\"\" width=\"300\" height=\"180\" srcset=\"https:\/\/www.naturparkmagazin.de\/stechlin\/wp-content\/uploads\/sites\/38\/thomas-hahn-tunnel-300x180.jpg 300w, https:\/\/www.naturparkmagazin.de\/stechlin\/wp-content\/uploads\/sites\/38\/thomas-hahn-tunnel-200x120.jpg 200w, https:\/\/www.naturparkmagazin.de\/stechlin\/wp-content\/uploads\/sites\/38\/thomas-hahn-tunnel.jpg 500w\" sizes=\"(max-width: 300px) 100vw, 300px\" \/><\/a><p id=\"caption-attachment-14303\" class=\"wp-caption-text\">Thomas Hahn zeigt, welchen Weg die Amphibien unter der Stra\u00dfe nehmen.\u00a9 Dr. Mario Schrumpf<\/p><\/div>\n","protected":false},"excerpt":{"rendered":"<p>Im Rahmen der Vorbereitungswoche auf das Schuljahr 2023\/24 fand am 24. August eine ganzt\u00e4gige Weiterbildung f\u00fcr das Lehrer:innen-Kollegium der Theodor-Fontane-Schule statt.<\/p>\n","protected":false},"author":39,"featured_media":14299,"comment_status":"open","ping_status":"open","sticky":false,"template":"","format":"standard","meta":[],"categories":[7],"tags":[],"yoast_head":"<!-- This site is optimized with the Yoast SEO plugin v19.10 - https:\/\/yoast.com\/wordpress\/plugins\/seo\/ -->\n<title>Weiterbildung f\u00fcr Lehrer:innen in der Menzer Naturparkschule (2023) - Naturpark Stechlin-Ruppiner Land<\/title>\n<meta name=\"robots\" content=\"index, follow, max-snippet:-1, max-image-preview:large, max-video-preview:-1\" \/>\n<link rel=\"canonical\" href=\"https:\/\/www.naturparkmagazin.de\/stechlin\/weiterbildung-fuer-lehrerinnen-in-der-menzer-naturparkschule\/\" \/>\n<meta property=\"og:locale\" content=\"de_DE\" \/>\n<meta property=\"og:type\" content=\"article\" \/>\n<meta property=\"og:title\" content=\"Weiterbildung f\u00fcr Lehrer:innen in der Menzer Naturparkschule (2023) - Naturpark Stechlin-Ruppiner Land\" \/>\n<meta property=\"og:description\" content=\"Im Rahmen der Vorbereitungswoche auf das Schuljahr 2023\/24 fand am 24. August eine ganzt\u00e4gige Weiterbildung f\u00fcr das Lehrer:innen-Kollegium der Theodor-Fontane-Schule statt.\" \/>\n<meta property=\"og:url\" content=\"https:\/\/www.naturparkmagazin.de\/stechlin\/weiterbildung-fuer-lehrerinnen-in-der-menzer-naturparkschule\/\" \/>\n<meta property=\"og:site_name\" content=\"Naturpark Stechlin-Ruppiner Land\" \/>\n<meta property=\"article:published_time\" content=\"2023-09-19T13:03:04+00:00\" \/>\n<meta property=\"article:modified_time\" content=\"2025-04-25T06:46:13+00:00\" \/>\n<meta property=\"og:image\" content=\"https:\/\/www.naturparkmagazin.de\/stechlin\/wp-content\/uploads\/sites\/38\/DSC_0004_a.jpg\" \/>\n\t<meta property=\"og:image:width\" content=\"200\" \/>\n\t<meta property=\"og:image:height\" content=\"200\" \/>\n\t<meta property=\"og:image:type\" content=\"image\/jpeg\" \/>\n<meta name=\"author\" content=\"marioschrumpf\" \/>\n<meta name=\"twitter:label1\" content=\"Verfasst von\" \/>\n\t<meta name=\"twitter:data1\" content=\"marioschrumpf\" \/>\n\t<meta name=\"twitter:label2\" content=\"Gesch\u00e4tzte Lesezeit\" \/>\n\t<meta name=\"twitter:data2\" content=\"3\u00a0Minuten\" \/>\n<script type=\"application\/ld+json\" class=\"yoast-schema-graph\">{\"@context\":\"https:\/\/schema.org\",\"@graph\":[{\"@type\":\"WebPage\",\"@id\":\"https:\/\/www.naturparkmagazin.de\/stechlin\/weiterbildung-fuer-lehrerinnen-in-der-menzer-naturparkschule\/\",\"url\":\"https:\/\/www.naturparkmagazin.de\/stechlin\/weiterbildung-fuer-lehrerinnen-in-der-menzer-naturparkschule\/\",\"name\":\"Weiterbildung f\u00fcr Lehrer:innen in der Menzer Naturparkschule (2023) - Naturpark Stechlin-Ruppiner Land\",\"isPartOf\":{\"@id\":\"https:\/\/www.naturparkmagazin.de\/stechlin\/#website\"},\"datePublished\":\"2023-09-19T13:03:04+00:00\",\"dateModified\":\"2025-04-25T06:46:13+00:00\",\"author\":{\"@id\":\"https:\/\/www.naturparkmagazin.de\/stechlin\/#\/schema\/person\/3f0d93203df21c806dd63c76d9bb28bc\"},\"breadcrumb\":{\"@id\":\"https:\/\/www.naturparkmagazin.de\/stechlin\/weiterbildung-fuer-lehrerinnen-in-der-menzer-naturparkschule\/#breadcrumb\"},\"inLanguage\":\"de\",\"potentialAction\":[{\"@type\":\"ReadAction\",\"target\":[\"https:\/\/www.naturparkmagazin.de\/stechlin\/weiterbildung-fuer-lehrerinnen-in-der-menzer-naturparkschule\/\"]}]},{\"@type\":\"BreadcrumbList\",\"@id\":\"https:\/\/www.naturparkmagazin.de\/stechlin\/weiterbildung-fuer-lehrerinnen-in-der-menzer-naturparkschule\/#breadcrumb\",\"itemListElement\":[{\"@type\":\"ListItem\",\"position\":1,\"name\":\"Home\",\"item\":\"https:\/\/www.naturparkmagazin.de\/stechlin\/\"},{\"@type\":\"ListItem\",\"position\":2,\"name\":\"Weiterbildung f\u00fcr Lehrer:innen in der Menzer Naturparkschule (2023)\"}]},{\"@type\":\"WebSite\",\"@id\":\"https:\/\/www.naturparkmagazin.de\/stechlin\/#website\",\"url\":\"https:\/\/www.naturparkmagazin.de\/stechlin\/\",\"name\":\"Naturpark Stechlin-Ruppiner Land\",\"description\":\"\",\"potentialAction\":[{\"@type\":\"SearchAction\",\"target\":{\"@type\":\"EntryPoint\",\"urlTemplate\":\"https:\/\/www.naturparkmagazin.de\/stechlin\/?s={search_term_string}\"},\"query-input\":\"required name=search_term_string\"}],\"inLanguage\":\"de\"},{\"@type\":\"Person\",\"@id\":\"https:\/\/www.naturparkmagazin.de\/stechlin\/#\/schema\/person\/3f0d93203df21c806dd63c76d9bb28bc\",\"name\":\"marioschrumpf\",\"url\":\"https:\/\/www.naturparkmagazin.de\/stechlin\/author\/marioschrumpf\/\"}]}<\/script>\n<!-- \/ Yoast SEO plugin. -->","yoast_head_json":{"title":"Weiterbildung f\u00fcr Lehrer:innen in der Menzer Naturparkschule (2023) - Naturpark Stechlin-Ruppiner Land","robots":{"index":"index","follow":"follow","max-snippet":"max-snippet:-1","max-image-preview":"max-image-preview:large","max-video-preview":"max-video-preview:-1"},"canonical":"https:\/\/www.naturparkmagazin.de\/stechlin\/weiterbildung-fuer-lehrerinnen-in-der-menzer-naturparkschule\/","og_locale":"de_DE","og_type":"article","og_title":"Weiterbildung f\u00fcr Lehrer:innen in der Menzer Naturparkschule (2023) - Naturpark Stechlin-Ruppiner Land","og_description":"Im Rahmen der Vorbereitungswoche auf das Schuljahr 2023\/24 fand am 24. August eine ganzt\u00e4gige Weiterbildung f\u00fcr das Lehrer:innen-Kollegium der Theodor-Fontane-Schule statt.","og_url":"https:\/\/www.naturparkmagazin.de\/stechlin\/weiterbildung-fuer-lehrerinnen-in-der-menzer-naturparkschule\/","og_site_name":"Naturpark Stechlin-Ruppiner Land","article_published_time":"2023-09-19T13:03:04+00:00","article_modified_time":"2025-04-25T06:46:13+00:00","og_image":[{"width":200,"height":200,"url":"https:\/\/www.naturparkmagazin.de\/stechlin\/wp-content\/uploads\/sites\/38\/DSC_0004_a.jpg","type":"image\/jpeg"}],"author":"marioschrumpf","twitter_misc":{"Verfasst von":"marioschrumpf","Gesch\u00e4tzte Lesezeit":"3\u00a0Minuten"},"schema":{"@context":"https:\/\/schema.org","@graph":[{"@type":"WebPage","@id":"https:\/\/www.naturparkmagazin.de\/stechlin\/weiterbildung-fuer-lehrerinnen-in-der-menzer-naturparkschule\/","url":"https:\/\/www.naturparkmagazin.de\/stechlin\/weiterbildung-fuer-lehrerinnen-in-der-menzer-naturparkschule\/","name":"Weiterbildung f\u00fcr Lehrer:innen in der Menzer Naturparkschule (2023) - Naturpark Stechlin-Ruppiner Land","isPartOf":{"@id":"https:\/\/www.naturparkmagazin.de\/stechlin\/#website"},"datePublished":"2023-09-19T13:03:04+00:00","dateModified":"2025-04-25T06:46:13+00:00","author":{"@id":"https:\/\/www.naturparkmagazin.de\/stechlin\/#\/schema\/person\/3f0d93203df21c806dd63c76d9bb28bc"},"breadcrumb":{"@id":"https:\/\/www.naturparkmagazin.de\/stechlin\/weiterbildung-fuer-lehrerinnen-in-der-menzer-naturparkschule\/#breadcrumb"},"inLanguage":"de","potentialAction":[{"@type":"ReadAction","target":["https:\/\/www.naturparkmagazin.de\/stechlin\/weiterbildung-fuer-lehrerinnen-in-der-menzer-naturparkschule\/"]}]},{"@type":"BreadcrumbList","@id":"https:\/\/www.naturparkmagazin.de\/stechlin\/weiterbildung-fuer-lehrerinnen-in-der-menzer-naturparkschule\/#breadcrumb","itemListElement":[{"@type":"ListItem","position":1,"name":"Home","item":"https:\/\/www.naturparkmagazin.de\/stechlin\/"},{"@type":"ListItem","position":2,"name":"Weiterbildung f\u00fcr Lehrer:innen in der Menzer Naturparkschule (2023)"}]},{"@type":"WebSite","@id":"https:\/\/www.naturparkmagazin.de\/stechlin\/#website","url":"https:\/\/www.naturparkmagazin.de\/stechlin\/","name":"Naturpark Stechlin-Ruppiner Land","description":"","potentialAction":[{"@type":"SearchAction","target":{"@type":"EntryPoint","urlTemplate":"https:\/\/www.naturparkmagazin.de\/stechlin\/?s={search_term_string}"},"query-input":"required name=search_term_string"}],"inLanguage":"de"},{"@type":"Person","@id":"https:\/\/www.naturparkmagazin.de\/stechlin\/#\/schema\/person\/3f0d93203df21c806dd63c76d9bb28bc","name":"marioschrumpf","url":"https:\/\/www.naturparkmagazin.de\/stechlin\/author\/marioschrumpf\/"}]}},"_links":{"self":[{"href":"https:\/\/www.naturparkmagazin.de\/stechlin\/wp-json\/wp\/v2\/posts\/14249"}],"collection":[{"href":"https:\/\/www.naturparkmagazin.de\/stechlin\/wp-json\/wp\/v2\/posts"}],"about":[{"href":"https:\/\/www.naturparkmagazin.de\/stechlin\/wp-json\/wp\/v2\/types\/post"}],"author":[{"embeddable":true,"href":"https:\/\/www.naturparkmagazin.de\/stechlin\/wp-json\/wp\/v2\/users\/39"}],"replies":[{"embeddable":true,"href":"https:\/\/www.naturparkmagazin.de\/stechlin\/wp-json\/wp\/v2\/comments?post=14249"}],"version-history":[{"count":6,"href":"https:\/\/www.naturparkmagazin.de\/stechlin\/wp-json\/wp\/v2\/posts\/14249\/revisions"}],"predecessor-version":[{"id":17169,"href":"https:\/\/www.naturparkmagazin.de\/stechlin\/wp-json\/wp\/v2\/posts\/14249\/revisions\/17169"}],"wp:featuredmedia":[{"embeddable":true,"href":"https:\/\/www.naturparkmagazin.de\/stechlin\/wp-json\/wp\/v2\/media\/14299"}],"wp:attachment":[{"href":"https:\/\/www.naturparkmagazin.de\/stechlin\/wp-json\/wp\/v2\/media?parent=14249"}],"wp:term":[{"taxonomy":"category","embeddable":true,"href":"https:\/\/www.naturparkmagazin.de\/stechlin\/wp-json\/wp\/v2\/categories?post=14249"},{"taxonomy":"post_tag","embeddable":true,"href":"https:\/\/www.naturparkmagazin.de\/stechlin\/wp-json\/wp\/v2\/tags?post=14249"}],"curies":[{"name":"wp","href":"https:\/\/api.w.org\/{rel}","templated":true}]}}