{"id":14251,"date":"2023-09-19T15:04:12","date_gmt":"2023-09-19T13:04:12","guid":{"rendered":"https:\/\/www.naturparkmagazin.de\/stechlin\/?p=14251"},"modified":"2023-10-04T15:45:14","modified_gmt":"2023-10-04T13:45:14","slug":"exkursion-mit-dem-orden-fuer-natur-und-jagd-silberner-bruch-durch-das-naturschutzgebiet-stechlin","status":"publish","type":"post","link":"https:\/\/www.naturparkmagazin.de\/stechlin\/exkursion-mit-dem-orden-fuer-natur-und-jagd-silberner-bruch-durch-das-naturschutzgebiet-stechlin\/","title":{"rendered":"Exkursion mit dem Orden f\u00fcr Natur und Jagd \u201eSilberner Bruch\u201c\u00a0 durch das Naturschutzgebiet Stechlin"},"content":{"rendered":"<p>Das diesj\u00e4hrige Ordenstreffen in Norddeutschland am 26.08.2023 f\u00fchrte die ca. 40 aus dem gesamten deutschsprachigen Raum angereisten Mitglieder nach Rheinsberg und Stechlin. Ein Anlass war die Unterst\u00fctzung des F\u00f6rdervereins &#8222;Naturlandschaft Stechlin und Menzer Heide&#8220; e. V. mit einem Scheck \u00fcber 1.000 \u20ac zur Anschaffung von dringend ben\u00f6tigter B\u00fcrotechnik.\nDoch vor der feierlichen Scheck\u00fcbergabe am NaturParkHaus Stechlin gab es noch eine F\u00fchrung \u00fcber den <em>\u201eKrummen Damm\u201c<\/em> durch die reizvolle Endmor\u00e4nenlandschaft des Naturschutzgebietes Stechlin, mit seinen Mooren und W\u00e4ldern. Besonders faszinierten die Moore <em>\u201eGro\u00dfer und Kleiner Barschsee\u201c<\/em> und das Kesselmoor bei <em>Dietrichsbr\u00fcck<\/em> mit ihrer moortypischen Flora mit Sumpfporst, Torfmoos und Sonnentau.<\/p>\n<div id=\"attachment_14282\" style=\"width: 310px\" class=\"wp-caption aligncenter\"><a href=\"https:\/\/www.naturparkmagazin.de\/stechlin\/wp-content\/uploads\/sites\/38\/gruppenfoto.jpg\"><img aria-describedby=\"caption-attachment-14282\" decoding=\"async\" loading=\"lazy\" class=\"size-thumbnail wp-image-14282\" src=\"https:\/\/www.naturparkmagazin.de\/stechlin\/wp-content\/uploads\/sites\/38\/gruppenfoto-300x180.jpg\" alt=\"\" width=\"300\" height=\"180\" srcset=\"https:\/\/www.naturparkmagazin.de\/stechlin\/wp-content\/uploads\/sites\/38\/gruppenfoto-300x180.jpg 300w, https:\/\/www.naturparkmagazin.de\/stechlin\/wp-content\/uploads\/sites\/38\/gruppenfoto-200x120.jpg 200w, https:\/\/www.naturparkmagazin.de\/stechlin\/wp-content\/uploads\/sites\/38\/gruppenfoto.jpg 500w\" sizes=\"(max-width: 300px) 100vw, 300px\" \/><\/a><p id=\"caption-attachment-14282\" class=\"wp-caption-text\">Gruppenbild der Teilnehmer:innen vor dem NaturParkHaus Stechlin.\u00a9 Christoph Siering<\/p><\/div>\n<p>Christoph Siering, Leiter des NaturParkHauses Stechlin, informierte an den einzelnen Standorten \u00fcber Entstehung und Entwicklung der Moore sowie \u00fcber Besonderheiten und Renaturierungsma\u00dfnahmen. Die Moore liegen alle am Moorerlebnispfad, der vom Revierf\u00f6rster a.D. J\u00f6rg Spr\u00f6\u00dfig initiiert wurde. In Zusammenarbeit mit der Hochschule f\u00fcr nachhaltige Entwicklung Eberswalde entstand ein Rundweg, der die Entstehung und \u00d6kologie verschiedener Moortypen anschaulich pr\u00e4sentiert.<\/p>\n<div id=\"attachment_14285\" style=\"width: 310px\" class=\"wp-caption aligncenter\"><a href=\"https:\/\/www.naturparkmagazin.de\/stechlin\/wp-content\/uploads\/sites\/38\/unterwegs_auf_dem_krummen_damm_b.jpg\"><img aria-describedby=\"caption-attachment-14285\" decoding=\"async\" loading=\"lazy\" class=\"size-thumbnail wp-image-14285\" src=\"https:\/\/www.naturparkmagazin.de\/stechlin\/wp-content\/uploads\/sites\/38\/unterwegs_auf_dem_krummen_damm_b-300x180.jpg\" alt=\"\" width=\"300\" height=\"180\" srcset=\"https:\/\/www.naturparkmagazin.de\/stechlin\/wp-content\/uploads\/sites\/38\/unterwegs_auf_dem_krummen_damm_b-300x180.jpg 300w, https:\/\/www.naturparkmagazin.de\/stechlin\/wp-content\/uploads\/sites\/38\/unterwegs_auf_dem_krummen_damm_b-200x120.jpg 200w, https:\/\/www.naturparkmagazin.de\/stechlin\/wp-content\/uploads\/sites\/38\/unterwegs_auf_dem_krummen_damm_b.jpg 500w\" sizes=\"(max-width: 300px) 100vw, 300px\" \/><\/a><p id=\"caption-attachment-14285\" class=\"wp-caption-text\">Unterwegs auf dem &#8222;Krummen Damm&#8220; entlang des Moorlehrpfades.\u00a9 Christoph Siering<\/p><\/div>\n<p>Daneben gab es noch \u201e<em>Zeitzeugen<\/em>\u201c der Kiefernharzung aus zwei Epochen zu bewundern. Die Kienitzsche Senkrechtharzung wurde im 1. Weltkrieg zur Gewinnung von Kolofonium und Terpentin\u00f6l f\u00fcr die R\u00fcstungsindustrie eingef\u00fchrt. Man erkennt sie immer noch an \u00fcber 200j\u00e4hrigen Kiefern. Au\u00dferdem wurden Beispiele der zu DDR-Zeiten praktizierten Harzung gezeigt.\nAuch die am alten Teerofenstandort in Dietrichsbr\u00fcck erz\u00e4hlte Geschichte zum harten Leben der Teerschweler im 19. Jahrhundert machten gro\u00dfen Eindruck. Der bei Fontane \u00fcberlieferte Bericht \u00fcber das tragische Schicksal des jungen \u201e<em>H\u00fclfsj\u00e4gers<\/em>\u201c Joppich, nach dem seither die Landzunge im Nehmitzsee benannt ist, beeindruckte sehr.<\/p>\n<p>Gl\u00fccklicherweise spielte das Wetter mit und entgegen der Prognose, kam im Verlauf der Wanderung noch die Sonne heraus.<\/p>\n<div id=\"attachment_14283\" style=\"width: 310px\" class=\"wp-caption aligncenter\"><a href=\"https:\/\/www.naturparkmagazin.de\/stechlin\/wp-content\/uploads\/sites\/38\/scheckuebergabe.jpg\"><img aria-describedby=\"caption-attachment-14283\" decoding=\"async\" loading=\"lazy\" class=\"size-thumbnail wp-image-14283\" src=\"https:\/\/www.naturparkmagazin.de\/stechlin\/wp-content\/uploads\/sites\/38\/scheckuebergabe-300x180.jpg\" alt=\"\" width=\"300\" height=\"180\" srcset=\"https:\/\/www.naturparkmagazin.de\/stechlin\/wp-content\/uploads\/sites\/38\/scheckuebergabe-300x180.jpg 300w, https:\/\/www.naturparkmagazin.de\/stechlin\/wp-content\/uploads\/sites\/38\/scheckuebergabe-200x120.jpg 200w, https:\/\/www.naturparkmagazin.de\/stechlin\/wp-content\/uploads\/sites\/38\/scheckuebergabe.jpg 500w\" sizes=\"(max-width: 300px) 100vw, 300px\" \/><\/a><p id=\"caption-attachment-14283\" class=\"wp-caption-text\">Die Scheck\u00fcbergabe an den F\u00f6rderverein &#8222;Naturlandschaft Stechlin und Menzer Heide&#8220; e.V.\u00a9 Christoph Siering<\/p><\/div>\n<p>Schlusspunkt war das NaturParkHaus Stechlin. Nach Besuch der Ausstellung und des Sinnesgartens, erfolgte die symbolischen \u00dcbergabe des Schecks.<\/p>\n<p>Danach ging es f\u00fcr die Ordensbr\u00fcder und -schwestern weiter zum Mittagessen und anschlie\u00dfend zu einer Besichtigung des Leibniz-Institutes f\u00fcr Gew\u00e4sser\u00f6kologie und Binnenfischerei nach Neuglobsow.<\/p>\n","protected":false},"excerpt":{"rendered":"<p>Das diesj\u00e4hrige Ordenstreffen in Norddeutschland am 26.08.2023 f\u00fchrte die ca. 40 aus dem gesamten deutschsprachigen Raum angereisten Mitglieder nach Rheinsberg und Stechlin.<\/p>\n","protected":false},"author":39,"featured_media":14284,"comment_status":"open","ping_status":"open","sticky":false,"template":"","format":"standard","meta":[],"categories":[7],"tags":[],"yoast_head":"<!-- This site is optimized with the Yoast SEO plugin v19.10 - https:\/\/yoast.com\/wordpress\/plugins\/seo\/ -->\n<title>Exkursion mit dem Orden f\u00fcr Natur und Jagd \u201eSilberner Bruch\u201c\u00a0 durch das Naturschutzgebiet Stechlin - Naturpark Stechlin-Ruppiner Land<\/title>\n<meta name=\"robots\" content=\"index, follow, max-snippet:-1, max-image-preview:large, max-video-preview:-1\" \/>\n<link rel=\"canonical\" href=\"https:\/\/www.naturparkmagazin.de\/stechlin\/exkursion-mit-dem-orden-fuer-natur-und-jagd-silberner-bruch-durch-das-naturschutzgebiet-stechlin\/\" \/>\n<meta property=\"og:locale\" content=\"de_DE\" \/>\n<meta property=\"og:type\" content=\"article\" \/>\n<meta property=\"og:title\" content=\"Exkursion mit dem Orden f\u00fcr Natur und Jagd \u201eSilberner Bruch\u201c\u00a0 durch das Naturschutzgebiet Stechlin - Naturpark Stechlin-Ruppiner Land\" \/>\n<meta property=\"og:description\" content=\"Das diesj\u00e4hrige Ordenstreffen in Norddeutschland am 26.08.2023 f\u00fchrte die ca. 40 aus dem gesamten deutschsprachigen Raum angereisten Mitglieder nach Rheinsberg und Stechlin.\" \/>\n<meta property=\"og:url\" content=\"https:\/\/www.naturparkmagazin.de\/stechlin\/exkursion-mit-dem-orden-fuer-natur-und-jagd-silberner-bruch-durch-das-naturschutzgebiet-stechlin\/\" \/>\n<meta property=\"og:site_name\" content=\"Naturpark Stechlin-Ruppiner Land\" \/>\n<meta property=\"article:published_time\" content=\"2023-09-19T13:04:12+00:00\" \/>\n<meta property=\"article:modified_time\" content=\"2023-10-04T13:45:14+00:00\" \/>\n<meta property=\"og:image\" content=\"https:\/\/www.naturparkmagazin.de\/stechlin\/wp-content\/uploads\/sites\/38\/unterwegs_auf_dem_krummen_damm_a.jpg\" \/>\n\t<meta property=\"og:image:width\" content=\"200\" \/>\n\t<meta property=\"og:image:height\" content=\"200\" \/>\n\t<meta property=\"og:image:type\" content=\"image\/jpeg\" \/>\n<meta name=\"author\" content=\"marioschrumpf\" \/>\n<meta name=\"twitter:label1\" content=\"Verfasst von\" \/>\n\t<meta name=\"twitter:data1\" content=\"marioschrumpf\" \/>\n\t<meta name=\"twitter:label2\" content=\"Gesch\u00e4tzte Lesezeit\" \/>\n\t<meta name=\"twitter:data2\" content=\"3\u00a0Minuten\" \/>\n<script type=\"application\/ld+json\" class=\"yoast-schema-graph\">{\"@context\":\"https:\/\/schema.org\",\"@graph\":[{\"@type\":\"WebPage\",\"@id\":\"https:\/\/www.naturparkmagazin.de\/stechlin\/exkursion-mit-dem-orden-fuer-natur-und-jagd-silberner-bruch-durch-das-naturschutzgebiet-stechlin\/\",\"url\":\"https:\/\/www.naturparkmagazin.de\/stechlin\/exkursion-mit-dem-orden-fuer-natur-und-jagd-silberner-bruch-durch-das-naturschutzgebiet-stechlin\/\",\"name\":\"Exkursion mit dem Orden f\u00fcr Natur und Jagd \u201eSilberner Bruch\u201c\u00a0 durch das Naturschutzgebiet Stechlin - Naturpark Stechlin-Ruppiner Land\",\"isPartOf\":{\"@id\":\"https:\/\/www.naturparkmagazin.de\/stechlin\/#website\"},\"datePublished\":\"2023-09-19T13:04:12+00:00\",\"dateModified\":\"2023-10-04T13:45:14+00:00\",\"author\":{\"@id\":\"https:\/\/www.naturparkmagazin.de\/stechlin\/#\/schema\/person\/3f0d93203df21c806dd63c76d9bb28bc\"},\"breadcrumb\":{\"@id\":\"https:\/\/www.naturparkmagazin.de\/stechlin\/exkursion-mit-dem-orden-fuer-natur-und-jagd-silberner-bruch-durch-das-naturschutzgebiet-stechlin\/#breadcrumb\"},\"inLanguage\":\"de\",\"potentialAction\":[{\"@type\":\"ReadAction\",\"target\":[\"https:\/\/www.naturparkmagazin.de\/stechlin\/exkursion-mit-dem-orden-fuer-natur-und-jagd-silberner-bruch-durch-das-naturschutzgebiet-stechlin\/\"]}]},{\"@type\":\"BreadcrumbList\",\"@id\":\"https:\/\/www.naturparkmagazin.de\/stechlin\/exkursion-mit-dem-orden-fuer-natur-und-jagd-silberner-bruch-durch-das-naturschutzgebiet-stechlin\/#breadcrumb\",\"itemListElement\":[{\"@type\":\"ListItem\",\"position\":1,\"name\":\"Home\",\"item\":\"https:\/\/www.naturparkmagazin.de\/stechlin\/\"},{\"@type\":\"ListItem\",\"position\":2,\"name\":\"Exkursion mit dem Orden f\u00fcr Natur und Jagd \u201eSilberner Bruch\u201c\u00a0 durch das Naturschutzgebiet Stechlin\"}]},{\"@type\":\"WebSite\",\"@id\":\"https:\/\/www.naturparkmagazin.de\/stechlin\/#website\",\"url\":\"https:\/\/www.naturparkmagazin.de\/stechlin\/\",\"name\":\"Naturpark Stechlin-Ruppiner Land\",\"description\":\"\",\"potentialAction\":[{\"@type\":\"SearchAction\",\"target\":{\"@type\":\"EntryPoint\",\"urlTemplate\":\"https:\/\/www.naturparkmagazin.de\/stechlin\/?s={search_term_string}\"},\"query-input\":\"required name=search_term_string\"}],\"inLanguage\":\"de\"},{\"@type\":\"Person\",\"@id\":\"https:\/\/www.naturparkmagazin.de\/stechlin\/#\/schema\/person\/3f0d93203df21c806dd63c76d9bb28bc\",\"name\":\"marioschrumpf\",\"url\":\"https:\/\/www.naturparkmagazin.de\/stechlin\/author\/marioschrumpf\/\"}]}<\/script>\n<!-- \/ Yoast SEO plugin. -->","yoast_head_json":{"title":"Exkursion mit dem Orden f\u00fcr Natur und Jagd \u201eSilberner Bruch\u201c\u00a0 durch das Naturschutzgebiet Stechlin - Naturpark Stechlin-Ruppiner Land","robots":{"index":"index","follow":"follow","max-snippet":"max-snippet:-1","max-image-preview":"max-image-preview:large","max-video-preview":"max-video-preview:-1"},"canonical":"https:\/\/www.naturparkmagazin.de\/stechlin\/exkursion-mit-dem-orden-fuer-natur-und-jagd-silberner-bruch-durch-das-naturschutzgebiet-stechlin\/","og_locale":"de_DE","og_type":"article","og_title":"Exkursion mit dem Orden f\u00fcr Natur und Jagd \u201eSilberner Bruch\u201c\u00a0 durch das Naturschutzgebiet Stechlin - Naturpark Stechlin-Ruppiner Land","og_description":"Das diesj\u00e4hrige Ordenstreffen in Norddeutschland am 26.08.2023 f\u00fchrte die ca. 40 aus dem gesamten deutschsprachigen Raum angereisten Mitglieder nach Rheinsberg und Stechlin.","og_url":"https:\/\/www.naturparkmagazin.de\/stechlin\/exkursion-mit-dem-orden-fuer-natur-und-jagd-silberner-bruch-durch-das-naturschutzgebiet-stechlin\/","og_site_name":"Naturpark Stechlin-Ruppiner Land","article_published_time":"2023-09-19T13:04:12+00:00","article_modified_time":"2023-10-04T13:45:14+00:00","og_image":[{"width":200,"height":200,"url":"https:\/\/www.naturparkmagazin.de\/stechlin\/wp-content\/uploads\/sites\/38\/unterwegs_auf_dem_krummen_damm_a.jpg","type":"image\/jpeg"}],"author":"marioschrumpf","twitter_misc":{"Verfasst von":"marioschrumpf","Gesch\u00e4tzte Lesezeit":"3\u00a0Minuten"},"schema":{"@context":"https:\/\/schema.org","@graph":[{"@type":"WebPage","@id":"https:\/\/www.naturparkmagazin.de\/stechlin\/exkursion-mit-dem-orden-fuer-natur-und-jagd-silberner-bruch-durch-das-naturschutzgebiet-stechlin\/","url":"https:\/\/www.naturparkmagazin.de\/stechlin\/exkursion-mit-dem-orden-fuer-natur-und-jagd-silberner-bruch-durch-das-naturschutzgebiet-stechlin\/","name":"Exkursion mit dem Orden f\u00fcr Natur und Jagd \u201eSilberner Bruch\u201c\u00a0 durch das Naturschutzgebiet Stechlin - Naturpark Stechlin-Ruppiner Land","isPartOf":{"@id":"https:\/\/www.naturparkmagazin.de\/stechlin\/#website"},"datePublished":"2023-09-19T13:04:12+00:00","dateModified":"2023-10-04T13:45:14+00:00","author":{"@id":"https:\/\/www.naturparkmagazin.de\/stechlin\/#\/schema\/person\/3f0d93203df21c806dd63c76d9bb28bc"},"breadcrumb":{"@id":"https:\/\/www.naturparkmagazin.de\/stechlin\/exkursion-mit-dem-orden-fuer-natur-und-jagd-silberner-bruch-durch-das-naturschutzgebiet-stechlin\/#breadcrumb"},"inLanguage":"de","potentialAction":[{"@type":"ReadAction","target":["https:\/\/www.naturparkmagazin.de\/stechlin\/exkursion-mit-dem-orden-fuer-natur-und-jagd-silberner-bruch-durch-das-naturschutzgebiet-stechlin\/"]}]},{"@type":"BreadcrumbList","@id":"https:\/\/www.naturparkmagazin.de\/stechlin\/exkursion-mit-dem-orden-fuer-natur-und-jagd-silberner-bruch-durch-das-naturschutzgebiet-stechlin\/#breadcrumb","itemListElement":[{"@type":"ListItem","position":1,"name":"Home","item":"https:\/\/www.naturparkmagazin.de\/stechlin\/"},{"@type":"ListItem","position":2,"name":"Exkursion mit dem Orden f\u00fcr Natur und Jagd \u201eSilberner Bruch\u201c\u00a0 durch das Naturschutzgebiet Stechlin"}]},{"@type":"WebSite","@id":"https:\/\/www.naturparkmagazin.de\/stechlin\/#website","url":"https:\/\/www.naturparkmagazin.de\/stechlin\/","name":"Naturpark Stechlin-Ruppiner Land","description":"","potentialAction":[{"@type":"SearchAction","target":{"@type":"EntryPoint","urlTemplate":"https:\/\/www.naturparkmagazin.de\/stechlin\/?s={search_term_string}"},"query-input":"required name=search_term_string"}],"inLanguage":"de"},{"@type":"Person","@id":"https:\/\/www.naturparkmagazin.de\/stechlin\/#\/schema\/person\/3f0d93203df21c806dd63c76d9bb28bc","name":"marioschrumpf","url":"https:\/\/www.naturparkmagazin.de\/stechlin\/author\/marioschrumpf\/"}]}},"_links":{"self":[{"href":"https:\/\/www.naturparkmagazin.de\/stechlin\/wp-json\/wp\/v2\/posts\/14251"}],"collection":[{"href":"https:\/\/www.naturparkmagazin.de\/stechlin\/wp-json\/wp\/v2\/posts"}],"about":[{"href":"https:\/\/www.naturparkmagazin.de\/stechlin\/wp-json\/wp\/v2\/types\/post"}],"author":[{"embeddable":true,"href":"https:\/\/www.naturparkmagazin.de\/stechlin\/wp-json\/wp\/v2\/users\/39"}],"replies":[{"embeddable":true,"href":"https:\/\/www.naturparkmagazin.de\/stechlin\/wp-json\/wp\/v2\/comments?post=14251"}],"version-history":[{"count":11,"href":"https:\/\/www.naturparkmagazin.de\/stechlin\/wp-json\/wp\/v2\/posts\/14251\/revisions"}],"predecessor-version":[{"id":14396,"href":"https:\/\/www.naturparkmagazin.de\/stechlin\/wp-json\/wp\/v2\/posts\/14251\/revisions\/14396"}],"wp:featuredmedia":[{"embeddable":true,"href":"https:\/\/www.naturparkmagazin.de\/stechlin\/wp-json\/wp\/v2\/media\/14284"}],"wp:attachment":[{"href":"https:\/\/www.naturparkmagazin.de\/stechlin\/wp-json\/wp\/v2\/media?parent=14251"}],"wp:term":[{"taxonomy":"category","embeddable":true,"href":"https:\/\/www.naturparkmagazin.de\/stechlin\/wp-json\/wp\/v2\/categories?post=14251"},{"taxonomy":"post_tag","embeddable":true,"href":"https:\/\/www.naturparkmagazin.de\/stechlin\/wp-json\/wp\/v2\/tags?post=14251"}],"curies":[{"name":"wp","href":"https:\/\/api.w.org\/{rel}","templated":true}]}}