{"id":14253,"date":"2023-09-19T15:05:06","date_gmt":"2023-09-19T13:05:06","guid":{"rendered":"https:\/\/www.naturparkmagazin.de\/stechlin\/?p=14253"},"modified":"2023-09-25T13:19:48","modified_gmt":"2023-09-25T11:19:48","slug":"arbeitseinsatz-auf-der-schleusenwiese","status":"publish","type":"post","link":"https:\/\/www.naturparkmagazin.de\/stechlin\/arbeitseinsatz-auf-der-schleusenwiese\/","title":{"rendered":"Arbeitseinsatz auf der Schleusenwiese"},"content":{"rendered":"<p>Die Feuchtwiese am Einlauf des Polzowflie\u00dfes in den Roofensee ist besonders f\u00fcr ihr gro\u00dfes Orchideenvorkommen bekannt. Im Mai 2023 kamen bei einer Z\u00e4hlung durch die Naturwacht \u00fcber 33.000 bl\u00fchende Exemplare zusammen!<\/p>\n<div id=\"attachment_14294\" style=\"width: 310px\" class=\"wp-caption aligncenter\"><a href=\"https:\/\/www.naturparkmagazin.de\/stechlin\/wp-content\/uploads\/sites\/38\/von-Anna-Lena.jpeg\"><img aria-describedby=\"caption-attachment-14294\" decoding=\"async\" loading=\"lazy\" class=\"size-thumbnail wp-image-14294\" src=\"https:\/\/www.naturparkmagazin.de\/stechlin\/wp-content\/uploads\/sites\/38\/von-Anna-Lena-300x180.jpeg\" alt=\"\" width=\"300\" height=\"180\" srcset=\"https:\/\/www.naturparkmagazin.de\/stechlin\/wp-content\/uploads\/sites\/38\/von-Anna-Lena-300x180.jpeg 300w, https:\/\/www.naturparkmagazin.de\/stechlin\/wp-content\/uploads\/sites\/38\/von-Anna-Lena-200x120.jpeg 200w, https:\/\/www.naturparkmagazin.de\/stechlin\/wp-content\/uploads\/sites\/38\/von-Anna-Lena.jpeg 500w\" sizes=\"(max-width: 300px) 100vw, 300px\" \/><\/a><p id=\"caption-attachment-14294\" class=\"wp-caption-text\">Die Schleusenwiese nach der Mahd und dem Schwaden durch die Landeswaldoberf\u00f6rsterei Steinf\u00f6rde.\u00a9 Anna-Lena Fank<\/p><\/div>\n<p>Damit die seltenen Pflanzen und somit dieser spezielle Lebensraum mit einer ganzen Liste seltener Arten erhalten werden kann, muss die Fl\u00e4che j\u00e4hrlich einmal gem\u00e4ht werden. F\u00fcr die Mahd und das Schwaden wird spezielle Technik ben\u00f6tigt. Diese wird durch die Landeswaldoberf\u00f6rsterei Steinf\u00f6rde bereitgestellt und durch deren Mitarbeiter:innen eingesetzt. Die Ber\u00e4umung der Fl\u00e4che wird traditionell von freiwilligen Helfer:innen des F\u00f6rdervereins \u201eNaturlandschaft Stechlin und Menzer Heide\u201c e.V. durchgef\u00fchrt.<\/p>\n<p>Auch in diesem Jahr konnte der F\u00f6rderverein wieder eine ganze Gruppe von Ehrenamtlichen f\u00fcr einen Arbeitseinsatz gewinnen. Eine flei\u00dfige Schar von 10 Personen half mit gro\u00dfem Engagement am 30. August mit, das Mahdgut von der Fl\u00e4che herunterzuschaffen. Das Schnittgut wurde dabei erst auf Haufen gesammelt und dann mit der Heugabel auf Planen geladen, um den Abtransport zu erleichtern.<\/p>\n<div id=\"attachment_14295\" style=\"width: 310px\" class=\"wp-caption aligncenter\"><a href=\"https:\/\/www.naturparkmagazin.de\/stechlin\/wp-content\/uploads\/sites\/38\/arbeit-auf-der-schleusenwiese.jpg\"><img aria-describedby=\"caption-attachment-14295\" decoding=\"async\" loading=\"lazy\" class=\"size-thumbnail wp-image-14295\" src=\"https:\/\/www.naturparkmagazin.de\/stechlin\/wp-content\/uploads\/sites\/38\/arbeit-auf-der-schleusenwiese-300x180.jpg\" alt=\"\" width=\"300\" height=\"180\" srcset=\"https:\/\/www.naturparkmagazin.de\/stechlin\/wp-content\/uploads\/sites\/38\/arbeit-auf-der-schleusenwiese-300x180.jpg 300w, https:\/\/www.naturparkmagazin.de\/stechlin\/wp-content\/uploads\/sites\/38\/arbeit-auf-der-schleusenwiese-200x120.jpg 200w, https:\/\/www.naturparkmagazin.de\/stechlin\/wp-content\/uploads\/sites\/38\/arbeit-auf-der-schleusenwiese.jpg 500w\" sizes=\"(max-width: 300px) 100vw, 300px\" \/><\/a><p id=\"caption-attachment-14295\" class=\"wp-caption-text\">Die flei\u00dfigen Aktiven des F\u00f6rdervereins &#8222;Naturlandschaft Stechlin und Menzer Heide&#8220; e.V.\u00a9 Dr. Mario Schrumpf<\/p><\/div>\n<p>Der Arbeitseinsatz war nicht nur k\u00f6rperliche Bet\u00e4tigung und ein Beitrag zum Naturschutz, sondern auch eine M\u00f6glichkeit, die Natur hautnah zu erleben. Das Entfernen des Schnittguts auf der Feuchtwiese erh\u00e4lt diesen speziellen Lebensraum f\u00fcr die Tier- und Pflanzenwelt.<\/p>\n<div id=\"attachment_14293\" style=\"width: 310px\" class=\"wp-caption aligncenter\"><a href=\"https:\/\/www.naturparkmagazin.de\/stechlin\/wp-content\/uploads\/sites\/38\/Titelbild-und-1x-im-text_b.jpg\"><img aria-describedby=\"caption-attachment-14293\" decoding=\"async\" loading=\"lazy\" class=\"size-thumbnail wp-image-14293\" src=\"https:\/\/www.naturparkmagazin.de\/stechlin\/wp-content\/uploads\/sites\/38\/Titelbild-und-1x-im-text_b-300x180.jpg\" alt=\"\" width=\"300\" height=\"180\" srcset=\"https:\/\/www.naturparkmagazin.de\/stechlin\/wp-content\/uploads\/sites\/38\/Titelbild-und-1x-im-text_b-300x180.jpg 300w, https:\/\/www.naturparkmagazin.de\/stechlin\/wp-content\/uploads\/sites\/38\/Titelbild-und-1x-im-text_b-200x120.jpg 200w, https:\/\/www.naturparkmagazin.de\/stechlin\/wp-content\/uploads\/sites\/38\/Titelbild-und-1x-im-text_b.jpg 500w\" sizes=\"(max-width: 300px) 100vw, 300px\" \/><\/a><p id=\"caption-attachment-14293\" class=\"wp-caption-text\">Das zusammengeharkte Schnittgut wird per Plane von der Feuchtwiese transportiert.\u00a9 Dr. Mario Schrumpf<\/p><\/div>\n<p>Der Arbeitseinsatz hat gezeigt, dass es sich lohnt, sich f\u00fcr den Erhalt der Artenvielfalt einzusetzen. Jede einzelne Person kann etwas bewirken. Die Hilfe wurde durch ein gemeinsames Mittagessen am NaturParkHaus Stechlin in Menz belohnt und mit angeregten Gespr\u00e4chen beendet.<\/p>\n<div id=\"attachment_14291\" style=\"width: 310px\" class=\"wp-caption aligncenter\"><a href=\"https:\/\/www.naturparkmagazin.de\/stechlin\/wp-content\/uploads\/sites\/38\/Gruppenbild_Mario.jpg\"><img aria-describedby=\"caption-attachment-14291\" decoding=\"async\" loading=\"lazy\" class=\"size-thumbnail wp-image-14291\" src=\"https:\/\/www.naturparkmagazin.de\/stechlin\/wp-content\/uploads\/sites\/38\/Gruppenbild_Mario-300x180.jpg\" alt=\"\" width=\"300\" height=\"180\" srcset=\"https:\/\/www.naturparkmagazin.de\/stechlin\/wp-content\/uploads\/sites\/38\/Gruppenbild_Mario-300x180.jpg 300w, https:\/\/www.naturparkmagazin.de\/stechlin\/wp-content\/uploads\/sites\/38\/Gruppenbild_Mario-200x120.jpg 200w, https:\/\/www.naturparkmagazin.de\/stechlin\/wp-content\/uploads\/sites\/38\/Gruppenbild_Mario.jpg 500w\" sizes=\"(max-width: 300px) 100vw, 300px\" \/><\/a><p id=\"caption-attachment-14291\" class=\"wp-caption-text\">Die aktiven Helfer:innen nach getaner Arbeit auf der Schleusenwiese.\u00a9 Dr. Mario Schrumpf<\/p><\/div>\n<p>Auch im n\u00e4chsten Jahr wird es wieder einen Arbeitseinsatz geben, Freiwillige und Mitglieder des F\u00f6rdervereins k\u00f6nnen sich gern bereits jetzt bei Thomas Hahn von der Naturwacht melden und vormerken lassen.<\/p>\n","protected":false},"excerpt":{"rendered":"<p>Die Feuchtwiese am Einlauf des Polzowflie\u00dfes in den Roofensee ist besonders f\u00fcr ihr gro\u00dfes Orchideenvorkommen bekannt.<\/p>\n","protected":false},"author":39,"featured_media":14292,"comment_status":"open","ping_status":"open","sticky":false,"template":"","format":"standard","meta":[],"categories":[7],"tags":[],"yoast_head":"<!-- This site is optimized with the Yoast SEO plugin v19.10 - https:\/\/yoast.com\/wordpress\/plugins\/seo\/ -->\n<title>Arbeitseinsatz auf der Schleusenwiese - Naturpark Stechlin-Ruppiner Land<\/title>\n<meta name=\"robots\" content=\"index, follow, max-snippet:-1, max-image-preview:large, max-video-preview:-1\" \/>\n<link rel=\"canonical\" href=\"https:\/\/www.naturparkmagazin.de\/stechlin\/arbeitseinsatz-auf-der-schleusenwiese\/\" \/>\n<meta property=\"og:locale\" content=\"de_DE\" \/>\n<meta property=\"og:type\" content=\"article\" \/>\n<meta property=\"og:title\" content=\"Arbeitseinsatz auf der Schleusenwiese - Naturpark Stechlin-Ruppiner Land\" \/>\n<meta property=\"og:description\" content=\"Die Feuchtwiese am Einlauf des Polzowflie\u00dfes in den Roofensee ist besonders f\u00fcr ihr gro\u00dfes Orchideenvorkommen bekannt.\" \/>\n<meta property=\"og:url\" content=\"https:\/\/www.naturparkmagazin.de\/stechlin\/arbeitseinsatz-auf-der-schleusenwiese\/\" \/>\n<meta property=\"og:site_name\" content=\"Naturpark Stechlin-Ruppiner Land\" \/>\n<meta property=\"article:published_time\" content=\"2023-09-19T13:05:06+00:00\" \/>\n<meta property=\"article:modified_time\" content=\"2023-09-25T11:19:48+00:00\" \/>\n<meta property=\"og:image\" content=\"https:\/\/www.naturparkmagazin.de\/stechlin\/wp-content\/uploads\/sites\/38\/Titelbild-und-1x-im-text_a.jpg\" \/>\n\t<meta property=\"og:image:width\" content=\"200\" \/>\n\t<meta property=\"og:image:height\" content=\"200\" \/>\n\t<meta property=\"og:image:type\" content=\"image\/jpeg\" \/>\n<meta name=\"author\" content=\"marioschrumpf\" \/>\n<meta name=\"twitter:label1\" content=\"Verfasst von\" \/>\n\t<meta name=\"twitter:data1\" content=\"marioschrumpf\" \/>\n\t<meta name=\"twitter:label2\" content=\"Gesch\u00e4tzte Lesezeit\" \/>\n\t<meta name=\"twitter:data2\" content=\"3\u00a0Minuten\" \/>\n<script type=\"application\/ld+json\" class=\"yoast-schema-graph\">{\"@context\":\"https:\/\/schema.org\",\"@graph\":[{\"@type\":\"WebPage\",\"@id\":\"https:\/\/www.naturparkmagazin.de\/stechlin\/arbeitseinsatz-auf-der-schleusenwiese\/\",\"url\":\"https:\/\/www.naturparkmagazin.de\/stechlin\/arbeitseinsatz-auf-der-schleusenwiese\/\",\"name\":\"Arbeitseinsatz auf der Schleusenwiese - Naturpark Stechlin-Ruppiner Land\",\"isPartOf\":{\"@id\":\"https:\/\/www.naturparkmagazin.de\/stechlin\/#website\"},\"datePublished\":\"2023-09-19T13:05:06+00:00\",\"dateModified\":\"2023-09-25T11:19:48+00:00\",\"author\":{\"@id\":\"https:\/\/www.naturparkmagazin.de\/stechlin\/#\/schema\/person\/3f0d93203df21c806dd63c76d9bb28bc\"},\"breadcrumb\":{\"@id\":\"https:\/\/www.naturparkmagazin.de\/stechlin\/arbeitseinsatz-auf-der-schleusenwiese\/#breadcrumb\"},\"inLanguage\":\"de\",\"potentialAction\":[{\"@type\":\"ReadAction\",\"target\":[\"https:\/\/www.naturparkmagazin.de\/stechlin\/arbeitseinsatz-auf-der-schleusenwiese\/\"]}]},{\"@type\":\"BreadcrumbList\",\"@id\":\"https:\/\/www.naturparkmagazin.de\/stechlin\/arbeitseinsatz-auf-der-schleusenwiese\/#breadcrumb\",\"itemListElement\":[{\"@type\":\"ListItem\",\"position\":1,\"name\":\"Home\",\"item\":\"https:\/\/www.naturparkmagazin.de\/stechlin\/\"},{\"@type\":\"ListItem\",\"position\":2,\"name\":\"Arbeitseinsatz auf der Schleusenwiese\"}]},{\"@type\":\"WebSite\",\"@id\":\"https:\/\/www.naturparkmagazin.de\/stechlin\/#website\",\"url\":\"https:\/\/www.naturparkmagazin.de\/stechlin\/\",\"name\":\"Naturpark Stechlin-Ruppiner Land\",\"description\":\"\",\"potentialAction\":[{\"@type\":\"SearchAction\",\"target\":{\"@type\":\"EntryPoint\",\"urlTemplate\":\"https:\/\/www.naturparkmagazin.de\/stechlin\/?s={search_term_string}\"},\"query-input\":\"required name=search_term_string\"}],\"inLanguage\":\"de\"},{\"@type\":\"Person\",\"@id\":\"https:\/\/www.naturparkmagazin.de\/stechlin\/#\/schema\/person\/3f0d93203df21c806dd63c76d9bb28bc\",\"name\":\"marioschrumpf\",\"url\":\"https:\/\/www.naturparkmagazin.de\/stechlin\/author\/marioschrumpf\/\"}]}<\/script>\n<!-- \/ Yoast SEO plugin. -->","yoast_head_json":{"title":"Arbeitseinsatz auf der Schleusenwiese - Naturpark Stechlin-Ruppiner Land","robots":{"index":"index","follow":"follow","max-snippet":"max-snippet:-1","max-image-preview":"max-image-preview:large","max-video-preview":"max-video-preview:-1"},"canonical":"https:\/\/www.naturparkmagazin.de\/stechlin\/arbeitseinsatz-auf-der-schleusenwiese\/","og_locale":"de_DE","og_type":"article","og_title":"Arbeitseinsatz auf der Schleusenwiese - Naturpark Stechlin-Ruppiner Land","og_description":"Die Feuchtwiese am Einlauf des Polzowflie\u00dfes in den Roofensee ist besonders f\u00fcr ihr gro\u00dfes Orchideenvorkommen bekannt.","og_url":"https:\/\/www.naturparkmagazin.de\/stechlin\/arbeitseinsatz-auf-der-schleusenwiese\/","og_site_name":"Naturpark Stechlin-Ruppiner Land","article_published_time":"2023-09-19T13:05:06+00:00","article_modified_time":"2023-09-25T11:19:48+00:00","og_image":[{"width":200,"height":200,"url":"https:\/\/www.naturparkmagazin.de\/stechlin\/wp-content\/uploads\/sites\/38\/Titelbild-und-1x-im-text_a.jpg","type":"image\/jpeg"}],"author":"marioschrumpf","twitter_misc":{"Verfasst von":"marioschrumpf","Gesch\u00e4tzte Lesezeit":"3\u00a0Minuten"},"schema":{"@context":"https:\/\/schema.org","@graph":[{"@type":"WebPage","@id":"https:\/\/www.naturparkmagazin.de\/stechlin\/arbeitseinsatz-auf-der-schleusenwiese\/","url":"https:\/\/www.naturparkmagazin.de\/stechlin\/arbeitseinsatz-auf-der-schleusenwiese\/","name":"Arbeitseinsatz auf der Schleusenwiese - Naturpark Stechlin-Ruppiner Land","isPartOf":{"@id":"https:\/\/www.naturparkmagazin.de\/stechlin\/#website"},"datePublished":"2023-09-19T13:05:06+00:00","dateModified":"2023-09-25T11:19:48+00:00","author":{"@id":"https:\/\/www.naturparkmagazin.de\/stechlin\/#\/schema\/person\/3f0d93203df21c806dd63c76d9bb28bc"},"breadcrumb":{"@id":"https:\/\/www.naturparkmagazin.de\/stechlin\/arbeitseinsatz-auf-der-schleusenwiese\/#breadcrumb"},"inLanguage":"de","potentialAction":[{"@type":"ReadAction","target":["https:\/\/www.naturparkmagazin.de\/stechlin\/arbeitseinsatz-auf-der-schleusenwiese\/"]}]},{"@type":"BreadcrumbList","@id":"https:\/\/www.naturparkmagazin.de\/stechlin\/arbeitseinsatz-auf-der-schleusenwiese\/#breadcrumb","itemListElement":[{"@type":"ListItem","position":1,"name":"Home","item":"https:\/\/www.naturparkmagazin.de\/stechlin\/"},{"@type":"ListItem","position":2,"name":"Arbeitseinsatz auf der Schleusenwiese"}]},{"@type":"WebSite","@id":"https:\/\/www.naturparkmagazin.de\/stechlin\/#website","url":"https:\/\/www.naturparkmagazin.de\/stechlin\/","name":"Naturpark Stechlin-Ruppiner Land","description":"","potentialAction":[{"@type":"SearchAction","target":{"@type":"EntryPoint","urlTemplate":"https:\/\/www.naturparkmagazin.de\/stechlin\/?s={search_term_string}"},"query-input":"required name=search_term_string"}],"inLanguage":"de"},{"@type":"Person","@id":"https:\/\/www.naturparkmagazin.de\/stechlin\/#\/schema\/person\/3f0d93203df21c806dd63c76d9bb28bc","name":"marioschrumpf","url":"https:\/\/www.naturparkmagazin.de\/stechlin\/author\/marioschrumpf\/"}]}},"_links":{"self":[{"href":"https:\/\/www.naturparkmagazin.de\/stechlin\/wp-json\/wp\/v2\/posts\/14253"}],"collection":[{"href":"https:\/\/www.naturparkmagazin.de\/stechlin\/wp-json\/wp\/v2\/posts"}],"about":[{"href":"https:\/\/www.naturparkmagazin.de\/stechlin\/wp-json\/wp\/v2\/types\/post"}],"author":[{"embeddable":true,"href":"https:\/\/www.naturparkmagazin.de\/stechlin\/wp-json\/wp\/v2\/users\/39"}],"replies":[{"embeddable":true,"href":"https:\/\/www.naturparkmagazin.de\/stechlin\/wp-json\/wp\/v2\/comments?post=14253"}],"version-history":[{"count":8,"href":"https:\/\/www.naturparkmagazin.de\/stechlin\/wp-json\/wp\/v2\/posts\/14253\/revisions"}],"predecessor-version":[{"id":14384,"href":"https:\/\/www.naturparkmagazin.de\/stechlin\/wp-json\/wp\/v2\/posts\/14253\/revisions\/14384"}],"wp:featuredmedia":[{"embeddable":true,"href":"https:\/\/www.naturparkmagazin.de\/stechlin\/wp-json\/wp\/v2\/media\/14292"}],"wp:attachment":[{"href":"https:\/\/www.naturparkmagazin.de\/stechlin\/wp-json\/wp\/v2\/media?parent=14253"}],"wp:term":[{"taxonomy":"category","embeddable":true,"href":"https:\/\/www.naturparkmagazin.de\/stechlin\/wp-json\/wp\/v2\/categories?post=14253"},{"taxonomy":"post_tag","embeddable":true,"href":"https:\/\/www.naturparkmagazin.de\/stechlin\/wp-json\/wp\/v2\/tags?post=14253"}],"curies":[{"name":"wp","href":"https:\/\/api.w.org\/{rel}","templated":true}]}}