{"id":14255,"date":"2023-09-19T15:06:57","date_gmt":"2023-09-19T13:06:57","guid":{"rendered":"https:\/\/www.naturparkmagazin.de\/stechlin\/?p=14255"},"modified":"2025-02-24T16:54:11","modified_gmt":"2025-02-24T15:54:11","slug":"4-fontane-wandermarathon-im-naturpark-stechlin-ruppiner-land-mit-rekordbeteiligung","status":"publish","type":"post","link":"https:\/\/www.naturparkmagazin.de\/stechlin\/4-fontane-wandermarathon-im-naturpark-stechlin-ruppiner-land-mit-rekordbeteiligung\/","title":{"rendered":"4. Fontane-Wandermarathon im Naturpark Stechlin-Ruppiner Land mit Rekordbeteiligung! (2023)"},"content":{"rendered":"<p>Fast 500 Teilnehmer:innen sind am 9. September zum 4. Fontane-Wandermarathon an den Start gegangen. Das ist neuer Teilnehmerrekord! Die Wanderung f\u00fchrte von Netzeband, \u00fcber die Kyritz-Ruppiner Heide, durch das Kunstertal und entlang der Ruppiner Seenkette in die Fontanestadt Neuruppin. Brandenburgs Umweltminister Axel Vogel hatte nicht nur die Schirmherrschaft \u00fcbernommen, sondern ist selbst mitgewandert.<\/p>\n<div id=\"attachment_14326\" style=\"width: 310px\" class=\"wp-caption aligncenter\"><a href=\"https:\/\/www.naturparkmagazin.de\/stechlin\/wp-content\/uploads\/sites\/38\/DSC_0003_1.jpg\"><img aria-describedby=\"caption-attachment-14326\" decoding=\"async\" loading=\"lazy\" class=\"size-thumbnail wp-image-14326\" src=\"https:\/\/www.naturparkmagazin.de\/stechlin\/wp-content\/uploads\/sites\/38\/DSC_0003_1-300x180.jpg\" alt=\"\" width=\"300\" height=\"180\" srcset=\"https:\/\/www.naturparkmagazin.de\/stechlin\/wp-content\/uploads\/sites\/38\/DSC_0003_1-300x180.jpg 300w, https:\/\/www.naturparkmagazin.de\/stechlin\/wp-content\/uploads\/sites\/38\/DSC_0003_1-200x120.jpg 200w, https:\/\/www.naturparkmagazin.de\/stechlin\/wp-content\/uploads\/sites\/38\/DSC_0003_1.jpg 500w\" sizes=\"(max-width: 300px) 100vw, 300px\" \/><\/a><p id=\"caption-attachment-14326\" class=\"wp-caption-text\">Amtsdirektor Thomas Kresse, Minister Axel Vogel und Vizelandrat Werner N\u00fcse auf der Strecke.\u00a9 Dr. Mario Schrumpf<\/p><\/div>\n<p>Bereits seit Pfingstmontag waren die 500 Startpl\u00e4tze f\u00fcr die bedeutendste Natursportveranstaltung im Naturpark ausgebucht!<\/p>\n<div id=\"attachment_14328\" style=\"width: 310px\" class=\"wp-caption aligncenter\"><a href=\"https:\/\/www.naturparkmagazin.de\/stechlin\/wp-content\/uploads\/sites\/38\/DSC_0069_3.jpg\"><img aria-describedby=\"caption-attachment-14328\" decoding=\"async\" loading=\"lazy\" class=\"size-thumbnail wp-image-14328\" src=\"https:\/\/www.naturparkmagazin.de\/stechlin\/wp-content\/uploads\/sites\/38\/DSC_0069_3-300x180.jpg\" alt=\"\" width=\"300\" height=\"180\" srcset=\"https:\/\/www.naturparkmagazin.de\/stechlin\/wp-content\/uploads\/sites\/38\/DSC_0069_3-300x180.jpg 300w, https:\/\/www.naturparkmagazin.de\/stechlin\/wp-content\/uploads\/sites\/38\/DSC_0069_3-200x120.jpg 200w, https:\/\/www.naturparkmagazin.de\/stechlin\/wp-content\/uploads\/sites\/38\/DSC_0069_3.jpg 500w\" sizes=\"(max-width: 300px) 100vw, 300px\" \/><\/a><p id=\"caption-attachment-14328\" class=\"wp-caption-text\">Der Blick vom Heideerlebnisturm war gro\u00dfartig.\u00a9 Dr. Mario Schrumpf<\/p><\/div>\n<p>Das sportliche Wanderevent, das in diesem Jahr an der Temnitzkirche in Netzeband startete, wartete mit besonderen Naturhighlights auf: So f\u00fchrte die Strecke zun\u00e4chst durch die lila bl\u00fchende Kyritz-Ruppiner Heide, wo sich ambitionierte Wanderer auf dem 15 Meter hohen Heideturm \u00fcber eine fabelhafte Aussicht sowie eine kleine \u00dcberraschung freuen konnten.<\/p>\n<div id=\"attachment_14327\" style=\"width: 310px\" class=\"wp-caption aligncenter\"><a href=\"https:\/\/www.naturparkmagazin.de\/stechlin\/wp-content\/uploads\/sites\/38\/DSC_0061_2.jpg\"><img aria-describedby=\"caption-attachment-14327\" decoding=\"async\" loading=\"lazy\" class=\"size-thumbnail wp-image-14327\" src=\"https:\/\/www.naturparkmagazin.de\/stechlin\/wp-content\/uploads\/sites\/38\/DSC_0061_2-300x180.jpg\" alt=\"\" width=\"300\" height=\"180\" srcset=\"https:\/\/www.naturparkmagazin.de\/stechlin\/wp-content\/uploads\/sites\/38\/DSC_0061_2-300x180.jpg 300w, https:\/\/www.naturparkmagazin.de\/stechlin\/wp-content\/uploads\/sites\/38\/DSC_0061_2-200x120.jpg 200w, https:\/\/www.naturparkmagazin.de\/stechlin\/wp-content\/uploads\/sites\/38\/DSC_0061_2.jpg 500w\" sizes=\"(max-width: 300px) 100vw, 300px\" \/><\/a><p id=\"caption-attachment-14327\" class=\"wp-caption-text\">Auf dem Heideerlebnisturm in der Kyritz-Ruppiner Heide wurde das Bergdiplom vergeben.\u00a9 Dr. Mario Schrumpf<\/p><\/div>\n<p>Anschlie\u00dfend wanderten die Teilnehmenden durch das idyllische, bewaldete Quellgebiet des kleinen Baches Kunster bis zur Waldarbeitsschule Kunsterspring, wo die Halbmarathon-Wanderer ihr Ziel erreichten. Hier wude f\u00fcr alle ein Mittagsimbiss angeboten.<\/p>\n<div id=\"attachment_14330\" style=\"width: 310px\" class=\"wp-caption aligncenter\"><a href=\"https:\/\/www.naturparkmagazin.de\/stechlin\/wp-content\/uploads\/sites\/38\/DSC_0107_5.jpg\"><img aria-describedby=\"caption-attachment-14330\" decoding=\"async\" loading=\"lazy\" class=\"size-thumbnail wp-image-14330\" src=\"https:\/\/www.naturparkmagazin.de\/stechlin\/wp-content\/uploads\/sites\/38\/DSC_0107_5-300x180.jpg\" alt=\"\" width=\"300\" height=\"180\" srcset=\"https:\/\/www.naturparkmagazin.de\/stechlin\/wp-content\/uploads\/sites\/38\/DSC_0107_5-300x180.jpg 300w, https:\/\/www.naturparkmagazin.de\/stechlin\/wp-content\/uploads\/sites\/38\/DSC_0107_5-200x120.jpg 200w, https:\/\/www.naturparkmagazin.de\/stechlin\/wp-content\/uploads\/sites\/38\/DSC_0107_5.jpg 500w\" sizes=\"(max-width: 300px) 100vw, 300px\" \/><\/a><p id=\"caption-attachment-14330\" class=\"wp-caption-text\">Verdiente Mittagspause!\u00a9 Dr. Mario Schrumpf<\/p><\/div>\n<p>Die Marathon-Wanderer f\u00fchrte die Strecke anschlie\u00dfend entlang der malerischen Ruppiner Seenkette. Am sogenannten \u201e<em>Zanderblick<\/em>\u201c, einem herrlichen Aussichtspunkt am Tornowsee, lag einer der insgesamt 9 Kontrollpunkte, an der sich die Wanderinnen und Wanderer unterwegs Stempel f\u00fcr ihre Roadbooks abholen konnten und mit Wasser versorgt wurden. Im Ort Zerm\u00fctzel gab es die M\u00f6glichkeit f\u00fcr eine kurze Kaffee- und Kuchenpause in einem Gartencaf\u00e9.<\/p>\n<div id=\"attachment_14331\" style=\"width: 310px\" class=\"wp-caption aligncenter\"><a href=\"https:\/\/www.naturparkmagazin.de\/stechlin\/wp-content\/uploads\/sites\/38\/DSC_0154_7.jpg\"><img aria-describedby=\"caption-attachment-14331\" decoding=\"async\" loading=\"lazy\" class=\"size-thumbnail wp-image-14331\" src=\"https:\/\/www.naturparkmagazin.de\/stechlin\/wp-content\/uploads\/sites\/38\/DSC_0154_7-300x180.jpg\" alt=\"\" width=\"300\" height=\"180\" srcset=\"https:\/\/www.naturparkmagazin.de\/stechlin\/wp-content\/uploads\/sites\/38\/DSC_0154_7-300x180.jpg 300w, https:\/\/www.naturparkmagazin.de\/stechlin\/wp-content\/uploads\/sites\/38\/DSC_0154_7-200x120.jpg 200w, https:\/\/www.naturparkmagazin.de\/stechlin\/wp-content\/uploads\/sites\/38\/DSC_0154_7.jpg 500w\" sizes=\"(max-width: 300px) 100vw, 300px\" \/><\/a><p id=\"caption-attachment-14331\" class=\"wp-caption-text\">Der j\u00fcngste Teilnehmer war 2 Jahre alt!\u00a9 Dr. Mario Schrumpf<\/p><\/div>\n<p>Weiter ging es entlang des Tetzen- und Molchowsees bis zum Ufer von Brandenburgs l\u00e4ngsten See, dem Ruppiner See. Das Marathonziel befand sich \u2013 passend zum Namensgeber des Wandermarathons, dessen Todestag sich in diesem Jahr zum 125. Mal j\u00e4hrt \u2013 auf der Sommerwiese der Fontane-Therme in der Fontanestadt Neuruppin.<\/p>\n<div id=\"attachment_14332\" style=\"width: 310px\" class=\"wp-caption aligncenter\"><a href=\"https:\/\/www.naturparkmagazin.de\/stechlin\/wp-content\/uploads\/sites\/38\/DSC_0233_6.jpg\"><img aria-describedby=\"caption-attachment-14332\" decoding=\"async\" loading=\"lazy\" class=\"size-full wp-image-14332\" src=\"https:\/\/www.naturparkmagazin.de\/stechlin\/wp-content\/uploads\/sites\/38\/DSC_0233_6.jpg\" alt=\"\" width=\"300\" height=\"500\" srcset=\"https:\/\/www.naturparkmagazin.de\/stechlin\/wp-content\/uploads\/sites\/38\/DSC_0233_6.jpg 300w, https:\/\/www.naturparkmagazin.de\/stechlin\/wp-content\/uploads\/sites\/38\/DSC_0233_6-200x333.jpg 200w\" sizes=\"(max-width: 300px) 100vw, 300px\" \/><\/a><p id=\"caption-attachment-14332\" class=\"wp-caption-text\">Gl\u00fccklich im Ziel nach 43 km.\u00a9 Dr. Mario Schrumpf<\/p><\/div>\n","protected":false},"excerpt":{"rendered":"<p>Fast 500 Teilnehmer:innen sind am 9. September zum 4. Fontane-Wandermarathon an den Start gegangen. Das ist neuer Teilnehmerrekord!<\/p>\n","protected":false},"author":39,"featured_media":14329,"comment_status":"open","ping_status":"open","sticky":false,"template":"","format":"standard","meta":[],"categories":[7],"tags":[],"yoast_head":"<!-- This site is optimized with the Yoast SEO plugin v19.10 - https:\/\/yoast.com\/wordpress\/plugins\/seo\/ -->\n<title>4. Fontane-Wandermarathon im Naturpark Stechlin-Ruppiner Land mit Rekordbeteiligung! (2023) - Naturpark Stechlin-Ruppiner Land<\/title>\n<meta name=\"robots\" content=\"index, follow, max-snippet:-1, max-image-preview:large, max-video-preview:-1\" \/>\n<link rel=\"canonical\" href=\"https:\/\/www.naturparkmagazin.de\/stechlin\/4-fontane-wandermarathon-im-naturpark-stechlin-ruppiner-land-mit-rekordbeteiligung\/\" \/>\n<meta property=\"og:locale\" content=\"de_DE\" \/>\n<meta property=\"og:type\" content=\"article\" \/>\n<meta property=\"og:title\" content=\"4. Fontane-Wandermarathon im Naturpark Stechlin-Ruppiner Land mit Rekordbeteiligung! (2023) - Naturpark Stechlin-Ruppiner Land\" \/>\n<meta property=\"og:description\" content=\"Fast 500 Teilnehmer:innen sind am 9. September zum 4. Fontane-Wandermarathon an den Start gegangen. Das ist neuer Teilnehmerrekord!\" \/>\n<meta property=\"og:url\" content=\"https:\/\/www.naturparkmagazin.de\/stechlin\/4-fontane-wandermarathon-im-naturpark-stechlin-ruppiner-land-mit-rekordbeteiligung\/\" \/>\n<meta property=\"og:site_name\" content=\"Naturpark Stechlin-Ruppiner Land\" \/>\n<meta property=\"article:published_time\" content=\"2023-09-19T13:06:57+00:00\" \/>\n<meta property=\"article:modified_time\" content=\"2025-02-24T15:54:11+00:00\" \/>\n<meta property=\"og:image\" content=\"https:\/\/www.naturparkmagazin.de\/stechlin\/wp-content\/uploads\/sites\/38\/DSC_0085_a.jpg\" \/>\n\t<meta property=\"og:image:width\" content=\"200\" \/>\n\t<meta property=\"og:image:height\" content=\"200\" \/>\n\t<meta property=\"og:image:type\" content=\"image\/jpeg\" \/>\n<meta name=\"author\" content=\"marioschrumpf\" \/>\n<meta name=\"twitter:label1\" content=\"Verfasst von\" \/>\n\t<meta name=\"twitter:data1\" content=\"marioschrumpf\" \/>\n\t<meta name=\"twitter:label2\" content=\"Gesch\u00e4tzte Lesezeit\" \/>\n\t<meta name=\"twitter:data2\" content=\"4\u00a0Minuten\" \/>\n<script type=\"application\/ld+json\" class=\"yoast-schema-graph\">{\"@context\":\"https:\/\/schema.org\",\"@graph\":[{\"@type\":\"WebPage\",\"@id\":\"https:\/\/www.naturparkmagazin.de\/stechlin\/4-fontane-wandermarathon-im-naturpark-stechlin-ruppiner-land-mit-rekordbeteiligung\/\",\"url\":\"https:\/\/www.naturparkmagazin.de\/stechlin\/4-fontane-wandermarathon-im-naturpark-stechlin-ruppiner-land-mit-rekordbeteiligung\/\",\"name\":\"4. Fontane-Wandermarathon im Naturpark Stechlin-Ruppiner Land mit Rekordbeteiligung! (2023) - Naturpark Stechlin-Ruppiner Land\",\"isPartOf\":{\"@id\":\"https:\/\/www.naturparkmagazin.de\/stechlin\/#website\"},\"datePublished\":\"2023-09-19T13:06:57+00:00\",\"dateModified\":\"2025-02-24T15:54:11+00:00\",\"author\":{\"@id\":\"https:\/\/www.naturparkmagazin.de\/stechlin\/#\/schema\/person\/3f0d93203df21c806dd63c76d9bb28bc\"},\"breadcrumb\":{\"@id\":\"https:\/\/www.naturparkmagazin.de\/stechlin\/4-fontane-wandermarathon-im-naturpark-stechlin-ruppiner-land-mit-rekordbeteiligung\/#breadcrumb\"},\"inLanguage\":\"de\",\"potentialAction\":[{\"@type\":\"ReadAction\",\"target\":[\"https:\/\/www.naturparkmagazin.de\/stechlin\/4-fontane-wandermarathon-im-naturpark-stechlin-ruppiner-land-mit-rekordbeteiligung\/\"]}]},{\"@type\":\"BreadcrumbList\",\"@id\":\"https:\/\/www.naturparkmagazin.de\/stechlin\/4-fontane-wandermarathon-im-naturpark-stechlin-ruppiner-land-mit-rekordbeteiligung\/#breadcrumb\",\"itemListElement\":[{\"@type\":\"ListItem\",\"position\":1,\"name\":\"Home\",\"item\":\"https:\/\/www.naturparkmagazin.de\/stechlin\/\"},{\"@type\":\"ListItem\",\"position\":2,\"name\":\"4. Fontane-Wandermarathon im Naturpark Stechlin-Ruppiner Land mit Rekordbeteiligung! (2023)\"}]},{\"@type\":\"WebSite\",\"@id\":\"https:\/\/www.naturparkmagazin.de\/stechlin\/#website\",\"url\":\"https:\/\/www.naturparkmagazin.de\/stechlin\/\",\"name\":\"Naturpark Stechlin-Ruppiner Land\",\"description\":\"\",\"potentialAction\":[{\"@type\":\"SearchAction\",\"target\":{\"@type\":\"EntryPoint\",\"urlTemplate\":\"https:\/\/www.naturparkmagazin.de\/stechlin\/?s={search_term_string}\"},\"query-input\":\"required name=search_term_string\"}],\"inLanguage\":\"de\"},{\"@type\":\"Person\",\"@id\":\"https:\/\/www.naturparkmagazin.de\/stechlin\/#\/schema\/person\/3f0d93203df21c806dd63c76d9bb28bc\",\"name\":\"marioschrumpf\",\"url\":\"https:\/\/www.naturparkmagazin.de\/stechlin\/author\/marioschrumpf\/\"}]}<\/script>\n<!-- \/ Yoast SEO plugin. -->","yoast_head_json":{"title":"4. Fontane-Wandermarathon im Naturpark Stechlin-Ruppiner Land mit Rekordbeteiligung! (2023) - Naturpark Stechlin-Ruppiner Land","robots":{"index":"index","follow":"follow","max-snippet":"max-snippet:-1","max-image-preview":"max-image-preview:large","max-video-preview":"max-video-preview:-1"},"canonical":"https:\/\/www.naturparkmagazin.de\/stechlin\/4-fontane-wandermarathon-im-naturpark-stechlin-ruppiner-land-mit-rekordbeteiligung\/","og_locale":"de_DE","og_type":"article","og_title":"4. Fontane-Wandermarathon im Naturpark Stechlin-Ruppiner Land mit Rekordbeteiligung! (2023) - Naturpark Stechlin-Ruppiner Land","og_description":"Fast 500 Teilnehmer:innen sind am 9. September zum 4. Fontane-Wandermarathon an den Start gegangen. Das ist neuer Teilnehmerrekord!","og_url":"https:\/\/www.naturparkmagazin.de\/stechlin\/4-fontane-wandermarathon-im-naturpark-stechlin-ruppiner-land-mit-rekordbeteiligung\/","og_site_name":"Naturpark Stechlin-Ruppiner Land","article_published_time":"2023-09-19T13:06:57+00:00","article_modified_time":"2025-02-24T15:54:11+00:00","og_image":[{"width":200,"height":200,"url":"https:\/\/www.naturparkmagazin.de\/stechlin\/wp-content\/uploads\/sites\/38\/DSC_0085_a.jpg","type":"image\/jpeg"}],"author":"marioschrumpf","twitter_misc":{"Verfasst von":"marioschrumpf","Gesch\u00e4tzte Lesezeit":"4\u00a0Minuten"},"schema":{"@context":"https:\/\/schema.org","@graph":[{"@type":"WebPage","@id":"https:\/\/www.naturparkmagazin.de\/stechlin\/4-fontane-wandermarathon-im-naturpark-stechlin-ruppiner-land-mit-rekordbeteiligung\/","url":"https:\/\/www.naturparkmagazin.de\/stechlin\/4-fontane-wandermarathon-im-naturpark-stechlin-ruppiner-land-mit-rekordbeteiligung\/","name":"4. Fontane-Wandermarathon im Naturpark Stechlin-Ruppiner Land mit Rekordbeteiligung! (2023) - Naturpark Stechlin-Ruppiner Land","isPartOf":{"@id":"https:\/\/www.naturparkmagazin.de\/stechlin\/#website"},"datePublished":"2023-09-19T13:06:57+00:00","dateModified":"2025-02-24T15:54:11+00:00","author":{"@id":"https:\/\/www.naturparkmagazin.de\/stechlin\/#\/schema\/person\/3f0d93203df21c806dd63c76d9bb28bc"},"breadcrumb":{"@id":"https:\/\/www.naturparkmagazin.de\/stechlin\/4-fontane-wandermarathon-im-naturpark-stechlin-ruppiner-land-mit-rekordbeteiligung\/#breadcrumb"},"inLanguage":"de","potentialAction":[{"@type":"ReadAction","target":["https:\/\/www.naturparkmagazin.de\/stechlin\/4-fontane-wandermarathon-im-naturpark-stechlin-ruppiner-land-mit-rekordbeteiligung\/"]}]},{"@type":"BreadcrumbList","@id":"https:\/\/www.naturparkmagazin.de\/stechlin\/4-fontane-wandermarathon-im-naturpark-stechlin-ruppiner-land-mit-rekordbeteiligung\/#breadcrumb","itemListElement":[{"@type":"ListItem","position":1,"name":"Home","item":"https:\/\/www.naturparkmagazin.de\/stechlin\/"},{"@type":"ListItem","position":2,"name":"4. Fontane-Wandermarathon im Naturpark Stechlin-Ruppiner Land mit Rekordbeteiligung! (2023)"}]},{"@type":"WebSite","@id":"https:\/\/www.naturparkmagazin.de\/stechlin\/#website","url":"https:\/\/www.naturparkmagazin.de\/stechlin\/","name":"Naturpark Stechlin-Ruppiner Land","description":"","potentialAction":[{"@type":"SearchAction","target":{"@type":"EntryPoint","urlTemplate":"https:\/\/www.naturparkmagazin.de\/stechlin\/?s={search_term_string}"},"query-input":"required name=search_term_string"}],"inLanguage":"de"},{"@type":"Person","@id":"https:\/\/www.naturparkmagazin.de\/stechlin\/#\/schema\/person\/3f0d93203df21c806dd63c76d9bb28bc","name":"marioschrumpf","url":"https:\/\/www.naturparkmagazin.de\/stechlin\/author\/marioschrumpf\/"}]}},"_links":{"self":[{"href":"https:\/\/www.naturparkmagazin.de\/stechlin\/wp-json\/wp\/v2\/posts\/14255"}],"collection":[{"href":"https:\/\/www.naturparkmagazin.de\/stechlin\/wp-json\/wp\/v2\/posts"}],"about":[{"href":"https:\/\/www.naturparkmagazin.de\/stechlin\/wp-json\/wp\/v2\/types\/post"}],"author":[{"embeddable":true,"href":"https:\/\/www.naturparkmagazin.de\/stechlin\/wp-json\/wp\/v2\/users\/39"}],"replies":[{"embeddable":true,"href":"https:\/\/www.naturparkmagazin.de\/stechlin\/wp-json\/wp\/v2\/comments?post=14255"}],"version-history":[{"count":6,"href":"https:\/\/www.naturparkmagazin.de\/stechlin\/wp-json\/wp\/v2\/posts\/14255\/revisions"}],"predecessor-version":[{"id":16832,"href":"https:\/\/www.naturparkmagazin.de\/stechlin\/wp-json\/wp\/v2\/posts\/14255\/revisions\/16832"}],"wp:featuredmedia":[{"embeddable":true,"href":"https:\/\/www.naturparkmagazin.de\/stechlin\/wp-json\/wp\/v2\/media\/14329"}],"wp:attachment":[{"href":"https:\/\/www.naturparkmagazin.de\/stechlin\/wp-json\/wp\/v2\/media?parent=14255"}],"wp:term":[{"taxonomy":"category","embeddable":true,"href":"https:\/\/www.naturparkmagazin.de\/stechlin\/wp-json\/wp\/v2\/categories?post=14255"},{"taxonomy":"post_tag","embeddable":true,"href":"https:\/\/www.naturparkmagazin.de\/stechlin\/wp-json\/wp\/v2\/tags?post=14255"}],"curies":[{"name":"wp","href":"https:\/\/api.w.org\/{rel}","templated":true}]}}