{"id":14263,"date":"2023-09-19T16:03:02","date_gmt":"2023-09-19T14:03:02","guid":{"rendered":"https:\/\/www.naturparkmagazin.de\/stechlin\/?p=14263"},"modified":"2023-09-19T18:23:04","modified_gmt":"2023-09-19T16:23:04","slug":"18-apfeltag-in-menz-am-14-oktober-2023","status":"publish","type":"post","link":"https:\/\/www.naturparkmagazin.de\/stechlin\/18-apfeltag-in-menz-am-14-oktober-2023\/","title":{"rendered":"18. Apfeltag in Menz am 14. Oktober 2023"},"content":{"rendered":"<p>Nach einem erfolgreichen Neustart in 2022 findet der <strong>Menzer Apfeltag<\/strong> in diesem Jahr bereits zum <strong>18.<\/strong> <strong>Mal<\/strong> statt. An diesem Tag wird sich alles um die paradiesische Frucht drehen. Ein buntes Programm mit Vortrag, Regionalmarkt und Apfelausstellung erwartet die Besucherinnen und Besucher.<\/p>\n<p>Der \u201eF\u00f6rderverein Naturlandschaft Stechlin und Menzer Heide\u201c e.V., die Naturparkverwaltung und die Naturwacht laden am <strong>14. Oktober von 10 bis 15 Uhr<\/strong> auf den Friedensplatz rund um die Regionalwerkstatt Stechlin ein.<\/p>\n<div id=\"attachment_10454\" style=\"width: 310px\" class=\"wp-caption aligncenter\"><img aria-describedby=\"caption-attachment-10454\" decoding=\"async\" loading=\"lazy\" class=\"wp-image-10454 size-thumbnail\" src=\"https:\/\/www.naturparkmagazin.de\/stechlin\/wp-content\/uploads\/sites\/38\/P9010836-300x180.jpg\" alt=\"\u00a9Dr. Mario Schrumpf\" width=\"300\" height=\"180\" srcset=\"https:\/\/www.naturparkmagazin.de\/stechlin\/wp-content\/uploads\/sites\/38\/P9010836-300x180.jpg 300w, https:\/\/www.naturparkmagazin.de\/stechlin\/wp-content\/uploads\/sites\/38\/P9010836.jpg 500w, https:\/\/www.naturparkmagazin.de\/stechlin\/wp-content\/uploads\/sites\/38\/P9010836-200x120.jpg 200w\" sizes=\"(max-width: 300px) 100vw, 300px\" \/><p id=\"caption-attachment-10454\" class=\"wp-caption-text\">Auch die Streuobstwiese in Menz kann zum Apfeltag besichtigt werden.\u00a9 Dr. Mario Schrumpf<\/p><\/div>\n<p>Neben der traditionellen <strong>Apfelausstellung mit Sortenbestimmun<\/strong>g durch Urte Delft und Martin Rech vom Pomologenverein Berlin \u2013 Brandenburg e.V., wird Holger Ackermann vom Landesverband Brandenburgischer Imker e.V. zum Thema <strong>\u201eMaja und ihre wilden Schwestern\u201c<\/strong> referieren.<\/p>\n<div id=\"attachment_9131\" style=\"width: 310px\" class=\"wp-caption aligncenter\"><a href=\"https:\/\/www.naturparkmagazin.de\/stechlin\/wp-content\/uploads\/sites\/38\/Vivian-B\u00f6llersen_25.jpg\"><img aria-describedby=\"caption-attachment-9131\" decoding=\"async\" loading=\"lazy\" class=\"wp-image-9131 size-thumbnail\" src=\"https:\/\/www.naturparkmagazin.de\/stechlin\/wp-content\/uploads\/sites\/38\/Vivian-B\u00f6llersen_25-300x180.jpg\" alt=\"NP SRL\/Heiko Strobel\" width=\"300\" height=\"180\" srcset=\"https:\/\/www.naturparkmagazin.de\/stechlin\/wp-content\/uploads\/sites\/38\/Vivian-B\u00f6llersen_25-300x180.jpg 300w, https:\/\/www.naturparkmagazin.de\/stechlin\/wp-content\/uploads\/sites\/38\/Vivian-B\u00f6llersen_25.jpg 500w, https:\/\/www.naturparkmagazin.de\/stechlin\/wp-content\/uploads\/sites\/38\/Vivian-B\u00f6llersen_25-200x120.jpg 200w\" sizes=\"(max-width: 300px) 100vw, 300px\" \/><\/a><p id=\"caption-attachment-9131\" class=\"wp-caption-text\">Vivian B\u00f6llersen von der Walnussmeisterei Herzberg wird wieder Waln\u00fcsse und Verarbeitetes anbieten.\u00a9 Dr. Mario Schrumpf<\/p><\/div>\n<p>Die <strong>Barnimer Baumschulen Biesenthal<\/strong> bieten zum Apfeltag verschiedene Baumschulerzeugnisse (B\u00e4ume und Str\u00e4ucher) an. Wer spezielle W\u00fcnsche hat, kann gern vorbestellen (Tel. 03337\/430311; e-mail : barnimer-baumschulen@lobetal.de).<\/p>\n<p>Erstmalig wird Beate Frick von der <strong>Apfelwelt Rollenhagen<\/strong> mit ihrem <strong>Mostmobil<\/strong> vor Ort sein und Direktsaft aus mitgebrachten \u00c4pfeln pressen. <strong>Bitte unbedingt vorab einen Termin sichern.<\/strong> <strong>Anmeldungen<\/strong> bitte an Silke Oldorff, Tel. 033082-40717, e-mail: Silke.Oldorff@LfU.Brandenburg.de.<\/p>\n<p>Hobbyb\u00e4ckerinnen und \u2013b\u00e4cker sind zur Teilnahme am traditionellen <strong>Apfelkuchenwettbewerb<\/strong> aufgerufen. Die Kuchen bitte bis 10.00 Uhr in der Regionalwerkstatt abgeben. Die Kuchen sind Spenden f\u00fcr den Kuchenbasar der Naturparkschule Theodor Fontane Menz. Die Preisverleihung findet um 12:30 Uhr statt.<\/p>\n<div id=\"attachment_11138\" style=\"width: 310px\" class=\"wp-caption aligncenter\"><a href=\"https:\/\/www.naturparkmagazin.de\/stechlin\/wp-content\/uploads\/sites\/38\/most.jpg\"><img aria-describedby=\"caption-attachment-11138\" decoding=\"async\" loading=\"lazy\" class=\"size-thumbnail wp-image-11138\" src=\"https:\/\/www.naturparkmagazin.de\/stechlin\/wp-content\/uploads\/sites\/38\/most-300x180.jpg\" alt=\"Das fertige Produkt - Apfelsaft vom eigenen Baum. \u00a9 Foto: Heiko Strobel\" width=\"300\" height=\"180\" srcset=\"https:\/\/www.naturparkmagazin.de\/stechlin\/wp-content\/uploads\/sites\/38\/most-300x180.jpg 300w, https:\/\/www.naturparkmagazin.de\/stechlin\/wp-content\/uploads\/sites\/38\/most.jpg 500w, https:\/\/www.naturparkmagazin.de\/stechlin\/wp-content\/uploads\/sites\/38\/most-200x120.jpg 200w\" sizes=\"(max-width: 300px) 100vw, 300px\" \/><\/a><p id=\"caption-attachment-11138\" class=\"wp-caption-text\">Apfelsaft vom eigenen Baum kann bei Beate Frick gepresst werden &#8211; bitte Termin tel. reservieren!\u00a9 Heiko Strobel<\/p><\/div>\n<p>Ab 13.00 Uhr gibt es <strong>Live-Musik<\/strong> mit dem Trio \u201e Rother Esel\u201c.<\/p>\n<p>Rund um die Regionalwerkstatt wird es einen <strong>Regionalmarkt<\/strong> mit unterschiedlichen Anbietern aus der Naturparkregion und dar\u00fcber hinaus geben. F\u00fcr das leibliche Wohl ist gesorgt.<\/p>\n<p>Wer will, kann zur <strong>Menzer Streuobstwiese<\/strong> wandern oder sich in der Regionalwerkstatt in einer <strong>Ausstellung<\/strong> <strong>der GR\u00dcNEN LIGA \u00fcber giftfreies G\u00e4rtnern<\/strong> informieren.<\/p>\n<p>Folgende <strong>Medien<\/strong> stehen zum <strong>herunterladen<\/strong> bereit:<\/p>\n<p><a href=\"https:\/\/www.stechlin-ruppiner-land-naturpark.de\/fileadmin\/user_upload\/PDF\/Stechlin-Ruppin\/Aktuelles\/Apfeltag_Plakat_23_Druck.pdf\">Plakat 18. Apfeltag<\/a><\/p>\n<p><a href=\"https:\/\/www.stechlin-ruppiner-land-naturpark.de\/fileadmin\/user_upload\/PDF\/Stechlin-Ruppin\/Aktuelles\/Apfeltag_Handzettel_23_Druck.pdf\">Handzettel 18. Apfeltag<\/a><\/p>\n<p><a href=\"https:\/\/www.stechlin-ruppiner-land-naturpark.de\/fileadmin\/user_upload\/PDF\/Stechlin-Ruppin\/Aktuelles\/Apfeltag_Wettbewerb_23_Druck.pdf\">Apfelkuchenwettbewerb<\/a><\/p>\n","protected":false},"excerpt":{"rendered":"<p>Nach einem erfolgreichen Neustart in 2022 findet der Menzer Apfeltag in diesem Jahr bereits zum 18. Mal statt.<\/p>\n","protected":false},"author":39,"featured_media":7664,"comment_status":"open","ping_status":"open","sticky":false,"template":"","format":"standard","meta":[],"categories":[11],"tags":[],"yoast_head":"<!-- This site is optimized with the Yoast SEO plugin v19.10 - https:\/\/yoast.com\/wordpress\/plugins\/seo\/ -->\n<title>18. Apfeltag in Menz am 14. Oktober 2023 - Naturpark Stechlin-Ruppiner Land<\/title>\n<meta name=\"robots\" content=\"index, follow, max-snippet:-1, max-image-preview:large, max-video-preview:-1\" \/>\n<link rel=\"canonical\" href=\"https:\/\/www.naturparkmagazin.de\/stechlin\/18-apfeltag-in-menz-am-14-oktober-2023\/\" \/>\n<meta property=\"og:locale\" content=\"de_DE\" \/>\n<meta property=\"og:type\" content=\"article\" \/>\n<meta property=\"og:title\" content=\"18. Apfeltag in Menz am 14. Oktober 2023 - Naturpark Stechlin-Ruppiner Land\" \/>\n<meta property=\"og:description\" content=\"Nach einem erfolgreichen Neustart in 2022 findet der Menzer Apfeltag in diesem Jahr bereits zum 18. Mal statt.\" \/>\n<meta property=\"og:url\" content=\"https:\/\/www.naturparkmagazin.de\/stechlin\/18-apfeltag-in-menz-am-14-oktober-2023\/\" \/>\n<meta property=\"og:site_name\" content=\"Naturpark Stechlin-Ruppiner Land\" \/>\n<meta property=\"article:published_time\" content=\"2023-09-19T14:03:02+00:00\" \/>\n<meta property=\"article:modified_time\" content=\"2023-09-19T16:23:04+00:00\" \/>\n<meta property=\"og:image\" content=\"https:\/\/www.naturparkmagazin.de\/stechlin\/wp-content\/uploads\/sites\/38\/Apfeltag-2018_37.jpg\" \/>\n\t<meta property=\"og:image:width\" content=\"200\" \/>\n\t<meta property=\"og:image:height\" content=\"200\" \/>\n\t<meta property=\"og:image:type\" content=\"image\/jpeg\" \/>\n<meta name=\"author\" content=\"marioschrumpf\" \/>\n<meta name=\"twitter:label1\" content=\"Verfasst von\" \/>\n\t<meta name=\"twitter:data1\" content=\"marioschrumpf\" \/>\n\t<meta name=\"twitter:label2\" content=\"Gesch\u00e4tzte Lesezeit\" \/>\n\t<meta name=\"twitter:data2\" content=\"3\u00a0Minuten\" \/>\n<script type=\"application\/ld+json\" class=\"yoast-schema-graph\">{\"@context\":\"https:\/\/schema.org\",\"@graph\":[{\"@type\":\"WebPage\",\"@id\":\"https:\/\/www.naturparkmagazin.de\/stechlin\/18-apfeltag-in-menz-am-14-oktober-2023\/\",\"url\":\"https:\/\/www.naturparkmagazin.de\/stechlin\/18-apfeltag-in-menz-am-14-oktober-2023\/\",\"name\":\"18. Apfeltag in Menz am 14. Oktober 2023 - Naturpark Stechlin-Ruppiner Land\",\"isPartOf\":{\"@id\":\"https:\/\/www.naturparkmagazin.de\/stechlin\/#website\"},\"datePublished\":\"2023-09-19T14:03:02+00:00\",\"dateModified\":\"2023-09-19T16:23:04+00:00\",\"author\":{\"@id\":\"https:\/\/www.naturparkmagazin.de\/stechlin\/#\/schema\/person\/3f0d93203df21c806dd63c76d9bb28bc\"},\"breadcrumb\":{\"@id\":\"https:\/\/www.naturparkmagazin.de\/stechlin\/18-apfeltag-in-menz-am-14-oktober-2023\/#breadcrumb\"},\"inLanguage\":\"de\",\"potentialAction\":[{\"@type\":\"ReadAction\",\"target\":[\"https:\/\/www.naturparkmagazin.de\/stechlin\/18-apfeltag-in-menz-am-14-oktober-2023\/\"]}]},{\"@type\":\"BreadcrumbList\",\"@id\":\"https:\/\/www.naturparkmagazin.de\/stechlin\/18-apfeltag-in-menz-am-14-oktober-2023\/#breadcrumb\",\"itemListElement\":[{\"@type\":\"ListItem\",\"position\":1,\"name\":\"Home\",\"item\":\"https:\/\/www.naturparkmagazin.de\/stechlin\/\"},{\"@type\":\"ListItem\",\"position\":2,\"name\":\"18. Apfeltag in Menz am 14. Oktober 2023\"}]},{\"@type\":\"WebSite\",\"@id\":\"https:\/\/www.naturparkmagazin.de\/stechlin\/#website\",\"url\":\"https:\/\/www.naturparkmagazin.de\/stechlin\/\",\"name\":\"Naturpark Stechlin-Ruppiner Land\",\"description\":\"\",\"potentialAction\":[{\"@type\":\"SearchAction\",\"target\":{\"@type\":\"EntryPoint\",\"urlTemplate\":\"https:\/\/www.naturparkmagazin.de\/stechlin\/?s={search_term_string}\"},\"query-input\":\"required name=search_term_string\"}],\"inLanguage\":\"de\"},{\"@type\":\"Person\",\"@id\":\"https:\/\/www.naturparkmagazin.de\/stechlin\/#\/schema\/person\/3f0d93203df21c806dd63c76d9bb28bc\",\"name\":\"marioschrumpf\",\"url\":\"https:\/\/www.naturparkmagazin.de\/stechlin\/author\/marioschrumpf\/\"}]}<\/script>\n<!-- \/ Yoast SEO plugin. -->","yoast_head_json":{"title":"18. Apfeltag in Menz am 14. Oktober 2023 - Naturpark Stechlin-Ruppiner Land","robots":{"index":"index","follow":"follow","max-snippet":"max-snippet:-1","max-image-preview":"max-image-preview:large","max-video-preview":"max-video-preview:-1"},"canonical":"https:\/\/www.naturparkmagazin.de\/stechlin\/18-apfeltag-in-menz-am-14-oktober-2023\/","og_locale":"de_DE","og_type":"article","og_title":"18. Apfeltag in Menz am 14. Oktober 2023 - Naturpark Stechlin-Ruppiner Land","og_description":"Nach einem erfolgreichen Neustart in 2022 findet der Menzer Apfeltag in diesem Jahr bereits zum 18. Mal statt.","og_url":"https:\/\/www.naturparkmagazin.de\/stechlin\/18-apfeltag-in-menz-am-14-oktober-2023\/","og_site_name":"Naturpark Stechlin-Ruppiner Land","article_published_time":"2023-09-19T14:03:02+00:00","article_modified_time":"2023-09-19T16:23:04+00:00","og_image":[{"width":200,"height":200,"url":"https:\/\/www.naturparkmagazin.de\/stechlin\/wp-content\/uploads\/sites\/38\/Apfeltag-2018_37.jpg","type":"image\/jpeg"}],"author":"marioschrumpf","twitter_misc":{"Verfasst von":"marioschrumpf","Gesch\u00e4tzte Lesezeit":"3\u00a0Minuten"},"schema":{"@context":"https:\/\/schema.org","@graph":[{"@type":"WebPage","@id":"https:\/\/www.naturparkmagazin.de\/stechlin\/18-apfeltag-in-menz-am-14-oktober-2023\/","url":"https:\/\/www.naturparkmagazin.de\/stechlin\/18-apfeltag-in-menz-am-14-oktober-2023\/","name":"18. Apfeltag in Menz am 14. Oktober 2023 - Naturpark Stechlin-Ruppiner Land","isPartOf":{"@id":"https:\/\/www.naturparkmagazin.de\/stechlin\/#website"},"datePublished":"2023-09-19T14:03:02+00:00","dateModified":"2023-09-19T16:23:04+00:00","author":{"@id":"https:\/\/www.naturparkmagazin.de\/stechlin\/#\/schema\/person\/3f0d93203df21c806dd63c76d9bb28bc"},"breadcrumb":{"@id":"https:\/\/www.naturparkmagazin.de\/stechlin\/18-apfeltag-in-menz-am-14-oktober-2023\/#breadcrumb"},"inLanguage":"de","potentialAction":[{"@type":"ReadAction","target":["https:\/\/www.naturparkmagazin.de\/stechlin\/18-apfeltag-in-menz-am-14-oktober-2023\/"]}]},{"@type":"BreadcrumbList","@id":"https:\/\/www.naturparkmagazin.de\/stechlin\/18-apfeltag-in-menz-am-14-oktober-2023\/#breadcrumb","itemListElement":[{"@type":"ListItem","position":1,"name":"Home","item":"https:\/\/www.naturparkmagazin.de\/stechlin\/"},{"@type":"ListItem","position":2,"name":"18. Apfeltag in Menz am 14. Oktober 2023"}]},{"@type":"WebSite","@id":"https:\/\/www.naturparkmagazin.de\/stechlin\/#website","url":"https:\/\/www.naturparkmagazin.de\/stechlin\/","name":"Naturpark Stechlin-Ruppiner Land","description":"","potentialAction":[{"@type":"SearchAction","target":{"@type":"EntryPoint","urlTemplate":"https:\/\/www.naturparkmagazin.de\/stechlin\/?s={search_term_string}"},"query-input":"required name=search_term_string"}],"inLanguage":"de"},{"@type":"Person","@id":"https:\/\/www.naturparkmagazin.de\/stechlin\/#\/schema\/person\/3f0d93203df21c806dd63c76d9bb28bc","name":"marioschrumpf","url":"https:\/\/www.naturparkmagazin.de\/stechlin\/author\/marioschrumpf\/"}]}},"_links":{"self":[{"href":"https:\/\/www.naturparkmagazin.de\/stechlin\/wp-json\/wp\/v2\/posts\/14263"}],"collection":[{"href":"https:\/\/www.naturparkmagazin.de\/stechlin\/wp-json\/wp\/v2\/posts"}],"about":[{"href":"https:\/\/www.naturparkmagazin.de\/stechlin\/wp-json\/wp\/v2\/types\/post"}],"author":[{"embeddable":true,"href":"https:\/\/www.naturparkmagazin.de\/stechlin\/wp-json\/wp\/v2\/users\/39"}],"replies":[{"embeddable":true,"href":"https:\/\/www.naturparkmagazin.de\/stechlin\/wp-json\/wp\/v2\/comments?post=14263"}],"version-history":[{"count":10,"href":"https:\/\/www.naturparkmagazin.de\/stechlin\/wp-json\/wp\/v2\/posts\/14263\/revisions"}],"predecessor-version":[{"id":14358,"href":"https:\/\/www.naturparkmagazin.de\/stechlin\/wp-json\/wp\/v2\/posts\/14263\/revisions\/14358"}],"wp:featuredmedia":[{"embeddable":true,"href":"https:\/\/www.naturparkmagazin.de\/stechlin\/wp-json\/wp\/v2\/media\/7664"}],"wp:attachment":[{"href":"https:\/\/www.naturparkmagazin.de\/stechlin\/wp-json\/wp\/v2\/media?parent=14263"}],"wp:term":[{"taxonomy":"category","embeddable":true,"href":"https:\/\/www.naturparkmagazin.de\/stechlin\/wp-json\/wp\/v2\/categories?post=14263"},{"taxonomy":"post_tag","embeddable":true,"href":"https:\/\/www.naturparkmagazin.de\/stechlin\/wp-json\/wp\/v2\/tags?post=14263"}],"curies":[{"name":"wp","href":"https:\/\/api.w.org\/{rel}","templated":true}]}}