{"id":14413,"date":"2023-10-18T15:05:35","date_gmt":"2023-10-18T13:05:35","guid":{"rendered":"https:\/\/www.naturparkmagazin.de\/stechlin\/?p=14413"},"modified":"2025-01-24T10:23:39","modified_gmt":"2025-01-24T09:23:39","slug":"18-apfeltag-in-menz","status":"publish","type":"post","link":"https:\/\/www.naturparkmagazin.de\/stechlin\/18-apfeltag-in-menz\/","title":{"rendered":"18. Apfeltag in Menz &#8211; ein Tag mit Regenbogen (2023)"},"content":{"rendered":"<p>Der nunmehr 18. Apfeltag fand am 14. Oktober 2023 vor der Regionalwerkstatt Stechlin und in den angrenzenden Friedensplatz hinein statt. An diesem Tag drehte sich bei perfektem Oktoberwetter alles um den Apfel und die Natur drumherum.<\/p>\n<div id=\"attachment_14474\" style=\"width: 310px\" class=\"wp-caption aligncenter\"><a href=\"https:\/\/www.naturparkmagazin.de\/stechlin\/wp-content\/uploads\/sites\/38\/Apfeltag-2023-25_dorfverein.jpg\"><img aria-describedby=\"caption-attachment-14474\" decoding=\"async\" loading=\"lazy\" class=\"size-thumbnail wp-image-14474\" src=\"https:\/\/www.naturparkmagazin.de\/stechlin\/wp-content\/uploads\/sites\/38\/Apfeltag-2023-25_dorfverein-300x180.jpg\" alt=\"\" width=\"300\" height=\"180\" srcset=\"https:\/\/www.naturparkmagazin.de\/stechlin\/wp-content\/uploads\/sites\/38\/Apfeltag-2023-25_dorfverein-300x180.jpg 300w, https:\/\/www.naturparkmagazin.de\/stechlin\/wp-content\/uploads\/sites\/38\/Apfeltag-2023-25_dorfverein-200x120.jpg 200w, https:\/\/www.naturparkmagazin.de\/stechlin\/wp-content\/uploads\/sites\/38\/Apfeltag-2023-25_dorfverein.jpg 500w\" sizes=\"(max-width: 300px) 100vw, 300px\" \/><\/a><p id=\"caption-attachment-14474\" class=\"wp-caption-text\">Das Wetter hat es tats\u00e4chlich wieder richtig gut mit uns gemeint.\u00a9 Dorfverein Menz<\/p><\/div>\n<p>Viele verschiedene St\u00e4nde mit regionalen Produkten konnten durch die gut 1000 G\u00e4ste in Augenschein genommen werden. S\u00e4fte, Stauden und Gem\u00fcse, es war f\u00fcr alle etwas dabei.<\/p>\n<div id=\"attachment_14473\" style=\"width: 310px\" class=\"wp-caption aligncenter\"><a href=\"https:\/\/www.naturparkmagazin.de\/stechlin\/wp-content\/uploads\/sites\/38\/Apfeltag-2023-18_dorfverein.jpg\"><img aria-describedby=\"caption-attachment-14473\" decoding=\"async\" loading=\"lazy\" class=\"size-thumbnail wp-image-14473\" src=\"https:\/\/www.naturparkmagazin.de\/stechlin\/wp-content\/uploads\/sites\/38\/Apfeltag-2023-18_dorfverein-300x180.jpg\" alt=\"\" width=\"300\" height=\"180\" srcset=\"https:\/\/www.naturparkmagazin.de\/stechlin\/wp-content\/uploads\/sites\/38\/Apfeltag-2023-18_dorfverein-300x180.jpg 300w, https:\/\/www.naturparkmagazin.de\/stechlin\/wp-content\/uploads\/sites\/38\/Apfeltag-2023-18_dorfverein-200x120.jpg 200w, https:\/\/www.naturparkmagazin.de\/stechlin\/wp-content\/uploads\/sites\/38\/Apfeltag-2023-18_dorfverein.jpg 500w\" sizes=\"(max-width: 300px) 100vw, 300px\" \/><\/a><p id=\"caption-attachment-14473\" class=\"wp-caption-text\">Die mobile Mosterei aus dem Nachbar-Bundesland.\u00a9 Dorfverein Menz<\/p><\/div>\n<p>Wer seinen eigenen Saft produzieren wollte, konnte bei der Mosterei Fricks Apfelwelt Rollenhagen seine Fr\u00fcchte pressen lassen. Dies erfolgte auf Voranmeldung und wurde so gut nachgefragt, dass die Mitarbeiter der Mosterei den gesamten Tag gut zu tun hatten.<\/p>\n<div id=\"attachment_14472\" style=\"width: 310px\" class=\"wp-caption aligncenter\"><a href=\"https:\/\/www.naturparkmagazin.de\/stechlin\/wp-content\/uploads\/sites\/38\/Apfeltag-2023-14_dorfverein.jpg\"><img aria-describedby=\"caption-attachment-14472\" decoding=\"async\" loading=\"lazy\" class=\"size-thumbnail wp-image-14472\" src=\"https:\/\/www.naturparkmagazin.de\/stechlin\/wp-content\/uploads\/sites\/38\/Apfeltag-2023-14_dorfverein-300x180.jpg\" alt=\"\" width=\"300\" height=\"180\" srcset=\"https:\/\/www.naturparkmagazin.de\/stechlin\/wp-content\/uploads\/sites\/38\/Apfeltag-2023-14_dorfverein-300x180.jpg 300w, https:\/\/www.naturparkmagazin.de\/stechlin\/wp-content\/uploads\/sites\/38\/Apfeltag-2023-14_dorfverein-200x120.jpg 200w, https:\/\/www.naturparkmagazin.de\/stechlin\/wp-content\/uploads\/sites\/38\/Apfeltag-2023-14_dorfverein.jpg 500w\" sizes=\"(max-width: 300px) 100vw, 300px\" \/><\/a><p id=\"caption-attachment-14472\" class=\"wp-caption-text\">Alles vorbereitet zum Verkauf &#8211; Baumschule Biesental.\u00a9 Dorfverein Menz<\/p><\/div>\n<p>Zus\u00e4tzlich konnte man mehr \u00fcber die eigenen \u00c4pfel bei der Sortenschau und Sortenbestimmung von Martin Rech und Urte Delft vom Pomologen Verein Berlin Brandenburg e.V. erfahren.<\/p>\n<div id=\"attachment_14475\" style=\"width: 310px\" class=\"wp-caption aligncenter\"><a href=\"https:\/\/www.naturparkmagazin.de\/stechlin\/wp-content\/uploads\/sites\/38\/DSC_0056_schrumpf.jpg\"><img aria-describedby=\"caption-attachment-14475\" decoding=\"async\" loading=\"lazy\" class=\"size-thumbnail wp-image-14475\" src=\"https:\/\/www.naturparkmagazin.de\/stechlin\/wp-content\/uploads\/sites\/38\/DSC_0056_schrumpf-300x180.jpg\" alt=\"\" width=\"300\" height=\"180\" srcset=\"https:\/\/www.naturparkmagazin.de\/stechlin\/wp-content\/uploads\/sites\/38\/DSC_0056_schrumpf-300x180.jpg 300w, https:\/\/www.naturparkmagazin.de\/stechlin\/wp-content\/uploads\/sites\/38\/DSC_0056_schrumpf-200x120.jpg 200w, https:\/\/www.naturparkmagazin.de\/stechlin\/wp-content\/uploads\/sites\/38\/DSC_0056_schrumpf.jpg 500w\" sizes=\"(max-width: 300px) 100vw, 300px\" \/><\/a><p id=\"caption-attachment-14475\" class=\"wp-caption-text\">Holger Ackermann kam mit den G\u00e4sten ins Gespr\u00e4ch.\u00a9 Dr. Mario Schrumpf<\/p><\/div>\n<p>Im Innenbereich gab es am Vormittag einen interessanten Vortrag (\u201eMaja und ihre wilden Schwestern\u201c) mit tiefgr\u00fcndiger Gespr\u00e4chsrunde von Holger Ackermann, aus dem Landesverband Brandenburgischer Imker e.V.<\/p>\n<div id=\"attachment_14476\" style=\"width: 310px\" class=\"wp-caption aligncenter\"><a href=\"https:\/\/www.naturparkmagazin.de\/stechlin\/wp-content\/uploads\/sites\/38\/DSC_0088_schrumpf.jpg\"><img aria-describedby=\"caption-attachment-14476\" decoding=\"async\" loading=\"lazy\" class=\"size-thumbnail wp-image-14476\" src=\"https:\/\/www.naturparkmagazin.de\/stechlin\/wp-content\/uploads\/sites\/38\/DSC_0088_schrumpf-300x180.jpg\" alt=\"\" width=\"300\" height=\"180\" srcset=\"https:\/\/www.naturparkmagazin.de\/stechlin\/wp-content\/uploads\/sites\/38\/DSC_0088_schrumpf-300x180.jpg 300w, https:\/\/www.naturparkmagazin.de\/stechlin\/wp-content\/uploads\/sites\/38\/DSC_0088_schrumpf-200x120.jpg 200w, https:\/\/www.naturparkmagazin.de\/stechlin\/wp-content\/uploads\/sites\/38\/DSC_0088_schrumpf.jpg 500w\" sizes=\"(max-width: 300px) 100vw, 300px\" \/><\/a><p id=\"caption-attachment-14476\" class=\"wp-caption-text\">Die Kuchentafel\u00a9 Dr. Mario Schrumpf<\/p><\/div>\n<p>Nat\u00fcrlich wurde auch wieder der beste Apfelkuchen gek\u00fchrt und die vielen selbstgebackenen Kuchen gingen weg, wie &#8222;warme Kuchen&#8220;.<\/p>\n<div id=\"attachment_14477\" style=\"width: 310px\" class=\"wp-caption aligncenter\"><a href=\"https:\/\/www.naturparkmagazin.de\/stechlin\/wp-content\/uploads\/sites\/38\/DSC_0146_schrumpf.jpg\"><img aria-describedby=\"caption-attachment-14477\" decoding=\"async\" loading=\"lazy\" class=\"size-thumbnail wp-image-14477\" src=\"https:\/\/www.naturparkmagazin.de\/stechlin\/wp-content\/uploads\/sites\/38\/DSC_0146_schrumpf-300x180.jpg\" alt=\"\" width=\"300\" height=\"180\" srcset=\"https:\/\/www.naturparkmagazin.de\/stechlin\/wp-content\/uploads\/sites\/38\/DSC_0146_schrumpf-300x180.jpg 300w, https:\/\/www.naturparkmagazin.de\/stechlin\/wp-content\/uploads\/sites\/38\/DSC_0146_schrumpf-200x120.jpg 200w, https:\/\/www.naturparkmagazin.de\/stechlin\/wp-content\/uploads\/sites\/38\/DSC_0146_schrumpf.jpg 500w\" sizes=\"(max-width: 300px) 100vw, 300px\" \/><\/a><p id=\"caption-attachment-14477\" class=\"wp-caption-text\">Thomas Hahn von der Naturwacht an der mechanischen Obstpresse.\u00a9 Dr. Mario Schrumpf<\/p><\/div>\n<p>Die Naturwacht presste mit Unterst\u00fctzung engagierter Freiwilliger den beliebten Apfelsaft von der Menzer Streuobstwiese.<\/p>\n<p>Also summa summarum kann der 18. Menzer Apfeltag wieder einmal als voller Erfolg ins Tatenbuch des Naturparks eingetragen werden.<\/p>\n","protected":false},"excerpt":{"rendered":"<p>Der nunmehr 18. Apfeltag fand am 14. Oktober 2023 vor der Regionalwerkstatt Stechlin und in den angrenzenden Friedensplatz hinein statt. An diesem Tag drehte sich bei perfektem Oktoberwetter alles um den Apfel und die Natur drumherum.<\/p>\n","protected":false},"author":39,"featured_media":14478,"comment_status":"open","ping_status":"open","sticky":false,"template":"","format":"standard","meta":[],"categories":[7],"tags":[],"yoast_head":"<!-- This site is optimized with the Yoast SEO plugin v19.10 - https:\/\/yoast.com\/wordpress\/plugins\/seo\/ -->\n<title>18. Apfeltag in Menz - ein Tag mit Regenbogen (2023) - Naturpark Stechlin-Ruppiner Land<\/title>\n<meta name=\"robots\" content=\"index, follow, max-snippet:-1, max-image-preview:large, max-video-preview:-1\" \/>\n<link rel=\"canonical\" href=\"https:\/\/www.naturparkmagazin.de\/stechlin\/18-apfeltag-in-menz\/\" \/>\n<meta property=\"og:locale\" content=\"de_DE\" \/>\n<meta property=\"og:type\" content=\"article\" \/>\n<meta property=\"og:title\" content=\"18. Apfeltag in Menz - ein Tag mit Regenbogen (2023) - Naturpark Stechlin-Ruppiner Land\" \/>\n<meta property=\"og:description\" content=\"Der nunmehr 18. Apfeltag fand am 14. Oktober 2023 vor der Regionalwerkstatt Stechlin und in den angrenzenden Friedensplatz hinein statt. An diesem Tag drehte sich bei perfektem Oktoberwetter alles um den Apfel und die Natur drumherum.\" \/>\n<meta property=\"og:url\" content=\"https:\/\/www.naturparkmagazin.de\/stechlin\/18-apfeltag-in-menz\/\" \/>\n<meta property=\"og:site_name\" content=\"Naturpark Stechlin-Ruppiner Land\" \/>\n<meta property=\"article:published_time\" content=\"2023-10-18T13:05:35+00:00\" \/>\n<meta property=\"article:modified_time\" content=\"2025-01-24T09:23:39+00:00\" \/>\n<meta property=\"og:image\" content=\"https:\/\/www.naturparkmagazin.de\/stechlin\/wp-content\/uploads\/sites\/38\/Apfeltag-2023-13_dorfverein_a.jpg\" \/>\n\t<meta property=\"og:image:width\" content=\"200\" \/>\n\t<meta property=\"og:image:height\" content=\"200\" \/>\n\t<meta property=\"og:image:type\" content=\"image\/jpeg\" \/>\n<meta name=\"author\" content=\"marioschrumpf\" \/>\n<meta name=\"twitter:label1\" content=\"Verfasst von\" \/>\n\t<meta name=\"twitter:data1\" content=\"marioschrumpf\" \/>\n\t<meta name=\"twitter:label2\" content=\"Gesch\u00e4tzte Lesezeit\" \/>\n\t<meta name=\"twitter:data2\" content=\"3\u00a0Minuten\" \/>\n<script type=\"application\/ld+json\" class=\"yoast-schema-graph\">{\"@context\":\"https:\/\/schema.org\",\"@graph\":[{\"@type\":\"WebPage\",\"@id\":\"https:\/\/www.naturparkmagazin.de\/stechlin\/18-apfeltag-in-menz\/\",\"url\":\"https:\/\/www.naturparkmagazin.de\/stechlin\/18-apfeltag-in-menz\/\",\"name\":\"18. Apfeltag in Menz - ein Tag mit Regenbogen (2023) - Naturpark Stechlin-Ruppiner Land\",\"isPartOf\":{\"@id\":\"https:\/\/www.naturparkmagazin.de\/stechlin\/#website\"},\"datePublished\":\"2023-10-18T13:05:35+00:00\",\"dateModified\":\"2025-01-24T09:23:39+00:00\",\"author\":{\"@id\":\"https:\/\/www.naturparkmagazin.de\/stechlin\/#\/schema\/person\/3f0d93203df21c806dd63c76d9bb28bc\"},\"breadcrumb\":{\"@id\":\"https:\/\/www.naturparkmagazin.de\/stechlin\/18-apfeltag-in-menz\/#breadcrumb\"},\"inLanguage\":\"de\",\"potentialAction\":[{\"@type\":\"ReadAction\",\"target\":[\"https:\/\/www.naturparkmagazin.de\/stechlin\/18-apfeltag-in-menz\/\"]}]},{\"@type\":\"BreadcrumbList\",\"@id\":\"https:\/\/www.naturparkmagazin.de\/stechlin\/18-apfeltag-in-menz\/#breadcrumb\",\"itemListElement\":[{\"@type\":\"ListItem\",\"position\":1,\"name\":\"Home\",\"item\":\"https:\/\/www.naturparkmagazin.de\/stechlin\/\"},{\"@type\":\"ListItem\",\"position\":2,\"name\":\"18. Apfeltag in Menz &#8211; ein Tag mit Regenbogen (2023)\"}]},{\"@type\":\"WebSite\",\"@id\":\"https:\/\/www.naturparkmagazin.de\/stechlin\/#website\",\"url\":\"https:\/\/www.naturparkmagazin.de\/stechlin\/\",\"name\":\"Naturpark Stechlin-Ruppiner Land\",\"description\":\"\",\"potentialAction\":[{\"@type\":\"SearchAction\",\"target\":{\"@type\":\"EntryPoint\",\"urlTemplate\":\"https:\/\/www.naturparkmagazin.de\/stechlin\/?s={search_term_string}\"},\"query-input\":\"required name=search_term_string\"}],\"inLanguage\":\"de\"},{\"@type\":\"Person\",\"@id\":\"https:\/\/www.naturparkmagazin.de\/stechlin\/#\/schema\/person\/3f0d93203df21c806dd63c76d9bb28bc\",\"name\":\"marioschrumpf\",\"url\":\"https:\/\/www.naturparkmagazin.de\/stechlin\/author\/marioschrumpf\/\"}]}<\/script>\n<!-- \/ Yoast SEO plugin. -->","yoast_head_json":{"title":"18. Apfeltag in Menz - ein Tag mit Regenbogen (2023) - Naturpark Stechlin-Ruppiner Land","robots":{"index":"index","follow":"follow","max-snippet":"max-snippet:-1","max-image-preview":"max-image-preview:large","max-video-preview":"max-video-preview:-1"},"canonical":"https:\/\/www.naturparkmagazin.de\/stechlin\/18-apfeltag-in-menz\/","og_locale":"de_DE","og_type":"article","og_title":"18. Apfeltag in Menz - ein Tag mit Regenbogen (2023) - Naturpark Stechlin-Ruppiner Land","og_description":"Der nunmehr 18. Apfeltag fand am 14. Oktober 2023 vor der Regionalwerkstatt Stechlin und in den angrenzenden Friedensplatz hinein statt. An diesem Tag drehte sich bei perfektem Oktoberwetter alles um den Apfel und die Natur drumherum.","og_url":"https:\/\/www.naturparkmagazin.de\/stechlin\/18-apfeltag-in-menz\/","og_site_name":"Naturpark Stechlin-Ruppiner Land","article_published_time":"2023-10-18T13:05:35+00:00","article_modified_time":"2025-01-24T09:23:39+00:00","og_image":[{"width":200,"height":200,"url":"https:\/\/www.naturparkmagazin.de\/stechlin\/wp-content\/uploads\/sites\/38\/Apfeltag-2023-13_dorfverein_a.jpg","type":"image\/jpeg"}],"author":"marioschrumpf","twitter_misc":{"Verfasst von":"marioschrumpf","Gesch\u00e4tzte Lesezeit":"3\u00a0Minuten"},"schema":{"@context":"https:\/\/schema.org","@graph":[{"@type":"WebPage","@id":"https:\/\/www.naturparkmagazin.de\/stechlin\/18-apfeltag-in-menz\/","url":"https:\/\/www.naturparkmagazin.de\/stechlin\/18-apfeltag-in-menz\/","name":"18. Apfeltag in Menz - ein Tag mit Regenbogen (2023) - Naturpark Stechlin-Ruppiner Land","isPartOf":{"@id":"https:\/\/www.naturparkmagazin.de\/stechlin\/#website"},"datePublished":"2023-10-18T13:05:35+00:00","dateModified":"2025-01-24T09:23:39+00:00","author":{"@id":"https:\/\/www.naturparkmagazin.de\/stechlin\/#\/schema\/person\/3f0d93203df21c806dd63c76d9bb28bc"},"breadcrumb":{"@id":"https:\/\/www.naturparkmagazin.de\/stechlin\/18-apfeltag-in-menz\/#breadcrumb"},"inLanguage":"de","potentialAction":[{"@type":"ReadAction","target":["https:\/\/www.naturparkmagazin.de\/stechlin\/18-apfeltag-in-menz\/"]}]},{"@type":"BreadcrumbList","@id":"https:\/\/www.naturparkmagazin.de\/stechlin\/18-apfeltag-in-menz\/#breadcrumb","itemListElement":[{"@type":"ListItem","position":1,"name":"Home","item":"https:\/\/www.naturparkmagazin.de\/stechlin\/"},{"@type":"ListItem","position":2,"name":"18. Apfeltag in Menz &#8211; ein Tag mit Regenbogen (2023)"}]},{"@type":"WebSite","@id":"https:\/\/www.naturparkmagazin.de\/stechlin\/#website","url":"https:\/\/www.naturparkmagazin.de\/stechlin\/","name":"Naturpark Stechlin-Ruppiner Land","description":"","potentialAction":[{"@type":"SearchAction","target":{"@type":"EntryPoint","urlTemplate":"https:\/\/www.naturparkmagazin.de\/stechlin\/?s={search_term_string}"},"query-input":"required name=search_term_string"}],"inLanguage":"de"},{"@type":"Person","@id":"https:\/\/www.naturparkmagazin.de\/stechlin\/#\/schema\/person\/3f0d93203df21c806dd63c76d9bb28bc","name":"marioschrumpf","url":"https:\/\/www.naturparkmagazin.de\/stechlin\/author\/marioschrumpf\/"}]}},"_links":{"self":[{"href":"https:\/\/www.naturparkmagazin.de\/stechlin\/wp-json\/wp\/v2\/posts\/14413"}],"collection":[{"href":"https:\/\/www.naturparkmagazin.de\/stechlin\/wp-json\/wp\/v2\/posts"}],"about":[{"href":"https:\/\/www.naturparkmagazin.de\/stechlin\/wp-json\/wp\/v2\/types\/post"}],"author":[{"embeddable":true,"href":"https:\/\/www.naturparkmagazin.de\/stechlin\/wp-json\/wp\/v2\/users\/39"}],"replies":[{"embeddable":true,"href":"https:\/\/www.naturparkmagazin.de\/stechlin\/wp-json\/wp\/v2\/comments?post=14413"}],"version-history":[{"count":6,"href":"https:\/\/www.naturparkmagazin.de\/stechlin\/wp-json\/wp\/v2\/posts\/14413\/revisions"}],"predecessor-version":[{"id":16608,"href":"https:\/\/www.naturparkmagazin.de\/stechlin\/wp-json\/wp\/v2\/posts\/14413\/revisions\/16608"}],"wp:featuredmedia":[{"embeddable":true,"href":"https:\/\/www.naturparkmagazin.de\/stechlin\/wp-json\/wp\/v2\/media\/14478"}],"wp:attachment":[{"href":"https:\/\/www.naturparkmagazin.de\/stechlin\/wp-json\/wp\/v2\/media?parent=14413"}],"wp:term":[{"taxonomy":"category","embeddable":true,"href":"https:\/\/www.naturparkmagazin.de\/stechlin\/wp-json\/wp\/v2\/categories?post=14413"},{"taxonomy":"post_tag","embeddable":true,"href":"https:\/\/www.naturparkmagazin.de\/stechlin\/wp-json\/wp\/v2\/tags?post=14413"}],"curies":[{"name":"wp","href":"https:\/\/api.w.org\/{rel}","templated":true}]}}