{"id":14417,"date":"2023-10-18T15:07:13","date_gmt":"2023-10-18T13:07:13","guid":{"rendered":"https:\/\/www.naturparkmagazin.de\/stechlin\/?p=14417"},"modified":"2023-10-27T12:39:14","modified_gmt":"2023-10-27T10:39:14","slug":"der-teamtag-von-naturparkverwaltung-natrurwacht-und-naturparkhaus-fuehrte-in-diesem-jahr-nach-barsikow","status":"publish","type":"post","link":"https:\/\/www.naturparkmagazin.de\/stechlin\/der-teamtag-von-naturparkverwaltung-natrurwacht-und-naturparkhaus-fuehrte-in-diesem-jahr-nach-barsikow\/","title":{"rendered":"Der Teamtag von Naturparkverwaltung, Naturwacht und NaturParkHaus f\u00fchrte in diesem Jahr nach Barsikow"},"content":{"rendered":"<p>Der diesj\u00e4hrige Teamtag der Mitarbeiter:innen der Naturparkverwaltung Stechlin-Ruppiner Land, des NaturParkHauses Stechlin und der Naturwacht f\u00fchrte uns in den Landkreis Ostprignitz-Ruppin.<\/p>\n<p>Er begann mit einem Vortrag in der Kreisverwaltung Ostprignitz-Ruppin durch den Vorsitzenden des Kuratoriums des Naturparkes, Herrn N\u00fcse. Das Thema konzentrierte sich auf den Landschaftsrahmenplan 2024 und auf die Beteiligung von Personen. Einerseits wurde eine online Umfrage durchgef\u00fchrt und anderseits fand eine Jugendbeteiligung in Form eines Workshops statt, um eine m\u00f6glichst umfassenden Eindruck von Meinungen zu erhalten.<\/p>\n<div id=\"attachment_14455\" style=\"width: 310px\" class=\"wp-caption aligncenter\"><a href=\"https:\/\/www.naturparkmagazin.de\/stechlin\/wp-content\/uploads\/sites\/38\/DSC09981.jpg\"><img aria-describedby=\"caption-attachment-14455\" decoding=\"async\" loading=\"lazy\" class=\"size-thumbnail wp-image-14455\" src=\"https:\/\/www.naturparkmagazin.de\/stechlin\/wp-content\/uploads\/sites\/38\/DSC09981-300x180.jpg\" alt=\"\" width=\"300\" height=\"180\" srcset=\"https:\/\/www.naturparkmagazin.de\/stechlin\/wp-content\/uploads\/sites\/38\/DSC09981-300x180.jpg 300w, https:\/\/www.naturparkmagazin.de\/stechlin\/wp-content\/uploads\/sites\/38\/DSC09981-200x120.jpg 200w, https:\/\/www.naturparkmagazin.de\/stechlin\/wp-content\/uploads\/sites\/38\/DSC09981.jpg 500w\" sizes=\"(max-width: 300px) 100vw, 300px\" \/><\/a><p id=\"caption-attachment-14455\" class=\"wp-caption-text\">\u00a9 Katrin Quiel<\/p><\/div>\n<p>Darauf folgte ein Ausflug nach Barsikow, mit einem gemeinsamen Mittagessen im alten, nunmehr als Dorftreffpunkt umgestalteten Konsum. In den R\u00e4umlichkeiten stellte uns der Ortsvorsteher das Dorf und die vielf\u00e4ltigen Aktivit\u00e4ten sowie Projekte vor.<\/p>\n<p>Im Vordergrund der Gespr\u00e4che standen die Dorfentwicklung, Begegnungen, Zusammenhalt sowie kulturelle Projekte des Dorfs.<\/p>\n<p>Bei der F\u00fchrung durch das interessante Dorf bekamen wir Einblick in die Kirche, die einen Raum zur \u00dcbernachtung von Pilgern bereith\u00e4lt. Wir besichtigten den alten Gutspark, die Gemeindetreffpunkte und tauschten uns \u00fcber modernen Skulpturen und historische Meilensteine aus.<strong>\n<\/strong><\/p>\n<p>Au\u00dferdem erfuhren wir \u00fcber das Projekt &#8222;Dorfmobil&#8220;. Hierbei wird erstmalig f\u00fcr ein Dorf durch den Landkreis ein gemeinschaftlich nutzbares E-Auto zur Verf\u00fcgung gestellt.<\/p>\n<div id=\"attachment_14454\" style=\"width: 310px\" class=\"wp-caption aligncenter\"><a href=\"https:\/\/www.naturparkmagazin.de\/stechlin\/wp-content\/uploads\/sites\/38\/DSC09979.jpg\"><img aria-describedby=\"caption-attachment-14454\" decoding=\"async\" loading=\"lazy\" class=\"size-thumbnail wp-image-14454\" src=\"https:\/\/www.naturparkmagazin.de\/stechlin\/wp-content\/uploads\/sites\/38\/DSC09979-300x180.jpg\" alt=\"\" width=\"300\" height=\"180\" srcset=\"https:\/\/www.naturparkmagazin.de\/stechlin\/wp-content\/uploads\/sites\/38\/DSC09979-300x180.jpg 300w, https:\/\/www.naturparkmagazin.de\/stechlin\/wp-content\/uploads\/sites\/38\/DSC09979-200x120.jpg 200w, https:\/\/www.naturparkmagazin.de\/stechlin\/wp-content\/uploads\/sites\/38\/DSC09979.jpg 500w\" sizes=\"(max-width: 300px) 100vw, 300px\" \/><\/a><p id=\"caption-attachment-14454\" class=\"wp-caption-text\">\u00a9 Katrin Quiel<\/p><\/div>\n","protected":false},"excerpt":{"rendered":"<p>Der diesj\u00e4hrige Teamtag der Mitarbeiter:innen der Naturparkverwaltung Stechlin-Ruppiner Land, des NaturParkHauses Stechlin und der Naturwacht f\u00fchrte uns in den Landkreis Ostprignitz-Ruppin.<\/p>\n","protected":false},"author":39,"featured_media":14453,"comment_status":"open","ping_status":"open","sticky":false,"template":"","format":"standard","meta":[],"categories":[7],"tags":[],"yoast_head":"<!-- This site is optimized with the Yoast SEO plugin v19.10 - https:\/\/yoast.com\/wordpress\/plugins\/seo\/ -->\n<title>Der Teamtag von Naturparkverwaltung, Naturwacht und NaturParkHaus f\u00fchrte in diesem Jahr nach Barsikow - Naturpark Stechlin-Ruppiner Land<\/title>\n<meta name=\"robots\" content=\"index, follow, max-snippet:-1, max-image-preview:large, max-video-preview:-1\" \/>\n<link rel=\"canonical\" href=\"https:\/\/www.naturparkmagazin.de\/stechlin\/der-teamtag-von-naturparkverwaltung-natrurwacht-und-naturparkhaus-fuehrte-in-diesem-jahr-nach-barsikow\/\" \/>\n<meta property=\"og:locale\" content=\"de_DE\" \/>\n<meta property=\"og:type\" content=\"article\" \/>\n<meta property=\"og:title\" content=\"Der Teamtag von Naturparkverwaltung, Naturwacht und NaturParkHaus f\u00fchrte in diesem Jahr nach Barsikow - Naturpark Stechlin-Ruppiner Land\" \/>\n<meta property=\"og:description\" content=\"Der diesj\u00e4hrige Teamtag der Mitarbeiter:innen der Naturparkverwaltung Stechlin-Ruppiner Land, des NaturParkHauses Stechlin und der Naturwacht f\u00fchrte uns in den Landkreis Ostprignitz-Ruppin.\" \/>\n<meta property=\"og:url\" content=\"https:\/\/www.naturparkmagazin.de\/stechlin\/der-teamtag-von-naturparkverwaltung-natrurwacht-und-naturparkhaus-fuehrte-in-diesem-jahr-nach-barsikow\/\" \/>\n<meta property=\"og:site_name\" content=\"Naturpark Stechlin-Ruppiner Land\" \/>\n<meta property=\"article:published_time\" content=\"2023-10-18T13:07:13+00:00\" \/>\n<meta property=\"article:modified_time\" content=\"2023-10-27T10:39:14+00:00\" \/>\n<meta property=\"og:image\" content=\"https:\/\/www.naturparkmagazin.de\/stechlin\/wp-content\/uploads\/sites\/38\/DSC09978_a.jpg\" \/>\n\t<meta property=\"og:image:width\" content=\"200\" \/>\n\t<meta property=\"og:image:height\" content=\"200\" \/>\n\t<meta property=\"og:image:type\" content=\"image\/jpeg\" \/>\n<meta name=\"author\" content=\"marioschrumpf\" \/>\n<meta name=\"twitter:label1\" content=\"Verfasst von\" \/>\n\t<meta name=\"twitter:data1\" content=\"marioschrumpf\" \/>\n\t<meta name=\"twitter:label2\" content=\"Gesch\u00e4tzte Lesezeit\" \/>\n\t<meta name=\"twitter:data2\" content=\"2\u00a0Minuten\" \/>\n<script type=\"application\/ld+json\" class=\"yoast-schema-graph\">{\"@context\":\"https:\/\/schema.org\",\"@graph\":[{\"@type\":\"WebPage\",\"@id\":\"https:\/\/www.naturparkmagazin.de\/stechlin\/der-teamtag-von-naturparkverwaltung-natrurwacht-und-naturparkhaus-fuehrte-in-diesem-jahr-nach-barsikow\/\",\"url\":\"https:\/\/www.naturparkmagazin.de\/stechlin\/der-teamtag-von-naturparkverwaltung-natrurwacht-und-naturparkhaus-fuehrte-in-diesem-jahr-nach-barsikow\/\",\"name\":\"Der Teamtag von Naturparkverwaltung, Naturwacht und NaturParkHaus f\u00fchrte in diesem Jahr nach Barsikow - Naturpark Stechlin-Ruppiner Land\",\"isPartOf\":{\"@id\":\"https:\/\/www.naturparkmagazin.de\/stechlin\/#website\"},\"datePublished\":\"2023-10-18T13:07:13+00:00\",\"dateModified\":\"2023-10-27T10:39:14+00:00\",\"author\":{\"@id\":\"https:\/\/www.naturparkmagazin.de\/stechlin\/#\/schema\/person\/3f0d93203df21c806dd63c76d9bb28bc\"},\"breadcrumb\":{\"@id\":\"https:\/\/www.naturparkmagazin.de\/stechlin\/der-teamtag-von-naturparkverwaltung-natrurwacht-und-naturparkhaus-fuehrte-in-diesem-jahr-nach-barsikow\/#breadcrumb\"},\"inLanguage\":\"de\",\"potentialAction\":[{\"@type\":\"ReadAction\",\"target\":[\"https:\/\/www.naturparkmagazin.de\/stechlin\/der-teamtag-von-naturparkverwaltung-natrurwacht-und-naturparkhaus-fuehrte-in-diesem-jahr-nach-barsikow\/\"]}]},{\"@type\":\"BreadcrumbList\",\"@id\":\"https:\/\/www.naturparkmagazin.de\/stechlin\/der-teamtag-von-naturparkverwaltung-natrurwacht-und-naturparkhaus-fuehrte-in-diesem-jahr-nach-barsikow\/#breadcrumb\",\"itemListElement\":[{\"@type\":\"ListItem\",\"position\":1,\"name\":\"Home\",\"item\":\"https:\/\/www.naturparkmagazin.de\/stechlin\/\"},{\"@type\":\"ListItem\",\"position\":2,\"name\":\"Der Teamtag von Naturparkverwaltung, Naturwacht und NaturParkHaus f\u00fchrte in diesem Jahr nach Barsikow\"}]},{\"@type\":\"WebSite\",\"@id\":\"https:\/\/www.naturparkmagazin.de\/stechlin\/#website\",\"url\":\"https:\/\/www.naturparkmagazin.de\/stechlin\/\",\"name\":\"Naturpark Stechlin-Ruppiner Land\",\"description\":\"\",\"potentialAction\":[{\"@type\":\"SearchAction\",\"target\":{\"@type\":\"EntryPoint\",\"urlTemplate\":\"https:\/\/www.naturparkmagazin.de\/stechlin\/?s={search_term_string}\"},\"query-input\":\"required name=search_term_string\"}],\"inLanguage\":\"de\"},{\"@type\":\"Person\",\"@id\":\"https:\/\/www.naturparkmagazin.de\/stechlin\/#\/schema\/person\/3f0d93203df21c806dd63c76d9bb28bc\",\"name\":\"marioschrumpf\",\"url\":\"https:\/\/www.naturparkmagazin.de\/stechlin\/author\/marioschrumpf\/\"}]}<\/script>\n<!-- \/ Yoast SEO plugin. -->","yoast_head_json":{"title":"Der Teamtag von Naturparkverwaltung, Naturwacht und NaturParkHaus f\u00fchrte in diesem Jahr nach Barsikow - Naturpark Stechlin-Ruppiner Land","robots":{"index":"index","follow":"follow","max-snippet":"max-snippet:-1","max-image-preview":"max-image-preview:large","max-video-preview":"max-video-preview:-1"},"canonical":"https:\/\/www.naturparkmagazin.de\/stechlin\/der-teamtag-von-naturparkverwaltung-natrurwacht-und-naturparkhaus-fuehrte-in-diesem-jahr-nach-barsikow\/","og_locale":"de_DE","og_type":"article","og_title":"Der Teamtag von Naturparkverwaltung, Naturwacht und NaturParkHaus f\u00fchrte in diesem Jahr nach Barsikow - Naturpark Stechlin-Ruppiner Land","og_description":"Der diesj\u00e4hrige Teamtag der Mitarbeiter:innen der Naturparkverwaltung Stechlin-Ruppiner Land, des NaturParkHauses Stechlin und der Naturwacht f\u00fchrte uns in den Landkreis Ostprignitz-Ruppin.","og_url":"https:\/\/www.naturparkmagazin.de\/stechlin\/der-teamtag-von-naturparkverwaltung-natrurwacht-und-naturparkhaus-fuehrte-in-diesem-jahr-nach-barsikow\/","og_site_name":"Naturpark Stechlin-Ruppiner Land","article_published_time":"2023-10-18T13:07:13+00:00","article_modified_time":"2023-10-27T10:39:14+00:00","og_image":[{"width":200,"height":200,"url":"https:\/\/www.naturparkmagazin.de\/stechlin\/wp-content\/uploads\/sites\/38\/DSC09978_a.jpg","type":"image\/jpeg"}],"author":"marioschrumpf","twitter_misc":{"Verfasst von":"marioschrumpf","Gesch\u00e4tzte Lesezeit":"2\u00a0Minuten"},"schema":{"@context":"https:\/\/schema.org","@graph":[{"@type":"WebPage","@id":"https:\/\/www.naturparkmagazin.de\/stechlin\/der-teamtag-von-naturparkverwaltung-natrurwacht-und-naturparkhaus-fuehrte-in-diesem-jahr-nach-barsikow\/","url":"https:\/\/www.naturparkmagazin.de\/stechlin\/der-teamtag-von-naturparkverwaltung-natrurwacht-und-naturparkhaus-fuehrte-in-diesem-jahr-nach-barsikow\/","name":"Der Teamtag von Naturparkverwaltung, Naturwacht und NaturParkHaus f\u00fchrte in diesem Jahr nach Barsikow - Naturpark Stechlin-Ruppiner Land","isPartOf":{"@id":"https:\/\/www.naturparkmagazin.de\/stechlin\/#website"},"datePublished":"2023-10-18T13:07:13+00:00","dateModified":"2023-10-27T10:39:14+00:00","author":{"@id":"https:\/\/www.naturparkmagazin.de\/stechlin\/#\/schema\/person\/3f0d93203df21c806dd63c76d9bb28bc"},"breadcrumb":{"@id":"https:\/\/www.naturparkmagazin.de\/stechlin\/der-teamtag-von-naturparkverwaltung-natrurwacht-und-naturparkhaus-fuehrte-in-diesem-jahr-nach-barsikow\/#breadcrumb"},"inLanguage":"de","potentialAction":[{"@type":"ReadAction","target":["https:\/\/www.naturparkmagazin.de\/stechlin\/der-teamtag-von-naturparkverwaltung-natrurwacht-und-naturparkhaus-fuehrte-in-diesem-jahr-nach-barsikow\/"]}]},{"@type":"BreadcrumbList","@id":"https:\/\/www.naturparkmagazin.de\/stechlin\/der-teamtag-von-naturparkverwaltung-natrurwacht-und-naturparkhaus-fuehrte-in-diesem-jahr-nach-barsikow\/#breadcrumb","itemListElement":[{"@type":"ListItem","position":1,"name":"Home","item":"https:\/\/www.naturparkmagazin.de\/stechlin\/"},{"@type":"ListItem","position":2,"name":"Der Teamtag von Naturparkverwaltung, Naturwacht und NaturParkHaus f\u00fchrte in diesem Jahr nach Barsikow"}]},{"@type":"WebSite","@id":"https:\/\/www.naturparkmagazin.de\/stechlin\/#website","url":"https:\/\/www.naturparkmagazin.de\/stechlin\/","name":"Naturpark Stechlin-Ruppiner Land","description":"","potentialAction":[{"@type":"SearchAction","target":{"@type":"EntryPoint","urlTemplate":"https:\/\/www.naturparkmagazin.de\/stechlin\/?s={search_term_string}"},"query-input":"required name=search_term_string"}],"inLanguage":"de"},{"@type":"Person","@id":"https:\/\/www.naturparkmagazin.de\/stechlin\/#\/schema\/person\/3f0d93203df21c806dd63c76d9bb28bc","name":"marioschrumpf","url":"https:\/\/www.naturparkmagazin.de\/stechlin\/author\/marioschrumpf\/"}]}},"_links":{"self":[{"href":"https:\/\/www.naturparkmagazin.de\/stechlin\/wp-json\/wp\/v2\/posts\/14417"}],"collection":[{"href":"https:\/\/www.naturparkmagazin.de\/stechlin\/wp-json\/wp\/v2\/posts"}],"about":[{"href":"https:\/\/www.naturparkmagazin.de\/stechlin\/wp-json\/wp\/v2\/types\/post"}],"author":[{"embeddable":true,"href":"https:\/\/www.naturparkmagazin.de\/stechlin\/wp-json\/wp\/v2\/users\/39"}],"replies":[{"embeddable":true,"href":"https:\/\/www.naturparkmagazin.de\/stechlin\/wp-json\/wp\/v2\/comments?post=14417"}],"version-history":[{"count":6,"href":"https:\/\/www.naturparkmagazin.de\/stechlin\/wp-json\/wp\/v2\/posts\/14417\/revisions"}],"predecessor-version":[{"id":14487,"href":"https:\/\/www.naturparkmagazin.de\/stechlin\/wp-json\/wp\/v2\/posts\/14417\/revisions\/14487"}],"wp:featuredmedia":[{"embeddable":true,"href":"https:\/\/www.naturparkmagazin.de\/stechlin\/wp-json\/wp\/v2\/media\/14453"}],"wp:attachment":[{"href":"https:\/\/www.naturparkmagazin.de\/stechlin\/wp-json\/wp\/v2\/media?parent=14417"}],"wp:term":[{"taxonomy":"category","embeddable":true,"href":"https:\/\/www.naturparkmagazin.de\/stechlin\/wp-json\/wp\/v2\/categories?post=14417"},{"taxonomy":"post_tag","embeddable":true,"href":"https:\/\/www.naturparkmagazin.de\/stechlin\/wp-json\/wp\/v2\/tags?post=14417"}],"curies":[{"name":"wp","href":"https:\/\/api.w.org\/{rel}","templated":true}]}}